{"id":7471,"date":"2025-02-04T01:45:36","date_gmt":"2025-02-04T00:45:36","guid":{"rendered":"https:\/\/universnews224.com\/?p=7471"},"modified":"2025-02-04T01:45:36","modified_gmt":"2025-02-04T00:45:36","slug":"guinee-29-ans-apres-la-mutinerie-de-fevrier-1996-un-souvenir-encore-vivace","status":"publish","type":"post","link":"https:\/\/universnews224.com\/index.php\/guinee-29-ans-apres-la-mutinerie-de-fevrier-1996-un-souvenir-encore-vivace\/","title":{"rendered":"Guin\u00e9e : 29 ans apr\u00e8s la mutinerie de f\u00e9vrier 1996, un souvenir encore vivace"},"content":{"rendered":"<p><span style=\"font-family: 'Helvetica Neue', Helvetica, Roboto, Arial, sans-serif;text-align: justify\">Ce 3 f\u00e9vrier 2025, la Guin\u00e9e se souvient. C\u2019est le 29e anniversaire des \u00e9v\u00e9nements tragiques des 2 et 3 f\u00e9vrier 1996, lorsque le pays a \u00e9t\u00e9 secou\u00e9 par une mutinerie de l\u2019arm\u00e9e qui a failli renverser le pr\u00e9sident Lansana Cont\u00e9. Cette r\u00e9volte, initialement motiv\u00e9e par des revendications salariales, a rapidement d\u00e9g\u00e9n\u00e9r\u00e9 en une tentative de coup d\u2019\u00c9tat, r\u00e9v\u00e9lant les fractures au sein de l\u2019arm\u00e9e et les tensions politiques sous-jacentes. Alors que le pays se rem\u00e9more ces jours tumultueux, il est temps de r\u00e9fl\u00e9chir aux le\u00e7ons tir\u00e9es de cette p\u00e9riode et aux d\u00e9fis persistants qui continuent d\u2019affecter la Guin\u00e9e.<\/span><\/p>\n<p><span style=\"font-family: 'Helvetica Neue', Helvetica, Roboto, Arial, sans-serif;text-align: justify\">Les 2 et 3 f\u00e9vrier 2025 marquent le 29e anniversaire des \u00e9v\u00e9nements tumultueux de 1996, lorsque la Guin\u00e9e a fr\u00f4l\u00e9 le chaos \u00e0 la suite d\u2019une mutinerie militaire qui s\u2019est rapidement transform\u00e9e en tentative de coup d\u2019\u00c9tat. \u00c0 l\u2019\u00e9poque, le pr\u00e9sident Lansana Cont\u00e9, au pouvoir depuis 1984, a d\u00fb faire face \u00e0 une r\u00e9volte inattendue de ses propres troupes, qui r\u00e9clamaient des augmentations de salaire et le limogeage de leur ministre de la D\u00e9fense, le g\u00e9n\u00e9ral Abdourahamane Diallo, colonel \u00e0 l\u2019\u00e9poque.<\/span><\/p>\n<p style=\"margin: 0px 0px 1em;padding: 0px;border: 0px;line-height: inherit;font-family: 'Helvetica Neue', Helvetica, Roboto, Arial, sans-serif;vertical-align: baseline;text-align: justify\"><span style=\"margin: 0px;padding: 0px;border: 0px;font-style: inherit;font-variant: inherit;font-weight: bold;font-size: inherit;line-height: inherit;font-family: inherit;vertical-align: baseline\">Une r\u00e9volte inattendue<\/span><\/p>\n<div class=\"jeg_ad jeg_ad_article jnews_content_inline_3_ads  \" style=\"margin: 0px 0px 1.25em;padding: 0px;border: 0px;line-height: inherit;font-family: 'Helvetica Neue', Helvetica, Roboto, Arial, sans-serif;vertical-align: baseline;text-align: center\">\n<div class=\"ads-wrapper align-center \" style=\"margin: 1em 0px;padding: 0px;border: 0px;font: inherit;vertical-align: baseline\"><\/div>\n<\/div>\n<p style=\"margin: 0px 0px 1em;padding: 0px;border: 0px;line-height: inherit;font-family: 'Helvetica Neue', Helvetica, Roboto, Arial, sans-serif;vertical-align: baseline;text-align: justify\">Les premi\u00e8res manifestations, qui ont \u00e9clat\u00e9 dans la matin\u00e9e du vendredi 2 f\u00e9vrier, ont pris une tournure violente alors que des centaines de soldats se sont r\u00e9pandus dans les rues de Conakry, tirant en l\u2019air et bloquant la circulation. Les tensions ont rapidement escalad\u00e9, culminant avec des attaques r\u00e9p\u00e9t\u00e9es contre le palais pr\u00e9sidentiel, touch\u00e9 par des obus. Les violences ont fait au moins vingt morts, essentiellement des innocents civils. La situation est devenue si critique que le pr\u00e9sident Cont\u00e9 a d\u00fb se r\u00e9fugier dans un bunker sous le palais, prot\u00e9g\u00e9 par sa garde personnelle, les \u00ab b\u00e9rets rouges \u00bb.<\/p>\n<p style=\"margin: 0px 0px 1em;padding: 0px;border: 0px;line-height: inherit;font-family: 'Helvetica Neue', Helvetica, Roboto, Arial, sans-serif;vertical-align: baseline;text-align: justify\"><span style=\"margin: 0px;padding: 0px;border: 0px;font-style: inherit;font-variant: inherit;font-weight: bold;font-size: inherit;line-height: inherit;font-family: inherit;vertical-align: baseline\">La panique s\u2019installe dans la cit\u00e9<\/span><\/p>\n<p style=\"margin: 0px 0px 1em;padding: 0px;border: 0px;line-height: inherit;font-family: 'Helvetica Neue', Helvetica, Roboto, Arial, sans-serif;vertical-align: baseline;text-align: justify\">Dans un climat de panique, la radio nationale est rest\u00e9e silencieuse, et l\u2019a\u00e9roport de Conakry a \u00e9t\u00e9 ferm\u00e9, tandis que les ambassades occidentales conseillaient \u00e0 leurs ressortissants de rester chez eux. Les mutins, qui avaient pris le contr\u00f4le du camp Samory et de la radio nationale, ont proclam\u00e9 la cr\u00e9ation d\u2019un \u00ab comit\u00e9 de salut national \u00bb.<\/p>\n<p style=\"margin: 0px 0px 1em;padding: 0px;border: 0px;line-height: inherit;font-family: 'Helvetica Neue', Helvetica, Roboto, Arial, sans-serif;vertical-align: baseline;text-align: justify\"><span style=\"margin: 0px;padding: 0px;border: 0px;font-style: inherit;font-variant: inherit;font-weight: bold;font-size: inherit;line-height: inherit;font-family: inherit;vertical-align: baseline\">Une tentative de coup d\u2019\u00c9tat avort\u00e9e<\/span><\/p>\n<p><span style=\"font-family: 'Helvetica Neue', Helvetica, Roboto, Arial, sans-serif;text-align: justify\">Les mutins, qui avaient initialement exprim\u00e9 des revendications l\u00e9gitimes, se sont retrouv\u00e9s en position de force, mais leur tentative de coup d\u2019\u00c9tat a \u00e9chou\u00e9 en raison de divergences internes et d\u2019un manque de coordination. Parmi les principaux officiers meneurs de cette mutinerie figuraient le commandant Kader Doumbouya, le commandant Gbago Zoumanigui, le commandant Yaya Sow, le lieutenant Mory Laye K\u00e9b\u00e9 et le sous-lieutenant Mohamed Lamine Diarra. Apr\u00e8s la destruction par des obus du Palais des Nations, o\u00f9 se trouvait le pr\u00e9sident Cont\u00e9, ce dernier s\u2019est rendu courageusement, sous la pression des mutins, au Camp Alpha Yaya Diallo en haute banlieue pour acc\u00e9der aux revendications des mutins. Cette d\u00e9cision a permis de mettre fin \u00e0 la mutinerie, mais non sans cons\u00e9quences. En effet, les jours de troubles ont \u00e9galement \u00e9t\u00e9 marqu\u00e9s par de nombreux pillages et destructions de biens priv\u00e9s, notamment des magasins et des boutiques, laissant des traces ind\u00e9l\u00e9biles sur le tissu \u00e9conomique de la capitale.<\/span><\/p>\n<p style=\"margin: 0px 0px 1em;padding: 0px;border: 0px;line-height: inherit;font-family: 'Helvetica Neue', Helvetica, Roboto, Arial, sans-serif;vertical-align: baseline;text-align: justify\"><span style=\"margin: 0px;padding: 0px;border: 0px;font-style: inherit;font-variant: inherit;font-weight: bold;font-size: inherit;line-height: inherit;font-family: inherit;vertical-align: baseline\">Promesses suivies des arrestations<\/span><\/p>\n<p style=\"margin: 0px 0px 1em;padding: 0px;border: 0px;line-height: inherit;font-family: 'Helvetica Neue', Helvetica, Roboto, Arial, sans-serif;vertical-align: baseline;text-align: justify\">Le 4 f\u00e9vrier, alors que les violences s\u2019apaisaient, le pr\u00e9sident Cont\u00e9 a confirm\u00e9 le limogeage du colonel Diallo et a promis d\u2019augmenter les soldes des militaires. Cependant, cette promesse est intervenue trop tard pour apaiser les tensions. Les \u00e9v\u00e9nements de ces deux jours ont laiss\u00e9 une empreinte ind\u00e9l\u00e9bile sur la m\u00e9moire collective guin\u00e9enne. Des mutins, dont certains auraient d\u00e9j\u00e0 tent\u00e9 de renverser le r\u00e9gime en 1994, ont \u00e9t\u00e9 arr\u00eat\u00e9s peu apr\u00e8s les \u00e9v\u00e9nements. Tandis que d\u2019autres officiers sup\u00e9rieurs tels que Bago Zoumanigui, Souleymane F. Camara ou Amara Oular\u00e9 ont pris le chemin de l\u2019exil. Les rapports sur la torture et les violences inflig\u00e9es aux d\u00e9tenus militaires ont \u00e9galement soulev\u00e9 des pr\u00e9occupations parmi les organisations de d\u00e9fense des droits de l\u2019homme.<\/p>\n<p style=\"margin: 0px 0px 1em;padding: 0px;border: 0px;line-height: inherit;font-family: 'Helvetica Neue', Helvetica, Roboto, Arial, sans-serif;vertical-align: baseline;text-align: justify\"><span style=\"margin: 0px;padding: 0px;border: 0px;font-style: inherit;font-variant: inherit;font-weight: bold;font-size: inherit;line-height: inherit;font-family: inherit;vertical-align: baseline\">Un h\u00e9ritage complexe<\/span><\/p>\n<p style=\"margin: 0px 0px 1em;padding: 0px;border: 0px;line-height: inherit;font-family: 'Helvetica Neue', Helvetica, Roboto, Arial, sans-serif;vertical-align: baseline;text-align: justify\">Lansana Cont\u00e9, bien qu\u2019affaibli, a r\u00e9ussi \u00e0 maintenir son pouvoir jusqu\u2019\u00e0 sa mort en 2008. Cependant, les \u00e9v\u00e9nements de f\u00e9vrier 1996 ont mis en lumi\u00e8re les profondes fractures au sein de l\u2019arm\u00e9e et la n\u00e9cessit\u00e9 d\u2019une r\u00e9forme structurelle. Les promesses de r\u00e9formes n\u2019ont pas \u00e9t\u00e9 tenues jusqu\u2019\u00e0 la fin du r\u00e9gime, et la Guin\u00e9e continue toujours de faire face \u00e0 des crises politiques et \u00e9conomiques.<\/p>\n<p style=\"margin: 0px 0px 1em;padding: 0px;border: 0px;line-height: inherit;font-family: 'Helvetica Neue', Helvetica, Roboto, Arial, sans-serif;vertical-align: baseline;text-align: justify\"><span style=\"margin: 0px;padding: 0px;border: 0px;font-style: inherit;font-variant: inherit;font-weight: bold;font-size: inherit;line-height: inherit;font-family: inherit;vertical-align: baseline\">R\u00e9flexions sur le pass\u00e9<\/span><\/p>\n<p style=\"margin: 0px 0px 1em;padding: 0px;border: 0px;line-height: inherit;font-family: 'Helvetica Neue', Helvetica, Roboto, Arial, sans-serif;vertical-align: baseline;text-align: justify\">Aujourd\u2019hui, alors que le pays se rem\u00e9more ces \u00e9v\u00e9nements, il est essentiel de r\u00e9fl\u00e9chir aux le\u00e7ons tir\u00e9es de cette p\u00e9riode tumultueuse. La qu\u00eate de justice et de r\u00e9conciliation demeure un enjeu crucial pour la Guin\u00e9e, alors que les cicatrices du pass\u00e9 continuent d\u2019influencer le pr\u00e9sent. Les Guin\u00e9ens aspirent \u00e0 un avenir o\u00f9 les voix des militaires et des civils seront entendues, et o\u00f9 les promesses de changement ne resteront pas lettre morte. La m\u00e9moire de ces \u00e9v\u00e9nements tragiques doit servir de fondement pour construire une nation plus unie et r\u00e9siliente, capable de surmonter les d\u00e9fis du pr\u00e9sent et de l\u2019avenir.<\/p>\n<p><span style=\"margin: 0px;padding: 0px;border: 0px;font-weight: bold;line-height: inherit;font-family: 'Helvetica Neue', Helvetica, Roboto, Arial, sans-serif;vertical-align: baseline;text-align: justify\">Oumar Kateb Yacine<\/span><br style=\"font-family: 'Helvetica Neue', Helvetica, Roboto, Arial, sans-serif;text-align: justify\" \/><span style=\"margin: 0px;padding: 0px;border: 0px;font-weight: bold;line-height: inherit;font-family: 'Helvetica Neue', Helvetica, Roboto, Arial, sans-serif;vertical-align: baseline;text-align: justify\">Analyste-Consultant G\u00e9opolitique<\/span><br style=\"font-family: 'Helvetica Neue', Helvetica, Roboto, Arial, sans-serif;text-align: justify\" \/><span style=\"margin: 0px;padding: 0px;border: 0px;font-weight: bold;line-height: inherit;font-family: 'Helvetica Neue', Helvetica, Roboto, Arial, sans-serif;vertical-align: baseline;text-align: justify\">Contact : bahoumaryacine777@gmail.com<\/span><\/p>\n<p>&nbsp;<\/p>\n","protected":false},"excerpt":{"rendered":"<p>Ce 3 f\u00e9vrier 2025, la Guin\u00e9e se souvient. C\u2019est le 29e anniversaire des \u00e9v\u00e9nements tragiques<\/p>\n","protected":false},"author":2,"featured_media":7472,"comment_status":"closed","ping_status":"open","sticky":false,"template":"","format":"standard","meta":[],"categories":[3,4],"tags":[237],"yoast_head":"<!-- This site is optimized with the Yoast SEO plugin v19.13 - https:\/\/yoast.com\/wordpress\/plugins\/seo\/ -->\n<title>Guin\u00e9e : 29 ans apr\u00e8s la mutinerie de f\u00e9vrier 1996, un souvenir encore vivace - UNIVERSNEWS224<\/title>\n<meta name=\"robots\" content=\"index, follow, max-snippet:-1, max-image-preview:large, max-video-preview:-1\" \/>\n<link rel=\"canonical\" href=\"https:\/\/universnews224.com\/index.php\/guinee-29-ans-apres-la-mutinerie-de-fevrier-1996-un-souvenir-encore-vivace\/\" \/>\n<meta property=\"og:locale\" content=\"fr_FR\" \/>\n<meta property=\"og:type\" content=\"article\" \/>\n<meta property=\"og:title\" content=\"Guin\u00e9e : 29 ans apr\u00e8s la mutinerie de f\u00e9vrier 1996, un souvenir encore vivace - UNIVERSNEWS224\" \/>\n<meta property=\"og:description\" content=\"Ce 3 f\u00e9vrier 2025, la Guin\u00e9e se souvient. C\u2019est le 29e anniversaire des \u00e9v\u00e9nements tragiques\" \/>\n<meta property=\"og:url\" content=\"https:\/\/universnews224.com\/index.php\/guinee-29-ans-apres-la-mutinerie-de-fevrier-1996-un-souvenir-encore-vivace\/\" \/>\n<meta property=\"og:site_name\" content=\"UNIVERSNEWS224\" \/>\n<meta property=\"article:published_time\" content=\"2025-02-04T00:45:36+00:00\" \/>\n<meta property=\"og:image\" content=\"https:\/\/universnews224.com\/wp-content\/uploads\/2025\/02\/lansana_conte_4_0.jpg\" \/>\n\t<meta property=\"og:image:width\" content=\"470\" \/>\n\t<meta property=\"og:image:height\" content=\"352\" \/>\n\t<meta property=\"og:image:type\" content=\"image\/jpeg\" \/>\n<meta name=\"author\" content=\"La R\u00e9daction\" \/>\n<meta name=\"twitter:label1\" content=\"\u00c9crit par\" \/>\n\t<meta name=\"twitter:data1\" content=\"La R\u00e9daction\" \/>\n\t<meta name=\"twitter:label2\" content=\"Dur\u00e9e de lecture estim\u00e9e\" \/>\n\t<meta name=\"twitter:data2\" content=\"5 minutes\" \/>\n<script type=\"application\/ld+json\" class=\"yoast-schema-graph\">{\"@context\":\"https:\/\/schema.org\",\"@graph\":[{\"@type\":\"Article\",\"@id\":\"https:\/\/universnews224.com\/index.php\/guinee-29-ans-apres-la-mutinerie-de-fevrier-1996-un-souvenir-encore-vivace\/#article\",\"isPartOf\":{\"@id\":\"https:\/\/universnews224.com\/index.php\/guinee-29-ans-apres-la-mutinerie-de-fevrier-1996-un-souvenir-encore-vivace\/\"},\"author\":{\"name\":\"La R\u00e9daction\",\"@id\":\"https:\/\/universnews224.com\/#\/schema\/person\/a4b7d4f94a4716df60456a491260485e\"},\"headline\":\"Guin\u00e9e : 29 ans apr\u00e8s la mutinerie de f\u00e9vrier 1996, un souvenir encore vivace\",\"datePublished\":\"2025-02-04T00:45:36+00:00\",\"dateModified\":\"2025-02-04T00:45:36+00:00\",\"mainEntityOfPage\":{\"@id\":\"https:\/\/universnews224.com\/index.php\/guinee-29-ans-apres-la-mutinerie-de-fevrier-1996-un-souvenir-encore-vivace\/\"},\"wordCount\":939,\"publisher\":{\"@id\":\"https:\/\/universnews224.com\/#organization\"},\"keywords\":[\"A la une\"],\"articleSection\":[\"ACTU\",\"POLITIQUE\"],\"inLanguage\":\"fr-FR\"},{\"@type\":\"WebPage\",\"@id\":\"https:\/\/universnews224.com\/index.php\/guinee-29-ans-apres-la-mutinerie-de-fevrier-1996-un-souvenir-encore-vivace\/\",\"url\":\"https:\/\/universnews224.com\/index.php\/guinee-29-ans-apres-la-mutinerie-de-fevrier-1996-un-souvenir-encore-vivace\/\",\"name\":\"Guin\u00e9e : 29 ans apr\u00e8s la mutinerie de f\u00e9vrier 1996, un souvenir encore vivace - UNIVERSNEWS224\",\"isPartOf\":{\"@id\":\"https:\/\/universnews224.com\/#website\"},\"datePublished\":\"2025-02-04T00:45:36+00:00\",\"dateModified\":\"2025-02-04T00:45:36+00:00\",\"inLanguage\":\"fr-FR\",\"potentialAction\":[{\"@type\":\"ReadAction\",\"target\":[\"https:\/\/universnews224.com\/index.php\/guinee-29-ans-apres-la-mutinerie-de-fevrier-1996-un-souvenir-encore-vivace\/\"]}]},{\"@type\":\"WebSite\",\"@id\":\"https:\/\/universnews224.com\/#website\",\"url\":\"https:\/\/universnews224.com\/\",\"name\":\"UNIVERSNEWS224\",\"description\":\"\",\"publisher\":{\"@id\":\"https:\/\/universnews224.com\/#organization\"},\"potentialAction\":[{\"@type\":\"SearchAction\",\"target\":{\"@type\":\"EntryPoint\",\"urlTemplate\":\"https:\/\/universnews224.com\/?s={search_term_string}\"},\"query-input\":\"required name=search_term_string\"}],\"inLanguage\":\"fr-FR\"},{\"@type\":\"Organization\",\"@id\":\"https:\/\/universnews224.com\/#organization\",\"name\":\"UNIVERSNEWS224\",\"url\":\"https:\/\/universnews224.com\/\",\"logo\":{\"@type\":\"ImageObject\",\"inLanguage\":\"fr-FR\",\"@id\":\"https:\/\/universnews224.com\/#\/schema\/logo\/image\/\",\"url\":\"https:\/\/universnews224.com\/wp-content\/uploads\/2022\/08\/cropped-cropped-logoban.jpg\",\"contentUrl\":\"https:\/\/universnews224.com\/wp-content\/uploads\/2022\/08\/cropped-cropped-logoban.jpg\",\"width\":1080,\"height\":138,\"caption\":\"UNIVERSNEWS224\"},\"image\":{\"@id\":\"https:\/\/universnews224.com\/#\/schema\/logo\/image\/\"}},{\"@type\":\"Person\",\"@id\":\"https:\/\/universnews224.com\/#\/schema\/person\/a4b7d4f94a4716df60456a491260485e\",\"name\":\"La R\u00e9daction\",\"image\":{\"@type\":\"ImageObject\",\"inLanguage\":\"fr-FR\",\"@id\":\"https:\/\/universnews224.com\/#\/schema\/person\/image\/\",\"url\":\"https:\/\/secure.gravatar.com\/avatar\/edb90acc7752b23e1b3307ad36c14f0d?s=96&d=mm&r=g\",\"contentUrl\":\"https:\/\/secure.gravatar.com\/avatar\/edb90acc7752b23e1b3307ad36c14f0d?s=96&d=mm&r=g\",\"caption\":\"La R\u00e9daction\"},\"sameAs\":[\"https:\/\/universnews224.com\"],\"url\":\"https:\/\/universnews224.com\/index.php\/author\/m-camara\/\"}]}<\/script>\n<!-- \/ Yoast SEO plugin. -->","yoast_head_json":{"title":"Guin\u00e9e : 29 ans apr\u00e8s la mutinerie de f\u00e9vrier 1996, un souvenir encore vivace - UNIVERSNEWS224","robots":{"index":"index","follow":"follow","max-snippet":"max-snippet:-1","max-image-preview":"max-image-preview:large","max-video-preview":"max-video-preview:-1"},"canonical":"https:\/\/universnews224.com\/index.php\/guinee-29-ans-apres-la-mutinerie-de-fevrier-1996-un-souvenir-encore-vivace\/","og_locale":"fr_FR","og_type":"article","og_title":"Guin\u00e9e : 29 ans apr\u00e8s la mutinerie de f\u00e9vrier 1996, un souvenir encore vivace - UNIVERSNEWS224","og_description":"Ce 3 f\u00e9vrier 2025, la Guin\u00e9e se souvient. C\u2019est le 29e anniversaire des \u00e9v\u00e9nements tragiques","og_url":"https:\/\/universnews224.com\/index.php\/guinee-29-ans-apres-la-mutinerie-de-fevrier-1996-un-souvenir-encore-vivace\/","og_site_name":"UNIVERSNEWS224","article_published_time":"2025-02-04T00:45:36+00:00","og_image":[{"width":470,"height":352,"url":"https:\/\/universnews224.com\/wp-content\/uploads\/2025\/02\/lansana_conte_4_0.jpg","type":"image\/jpeg"}],"author":"La R\u00e9daction","twitter_misc":{"\u00c9crit par":"La R\u00e9daction","Dur\u00e9e de lecture estim\u00e9e":"5 minutes"},"schema":{"@context":"https:\/\/schema.org","@graph":[{"@type":"Article","@id":"https:\/\/universnews224.com\/index.php\/guinee-29-ans-apres-la-mutinerie-de-fevrier-1996-un-souvenir-encore-vivace\/#article","isPartOf":{"@id":"https:\/\/universnews224.com\/index.php\/guinee-29-ans-apres-la-mutinerie-de-fevrier-1996-un-souvenir-encore-vivace\/"},"author":{"name":"La R\u00e9daction","@id":"https:\/\/universnews224.com\/#\/schema\/person\/a4b7d4f94a4716df60456a491260485e"},"headline":"Guin\u00e9e : 29 ans apr\u00e8s la mutinerie de f\u00e9vrier 1996, un souvenir encore vivace","datePublished":"2025-02-04T00:45:36+00:00","dateModified":"2025-02-04T00:45:36+00:00","mainEntityOfPage":{"@id":"https:\/\/universnews224.com\/index.php\/guinee-29-ans-apres-la-mutinerie-de-fevrier-1996-un-souvenir-encore-vivace\/"},"wordCount":939,"publisher":{"@id":"https:\/\/universnews224.com\/#organization"},"keywords":["A la une"],"articleSection":["ACTU","POLITIQUE"],"inLanguage":"fr-FR"},{"@type":"WebPage","@id":"https:\/\/universnews224.com\/index.php\/guinee-29-ans-apres-la-mutinerie-de-fevrier-1996-un-souvenir-encore-vivace\/","url":"https:\/\/universnews224.com\/index.php\/guinee-29-ans-apres-la-mutinerie-de-fevrier-1996-un-souvenir-encore-vivace\/","name":"Guin\u00e9e : 29 ans apr\u00e8s la mutinerie de f\u00e9vrier 1996, un souvenir encore vivace - UNIVERSNEWS224","isPartOf":{"@id":"https:\/\/universnews224.com\/#website"},"datePublished":"2025-02-04T00:45:36+00:00","dateModified":"2025-02-04T00:45:36+00:00","inLanguage":"fr-FR","potentialAction":[{"@type":"ReadAction","target":["https:\/\/universnews224.com\/index.php\/guinee-29-ans-apres-la-mutinerie-de-fevrier-1996-un-souvenir-encore-vivace\/"]}]},{"@type":"WebSite","@id":"https:\/\/universnews224.com\/#website","url":"https:\/\/universnews224.com\/","name":"UNIVERSNEWS224","description":"","publisher":{"@id":"https:\/\/universnews224.com\/#organization"},"potentialAction":[{"@type":"SearchAction","target":{"@type":"EntryPoint","urlTemplate":"https:\/\/universnews224.com\/?s={search_term_string}"},"query-input":"required name=search_term_string"}],"inLanguage":"fr-FR"},{"@type":"Organization","@id":"https:\/\/universnews224.com\/#organization","name":"UNIVERSNEWS224","url":"https:\/\/universnews224.com\/","logo":{"@type":"ImageObject","inLanguage":"fr-FR","@id":"https:\/\/universnews224.com\/#\/schema\/logo\/image\/","url":"https:\/\/universnews224.com\/wp-content\/uploads\/2022\/08\/cropped-cropped-logoban.jpg","contentUrl":"https:\/\/universnews224.com\/wp-content\/uploads\/2022\/08\/cropped-cropped-logoban.jpg","width":1080,"height":138,"caption":"UNIVERSNEWS224"},"image":{"@id":"https:\/\/universnews224.com\/#\/schema\/logo\/image\/"}},{"@type":"Person","@id":"https:\/\/universnews224.com\/#\/schema\/person\/a4b7d4f94a4716df60456a491260485e","name":"La R\u00e9daction","image":{"@type":"ImageObject","inLanguage":"fr-FR","@id":"https:\/\/universnews224.com\/#\/schema\/person\/image\/","url":"https:\/\/secure.gravatar.com\/avatar\/edb90acc7752b23e1b3307ad36c14f0d?s=96&d=mm&r=g","contentUrl":"https:\/\/secure.gravatar.com\/avatar\/edb90acc7752b23e1b3307ad36c14f0d?s=96&d=mm&r=g","caption":"La R\u00e9daction"},"sameAs":["https:\/\/universnews224.com"],"url":"https:\/\/universnews224.com\/index.php\/author\/m-camara\/"}]}},"_links":{"self":[{"href":"https:\/\/universnews224.com\/index.php\/wp-json\/wp\/v2\/posts\/7471"}],"collection":[{"href":"https:\/\/universnews224.com\/index.php\/wp-json\/wp\/v2\/posts"}],"about":[{"href":"https:\/\/universnews224.com\/index.php\/wp-json\/wp\/v2\/types\/post"}],"author":[{"embeddable":true,"href":"https:\/\/universnews224.com\/index.php\/wp-json\/wp\/v2\/users\/2"}],"replies":[{"embeddable":true,"href":"https:\/\/universnews224.com\/index.php\/wp-json\/wp\/v2\/comments?post=7471"}],"version-history":[{"count":1,"href":"https:\/\/universnews224.com\/index.php\/wp-json\/wp\/v2\/posts\/7471\/revisions"}],"predecessor-version":[{"id":7473,"href":"https:\/\/universnews224.com\/index.php\/wp-json\/wp\/v2\/posts\/7471\/revisions\/7473"}],"wp:featuredmedia":[{"embeddable":true,"href":"https:\/\/universnews224.com\/index.php\/wp-json\/wp\/v2\/media\/7472"}],"wp:attachment":[{"href":"https:\/\/universnews224.com\/index.php\/wp-json\/wp\/v2\/media?parent=7471"}],"wp:term":[{"taxonomy":"category","embeddable":true,"href":"https:\/\/universnews224.com\/index.php\/wp-json\/wp\/v2\/categories?post=7471"},{"taxonomy":"post_tag","embeddable":true,"href":"https:\/\/universnews224.com\/index.php\/wp-json\/wp\/v2\/tags?post=7471"}],"curies":[{"name":"wp","href":"https:\/\/api.w.org\/{rel}","templated":true}]}}