{"id":7474,"date":"2025-02-04T01:49:00","date_gmt":"2025-02-04T00:49:00","guid":{"rendered":"https:\/\/universnews224.com\/?p=7474"},"modified":"2025-02-04T01:49:00","modified_gmt":"2025-02-04T00:49:00","slug":"guinee-le-delai-de-correction-des-anomalies-sur-les-passeports-biometriques-prolonge","status":"publish","type":"post","link":"https:\/\/universnews224.com\/index.php\/guinee-le-delai-de-correction-des-anomalies-sur-les-passeports-biometriques-prolonge\/","title":{"rendered":"Guin\u00e9e: Le d\u00e9lai de correction des anomalies sur les passeports biom\u00e9triques prolong\u00e9."},"content":{"rendered":"<p>Dans un communiqu\u00e9 paru dans la presse ce lundi 3 f\u00e9vrier 2025, le Minist\u00e8re de la S\u00e9curit\u00e9 et de la Protection Civile porte \u00e0 la connaissance de l\u2019ensemble des citoyens guin\u00e9ens, que le d\u00e9lai de correction des anomalies constat\u00e9es sur les passeports est exceptionnellement prolong\u00e9 jusqu\u2019au 31 mars 2025. Cette mesure s\u2019applique aussi bien aux Guin\u00e9ens r\u00e9sidant sur le territoire national qu\u2019\u00e0 ceux \u00e9tablis \u00e0 l\u2019\u00e9tranger.<\/p>\n<p>&nbsp;<\/p>\n<p>Ci-dessous le communiqu\u00e9. <a href=\"https:\/\/universnews224.com\/wp-content\/uploads\/2025\/02\/IMG-20250204-WA0000.jpg\"><img loading=\"lazy\" class=\"alignnone size-medium wp-image-7475\" src=\"https:\/\/universnews224.com\/wp-content\/uploads\/2025\/02\/IMG-20250204-WA0000-197x300.jpg\" alt=\"\" width=\"197\" height=\"300\" srcset=\"https:\/\/universnews224.com\/wp-content\/uploads\/2025\/02\/IMG-20250204-WA0000-197x300.jpg 197w, https:\/\/universnews224.com\/wp-content\/uploads\/2025\/02\/IMG-20250204-WA0000-671x1024.jpg 671w, https:\/\/universnews224.com\/wp-content\/uploads\/2025\/02\/IMG-20250204-WA0000.jpg 708w\" sizes=\"(max-width: 197px) 100vw, 197px\" \/><\/a><\/p>\n","protected":false},"excerpt":{"rendered":"<p>Dans un communiqu\u00e9 paru dans la presse ce lundi 3 f\u00e9vrier 2025, le Minist\u00e8re de<\/p>\n","protected":false},"author":2,"featured_media":7476,"comment_status":"closed","ping_status":"open","sticky":false,"template":"","format":"standard","meta":[],"categories":[3,4],"tags":[237],"yoast_head":"<!-- This site is optimized with the Yoast SEO plugin v19.13 - https:\/\/yoast.com\/wordpress\/plugins\/seo\/ -->\n<title>Guin\u00e9e: Le d\u00e9lai de correction des anomalies sur les passeports biom\u00e9triques prolong\u00e9. - UNIVERSNEWS224<\/title>\n<meta name=\"robots\" content=\"index, follow, max-snippet:-1, max-image-preview:large, max-video-preview:-1\" \/>\n<link rel=\"canonical\" href=\"https:\/\/universnews224.com\/index.php\/guinee-le-delai-de-correction-des-anomalies-sur-les-passeports-biometriques-prolonge\/\" \/>\n<meta property=\"og:locale\" content=\"fr_FR\" \/>\n<meta property=\"og:type\" content=\"article\" \/>\n<meta property=\"og:title\" content=\"Guin\u00e9e: Le d\u00e9lai de correction des anomalies sur les passeports biom\u00e9triques prolong\u00e9. - UNIVERSNEWS224\" \/>\n<meta property=\"og:description\" content=\"Dans un communiqu\u00e9 paru dans la presse ce lundi 3 f\u00e9vrier 2025, le Minist\u00e8re de\" \/>\n<meta property=\"og:url\" content=\"https:\/\/universnews224.com\/index.php\/guinee-le-delai-de-correction-des-anomalies-sur-les-passeports-biometriques-prolonge\/\" \/>\n<meta property=\"og:site_name\" content=\"UNIVERSNEWS224\" \/>\n<meta property=\"article:published_time\" content=\"2025-02-04T00:49:00+00:00\" \/>\n<meta property=\"og:image\" content=\"https:\/\/universnews224.com\/wp-content\/uploads\/2025\/02\/Bachir_Diallo_04-750x375-1.jpg\" \/>\n\t<meta property=\"og:image:width\" content=\"750\" \/>\n\t<meta property=\"og:image:height\" content=\"375\" \/>\n\t<meta property=\"og:image:type\" content=\"image\/jpeg\" \/>\n<meta name=\"author\" content=\"La R\u00e9daction\" \/>\n<meta name=\"twitter:label1\" content=\"\u00c9crit par\" \/>\n\t<meta name=\"twitter:data1\" content=\"La R\u00e9daction\" \/>\n\t<meta name=\"twitter:label2\" content=\"Dur\u00e9e de lecture estim\u00e9e\" \/>\n\t<meta name=\"twitter:data2\" content=\"1 minute\" \/>\n<script type=\"application\/ld+json\" class=\"yoast-schema-graph\">{\"@context\":\"https:\/\/schema.org\",\"@graph\":[{\"@type\":\"Article\",\"@id\":\"https:\/\/universnews224.com\/index.php\/guinee-le-delai-de-correction-des-anomalies-sur-les-passeports-biometriques-prolonge\/#article\",\"isPartOf\":{\"@id\":\"https:\/\/universnews224.com\/index.php\/guinee-le-delai-de-correction-des-anomalies-sur-les-passeports-biometriques-prolonge\/\"},\"author\":{\"name\":\"La R\u00e9daction\",\"@id\":\"https:\/\/universnews224.com\/#\/schema\/person\/a4b7d4f94a4716df60456a491260485e\"},\"headline\":\"Guin\u00e9e: Le d\u00e9lai de correction des anomalies sur les passeports biom\u00e9triques prolong\u00e9.\",\"datePublished\":\"2025-02-04T00:49:00+00:00\",\"dateModified\":\"2025-02-04T00:49:00+00:00\",\"mainEntityOfPage\":{\"@id\":\"https:\/\/universnews224.com\/index.php\/guinee-le-delai-de-correction-des-anomalies-sur-les-passeports-biometriques-prolonge\/\"},\"wordCount\":91,\"publisher\":{\"@id\":\"https:\/\/universnews224.com\/#organization\"},\"keywords\":[\"A la une\"],\"articleSection\":[\"ACTU\",\"POLITIQUE\"],\"inLanguage\":\"fr-FR\"},{\"@type\":\"WebPage\",\"@id\":\"https:\/\/universnews224.com\/index.php\/guinee-le-delai-de-correction-des-anomalies-sur-les-passeports-biometriques-prolonge\/\",\"url\":\"https:\/\/universnews224.com\/index.php\/guinee-le-delai-de-correction-des-anomalies-sur-les-passeports-biometriques-prolonge\/\",\"name\":\"Guin\u00e9e: Le d\u00e9lai de correction des anomalies sur les passeports biom\u00e9triques prolong\u00e9. - UNIVERSNEWS224\",\"isPartOf\":{\"@id\":\"https:\/\/universnews224.com\/#website\"},\"datePublished\":\"2025-02-04T00:49:00+00:00\",\"dateModified\":\"2025-02-04T00:49:00+00:00\",\"inLanguage\":\"fr-FR\",\"potentialAction\":[{\"@type\":\"ReadAction\",\"target\":[\"https:\/\/universnews224.com\/index.php\/guinee-le-delai-de-correction-des-anomalies-sur-les-passeports-biometriques-prolonge\/\"]}]},{\"@type\":\"WebSite\",\"@id\":\"https:\/\/universnews224.com\/#website\",\"url\":\"https:\/\/universnews224.com\/\",\"name\":\"UNIVERSNEWS224\",\"description\":\"\",\"publisher\":{\"@id\":\"https:\/\/universnews224.com\/#organization\"},\"potentialAction\":[{\"@type\":\"SearchAction\",\"target\":{\"@type\":\"EntryPoint\",\"urlTemplate\":\"https:\/\/universnews224.com\/?s={search_term_string}\"},\"query-input\":\"required name=search_term_string\"}],\"inLanguage\":\"fr-FR\"},{\"@type\":\"Organization\",\"@id\":\"https:\/\/universnews224.com\/#organization\",\"name\":\"UNIVERSNEWS224\",\"url\":\"https:\/\/universnews224.com\/\",\"logo\":{\"@type\":\"ImageObject\",\"inLanguage\":\"fr-FR\",\"@id\":\"https:\/\/universnews224.com\/#\/schema\/logo\/image\/\",\"url\":\"https:\/\/universnews224.com\/wp-content\/uploads\/2022\/08\/cropped-cropped-logoban.jpg\",\"contentUrl\":\"https:\/\/universnews224.com\/wp-content\/uploads\/2022\/08\/cropped-cropped-logoban.jpg\",\"width\":1080,\"height\":138,\"caption\":\"UNIVERSNEWS224\"},\"image\":{\"@id\":\"https:\/\/universnews224.com\/#\/schema\/logo\/image\/\"}},{\"@type\":\"Person\",\"@id\":\"https:\/\/universnews224.com\/#\/schema\/person\/a4b7d4f94a4716df60456a491260485e\",\"name\":\"La R\u00e9daction\",\"image\":{\"@type\":\"ImageObject\",\"inLanguage\":\"fr-FR\",\"@id\":\"https:\/\/universnews224.com\/#\/schema\/person\/image\/\",\"url\":\"https:\/\/secure.gravatar.com\/avatar\/edb90acc7752b23e1b3307ad36c14f0d?s=96&d=mm&r=g\",\"contentUrl\":\"https:\/\/secure.gravatar.com\/avatar\/edb90acc7752b23e1b3307ad36c14f0d?s=96&d=mm&r=g\",\"caption\":\"La R\u00e9daction\"},\"sameAs\":[\"https:\/\/universnews224.com\"],\"url\":\"https:\/\/universnews224.com\/index.php\/author\/m-camara\/\"}]}<\/script>\n<!-- \/ Yoast SEO plugin. -->","yoast_head_json":{"title":"Guin\u00e9e: Le d\u00e9lai de correction des anomalies sur les passeports biom\u00e9triques prolong\u00e9. - UNIVERSNEWS224","robots":{"index":"index","follow":"follow","max-snippet":"max-snippet:-1","max-image-preview":"max-image-preview:large","max-video-preview":"max-video-preview:-1"},"canonical":"https:\/\/universnews224.com\/index.php\/guinee-le-delai-de-correction-des-anomalies-sur-les-passeports-biometriques-prolonge\/","og_locale":"fr_FR","og_type":"article","og_title":"Guin\u00e9e: Le d\u00e9lai de correction des anomalies sur les passeports biom\u00e9triques prolong\u00e9. - UNIVERSNEWS224","og_description":"Dans un communiqu\u00e9 paru dans la presse ce lundi 3 f\u00e9vrier 2025, le Minist\u00e8re de","og_url":"https:\/\/universnews224.com\/index.php\/guinee-le-delai-de-correction-des-anomalies-sur-les-passeports-biometriques-prolonge\/","og_site_name":"UNIVERSNEWS224","article_published_time":"2025-02-04T00:49:00+00:00","og_image":[{"width":750,"height":375,"url":"https:\/\/universnews224.com\/wp-content\/uploads\/2025\/02\/Bachir_Diallo_04-750x375-1.jpg","type":"image\/jpeg"}],"author":"La R\u00e9daction","twitter_misc":{"\u00c9crit par":"La R\u00e9daction","Dur\u00e9e de lecture estim\u00e9e":"1 minute"},"schema":{"@context":"https:\/\/schema.org","@graph":[{"@type":"Article","@id":"https:\/\/universnews224.com\/index.php\/guinee-le-delai-de-correction-des-anomalies-sur-les-passeports-biometriques-prolonge\/#article","isPartOf":{"@id":"https:\/\/universnews224.com\/index.php\/guinee-le-delai-de-correction-des-anomalies-sur-les-passeports-biometriques-prolonge\/"},"author":{"name":"La R\u00e9daction","@id":"https:\/\/universnews224.com\/#\/schema\/person\/a4b7d4f94a4716df60456a491260485e"},"headline":"Guin\u00e9e: Le d\u00e9lai de correction des anomalies sur les passeports biom\u00e9triques prolong\u00e9.","datePublished":"2025-02-04T00:49:00+00:00","dateModified":"2025-02-04T00:49:00+00:00","mainEntityOfPage":{"@id":"https:\/\/universnews224.com\/index.php\/guinee-le-delai-de-correction-des-anomalies-sur-les-passeports-biometriques-prolonge\/"},"wordCount":91,"publisher":{"@id":"https:\/\/universnews224.com\/#organization"},"keywords":["A la une"],"articleSection":["ACTU","POLITIQUE"],"inLanguage":"fr-FR"},{"@type":"WebPage","@id":"https:\/\/universnews224.com\/index.php\/guinee-le-delai-de-correction-des-anomalies-sur-les-passeports-biometriques-prolonge\/","url":"https:\/\/universnews224.com\/index.php\/guinee-le-delai-de-correction-des-anomalies-sur-les-passeports-biometriques-prolonge\/","name":"Guin\u00e9e: Le d\u00e9lai de correction des anomalies sur les passeports biom\u00e9triques prolong\u00e9. - UNIVERSNEWS224","isPartOf":{"@id":"https:\/\/universnews224.com\/#website"},"datePublished":"2025-02-04T00:49:00+00:00","dateModified":"2025-02-04T00:49:00+00:00","inLanguage":"fr-FR","potentialAction":[{"@type":"ReadAction","target":["https:\/\/universnews224.com\/index.php\/guinee-le-delai-de-correction-des-anomalies-sur-les-passeports-biometriques-prolonge\/"]}]},{"@type":"WebSite","@id":"https:\/\/universnews224.com\/#website","url":"https:\/\/universnews224.com\/","name":"UNIVERSNEWS224","description":"","publisher":{"@id":"https:\/\/universnews224.com\/#organization"},"potentialAction":[{"@type":"SearchAction","target":{"@type":"EntryPoint","urlTemplate":"https:\/\/universnews224.com\/?s={search_term_string}"},"query-input":"required name=search_term_string"}],"inLanguage":"fr-FR"},{"@type":"Organization","@id":"https:\/\/universnews224.com\/#organization","name":"UNIVERSNEWS224","url":"https:\/\/universnews224.com\/","logo":{"@type":"ImageObject","inLanguage":"fr-FR","@id":"https:\/\/universnews224.com\/#\/schema\/logo\/image\/","url":"https:\/\/universnews224.com\/wp-content\/uploads\/2022\/08\/cropped-cropped-logoban.jpg","contentUrl":"https:\/\/universnews224.com\/wp-content\/uploads\/2022\/08\/cropped-cropped-logoban.jpg","width":1080,"height":138,"caption":"UNIVERSNEWS224"},"image":{"@id":"https:\/\/universnews224.com\/#\/schema\/logo\/image\/"}},{"@type":"Person","@id":"https:\/\/universnews224.com\/#\/schema\/person\/a4b7d4f94a4716df60456a491260485e","name":"La R\u00e9daction","image":{"@type":"ImageObject","inLanguage":"fr-FR","@id":"https:\/\/universnews224.com\/#\/schema\/person\/image\/","url":"https:\/\/secure.gravatar.com\/avatar\/edb90acc7752b23e1b3307ad36c14f0d?s=96&d=mm&r=g","contentUrl":"https:\/\/secure.gravatar.com\/avatar\/edb90acc7752b23e1b3307ad36c14f0d?s=96&d=mm&r=g","caption":"La R\u00e9daction"},"sameAs":["https:\/\/universnews224.com"],"url":"https:\/\/universnews224.com\/index.php\/author\/m-camara\/"}]}},"_links":{"self":[{"href":"https:\/\/universnews224.com\/index.php\/wp-json\/wp\/v2\/posts\/7474"}],"collection":[{"href":"https:\/\/universnews224.com\/index.php\/wp-json\/wp\/v2\/posts"}],"about":[{"href":"https:\/\/universnews224.com\/index.php\/wp-json\/wp\/v2\/types\/post"}],"author":[{"embeddable":true,"href":"https:\/\/universnews224.com\/index.php\/wp-json\/wp\/v2\/users\/2"}],"replies":[{"embeddable":true,"href":"https:\/\/universnews224.com\/index.php\/wp-json\/wp\/v2\/comments?post=7474"}],"version-history":[{"count":1,"href":"https:\/\/universnews224.com\/index.php\/wp-json\/wp\/v2\/posts\/7474\/revisions"}],"predecessor-version":[{"id":7477,"href":"https:\/\/universnews224.com\/index.php\/wp-json\/wp\/v2\/posts\/7474\/revisions\/7477"}],"wp:featuredmedia":[{"embeddable":true,"href":"https:\/\/universnews224.com\/index.php\/wp-json\/wp\/v2\/media\/7476"}],"wp:attachment":[{"href":"https:\/\/universnews224.com\/index.php\/wp-json\/wp\/v2\/media?parent=7474"}],"wp:term":[{"taxonomy":"category","embeddable":true,"href":"https:\/\/universnews224.com\/index.php\/wp-json\/wp\/v2\/categories?post=7474"},{"taxonomy":"post_tag","embeddable":true,"href":"https:\/\/universnews224.com\/index.php\/wp-json\/wp\/v2\/tags?post=7474"}],"curies":[{"name":"wp","href":"https:\/\/api.w.org\/{rel}","templated":true}]}}