{"id":7485,"date":"2025-02-07T00:13:16","date_gmt":"2025-02-06T23:13:16","guid":{"rendered":"https:\/\/universnews224.com\/?p=7485"},"modified":"2025-02-07T00:13:16","modified_gmt":"2025-02-06T23:13:16","slug":"faya-contre-la-candidature-de-doumbouya-quel-que-soit-lhabillage-quon-va-faire","status":"publish","type":"post","link":"https:\/\/universnews224.com\/index.php\/faya-contre-la-candidature-de-doumbouya-quel-que-soit-lhabillage-quon-va-faire\/","title":{"rendered":"Faya contre la candidature de Doumbouya : \u201cquel que soit l\u2019habillage qu\u2019on va faire\u201d"},"content":{"rendered":"<p>S\u2019exprimant devant la presse ce jeudi 6 janvier, le pr\u00e9sident du Bloc Lib\u00e9ral (BL), Dr. Faya Lansana Millimouno, a adress\u00e9 un message direct au g\u00e9n\u00e9ral Mamadi Doumbouya, l\u2019exhortant \u00e0 ne pas se pr\u00e9senter \u00e0 la prochaine \u00e9lection pr\u00e9sidentielle.\u00a0Il lui demande de respecter sa parole et son calendrier qu\u2019il avait pr\u00e9sent\u00e9 au peuple lors de sa prise de pouvoir.<\/p>\n<p>\u00ab Nous nous disons au BL haut et fort que Mamadi respecte sa parole. Avec beaucoup de respect que nous lui devons, s\u2019il l\u00e8ve la main pour dire qu\u2019il est candidat, cela va beaucoup plus menacer la paix et l\u2019unit\u00e9 de ce pays que s\u2019il respecte sa parole. Quel que soit l\u2019habillage qu\u2019on va faire. \u00bb, a-t-il l\u00e2ch\u00e9<\/p>\n<p>&nbsp;<\/p>\n<p>Poursuivant, Dr. Millimouno a \u00e9galement d\u00e9nonc\u00e9 la distribution de v\u00e9hicules aux patriarches du Sud, qu\u2019il consid\u00e8re comme une tentative d\u2019influence politique. \u00ab Aujourd\u2019hui, je ne devais pas m\u2019offusquer que le CNRD soit tellement riche de pouvoir donner des v\u00e9hicules aux patriarches du Sud dont je suis originaire. Mais je dis \u00e0 nos doyens, ce n\u2019est pas l\u2019\u00e9ducation que vous nous avez donn\u00e9e. Ce que vous nous avez donn\u00e9 comme \u00e9ducation, c\u2019est que si nous voulons quelque chose, on travaille pour \u00e7a. On travaille dur pour \u00e7a. \u00bb, a-t-il exprim\u00e9.<\/p>\n<p>Tout en reconnaissant que certains peuvent accepter ces dons, il a tenu \u00e0 pr\u00e9ciser que cela n\u2019aurait aucune influence sur la jeunesse de la r\u00e9gion foresti\u00e8re, ni sur celle des autres r\u00e9gions du pays.<\/p>\n<p>&nbsp;<\/p>\n<p>\u00ab Si vous prenez, ne comptez pas que ce que vous allez demander, la jeunesse de la r\u00e9gion foresti\u00e8re va vous suivre. Parce qu\u2019elle est suffisamment \u00e9clair\u00e9e. Comme la jeunesse du Fouta, la jeunesse de la Haute Guin\u00e9e, la jeunesse de la Basse C\u00f4te, ils n\u2019accepteront plus les m\u00eames clich\u00e9s, les m\u00eames <span data-originalfontsize=\"20pt\" data-originalcomputedfontsize=\"26.666666\">m\u00e9thodes qui ont\u00a0<\/span>retard\u00e9 ce pays. \u00bb, ajouta-t-il<\/p>\n<p>&nbsp;<\/p>\n<p dir=\"ltr\">Par ces d\u00e9clarations, Dr. Faya Millimouno rejette fermement les strat\u00e9gies politiques bas\u00e9es sur le client\u00e9lisme et appelle \u00e0 une transition politique respectueuse des engagements pris devant le peuple.<\/p>\n<p dir=\"ltr\">Mediaguinee<\/p>\n","protected":false},"excerpt":{"rendered":"<p>S\u2019exprimant devant la presse ce jeudi 6 janvier, le pr\u00e9sident du Bloc Lib\u00e9ral (BL), Dr.<\/p>\n","protected":false},"author":2,"featured_media":7486,"comment_status":"closed","ping_status":"open","sticky":false,"template":"","format":"standard","meta":[],"categories":[3,4],"tags":[237],"yoast_head":"<!-- This site is optimized with the Yoast SEO plugin v19.13 - https:\/\/yoast.com\/wordpress\/plugins\/seo\/ -->\n<title>Faya contre la candidature de Doumbouya : \u201cquel que soit l\u2019habillage qu\u2019on va faire\u201d - UNIVERSNEWS224<\/title>\n<meta name=\"robots\" content=\"index, follow, max-snippet:-1, max-image-preview:large, max-video-preview:-1\" \/>\n<link rel=\"canonical\" href=\"https:\/\/universnews224.com\/index.php\/faya-contre-la-candidature-de-doumbouya-quel-que-soit-lhabillage-quon-va-faire\/\" \/>\n<meta property=\"og:locale\" content=\"fr_FR\" \/>\n<meta property=\"og:type\" content=\"article\" \/>\n<meta property=\"og:title\" content=\"Faya contre la candidature de Doumbouya : \u201cquel que soit l\u2019habillage qu\u2019on va faire\u201d - UNIVERSNEWS224\" \/>\n<meta property=\"og:description\" content=\"S\u2019exprimant devant la presse ce jeudi 6 janvier, le pr\u00e9sident du Bloc Lib\u00e9ral (BL), Dr.\" \/>\n<meta property=\"og:url\" content=\"https:\/\/universnews224.com\/index.php\/faya-contre-la-candidature-de-doumbouya-quel-que-soit-lhabillage-quon-va-faire\/\" \/>\n<meta property=\"og:site_name\" content=\"UNIVERSNEWS224\" \/>\n<meta property=\"article:published_time\" content=\"2025-02-06T23:13:16+00:00\" \/>\n<meta property=\"og:image\" content=\"https:\/\/universnews224.com\/wp-content\/uploads\/2025\/02\/IMG_0597.jpeg\" \/>\n\t<meta property=\"og:image:width\" content=\"924\" \/>\n\t<meta property=\"og:image:height\" content=\"612\" \/>\n\t<meta property=\"og:image:type\" content=\"image\/jpeg\" \/>\n<meta name=\"author\" content=\"La R\u00e9daction\" \/>\n<meta name=\"twitter:label1\" content=\"\u00c9crit par\" \/>\n\t<meta name=\"twitter:data1\" content=\"La R\u00e9daction\" \/>\n\t<meta name=\"twitter:label2\" content=\"Dur\u00e9e de lecture estim\u00e9e\" \/>\n\t<meta name=\"twitter:data2\" content=\"2 minutes\" \/>\n<script type=\"application\/ld+json\" class=\"yoast-schema-graph\">{\"@context\":\"https:\/\/schema.org\",\"@graph\":[{\"@type\":\"Article\",\"@id\":\"https:\/\/universnews224.com\/index.php\/faya-contre-la-candidature-de-doumbouya-quel-que-soit-lhabillage-quon-va-faire\/#article\",\"isPartOf\":{\"@id\":\"https:\/\/universnews224.com\/index.php\/faya-contre-la-candidature-de-doumbouya-quel-que-soit-lhabillage-quon-va-faire\/\"},\"author\":{\"name\":\"La R\u00e9daction\",\"@id\":\"https:\/\/universnews224.com\/#\/schema\/person\/a4b7d4f94a4716df60456a491260485e\"},\"headline\":\"Faya contre la candidature de Doumbouya : \u201cquel que soit l\u2019habillage qu\u2019on va faire\u201d\",\"datePublished\":\"2025-02-06T23:13:16+00:00\",\"dateModified\":\"2025-02-06T23:13:16+00:00\",\"mainEntityOfPage\":{\"@id\":\"https:\/\/universnews224.com\/index.php\/faya-contre-la-candidature-de-doumbouya-quel-que-soit-lhabillage-quon-va-faire\/\"},\"wordCount\":385,\"publisher\":{\"@id\":\"https:\/\/universnews224.com\/#organization\"},\"keywords\":[\"A la une\"],\"articleSection\":[\"ACTU\",\"POLITIQUE\"],\"inLanguage\":\"fr-FR\"},{\"@type\":\"WebPage\",\"@id\":\"https:\/\/universnews224.com\/index.php\/faya-contre-la-candidature-de-doumbouya-quel-que-soit-lhabillage-quon-va-faire\/\",\"url\":\"https:\/\/universnews224.com\/index.php\/faya-contre-la-candidature-de-doumbouya-quel-que-soit-lhabillage-quon-va-faire\/\",\"name\":\"Faya contre la candidature de Doumbouya : \u201cquel que soit l\u2019habillage qu\u2019on va faire\u201d - UNIVERSNEWS224\",\"isPartOf\":{\"@id\":\"https:\/\/universnews224.com\/#website\"},\"datePublished\":\"2025-02-06T23:13:16+00:00\",\"dateModified\":\"2025-02-06T23:13:16+00:00\",\"inLanguage\":\"fr-FR\",\"potentialAction\":[{\"@type\":\"ReadAction\",\"target\":[\"https:\/\/universnews224.com\/index.php\/faya-contre-la-candidature-de-doumbouya-quel-que-soit-lhabillage-quon-va-faire\/\"]}]},{\"@type\":\"WebSite\",\"@id\":\"https:\/\/universnews224.com\/#website\",\"url\":\"https:\/\/universnews224.com\/\",\"name\":\"UNIVERSNEWS224\",\"description\":\"\",\"publisher\":{\"@id\":\"https:\/\/universnews224.com\/#organization\"},\"potentialAction\":[{\"@type\":\"SearchAction\",\"target\":{\"@type\":\"EntryPoint\",\"urlTemplate\":\"https:\/\/universnews224.com\/?s={search_term_string}\"},\"query-input\":\"required name=search_term_string\"}],\"inLanguage\":\"fr-FR\"},{\"@type\":\"Organization\",\"@id\":\"https:\/\/universnews224.com\/#organization\",\"name\":\"UNIVERSNEWS224\",\"url\":\"https:\/\/universnews224.com\/\",\"logo\":{\"@type\":\"ImageObject\",\"inLanguage\":\"fr-FR\",\"@id\":\"https:\/\/universnews224.com\/#\/schema\/logo\/image\/\",\"url\":\"https:\/\/universnews224.com\/wp-content\/uploads\/2022\/08\/cropped-cropped-logoban.jpg\",\"contentUrl\":\"https:\/\/universnews224.com\/wp-content\/uploads\/2022\/08\/cropped-cropped-logoban.jpg\",\"width\":1080,\"height\":138,\"caption\":\"UNIVERSNEWS224\"},\"image\":{\"@id\":\"https:\/\/universnews224.com\/#\/schema\/logo\/image\/\"}},{\"@type\":\"Person\",\"@id\":\"https:\/\/universnews224.com\/#\/schema\/person\/a4b7d4f94a4716df60456a491260485e\",\"name\":\"La R\u00e9daction\",\"image\":{\"@type\":\"ImageObject\",\"inLanguage\":\"fr-FR\",\"@id\":\"https:\/\/universnews224.com\/#\/schema\/person\/image\/\",\"url\":\"https:\/\/secure.gravatar.com\/avatar\/edb90acc7752b23e1b3307ad36c14f0d?s=96&d=mm&r=g\",\"contentUrl\":\"https:\/\/secure.gravatar.com\/avatar\/edb90acc7752b23e1b3307ad36c14f0d?s=96&d=mm&r=g\",\"caption\":\"La R\u00e9daction\"},\"sameAs\":[\"https:\/\/universnews224.com\"],\"url\":\"https:\/\/universnews224.com\/index.php\/author\/m-camara\/\"}]}<\/script>\n<!-- \/ Yoast SEO plugin. -->","yoast_head_json":{"title":"Faya contre la candidature de Doumbouya : \u201cquel que soit l\u2019habillage qu\u2019on va faire\u201d - UNIVERSNEWS224","robots":{"index":"index","follow":"follow","max-snippet":"max-snippet:-1","max-image-preview":"max-image-preview:large","max-video-preview":"max-video-preview:-1"},"canonical":"https:\/\/universnews224.com\/index.php\/faya-contre-la-candidature-de-doumbouya-quel-que-soit-lhabillage-quon-va-faire\/","og_locale":"fr_FR","og_type":"article","og_title":"Faya contre la candidature de Doumbouya : \u201cquel que soit l\u2019habillage qu\u2019on va faire\u201d - UNIVERSNEWS224","og_description":"S\u2019exprimant devant la presse ce jeudi 6 janvier, le pr\u00e9sident du Bloc Lib\u00e9ral (BL), Dr.","og_url":"https:\/\/universnews224.com\/index.php\/faya-contre-la-candidature-de-doumbouya-quel-que-soit-lhabillage-quon-va-faire\/","og_site_name":"UNIVERSNEWS224","article_published_time":"2025-02-06T23:13:16+00:00","og_image":[{"width":924,"height":612,"url":"https:\/\/universnews224.com\/wp-content\/uploads\/2025\/02\/IMG_0597.jpeg","type":"image\/jpeg"}],"author":"La R\u00e9daction","twitter_misc":{"\u00c9crit par":"La R\u00e9daction","Dur\u00e9e de lecture estim\u00e9e":"2 minutes"},"schema":{"@context":"https:\/\/schema.org","@graph":[{"@type":"Article","@id":"https:\/\/universnews224.com\/index.php\/faya-contre-la-candidature-de-doumbouya-quel-que-soit-lhabillage-quon-va-faire\/#article","isPartOf":{"@id":"https:\/\/universnews224.com\/index.php\/faya-contre-la-candidature-de-doumbouya-quel-que-soit-lhabillage-quon-va-faire\/"},"author":{"name":"La R\u00e9daction","@id":"https:\/\/universnews224.com\/#\/schema\/person\/a4b7d4f94a4716df60456a491260485e"},"headline":"Faya contre la candidature de Doumbouya : \u201cquel que soit l\u2019habillage qu\u2019on va faire\u201d","datePublished":"2025-02-06T23:13:16+00:00","dateModified":"2025-02-06T23:13:16+00:00","mainEntityOfPage":{"@id":"https:\/\/universnews224.com\/index.php\/faya-contre-la-candidature-de-doumbouya-quel-que-soit-lhabillage-quon-va-faire\/"},"wordCount":385,"publisher":{"@id":"https:\/\/universnews224.com\/#organization"},"keywords":["A la une"],"articleSection":["ACTU","POLITIQUE"],"inLanguage":"fr-FR"},{"@type":"WebPage","@id":"https:\/\/universnews224.com\/index.php\/faya-contre-la-candidature-de-doumbouya-quel-que-soit-lhabillage-quon-va-faire\/","url":"https:\/\/universnews224.com\/index.php\/faya-contre-la-candidature-de-doumbouya-quel-que-soit-lhabillage-quon-va-faire\/","name":"Faya contre la candidature de Doumbouya : \u201cquel que soit l\u2019habillage qu\u2019on va faire\u201d - UNIVERSNEWS224","isPartOf":{"@id":"https:\/\/universnews224.com\/#website"},"datePublished":"2025-02-06T23:13:16+00:00","dateModified":"2025-02-06T23:13:16+00:00","inLanguage":"fr-FR","potentialAction":[{"@type":"ReadAction","target":["https:\/\/universnews224.com\/index.php\/faya-contre-la-candidature-de-doumbouya-quel-que-soit-lhabillage-quon-va-faire\/"]}]},{"@type":"WebSite","@id":"https:\/\/universnews224.com\/#website","url":"https:\/\/universnews224.com\/","name":"UNIVERSNEWS224","description":"","publisher":{"@id":"https:\/\/universnews224.com\/#organization"},"potentialAction":[{"@type":"SearchAction","target":{"@type":"EntryPoint","urlTemplate":"https:\/\/universnews224.com\/?s={search_term_string}"},"query-input":"required name=search_term_string"}],"inLanguage":"fr-FR"},{"@type":"Organization","@id":"https:\/\/universnews224.com\/#organization","name":"UNIVERSNEWS224","url":"https:\/\/universnews224.com\/","logo":{"@type":"ImageObject","inLanguage":"fr-FR","@id":"https:\/\/universnews224.com\/#\/schema\/logo\/image\/","url":"https:\/\/universnews224.com\/wp-content\/uploads\/2022\/08\/cropped-cropped-logoban.jpg","contentUrl":"https:\/\/universnews224.com\/wp-content\/uploads\/2022\/08\/cropped-cropped-logoban.jpg","width":1080,"height":138,"caption":"UNIVERSNEWS224"},"image":{"@id":"https:\/\/universnews224.com\/#\/schema\/logo\/image\/"}},{"@type":"Person","@id":"https:\/\/universnews224.com\/#\/schema\/person\/a4b7d4f94a4716df60456a491260485e","name":"La R\u00e9daction","image":{"@type":"ImageObject","inLanguage":"fr-FR","@id":"https:\/\/universnews224.com\/#\/schema\/person\/image\/","url":"https:\/\/secure.gravatar.com\/avatar\/edb90acc7752b23e1b3307ad36c14f0d?s=96&d=mm&r=g","contentUrl":"https:\/\/secure.gravatar.com\/avatar\/edb90acc7752b23e1b3307ad36c14f0d?s=96&d=mm&r=g","caption":"La R\u00e9daction"},"sameAs":["https:\/\/universnews224.com"],"url":"https:\/\/universnews224.com\/index.php\/author\/m-camara\/"}]}},"_links":{"self":[{"href":"https:\/\/universnews224.com\/index.php\/wp-json\/wp\/v2\/posts\/7485"}],"collection":[{"href":"https:\/\/universnews224.com\/index.php\/wp-json\/wp\/v2\/posts"}],"about":[{"href":"https:\/\/universnews224.com\/index.php\/wp-json\/wp\/v2\/types\/post"}],"author":[{"embeddable":true,"href":"https:\/\/universnews224.com\/index.php\/wp-json\/wp\/v2\/users\/2"}],"replies":[{"embeddable":true,"href":"https:\/\/universnews224.com\/index.php\/wp-json\/wp\/v2\/comments?post=7485"}],"version-history":[{"count":1,"href":"https:\/\/universnews224.com\/index.php\/wp-json\/wp\/v2\/posts\/7485\/revisions"}],"predecessor-version":[{"id":7487,"href":"https:\/\/universnews224.com\/index.php\/wp-json\/wp\/v2\/posts\/7485\/revisions\/7487"}],"wp:featuredmedia":[{"embeddable":true,"href":"https:\/\/universnews224.com\/index.php\/wp-json\/wp\/v2\/media\/7486"}],"wp:attachment":[{"href":"https:\/\/universnews224.com\/index.php\/wp-json\/wp\/v2\/media?parent=7485"}],"wp:term":[{"taxonomy":"category","embeddable":true,"href":"https:\/\/universnews224.com\/index.php\/wp-json\/wp\/v2\/categories?post=7485"},{"taxonomy":"post_tag","embeddable":true,"href":"https:\/\/universnews224.com\/index.php\/wp-json\/wp\/v2\/tags?post=7485"}],"curies":[{"name":"wp","href":"https:\/\/api.w.org\/{rel}","templated":true}]}}