{"id":7489,"date":"2025-02-07T00:17:18","date_gmt":"2025-02-06T23:17:18","guid":{"rendered":"https:\/\/universnews224.com\/?p=7489"},"modified":"2025-02-07T00:17:18","modified_gmt":"2025-02-06T23:17:18","slug":"faya-millimouno-bah-oury-doit-demander-pardon-a-dadis-camara","status":"publish","type":"post","link":"https:\/\/universnews224.com\/index.php\/faya-millimouno-bah-oury-doit-demander-pardon-a-dadis-camara\/","title":{"rendered":"Faya Millimouno : \u201cBah Oury doit demander pardon \u00e0 Dadis Camara\u201d."},"content":{"rendered":"<p dir=\"ltr\" style=\"margin: 0pt 0px;text-align: justify;color: #222222;font-family: 'Open Sans';background-color: #f3f3f3;line-height: 1.38\"><span style=\"font-size: 11pt;font-family: Arial, sans-serif;color: #000000;background-color: transparent;vertical-align: baseline\">Ce jeudi 6 f\u00e9vrier 2025, face aux journalistes, Dr. Faya Millimouno a interpell\u00e9 Bah Oury, actuel Premier ministre et chef du gouvernement et pr\u00e9sident du comit\u00e9 d\u2019organisation de la manifestation du 28 septembre 2009, sur sa\u00a0 responsabilit\u00e9 dans les \u00e9v\u00e9nements du 28 septembre 2009. Il estime que ce dernier doit demander pardon \u00e0 l\u2019ex-chef de la junte, Moussa Dadis Camara, pour son r\u00f4le pr\u00e9sum\u00e9 dans l\u2019organisation de la manifestation qui a marqu\u00e9 tragiquement l\u2019histoire de la Guin\u00e9e.<\/span><\/p>\n<p style=\"margin: 0px 0px 17px;text-align: justify;color: #222222;font-family: 'Open Sans';background-color: #f3f3f3\">\n<p dir=\"ltr\" style=\"margin: 0pt 0px;text-align: justify;color: #222222;font-family: 'Open Sans';background-color: #f3f3f3;line-height: 1.38\"><span style=\"font-size: 11pt;font-family: Arial, sans-serif;color: #000000;background-color: transparent;vertical-align: baseline\">\u00ab (\u2026) M. Bah Oury \u00e9tant membre de l\u2019\u00e9quipe gouvernementale, en tant que chef de cette \u00e9quipe gouvernementale, qui est impliqu\u00e9e dans la promotion de la candidature du g\u00e9n\u00e9ral, il doit clairement demander pardon \u00e0 M. Dadis Camara, parce que c\u2019est lui qui \u00e9tait \u00e0 la t\u00eate de la commission qui a organis\u00e9 la manifestation du 28 septembre 2009. Aujourd\u2019hui, la manifestation du 28 septembre 2009 a fait qu\u2019une page importante de l\u2019histoire de notre pays a \u00e9t\u00e9 hypoth\u00e9qu\u00e9e. Parce que tapez aujourd\u2019hui sur Google le 28 septembre, on vous parlera des \u00e9v\u00e9nements de 2009. On ne vous parlera pas du choix historique du peuple de Guin\u00e9e de la libert\u00e9 \u00e0 l\u2019int\u00e9gration \u00e0 la communaut\u00e9 fran\u00e7aise. Donc, ce pardon-l\u00e0, il le doit \u00e0 Dadis. \u00bb, a-t-il indiqu\u00e9 devant les journalistes.<\/span><\/p>\n<p dir=\"ltr\" style=\"margin: 0pt 0px;text-align: justify;color: #222222;font-family: 'Open Sans';background-color: #f3f3f3;line-height: 1.38\"><span style=\"font-size: 11pt;font-family: Arial, sans-serif;color: #000000;background-color: transparent;vertical-align: baseline\">Un peu plus loin, il exprim\u00e9 sa d\u00e9ception face au comportement de l\u2019actuel Premier ministre qui, selon lui, avait m\u00eame t\u00e9moign\u00e9 contre l\u2019ex-chef de la junte militaire, le capitaine Moussa Dadis Camara.<\/span><\/p>\n<p style=\"margin: 0px 0px 17px;text-align: justify;color: #222222;font-family: 'Open Sans';background-color: #f3f3f3\">\n<p dir=\"ltr\" style=\"margin: 0pt 0px;text-align: justify;color: #222222;font-family: 'Open Sans';background-color: #f3f3f3;line-height: 1.38\"><span style=\"font-size: 11pt;font-family: Arial, sans-serif;color: #000000;background-color: transparent;vertical-align: baseline\">\u00ab J\u2019avais beaucoup esp\u00e9r\u00e9 du Premier ministre Bah Oury. Si j\u2019exprime ma d\u00e9ception c\u2019est parce que j\u2019attendais beaucoup de lui. C\u2019est pourquoi je lui exige n\u2019est-ce pas qu\u2019il dise pardon parce qu\u2019il y a des questions qu\u2019il ne devrait pas avoir m\u00eame une minute de r\u00e9flexion, il devrait trancher toute de suite.<\/span><\/p>\n<p dir=\"ltr\" style=\"margin: 0pt 0px;text-align: justify;color: #222222;font-family: 'Open Sans';background-color: #f3f3f3;line-height: 1.38\"><span style=\"font-size: 11pt;font-family: Arial, sans-serif;color: #000000;background-color: transparent;vertical-align: baseline\">Apr\u00e8s avoir \u00e9t\u00e9 pr\u00e9sident du comit\u00e9 d\u2019organisation de la manifestation du 28 septembre 2009, il ne peut pas jouer avec l\u2019id\u00e9e qu\u2019on peut faire que les Guin\u00e9ens embo\u00eetent le pas \u00e0 Alpha Cond\u00e9, comme Alpha Cond\u00e9 a dit aux Guin\u00e9ens que ce sont les femmes d\u2019Avaria qui avaient pay\u00e9 sa caution, qu\u2019on peut \u00e0 travers des marches pour l\u2019unit\u00e9 ou la paix pour convaincre les Guin\u00e9ens que si Mamadi Doumbouya dit demain qu\u2019il est candidat que c\u2019est pas lui qui voulait \u00eatre candidat, ce sont les Guin\u00e9ens qui l\u2019ont demand\u00e9(\u2026) \u00bb, a-t-il d\u00e9clar\u00e9.\u00a0<\/span><\/p>\n<p style=\"margin: 0px 0px 17px;text-align: justify;color: #222222;font-family: 'Open Sans';background-color: #f3f3f3\">\n<p dir=\"ltr\" style=\"margin: 0pt 0px;text-align: justify;color: #222222;font-family: 'Open Sans';background-color: #f3f3f3;line-height: 1.38\"><span style=\"font-size: 11pt;font-family: Arial, sans-serif;color: #000000;background-color: transparent;vertical-align: baseline\">Cette d\u00e9claration intervient dans un contexte politique marqu\u00e9 par des tensions et des d\u00e9bats sur la r\u00e9conciliation nationale.<\/span><\/p>\n<p dir=\"ltr\">\n<p dir=\"ltr\">\n<p dir=\"ltr\">\n<p dir=\"ltr\" style=\"margin: 0px 0px 17px;text-align: justify;color: #222222;font-family: 'Open Sans';background-color: #f3f3f3\">Mediaguinee<\/p>\n","protected":false},"excerpt":{"rendered":"<p>Ce jeudi 6 f\u00e9vrier 2025, face aux journalistes, Dr. Faya Millimouno a interpell\u00e9 Bah Oury,<\/p>\n","protected":false},"author":2,"featured_media":7303,"comment_status":"closed","ping_status":"open","sticky":false,"template":"","format":"standard","meta":[],"categories":[3,4],"tags":[237],"yoast_head":"<!-- This site is optimized with the Yoast SEO plugin v19.13 - https:\/\/yoast.com\/wordpress\/plugins\/seo\/ -->\n<title>Faya Millimouno : \u201cBah Oury doit demander pardon \u00e0 Dadis Camara\u201d. - UNIVERSNEWS224<\/title>\n<meta name=\"robots\" content=\"index, follow, max-snippet:-1, max-image-preview:large, max-video-preview:-1\" \/>\n<link rel=\"canonical\" href=\"https:\/\/universnews224.com\/index.php\/faya-millimouno-bah-oury-doit-demander-pardon-a-dadis-camara\/\" \/>\n<meta property=\"og:locale\" content=\"fr_FR\" \/>\n<meta property=\"og:type\" content=\"article\" \/>\n<meta property=\"og:title\" content=\"Faya Millimouno : \u201cBah Oury doit demander pardon \u00e0 Dadis Camara\u201d. - UNIVERSNEWS224\" \/>\n<meta property=\"og:description\" content=\"Ce jeudi 6 f\u00e9vrier 2025, face aux journalistes, Dr. Faya Millimouno a interpell\u00e9 Bah Oury,\" \/>\n<meta property=\"og:url\" content=\"https:\/\/universnews224.com\/index.php\/faya-millimouno-bah-oury-doit-demander-pardon-a-dadis-camara\/\" \/>\n<meta property=\"og:site_name\" content=\"UNIVERSNEWS224\" \/>\n<meta property=\"article:published_time\" content=\"2025-02-06T23:17:18+00:00\" \/>\n<meta property=\"og:image\" content=\"https:\/\/universnews224.com\/wp-content\/uploads\/2025\/01\/Faya-Millimouno-1.jpg\" \/>\n\t<meta property=\"og:image:width\" content=\"681\" \/>\n\t<meta property=\"og:image:height\" content=\"454\" \/>\n\t<meta property=\"og:image:type\" content=\"image\/jpeg\" \/>\n<meta name=\"author\" content=\"La R\u00e9daction\" \/>\n<meta name=\"twitter:label1\" content=\"\u00c9crit par\" \/>\n\t<meta name=\"twitter:data1\" content=\"La R\u00e9daction\" \/>\n\t<meta name=\"twitter:label2\" content=\"Dur\u00e9e de lecture estim\u00e9e\" \/>\n\t<meta name=\"twitter:data2\" content=\"3 minutes\" \/>\n<script type=\"application\/ld+json\" class=\"yoast-schema-graph\">{\"@context\":\"https:\/\/schema.org\",\"@graph\":[{\"@type\":\"Article\",\"@id\":\"https:\/\/universnews224.com\/index.php\/faya-millimouno-bah-oury-doit-demander-pardon-a-dadis-camara\/#article\",\"isPartOf\":{\"@id\":\"https:\/\/universnews224.com\/index.php\/faya-millimouno-bah-oury-doit-demander-pardon-a-dadis-camara\/\"},\"author\":{\"name\":\"La R\u00e9daction\",\"@id\":\"https:\/\/universnews224.com\/#\/schema\/person\/a4b7d4f94a4716df60456a491260485e\"},\"headline\":\"Faya Millimouno : \u201cBah Oury doit demander pardon \u00e0 Dadis Camara\u201d.\",\"datePublished\":\"2025-02-06T23:17:18+00:00\",\"dateModified\":\"2025-02-06T23:17:18+00:00\",\"mainEntityOfPage\":{\"@id\":\"https:\/\/universnews224.com\/index.php\/faya-millimouno-bah-oury-doit-demander-pardon-a-dadis-camara\/\"},\"wordCount\":451,\"publisher\":{\"@id\":\"https:\/\/universnews224.com\/#organization\"},\"keywords\":[\"A la une\"],\"articleSection\":[\"ACTU\",\"POLITIQUE\"],\"inLanguage\":\"fr-FR\"},{\"@type\":\"WebPage\",\"@id\":\"https:\/\/universnews224.com\/index.php\/faya-millimouno-bah-oury-doit-demander-pardon-a-dadis-camara\/\",\"url\":\"https:\/\/universnews224.com\/index.php\/faya-millimouno-bah-oury-doit-demander-pardon-a-dadis-camara\/\",\"name\":\"Faya Millimouno : \u201cBah Oury doit demander pardon \u00e0 Dadis Camara\u201d. - UNIVERSNEWS224\",\"isPartOf\":{\"@id\":\"https:\/\/universnews224.com\/#website\"},\"datePublished\":\"2025-02-06T23:17:18+00:00\",\"dateModified\":\"2025-02-06T23:17:18+00:00\",\"inLanguage\":\"fr-FR\",\"potentialAction\":[{\"@type\":\"ReadAction\",\"target\":[\"https:\/\/universnews224.com\/index.php\/faya-millimouno-bah-oury-doit-demander-pardon-a-dadis-camara\/\"]}]},{\"@type\":\"WebSite\",\"@id\":\"https:\/\/universnews224.com\/#website\",\"url\":\"https:\/\/universnews224.com\/\",\"name\":\"UNIVERSNEWS224\",\"description\":\"\",\"publisher\":{\"@id\":\"https:\/\/universnews224.com\/#organization\"},\"potentialAction\":[{\"@type\":\"SearchAction\",\"target\":{\"@type\":\"EntryPoint\",\"urlTemplate\":\"https:\/\/universnews224.com\/?s={search_term_string}\"},\"query-input\":\"required name=search_term_string\"}],\"inLanguage\":\"fr-FR\"},{\"@type\":\"Organization\",\"@id\":\"https:\/\/universnews224.com\/#organization\",\"name\":\"UNIVERSNEWS224\",\"url\":\"https:\/\/universnews224.com\/\",\"logo\":{\"@type\":\"ImageObject\",\"inLanguage\":\"fr-FR\",\"@id\":\"https:\/\/universnews224.com\/#\/schema\/logo\/image\/\",\"url\":\"https:\/\/universnews224.com\/wp-content\/uploads\/2022\/08\/cropped-cropped-logoban.jpg\",\"contentUrl\":\"https:\/\/universnews224.com\/wp-content\/uploads\/2022\/08\/cropped-cropped-logoban.jpg\",\"width\":1080,\"height\":138,\"caption\":\"UNIVERSNEWS224\"},\"image\":{\"@id\":\"https:\/\/universnews224.com\/#\/schema\/logo\/image\/\"}},{\"@type\":\"Person\",\"@id\":\"https:\/\/universnews224.com\/#\/schema\/person\/a4b7d4f94a4716df60456a491260485e\",\"name\":\"La R\u00e9daction\",\"image\":{\"@type\":\"ImageObject\",\"inLanguage\":\"fr-FR\",\"@id\":\"https:\/\/universnews224.com\/#\/schema\/person\/image\/\",\"url\":\"https:\/\/secure.gravatar.com\/avatar\/edb90acc7752b23e1b3307ad36c14f0d?s=96&d=mm&r=g\",\"contentUrl\":\"https:\/\/secure.gravatar.com\/avatar\/edb90acc7752b23e1b3307ad36c14f0d?s=96&d=mm&r=g\",\"caption\":\"La R\u00e9daction\"},\"sameAs\":[\"https:\/\/universnews224.com\"],\"url\":\"https:\/\/universnews224.com\/index.php\/author\/m-camara\/\"}]}<\/script>\n<!-- \/ Yoast SEO plugin. -->","yoast_head_json":{"title":"Faya Millimouno : \u201cBah Oury doit demander pardon \u00e0 Dadis Camara\u201d. - UNIVERSNEWS224","robots":{"index":"index","follow":"follow","max-snippet":"max-snippet:-1","max-image-preview":"max-image-preview:large","max-video-preview":"max-video-preview:-1"},"canonical":"https:\/\/universnews224.com\/index.php\/faya-millimouno-bah-oury-doit-demander-pardon-a-dadis-camara\/","og_locale":"fr_FR","og_type":"article","og_title":"Faya Millimouno : \u201cBah Oury doit demander pardon \u00e0 Dadis Camara\u201d. - UNIVERSNEWS224","og_description":"Ce jeudi 6 f\u00e9vrier 2025, face aux journalistes, Dr. Faya Millimouno a interpell\u00e9 Bah Oury,","og_url":"https:\/\/universnews224.com\/index.php\/faya-millimouno-bah-oury-doit-demander-pardon-a-dadis-camara\/","og_site_name":"UNIVERSNEWS224","article_published_time":"2025-02-06T23:17:18+00:00","og_image":[{"width":681,"height":454,"url":"https:\/\/universnews224.com\/wp-content\/uploads\/2025\/01\/Faya-Millimouno-1.jpg","type":"image\/jpeg"}],"author":"La R\u00e9daction","twitter_misc":{"\u00c9crit par":"La R\u00e9daction","Dur\u00e9e de lecture estim\u00e9e":"3 minutes"},"schema":{"@context":"https:\/\/schema.org","@graph":[{"@type":"Article","@id":"https:\/\/universnews224.com\/index.php\/faya-millimouno-bah-oury-doit-demander-pardon-a-dadis-camara\/#article","isPartOf":{"@id":"https:\/\/universnews224.com\/index.php\/faya-millimouno-bah-oury-doit-demander-pardon-a-dadis-camara\/"},"author":{"name":"La R\u00e9daction","@id":"https:\/\/universnews224.com\/#\/schema\/person\/a4b7d4f94a4716df60456a491260485e"},"headline":"Faya Millimouno : \u201cBah Oury doit demander pardon \u00e0 Dadis Camara\u201d.","datePublished":"2025-02-06T23:17:18+00:00","dateModified":"2025-02-06T23:17:18+00:00","mainEntityOfPage":{"@id":"https:\/\/universnews224.com\/index.php\/faya-millimouno-bah-oury-doit-demander-pardon-a-dadis-camara\/"},"wordCount":451,"publisher":{"@id":"https:\/\/universnews224.com\/#organization"},"keywords":["A la une"],"articleSection":["ACTU","POLITIQUE"],"inLanguage":"fr-FR"},{"@type":"WebPage","@id":"https:\/\/universnews224.com\/index.php\/faya-millimouno-bah-oury-doit-demander-pardon-a-dadis-camara\/","url":"https:\/\/universnews224.com\/index.php\/faya-millimouno-bah-oury-doit-demander-pardon-a-dadis-camara\/","name":"Faya Millimouno : \u201cBah Oury doit demander pardon \u00e0 Dadis Camara\u201d. - UNIVERSNEWS224","isPartOf":{"@id":"https:\/\/universnews224.com\/#website"},"datePublished":"2025-02-06T23:17:18+00:00","dateModified":"2025-02-06T23:17:18+00:00","inLanguage":"fr-FR","potentialAction":[{"@type":"ReadAction","target":["https:\/\/universnews224.com\/index.php\/faya-millimouno-bah-oury-doit-demander-pardon-a-dadis-camara\/"]}]},{"@type":"WebSite","@id":"https:\/\/universnews224.com\/#website","url":"https:\/\/universnews224.com\/","name":"UNIVERSNEWS224","description":"","publisher":{"@id":"https:\/\/universnews224.com\/#organization"},"potentialAction":[{"@type":"SearchAction","target":{"@type":"EntryPoint","urlTemplate":"https:\/\/universnews224.com\/?s={search_term_string}"},"query-input":"required name=search_term_string"}],"inLanguage":"fr-FR"},{"@type":"Organization","@id":"https:\/\/universnews224.com\/#organization","name":"UNIVERSNEWS224","url":"https:\/\/universnews224.com\/","logo":{"@type":"ImageObject","inLanguage":"fr-FR","@id":"https:\/\/universnews224.com\/#\/schema\/logo\/image\/","url":"https:\/\/universnews224.com\/wp-content\/uploads\/2022\/08\/cropped-cropped-logoban.jpg","contentUrl":"https:\/\/universnews224.com\/wp-content\/uploads\/2022\/08\/cropped-cropped-logoban.jpg","width":1080,"height":138,"caption":"UNIVERSNEWS224"},"image":{"@id":"https:\/\/universnews224.com\/#\/schema\/logo\/image\/"}},{"@type":"Person","@id":"https:\/\/universnews224.com\/#\/schema\/person\/a4b7d4f94a4716df60456a491260485e","name":"La R\u00e9daction","image":{"@type":"ImageObject","inLanguage":"fr-FR","@id":"https:\/\/universnews224.com\/#\/schema\/person\/image\/","url":"https:\/\/secure.gravatar.com\/avatar\/edb90acc7752b23e1b3307ad36c14f0d?s=96&d=mm&r=g","contentUrl":"https:\/\/secure.gravatar.com\/avatar\/edb90acc7752b23e1b3307ad36c14f0d?s=96&d=mm&r=g","caption":"La R\u00e9daction"},"sameAs":["https:\/\/universnews224.com"],"url":"https:\/\/universnews224.com\/index.php\/author\/m-camara\/"}]}},"_links":{"self":[{"href":"https:\/\/universnews224.com\/index.php\/wp-json\/wp\/v2\/posts\/7489"}],"collection":[{"href":"https:\/\/universnews224.com\/index.php\/wp-json\/wp\/v2\/posts"}],"about":[{"href":"https:\/\/universnews224.com\/index.php\/wp-json\/wp\/v2\/types\/post"}],"author":[{"embeddable":true,"href":"https:\/\/universnews224.com\/index.php\/wp-json\/wp\/v2\/users\/2"}],"replies":[{"embeddable":true,"href":"https:\/\/universnews224.com\/index.php\/wp-json\/wp\/v2\/comments?post=7489"}],"version-history":[{"count":1,"href":"https:\/\/universnews224.com\/index.php\/wp-json\/wp\/v2\/posts\/7489\/revisions"}],"predecessor-version":[{"id":7490,"href":"https:\/\/universnews224.com\/index.php\/wp-json\/wp\/v2\/posts\/7489\/revisions\/7490"}],"wp:featuredmedia":[{"embeddable":true,"href":"https:\/\/universnews224.com\/index.php\/wp-json\/wp\/v2\/media\/7303"}],"wp:attachment":[{"href":"https:\/\/universnews224.com\/index.php\/wp-json\/wp\/v2\/media?parent=7489"}],"wp:term":[{"taxonomy":"category","embeddable":true,"href":"https:\/\/universnews224.com\/index.php\/wp-json\/wp\/v2\/categories?post=7489"},{"taxonomy":"post_tag","embeddable":true,"href":"https:\/\/universnews224.com\/index.php\/wp-json\/wp\/v2\/tags?post=7489"}],"curies":[{"name":"wp","href":"https:\/\/api.w.org\/{rel}","templated":true}]}}