{"id":7495,"date":"2025-02-08T13:39:16","date_gmt":"2025-02-08T12:39:16","guid":{"rendered":"https:\/\/universnews224.com\/?p=7495"},"modified":"2025-02-08T13:39:16","modified_gmt":"2025-02-08T12:39:16","slug":"guinee-le-pdg-rda-annonce-la-liberation-de-mohamed-toure","status":"publish","type":"post","link":"https:\/\/universnews224.com\/index.php\/guinee-le-pdg-rda-annonce-la-liberation-de-mohamed-toure\/","title":{"rendered":"Guin\u00e9e: le PDG-RDA annonce la lib\u00e9ration de Mohamed Tour\u00e9"},"content":{"rendered":"<p style=\"margin: 0px 0px 1em;padding: 0px;border: 0px;line-height: inherit;font-family: 'Helvetica Neue', Helvetica, Roboto, Arial, sans-serif;vertical-align: baseline;text-align: justify\"><span style=\"margin: 0px;padding: 0px;border: 0px;font-style: inherit;font-variant: inherit;font-weight: bold;font-size: inherit;line-height: inherit;font-family: inherit;vertical-align: baseline\">Peuples d\u2019Afrique !<\/span><\/p>\n<p style=\"margin: 0px 0px 1em;padding: 0px;border: 0px;line-height: inherit;font-family: 'Helvetica Neue', Helvetica, Roboto, Arial, sans-serif;vertical-align: baseline;text-align: justify\"><span style=\"margin: 0px;padding: 0px;border: 0px;font-style: inherit;font-variant: inherit;font-weight: bold;font-size: inherit;line-height: inherit;font-family: inherit;vertical-align: baseline\">Peuple de Guin\u00e9e !<\/span><\/p>\n<p style=\"margin: 0px 0px 1em;padding: 0px;border: 0px;line-height: inherit;font-family: 'Helvetica Neue', Helvetica, Roboto, Arial, sans-serif;vertical-align: baseline;text-align: justify\"><span style=\"margin: 0px;padding: 0px;border: 0px;font-style: inherit;font-variant: inherit;font-weight: bold;font-size: inherit;line-height: inherit;font-family: inherit;vertical-align: baseline\">Camarades !<\/span><\/p>\n<div class=\"jeg_ad jeg_ad_article jnews_content_inline_3_ads  \" style=\"margin: 0px 0px 1.25em;padding: 0px;border: 0px;line-height: inherit;font-family: 'Helvetica Neue', Helvetica, Roboto, Arial, sans-serif;vertical-align: baseline;text-align: center\">\n<div class=\"ads-wrapper align-center \" style=\"margin: 1em 0px;padding: 0px;border: 0px;font: inherit;vertical-align: baseline\"><\/div>\n<\/div>\n<p style=\"margin: 0px 0px 1em;padding: 0px;border: 0px;line-height: inherit;font-family: 'Helvetica Neue', Helvetica, Roboto, Arial, sans-serif;vertical-align: baseline;text-align: justify\"><span style=\"margin: 0px;padding: 0px;border: 0px;font-style: inherit;font-variant: inherit;font-weight: bold;font-size: inherit;line-height: inherit;font-family: inherit;vertical-align: baseline\">Fid\u00e8les militants et sympathisants du Parti D\u00e9mocratique de Guin\u00e9e.<\/span><\/p>\n<p style=\"margin: 0px 0px 1em;padding: 0px;border: 0px;line-height: inherit;font-family: 'Helvetica Neue', Helvetica, Roboto, Arial, sans-serif;vertical-align: baseline;text-align: justify\"><span style=\"margin: 0px;padding: 0px;border: 0px;font-style: inherit;font-variant: inherit;font-weight: bold;font-size: inherit;line-height: inherit;font-family: inherit;vertical-align: baseline\">Partis fr\u00e8res et alli\u00e9s de Guin\u00e9e et d\u2019ailleurs.<\/span><\/p>\n<p style=\"margin: 0px 0px 1em;padding: 0px;border: 0px;line-height: inherit;font-family: 'Helvetica Neue', Helvetica, Roboto, Arial, sans-serif;vertical-align: baseline;text-align: justify\"><span style=\"margin: 0px;padding: 0px;border: 0px;font-style: inherit;font-variant: inherit;font-weight: bold;font-size: inherit;line-height: inherit;font-family: inherit;vertical-align: baseline\">Organisations partenaires de la soci\u00e9t\u00e9 civile de d\u00e9fense des libert\u00e9s publiques, des droits de l\u2019homme et des Peuples.<\/span><\/p>\n<p style=\"margin: 0px 0px 1em;padding: 0px;border: 0px;line-height: inherit;font-family: 'Helvetica Neue', Helvetica, Roboto, Arial, sans-serif;vertical-align: baseline;text-align: justify\">Dans la vie, des hommes et des Peuples, s\u2019il est de moments de douleur, il est aussi, heureusement des moments de bonheur qui marquent profond\u00e9ment la conscience collective.<\/p>\n<p style=\"margin: 0px 0px 1em;padding: 0px;border: 0px;line-height: inherit;font-family: 'Helvetica Neue', Helvetica, Roboto, Arial, sans-serif;vertical-align: baseline;text-align: justify\">Le Peuple de Guin\u00e9e, les Peuples africains et les hommes epris de justice et de libert\u00e9 vivent, aujourd\u2019hui, un de ces moments de bonheur immense. Les militants et responsables du PDG-RDA sont en joie.<\/p>\n<p style=\"margin: 0px 0px 1em;padding: 0px;border: 0px;line-height: inherit;font-family: 'Helvetica Neue', Helvetica, Roboto, Arial, sans-serif;vertical-align: baseline;text-align: justify\"><span style=\"margin: 0px;padding: 0px;border: 0px;font-style: inherit;font-variant: inherit;font-weight: bold;font-size: inherit;line-height: inherit;font-family: inherit;vertical-align: baseline\">Chers Camarades,<\/span><\/p>\n<p style=\"margin: 0px 0px 1em;padding: 0px;border: 0px;line-height: inherit;font-family: 'Helvetica Neue', Helvetica, Roboto, Arial, sans-serif;vertical-align: baseline;text-align: justify\">Le Bureau Politique National du Parti D\u00e9mocratique de Guin\u00e9e \u00e9largi \u00e0 son Comit\u00e9 Central porte \u00e0 la connaissance des autorit\u00e9s guin\u00e9ennes, de l\u2019opinion nationale et internationale avec vif sentiment de r\u00e9confort moral la lib\u00e9ration effective et d\u00e9finitive de son Secr\u00e9taire G\u00e9n\u00e9ral, le Camarade Mohamed TOUR\u00c9 par les juridictions am\u00e9ricaines ent\u00e9rin\u00e9es ce 7 f\u00e9vrier 2025. Et arithm\u00e9tiquement, de celle de son \u00e9pouse Madame Denis CROSS TOUR\u00c9 le 21 d\u00e9cembre 2024.<\/p>\n<p style=\"margin: 0px 0px 1em;padding: 0px;border: 0px;line-height: inherit;font-family: 'Helvetica Neue', Helvetica, Roboto, Arial, sans-serif;vertical-align: baseline;text-align: justify\">Depuis avril 2018, le Couple Tour\u00e9 \u00e9tait en r\u00e9tention au \u00c9tats-Unis d\u2019Am\u00e9rique, sept (7) ans apr\u00e8s, nous sommes en mesure de vous dire que le Camarade Mohamed Tour\u00e9 et son \u00e9pouse viennent de briser les cha\u00eenes des prisons am\u00e9ricaines et du n\u00e9ocolonialisme international.<\/p>\n<p style=\"margin: 0px 0px 1em;padding: 0px;border: 0px;line-height: inherit;font-family: 'Helvetica Neue', Helvetica, Roboto, Arial, sans-serif;vertical-align: baseline;text-align: justify\">En ce jour solennel, le PDG-RDA remercie infiniment du fond du c\u0153ur le Peuple de Guin\u00e9e, les Peuples fr\u00e8res d\u2019Afrique, du monde et tous ceux qui, individuellement n\u2019ont cess\u00e9 de t\u00e9moigner leur inestimable solidarit\u00e9 et soutien \u00e0 l\u2019\u00e9gard du Couple TOUR\u00c9 et du PDG-RDA pendant ces sept (7) derni\u00e8res ann\u00e9es.<\/p>\n<p style=\"margin: 0px 0px 1em;padding: 0px;border: 0px;line-height: inherit;font-family: 'Helvetica Neue', Helvetica, Roboto, Arial, sans-serif;vertical-align: baseline;text-align: justify\">Le Bureau Politique National informe \u00e9galement que le retour du Camarade Mohamed Tour\u00e9 au bercail reste imminent dans les heures et jours qui suivent.<\/p>\n<p style=\"margin: 0px 0px 1em;padding: 0px;border: 0px;line-height: inherit;font-family: 'Helvetica Neue', Helvetica, Roboto, Arial, sans-serif;vertical-align: baseline;text-align: justify\">\n<p style=\"margin: 0px 0px 1em;padding: 0px;border: 0px;line-height: inherit;font-family: 'Helvetica Neue', Helvetica, Roboto, Arial, sans-serif;vertical-align: baseline;text-align: justify\"><span style=\"margin: 0px;padding: 0px;border: 0px;font-style: inherit;font-variant: inherit;font-weight: bold;font-size: inherit;line-height: inherit;font-family: inherit;vertical-align: baseline\">Vive le Camarade MOHAMED TOUR\u00c9<\/span><\/p>\n<p style=\"margin: 0px 0px 1em;padding: 0px;border: 0px;line-height: inherit;font-family: 'Helvetica Neue', Helvetica, Roboto, Arial, sans-serif;vertical-align: baseline;text-align: justify\"><span style=\"margin: 0px;padding: 0px;border: 0px;font-style: inherit;font-variant: inherit;font-weight: bold;font-size: inherit;line-height: inherit;font-family: inherit;vertical-align: baseline\">Le choix de l\u2019histoire, de l\u2019unit\u00e9 et de l\u2019avenir.<\/span><\/p>\n<p style=\"margin: 0px 0px 1em;padding: 0px;border: 0px;line-height: inherit;font-family: 'Helvetica Neue', Helvetica, Roboto, Arial, sans-serif;vertical-align: baseline;text-align: justify\"><span style=\"margin: 0px;padding: 0px;border: 0px;font-style: inherit;font-variant: inherit;font-weight: bold;font-size: inherit;line-height: inherit;font-family: inherit;vertical-align: baseline\">Pr\u00eat pour la R\u00e9volution D\u00e9mocratique Africaine !<\/span><\/p>\n<p style=\"margin: 0px 0px 1em;padding: 0px;border: 0px;line-height: inherit;font-family: 'Helvetica Neue', Helvetica, Roboto, Arial, sans-serif;vertical-align: baseline;text-align: justify\"><span style=\"margin: 0px;padding: 0px;border: 0px;font-style: inherit;font-variant: inherit;font-weight: bold;font-size: inherit;line-height: inherit;font-family: inherit;vertical-align: baseline\">La lutte continue jusqu\u2019\u00e0 la victoire finale.<\/span><\/p>\n<p style=\"margin: 0px 0px 1em;padding: 0px;border: 0px;line-height: inherit;font-family: 'Helvetica Neue', Helvetica, Roboto, Arial, sans-serif;vertical-align: baseline;text-align: justify\">\n<p style=\"margin: 0px 0px 1em;padding: 0px;border: 0px;line-height: inherit;font-family: 'Helvetica Neue', Helvetica, Roboto, Arial, sans-serif;vertical-align: baseline;text-align: justify\">Conakry, 8 f\u00e9vrier 2025.<\/p>\n<p style=\"margin: 0px 0px 1em;padding: 0px;border: 0px;line-height: inherit;font-family: 'Helvetica Neue', Helvetica, Roboto, Arial, sans-serif;vertical-align: baseline;text-align: justify\"><span style=\"margin: 0px;padding: 0px;border: 0px;font-style: inherit;font-variant: inherit;font-weight: bold;font-size: inherit;line-height: inherit;font-family: inherit;vertical-align: baseline\">Le Secr\u00e9taire G\u00e9n\u00e9ral par Int\u00e9rim<\/span><\/p>\n<p style=\"margin: 0px 0px 1em;padding: 0px;border: 0px;line-height: inherit;font-family: 'Helvetica Neue', Helvetica, Roboto, Arial, sans-serif;vertical-align: baseline;text-align: justify\"><span style=\"margin: 0px;padding: 0px;border: 0px;font-style: inherit;font-variant: inherit;font-weight: bold;font-size: inherit;line-height: inherit;font-family: inherit;vertical-align: baseline\">Honorable Oy\u00e9 Beavogui.<\/span><\/p>\n","protected":false},"excerpt":{"rendered":"<p>Peuples d\u2019Afrique ! Peuple de Guin\u00e9e ! Camarades ! Fid\u00e8les militants et sympathisants du Parti<\/p>\n","protected":false},"author":2,"featured_media":7496,"comment_status":"closed","ping_status":"open","sticky":false,"template":"","format":"standard","meta":[],"categories":[3,4],"tags":[237],"yoast_head":"<!-- This site is optimized with the Yoast SEO plugin v19.13 - https:\/\/yoast.com\/wordpress\/plugins\/seo\/ -->\n<title>Guin\u00e9e: le PDG-RDA annonce la lib\u00e9ration de Mohamed Tour\u00e9 - UNIVERSNEWS224<\/title>\n<meta name=\"robots\" content=\"index, follow, max-snippet:-1, max-image-preview:large, max-video-preview:-1\" \/>\n<link rel=\"canonical\" href=\"https:\/\/universnews224.com\/index.php\/guinee-le-pdg-rda-annonce-la-liberation-de-mohamed-toure\/\" \/>\n<meta property=\"og:locale\" content=\"fr_FR\" \/>\n<meta property=\"og:type\" content=\"article\" \/>\n<meta property=\"og:title\" content=\"Guin\u00e9e: le PDG-RDA annonce la lib\u00e9ration de Mohamed Tour\u00e9 - UNIVERSNEWS224\" \/>\n<meta property=\"og:description\" content=\"Peuples d\u2019Afrique ! Peuple de Guin\u00e9e ! Camarades ! Fid\u00e8les militants et sympathisants du Parti\" \/>\n<meta property=\"og:url\" content=\"https:\/\/universnews224.com\/index.php\/guinee-le-pdg-rda-annonce-la-liberation-de-mohamed-toure\/\" \/>\n<meta property=\"og:site_name\" content=\"UNIVERSNEWS224\" \/>\n<meta property=\"article:published_time\" content=\"2025-02-08T12:39:16+00:00\" \/>\n<meta property=\"og:image\" content=\"https:\/\/universnews224.com\/wp-content\/uploads\/2025\/02\/IMG-20250208-WA0014-750x375-1.jpg\" \/>\n\t<meta property=\"og:image:width\" content=\"750\" \/>\n\t<meta property=\"og:image:height\" content=\"375\" \/>\n\t<meta property=\"og:image:type\" content=\"image\/jpeg\" \/>\n<meta name=\"author\" content=\"La R\u00e9daction\" \/>\n<meta name=\"twitter:label1\" content=\"\u00c9crit par\" \/>\n\t<meta name=\"twitter:data1\" content=\"La R\u00e9daction\" \/>\n\t<meta name=\"twitter:label2\" content=\"Dur\u00e9e de lecture estim\u00e9e\" \/>\n\t<meta name=\"twitter:data2\" content=\"2 minutes\" \/>\n<script type=\"application\/ld+json\" class=\"yoast-schema-graph\">{\"@context\":\"https:\/\/schema.org\",\"@graph\":[{\"@type\":\"Article\",\"@id\":\"https:\/\/universnews224.com\/index.php\/guinee-le-pdg-rda-annonce-la-liberation-de-mohamed-toure\/#article\",\"isPartOf\":{\"@id\":\"https:\/\/universnews224.com\/index.php\/guinee-le-pdg-rda-annonce-la-liberation-de-mohamed-toure\/\"},\"author\":{\"name\":\"La R\u00e9daction\",\"@id\":\"https:\/\/universnews224.com\/#\/schema\/person\/a4b7d4f94a4716df60456a491260485e\"},\"headline\":\"Guin\u00e9e: le PDG-RDA annonce la lib\u00e9ration de Mohamed Tour\u00e9\",\"datePublished\":\"2025-02-08T12:39:16+00:00\",\"dateModified\":\"2025-02-08T12:39:16+00:00\",\"mainEntityOfPage\":{\"@id\":\"https:\/\/universnews224.com\/index.php\/guinee-le-pdg-rda-annonce-la-liberation-de-mohamed-toure\/\"},\"wordCount\":390,\"publisher\":{\"@id\":\"https:\/\/universnews224.com\/#organization\"},\"keywords\":[\"A la une\"],\"articleSection\":[\"ACTU\",\"POLITIQUE\"],\"inLanguage\":\"fr-FR\"},{\"@type\":\"WebPage\",\"@id\":\"https:\/\/universnews224.com\/index.php\/guinee-le-pdg-rda-annonce-la-liberation-de-mohamed-toure\/\",\"url\":\"https:\/\/universnews224.com\/index.php\/guinee-le-pdg-rda-annonce-la-liberation-de-mohamed-toure\/\",\"name\":\"Guin\u00e9e: le PDG-RDA annonce la lib\u00e9ration de Mohamed Tour\u00e9 - UNIVERSNEWS224\",\"isPartOf\":{\"@id\":\"https:\/\/universnews224.com\/#website\"},\"datePublished\":\"2025-02-08T12:39:16+00:00\",\"dateModified\":\"2025-02-08T12:39:16+00:00\",\"inLanguage\":\"fr-FR\",\"potentialAction\":[{\"@type\":\"ReadAction\",\"target\":[\"https:\/\/universnews224.com\/index.php\/guinee-le-pdg-rda-annonce-la-liberation-de-mohamed-toure\/\"]}]},{\"@type\":\"WebSite\",\"@id\":\"https:\/\/universnews224.com\/#website\",\"url\":\"https:\/\/universnews224.com\/\",\"name\":\"UNIVERSNEWS224\",\"description\":\"\",\"publisher\":{\"@id\":\"https:\/\/universnews224.com\/#organization\"},\"potentialAction\":[{\"@type\":\"SearchAction\",\"target\":{\"@type\":\"EntryPoint\",\"urlTemplate\":\"https:\/\/universnews224.com\/?s={search_term_string}\"},\"query-input\":\"required name=search_term_string\"}],\"inLanguage\":\"fr-FR\"},{\"@type\":\"Organization\",\"@id\":\"https:\/\/universnews224.com\/#organization\",\"name\":\"UNIVERSNEWS224\",\"url\":\"https:\/\/universnews224.com\/\",\"logo\":{\"@type\":\"ImageObject\",\"inLanguage\":\"fr-FR\",\"@id\":\"https:\/\/universnews224.com\/#\/schema\/logo\/image\/\",\"url\":\"https:\/\/universnews224.com\/wp-content\/uploads\/2022\/08\/cropped-cropped-logoban.jpg\",\"contentUrl\":\"https:\/\/universnews224.com\/wp-content\/uploads\/2022\/08\/cropped-cropped-logoban.jpg\",\"width\":1080,\"height\":138,\"caption\":\"UNIVERSNEWS224\"},\"image\":{\"@id\":\"https:\/\/universnews224.com\/#\/schema\/logo\/image\/\"}},{\"@type\":\"Person\",\"@id\":\"https:\/\/universnews224.com\/#\/schema\/person\/a4b7d4f94a4716df60456a491260485e\",\"name\":\"La R\u00e9daction\",\"image\":{\"@type\":\"ImageObject\",\"inLanguage\":\"fr-FR\",\"@id\":\"https:\/\/universnews224.com\/#\/schema\/person\/image\/\",\"url\":\"https:\/\/secure.gravatar.com\/avatar\/edb90acc7752b23e1b3307ad36c14f0d?s=96&d=mm&r=g\",\"contentUrl\":\"https:\/\/secure.gravatar.com\/avatar\/edb90acc7752b23e1b3307ad36c14f0d?s=96&d=mm&r=g\",\"caption\":\"La R\u00e9daction\"},\"sameAs\":[\"https:\/\/universnews224.com\"],\"url\":\"https:\/\/universnews224.com\/index.php\/author\/m-camara\/\"}]}<\/script>\n<!-- \/ Yoast SEO plugin. -->","yoast_head_json":{"title":"Guin\u00e9e: le PDG-RDA annonce la lib\u00e9ration de Mohamed Tour\u00e9 - UNIVERSNEWS224","robots":{"index":"index","follow":"follow","max-snippet":"max-snippet:-1","max-image-preview":"max-image-preview:large","max-video-preview":"max-video-preview:-1"},"canonical":"https:\/\/universnews224.com\/index.php\/guinee-le-pdg-rda-annonce-la-liberation-de-mohamed-toure\/","og_locale":"fr_FR","og_type":"article","og_title":"Guin\u00e9e: le PDG-RDA annonce la lib\u00e9ration de Mohamed Tour\u00e9 - UNIVERSNEWS224","og_description":"Peuples d\u2019Afrique ! Peuple de Guin\u00e9e ! Camarades ! Fid\u00e8les militants et sympathisants du Parti","og_url":"https:\/\/universnews224.com\/index.php\/guinee-le-pdg-rda-annonce-la-liberation-de-mohamed-toure\/","og_site_name":"UNIVERSNEWS224","article_published_time":"2025-02-08T12:39:16+00:00","og_image":[{"width":750,"height":375,"url":"https:\/\/universnews224.com\/wp-content\/uploads\/2025\/02\/IMG-20250208-WA0014-750x375-1.jpg","type":"image\/jpeg"}],"author":"La R\u00e9daction","twitter_misc":{"\u00c9crit par":"La R\u00e9daction","Dur\u00e9e de lecture estim\u00e9e":"2 minutes"},"schema":{"@context":"https:\/\/schema.org","@graph":[{"@type":"Article","@id":"https:\/\/universnews224.com\/index.php\/guinee-le-pdg-rda-annonce-la-liberation-de-mohamed-toure\/#article","isPartOf":{"@id":"https:\/\/universnews224.com\/index.php\/guinee-le-pdg-rda-annonce-la-liberation-de-mohamed-toure\/"},"author":{"name":"La R\u00e9daction","@id":"https:\/\/universnews224.com\/#\/schema\/person\/a4b7d4f94a4716df60456a491260485e"},"headline":"Guin\u00e9e: le PDG-RDA annonce la lib\u00e9ration de Mohamed Tour\u00e9","datePublished":"2025-02-08T12:39:16+00:00","dateModified":"2025-02-08T12:39:16+00:00","mainEntityOfPage":{"@id":"https:\/\/universnews224.com\/index.php\/guinee-le-pdg-rda-annonce-la-liberation-de-mohamed-toure\/"},"wordCount":390,"publisher":{"@id":"https:\/\/universnews224.com\/#organization"},"keywords":["A la une"],"articleSection":["ACTU","POLITIQUE"],"inLanguage":"fr-FR"},{"@type":"WebPage","@id":"https:\/\/universnews224.com\/index.php\/guinee-le-pdg-rda-annonce-la-liberation-de-mohamed-toure\/","url":"https:\/\/universnews224.com\/index.php\/guinee-le-pdg-rda-annonce-la-liberation-de-mohamed-toure\/","name":"Guin\u00e9e: le PDG-RDA annonce la lib\u00e9ration de Mohamed Tour\u00e9 - UNIVERSNEWS224","isPartOf":{"@id":"https:\/\/universnews224.com\/#website"},"datePublished":"2025-02-08T12:39:16+00:00","dateModified":"2025-02-08T12:39:16+00:00","inLanguage":"fr-FR","potentialAction":[{"@type":"ReadAction","target":["https:\/\/universnews224.com\/index.php\/guinee-le-pdg-rda-annonce-la-liberation-de-mohamed-toure\/"]}]},{"@type":"WebSite","@id":"https:\/\/universnews224.com\/#website","url":"https:\/\/universnews224.com\/","name":"UNIVERSNEWS224","description":"","publisher":{"@id":"https:\/\/universnews224.com\/#organization"},"potentialAction":[{"@type":"SearchAction","target":{"@type":"EntryPoint","urlTemplate":"https:\/\/universnews224.com\/?s={search_term_string}"},"query-input":"required name=search_term_string"}],"inLanguage":"fr-FR"},{"@type":"Organization","@id":"https:\/\/universnews224.com\/#organization","name":"UNIVERSNEWS224","url":"https:\/\/universnews224.com\/","logo":{"@type":"ImageObject","inLanguage":"fr-FR","@id":"https:\/\/universnews224.com\/#\/schema\/logo\/image\/","url":"https:\/\/universnews224.com\/wp-content\/uploads\/2022\/08\/cropped-cropped-logoban.jpg","contentUrl":"https:\/\/universnews224.com\/wp-content\/uploads\/2022\/08\/cropped-cropped-logoban.jpg","width":1080,"height":138,"caption":"UNIVERSNEWS224"},"image":{"@id":"https:\/\/universnews224.com\/#\/schema\/logo\/image\/"}},{"@type":"Person","@id":"https:\/\/universnews224.com\/#\/schema\/person\/a4b7d4f94a4716df60456a491260485e","name":"La R\u00e9daction","image":{"@type":"ImageObject","inLanguage":"fr-FR","@id":"https:\/\/universnews224.com\/#\/schema\/person\/image\/","url":"https:\/\/secure.gravatar.com\/avatar\/edb90acc7752b23e1b3307ad36c14f0d?s=96&d=mm&r=g","contentUrl":"https:\/\/secure.gravatar.com\/avatar\/edb90acc7752b23e1b3307ad36c14f0d?s=96&d=mm&r=g","caption":"La R\u00e9daction"},"sameAs":["https:\/\/universnews224.com"],"url":"https:\/\/universnews224.com\/index.php\/author\/m-camara\/"}]}},"_links":{"self":[{"href":"https:\/\/universnews224.com\/index.php\/wp-json\/wp\/v2\/posts\/7495"}],"collection":[{"href":"https:\/\/universnews224.com\/index.php\/wp-json\/wp\/v2\/posts"}],"about":[{"href":"https:\/\/universnews224.com\/index.php\/wp-json\/wp\/v2\/types\/post"}],"author":[{"embeddable":true,"href":"https:\/\/universnews224.com\/index.php\/wp-json\/wp\/v2\/users\/2"}],"replies":[{"embeddable":true,"href":"https:\/\/universnews224.com\/index.php\/wp-json\/wp\/v2\/comments?post=7495"}],"version-history":[{"count":1,"href":"https:\/\/universnews224.com\/index.php\/wp-json\/wp\/v2\/posts\/7495\/revisions"}],"predecessor-version":[{"id":7497,"href":"https:\/\/universnews224.com\/index.php\/wp-json\/wp\/v2\/posts\/7495\/revisions\/7497"}],"wp:featuredmedia":[{"embeddable":true,"href":"https:\/\/universnews224.com\/index.php\/wp-json\/wp\/v2\/media\/7496"}],"wp:attachment":[{"href":"https:\/\/universnews224.com\/index.php\/wp-json\/wp\/v2\/media?parent=7495"}],"wp:term":[{"taxonomy":"category","embeddable":true,"href":"https:\/\/universnews224.com\/index.php\/wp-json\/wp\/v2\/categories?post=7495"},{"taxonomy":"post_tag","embeddable":true,"href":"https:\/\/universnews224.com\/index.php\/wp-json\/wp\/v2\/tags?post=7495"}],"curies":[{"name":"wp","href":"https:\/\/api.w.org\/{rel}","templated":true}]}}