{"id":7498,"date":"2025-02-08T13:43:35","date_gmt":"2025-02-08T12:43:35","guid":{"rendered":"https:\/\/universnews224.com\/?p=7498"},"modified":"2025-02-08T13:43:35","modified_gmt":"2025-02-08T12:43:35","slug":"general-amara-camara-revele-1078-cadres-a-la-presidence-et-justifie-le-budget-de-649-milliards-gnf-en-2024","status":"publish","type":"post","link":"https:\/\/universnews224.com\/index.php\/general-amara-camara-revele-1078-cadres-a-la-presidence-et-justifie-le-budget-de-649-milliards-gnf-en-2024\/","title":{"rendered":"G\u00e9n\u00e9ral Amara Camara r\u00e9v\u00e8le 1078 cadres \u00e0 la Pr\u00e9sidence et justifie le budget de 649 milliards gnf en 2024."},"content":{"rendered":"<p dir=\"ltr\" style=\"margin: 0pt 0px;text-align: justify;color: #222222;font-family: 'Open Sans';background-color: #f3f3f3;line-height: 1.38\"><span style=\"font-size: 11pt;font-family: Arial, sans-serif;color: #000000;background-color: transparent;vertical-align: baseline\">Dans l\u2019\u00e9mission On fait le point de ce vendredi, 7 f\u00e9vrier 2025, le ministre secr\u00e9taire g\u00e9n\u00e9ral de la pr\u00e9sidence de la R\u00e9publique a d\u00e9voil\u00e9 le budget mis \u00e0 la disposition de la Pr\u00e9sidence, la premi\u00e8re institution r\u00e9publicaine du pays.<\/span><\/p>\n<p dir=\"ltr\" style=\"margin: 0pt 0px;text-align: justify;color: #222222;font-family: 'Open Sans';background-color: #f3f3f3;line-height: 1.38\"><span style=\"font-size: 11pt;font-family: Arial, sans-serif;color: #000000;background-color: transparent;vertical-align: baseline\">Selon G\u00e9n\u00e9ral Amara Camara, l\u2019ann\u00e9e derni\u00e8re, un budget 2024, qui a \u00e9t\u00e9 vot\u00e9 par l\u2019organe l\u00e9gislatif et mis \u00e0 la pr\u00e9sidence de la r\u00e9publique tourne aux alentours de 649 milliards et quelques millions de francs guin\u00e9ens(plus de 70 millions de dollars am\u00e9ricains). Il est aussi revenu sur la r\u00e9partition de ce montant.<\/span><\/p>\n<p style=\"margin: 0px 0px 17px;text-align: justify;color: #222222;font-family: 'Open Sans';background-color: #f3f3f3\">\n<p dir=\"ltr\" style=\"margin: 0pt 0px;text-align: justify;color: #222222;font-family: 'Open Sans';background-color: #f3f3f3;line-height: 1.38\"><span style=\"font-size: 11pt;font-family: Arial, sans-serif;color: #000000;background-color: transparent;vertical-align: baseline\">\u00abAffirmatif, nous avons un budget pour fonctionner et ce budget comme les autres d\u00e9partements, il est soumis au vote de ceux qui assurent le l\u00e9gislatif aujourd\u2019hui, le CNT. Et ce budget il est \u00e0 disposition, nous l\u2019ex\u00e9cutons, c\u2019est m\u00eame la raison principale de ma pr\u00e9sence ici. Le budget tel qu\u2019il est dans la nomenclature globale de la pr\u00e9sidence repose comme tout autre budget sur quelques titres d\u2019accord. Avant de parler du budget, je voudrais appeler l\u2019attention de tout le monde que parlant de la pr\u00e9sidence, ce n\u2019est pas le Palais Mohammed V ou le petit palais. C\u2019est un ensemble de beaucoup de choses. En gros, comme effectif au sein de la pr\u00e9sidence, environ 1078 cadres. Dans ce budget-l\u00e0 effectivement, c\u2019est pour faire face ses besoins entre autres.<\/span><\/p>\n<p style=\"margin: 0px 0px 17px;text-align: justify;color: #222222;font-family: 'Open Sans';background-color: #f3f3f3\">\n<p dir=\"ltr\" style=\"margin: 0pt 0px;text-align: justify;color: #222222;font-family: 'Open Sans';background-color: #f3f3f3;line-height: 1.38\"><span style=\"font-size: 11pt;font-family: Arial, sans-serif;color: #000000;background-color: transparent;vertical-align: baseline\">Donc, quand vous prenez le budget de la pr\u00e9sidence globalement, il se situe pour ce qui est pour l\u2019ann\u00e9e 2024, aux alentours de 649 milliards et quelques millions suppl\u00e9mentaires pour permettre de faire face \u00e0 toutes les missions assign\u00e9es \u00e0 nous en tant que secr\u00e9tariat g\u00e9n\u00e9ral mais \u00e9galement ajout\u00e9es les structures qui rel\u00e8vent de nous. Ce budget il est reparti entre autres en plusieurs titres. Au compte de tout ce qui est d\u00e9pens\u00e9 du personnel, c\u2019est le budget pour le personnel qui tourne aux alentours de 138 milliards gnf. Et pour ce qui est des d\u00e9penses des biens et services, il s\u2019\u00e9tablit aux alentours de 337 milliards, et pour ce qui est des d\u00e9penses des transferts aux alentours de 77 milliards et tout ce qui est d\u00e9pense d\u2019investissement puisqu\u2019il y a des structures qui font de l\u2019investissement qui se situe aux alentours de 95 milliards gnf. Donc voil\u00e0 entre autres les grandes lignes de ce qui a \u00e9t\u00e9 mis \u00e0 notre disposition pour le fonctionnement et c\u2019est ce avec quoi nous avons pu mener l\u2019ensemble des missions qui nous ont \u00e9t\u00e9 confi\u00e9es au cours de l\u2019ann\u00e9e 202 \u00bb, explique t-il.<\/span><\/p>\n<p style=\"margin: 0px 0px 17px;text-align: justify;color: #222222;font-family: 'Open Sans';background-color: #f3f3f3\">\n<p dir=\"ltr\" style=\"margin: 0pt 0px;text-align: justify;color: #222222;font-family: 'Open Sans';background-color: #f3f3f3;line-height: 1.38\"><span style=\"font-size: 11pt;font-family: Arial, sans-serif;color: #000000;background-color: transparent;vertical-align: baseline\">Avant le ministre secr\u00e9taire g\u00e9n\u00e9ral \u00e0 la pr\u00e9sidence, les membres du gouvernement \u00e0 leur t\u00eate le premier ministre Amadou Oury Bah se sont pr\u00eat\u00e9s \u00e0 cet exercice. Un exercice qui s\u2019inscrit dans le cadre de la reddition des comptes, demand\u00e9e par le chef de l\u2019Etat.<\/span><\/p>\n<p style=\"margin: 0px 0px 17px;text-align: justify;color: #222222;font-family: 'Open Sans';background-color: #f3f3f3\">\n<p dir=\"ltr\" style=\"margin: 0pt 0px;text-align: justify;color: #222222;font-family: 'Open Sans';background-color: #f3f3f3;line-height: 1.38\"><span style=\"font-size: 11pt;font-family: Arial, sans-serif;color: #000000;background-color: transparent;vertical-align: baseline\">Sauf changement, les responsables des r\u00e9gies sont aussi attendus sur le plateau de la t\u00e9l\u00e9vision nationale pour expliquer comment ils g\u00e8rent les budgets mis \u00e0 leur disposition.<\/span><\/p>\n<p style=\"margin: 0px 0px 17px;text-align: justify;color: #222222;font-family: 'Open Sans';background-color: #f3f3f3\">\n<p dir=\"ltr\" style=\"margin: 0pt 0px;text-align: justify;color: #222222;font-family: 'Open Sans';background-color: #f3f3f3;line-height: 1.38\"><span style=\"font-size: 11pt;font-family: Arial, sans-serif;color: #000000;background-color: transparent;vertical-align: baseline\">Mediaguinee<\/span><\/p>\n","protected":false},"excerpt":{"rendered":"<p>Dans l\u2019\u00e9mission On fait le point de ce vendredi, 7 f\u00e9vrier 2025, le ministre secr\u00e9taire<\/p>\n","protected":false},"author":2,"featured_media":7499,"comment_status":"closed","ping_status":"open","sticky":false,"template":"","format":"standard","meta":[],"categories":[3,4],"tags":[237],"yoast_head":"<!-- This site is optimized with the Yoast SEO plugin v19.13 - https:\/\/yoast.com\/wordpress\/plugins\/seo\/ -->\n<title>G\u00e9n\u00e9ral Amara Camara r\u00e9v\u00e8le 1078 cadres \u00e0 la Pr\u00e9sidence et justifie le budget de 649 milliards gnf en 2024. - UNIVERSNEWS224<\/title>\n<meta name=\"robots\" content=\"index, follow, max-snippet:-1, max-image-preview:large, max-video-preview:-1\" \/>\n<link rel=\"canonical\" href=\"https:\/\/universnews224.com\/index.php\/general-amara-camara-revele-1078-cadres-a-la-presidence-et-justifie-le-budget-de-649-milliards-gnf-en-2024\/\" \/>\n<meta property=\"og:locale\" content=\"fr_FR\" \/>\n<meta property=\"og:type\" content=\"article\" \/>\n<meta property=\"og:title\" content=\"G\u00e9n\u00e9ral Amara Camara r\u00e9v\u00e8le 1078 cadres \u00e0 la Pr\u00e9sidence et justifie le budget de 649 milliards gnf en 2024. - UNIVERSNEWS224\" \/>\n<meta property=\"og:description\" content=\"Dans l\u2019\u00e9mission On fait le point de ce vendredi, 7 f\u00e9vrier 2025, le ministre secr\u00e9taire\" \/>\n<meta property=\"og:url\" content=\"https:\/\/universnews224.com\/index.php\/general-amara-camara-revele-1078-cadres-a-la-presidence-et-justifie-le-budget-de-649-milliards-gnf-en-2024\/\" \/>\n<meta property=\"og:site_name\" content=\"UNIVERSNEWS224\" \/>\n<meta property=\"article:published_time\" content=\"2025-02-08T12:43:35+00:00\" \/>\n<meta property=\"og:image\" content=\"https:\/\/universnews224.com\/wp-content\/uploads\/2025\/02\/IMG_0641.jpeg\" \/>\n\t<meta property=\"og:image:width\" content=\"1920\" \/>\n\t<meta property=\"og:image:height\" content=\"1080\" \/>\n\t<meta property=\"og:image:type\" content=\"image\/jpeg\" \/>\n<meta name=\"author\" content=\"La R\u00e9daction\" \/>\n<meta name=\"twitter:label1\" content=\"\u00c9crit par\" \/>\n\t<meta name=\"twitter:data1\" content=\"La R\u00e9daction\" \/>\n\t<meta name=\"twitter:label2\" content=\"Dur\u00e9e de lecture estim\u00e9e\" \/>\n\t<meta name=\"twitter:data2\" content=\"3 minutes\" \/>\n<script type=\"application\/ld+json\" class=\"yoast-schema-graph\">{\"@context\":\"https:\/\/schema.org\",\"@graph\":[{\"@type\":\"Article\",\"@id\":\"https:\/\/universnews224.com\/index.php\/general-amara-camara-revele-1078-cadres-a-la-presidence-et-justifie-le-budget-de-649-milliards-gnf-en-2024\/#article\",\"isPartOf\":{\"@id\":\"https:\/\/universnews224.com\/index.php\/general-amara-camara-revele-1078-cadres-a-la-presidence-et-justifie-le-budget-de-649-milliards-gnf-en-2024\/\"},\"author\":{\"name\":\"La R\u00e9daction\",\"@id\":\"https:\/\/universnews224.com\/#\/schema\/person\/a4b7d4f94a4716df60456a491260485e\"},\"headline\":\"G\u00e9n\u00e9ral Amara Camara r\u00e9v\u00e8le 1078 cadres \u00e0 la Pr\u00e9sidence et justifie le budget de 649 milliards gnf en 2024.\",\"datePublished\":\"2025-02-08T12:43:35+00:00\",\"dateModified\":\"2025-02-08T12:43:35+00:00\",\"mainEntityOfPage\":{\"@id\":\"https:\/\/universnews224.com\/index.php\/general-amara-camara-revele-1078-cadres-a-la-presidence-et-justifie-le-budget-de-649-milliards-gnf-en-2024\/\"},\"wordCount\":556,\"publisher\":{\"@id\":\"https:\/\/universnews224.com\/#organization\"},\"keywords\":[\"A la une\"],\"articleSection\":[\"ACTU\",\"POLITIQUE\"],\"inLanguage\":\"fr-FR\"},{\"@type\":\"WebPage\",\"@id\":\"https:\/\/universnews224.com\/index.php\/general-amara-camara-revele-1078-cadres-a-la-presidence-et-justifie-le-budget-de-649-milliards-gnf-en-2024\/\",\"url\":\"https:\/\/universnews224.com\/index.php\/general-amara-camara-revele-1078-cadres-a-la-presidence-et-justifie-le-budget-de-649-milliards-gnf-en-2024\/\",\"name\":\"G\u00e9n\u00e9ral Amara Camara r\u00e9v\u00e8le 1078 cadres \u00e0 la Pr\u00e9sidence et justifie le budget de 649 milliards gnf en 2024. - UNIVERSNEWS224\",\"isPartOf\":{\"@id\":\"https:\/\/universnews224.com\/#website\"},\"datePublished\":\"2025-02-08T12:43:35+00:00\",\"dateModified\":\"2025-02-08T12:43:35+00:00\",\"inLanguage\":\"fr-FR\",\"potentialAction\":[{\"@type\":\"ReadAction\",\"target\":[\"https:\/\/universnews224.com\/index.php\/general-amara-camara-revele-1078-cadres-a-la-presidence-et-justifie-le-budget-de-649-milliards-gnf-en-2024\/\"]}]},{\"@type\":\"WebSite\",\"@id\":\"https:\/\/universnews224.com\/#website\",\"url\":\"https:\/\/universnews224.com\/\",\"name\":\"UNIVERSNEWS224\",\"description\":\"\",\"publisher\":{\"@id\":\"https:\/\/universnews224.com\/#organization\"},\"potentialAction\":[{\"@type\":\"SearchAction\",\"target\":{\"@type\":\"EntryPoint\",\"urlTemplate\":\"https:\/\/universnews224.com\/?s={search_term_string}\"},\"query-input\":\"required name=search_term_string\"}],\"inLanguage\":\"fr-FR\"},{\"@type\":\"Organization\",\"@id\":\"https:\/\/universnews224.com\/#organization\",\"name\":\"UNIVERSNEWS224\",\"url\":\"https:\/\/universnews224.com\/\",\"logo\":{\"@type\":\"ImageObject\",\"inLanguage\":\"fr-FR\",\"@id\":\"https:\/\/universnews224.com\/#\/schema\/logo\/image\/\",\"url\":\"https:\/\/universnews224.com\/wp-content\/uploads\/2022\/08\/cropped-cropped-logoban.jpg\",\"contentUrl\":\"https:\/\/universnews224.com\/wp-content\/uploads\/2022\/08\/cropped-cropped-logoban.jpg\",\"width\":1080,\"height\":138,\"caption\":\"UNIVERSNEWS224\"},\"image\":{\"@id\":\"https:\/\/universnews224.com\/#\/schema\/logo\/image\/\"}},{\"@type\":\"Person\",\"@id\":\"https:\/\/universnews224.com\/#\/schema\/person\/a4b7d4f94a4716df60456a491260485e\",\"name\":\"La R\u00e9daction\",\"image\":{\"@type\":\"ImageObject\",\"inLanguage\":\"fr-FR\",\"@id\":\"https:\/\/universnews224.com\/#\/schema\/person\/image\/\",\"url\":\"https:\/\/secure.gravatar.com\/avatar\/edb90acc7752b23e1b3307ad36c14f0d?s=96&d=mm&r=g\",\"contentUrl\":\"https:\/\/secure.gravatar.com\/avatar\/edb90acc7752b23e1b3307ad36c14f0d?s=96&d=mm&r=g\",\"caption\":\"La R\u00e9daction\"},\"sameAs\":[\"https:\/\/universnews224.com\"],\"url\":\"https:\/\/universnews224.com\/index.php\/author\/m-camara\/\"}]}<\/script>\n<!-- \/ Yoast SEO plugin. -->","yoast_head_json":{"title":"G\u00e9n\u00e9ral Amara Camara r\u00e9v\u00e8le 1078 cadres \u00e0 la Pr\u00e9sidence et justifie le budget de 649 milliards gnf en 2024. - UNIVERSNEWS224","robots":{"index":"index","follow":"follow","max-snippet":"max-snippet:-1","max-image-preview":"max-image-preview:large","max-video-preview":"max-video-preview:-1"},"canonical":"https:\/\/universnews224.com\/index.php\/general-amara-camara-revele-1078-cadres-a-la-presidence-et-justifie-le-budget-de-649-milliards-gnf-en-2024\/","og_locale":"fr_FR","og_type":"article","og_title":"G\u00e9n\u00e9ral Amara Camara r\u00e9v\u00e8le 1078 cadres \u00e0 la Pr\u00e9sidence et justifie le budget de 649 milliards gnf en 2024. - UNIVERSNEWS224","og_description":"Dans l\u2019\u00e9mission On fait le point de ce vendredi, 7 f\u00e9vrier 2025, le ministre secr\u00e9taire","og_url":"https:\/\/universnews224.com\/index.php\/general-amara-camara-revele-1078-cadres-a-la-presidence-et-justifie-le-budget-de-649-milliards-gnf-en-2024\/","og_site_name":"UNIVERSNEWS224","article_published_time":"2025-02-08T12:43:35+00:00","og_image":[{"width":1920,"height":1080,"url":"https:\/\/universnews224.com\/wp-content\/uploads\/2025\/02\/IMG_0641.jpeg","type":"image\/jpeg"}],"author":"La R\u00e9daction","twitter_misc":{"\u00c9crit par":"La R\u00e9daction","Dur\u00e9e de lecture estim\u00e9e":"3 minutes"},"schema":{"@context":"https:\/\/schema.org","@graph":[{"@type":"Article","@id":"https:\/\/universnews224.com\/index.php\/general-amara-camara-revele-1078-cadres-a-la-presidence-et-justifie-le-budget-de-649-milliards-gnf-en-2024\/#article","isPartOf":{"@id":"https:\/\/universnews224.com\/index.php\/general-amara-camara-revele-1078-cadres-a-la-presidence-et-justifie-le-budget-de-649-milliards-gnf-en-2024\/"},"author":{"name":"La R\u00e9daction","@id":"https:\/\/universnews224.com\/#\/schema\/person\/a4b7d4f94a4716df60456a491260485e"},"headline":"G\u00e9n\u00e9ral Amara Camara r\u00e9v\u00e8le 1078 cadres \u00e0 la Pr\u00e9sidence et justifie le budget de 649 milliards gnf en 2024.","datePublished":"2025-02-08T12:43:35+00:00","dateModified":"2025-02-08T12:43:35+00:00","mainEntityOfPage":{"@id":"https:\/\/universnews224.com\/index.php\/general-amara-camara-revele-1078-cadres-a-la-presidence-et-justifie-le-budget-de-649-milliards-gnf-en-2024\/"},"wordCount":556,"publisher":{"@id":"https:\/\/universnews224.com\/#organization"},"keywords":["A la une"],"articleSection":["ACTU","POLITIQUE"],"inLanguage":"fr-FR"},{"@type":"WebPage","@id":"https:\/\/universnews224.com\/index.php\/general-amara-camara-revele-1078-cadres-a-la-presidence-et-justifie-le-budget-de-649-milliards-gnf-en-2024\/","url":"https:\/\/universnews224.com\/index.php\/general-amara-camara-revele-1078-cadres-a-la-presidence-et-justifie-le-budget-de-649-milliards-gnf-en-2024\/","name":"G\u00e9n\u00e9ral Amara Camara r\u00e9v\u00e8le 1078 cadres \u00e0 la Pr\u00e9sidence et justifie le budget de 649 milliards gnf en 2024. - UNIVERSNEWS224","isPartOf":{"@id":"https:\/\/universnews224.com\/#website"},"datePublished":"2025-02-08T12:43:35+00:00","dateModified":"2025-02-08T12:43:35+00:00","inLanguage":"fr-FR","potentialAction":[{"@type":"ReadAction","target":["https:\/\/universnews224.com\/index.php\/general-amara-camara-revele-1078-cadres-a-la-presidence-et-justifie-le-budget-de-649-milliards-gnf-en-2024\/"]}]},{"@type":"WebSite","@id":"https:\/\/universnews224.com\/#website","url":"https:\/\/universnews224.com\/","name":"UNIVERSNEWS224","description":"","publisher":{"@id":"https:\/\/universnews224.com\/#organization"},"potentialAction":[{"@type":"SearchAction","target":{"@type":"EntryPoint","urlTemplate":"https:\/\/universnews224.com\/?s={search_term_string}"},"query-input":"required name=search_term_string"}],"inLanguage":"fr-FR"},{"@type":"Organization","@id":"https:\/\/universnews224.com\/#organization","name":"UNIVERSNEWS224","url":"https:\/\/universnews224.com\/","logo":{"@type":"ImageObject","inLanguage":"fr-FR","@id":"https:\/\/universnews224.com\/#\/schema\/logo\/image\/","url":"https:\/\/universnews224.com\/wp-content\/uploads\/2022\/08\/cropped-cropped-logoban.jpg","contentUrl":"https:\/\/universnews224.com\/wp-content\/uploads\/2022\/08\/cropped-cropped-logoban.jpg","width":1080,"height":138,"caption":"UNIVERSNEWS224"},"image":{"@id":"https:\/\/universnews224.com\/#\/schema\/logo\/image\/"}},{"@type":"Person","@id":"https:\/\/universnews224.com\/#\/schema\/person\/a4b7d4f94a4716df60456a491260485e","name":"La R\u00e9daction","image":{"@type":"ImageObject","inLanguage":"fr-FR","@id":"https:\/\/universnews224.com\/#\/schema\/person\/image\/","url":"https:\/\/secure.gravatar.com\/avatar\/edb90acc7752b23e1b3307ad36c14f0d?s=96&d=mm&r=g","contentUrl":"https:\/\/secure.gravatar.com\/avatar\/edb90acc7752b23e1b3307ad36c14f0d?s=96&d=mm&r=g","caption":"La R\u00e9daction"},"sameAs":["https:\/\/universnews224.com"],"url":"https:\/\/universnews224.com\/index.php\/author\/m-camara\/"}]}},"_links":{"self":[{"href":"https:\/\/universnews224.com\/index.php\/wp-json\/wp\/v2\/posts\/7498"}],"collection":[{"href":"https:\/\/universnews224.com\/index.php\/wp-json\/wp\/v2\/posts"}],"about":[{"href":"https:\/\/universnews224.com\/index.php\/wp-json\/wp\/v2\/types\/post"}],"author":[{"embeddable":true,"href":"https:\/\/universnews224.com\/index.php\/wp-json\/wp\/v2\/users\/2"}],"replies":[{"embeddable":true,"href":"https:\/\/universnews224.com\/index.php\/wp-json\/wp\/v2\/comments?post=7498"}],"version-history":[{"count":1,"href":"https:\/\/universnews224.com\/index.php\/wp-json\/wp\/v2\/posts\/7498\/revisions"}],"predecessor-version":[{"id":7500,"href":"https:\/\/universnews224.com\/index.php\/wp-json\/wp\/v2\/posts\/7498\/revisions\/7500"}],"wp:featuredmedia":[{"embeddable":true,"href":"https:\/\/universnews224.com\/index.php\/wp-json\/wp\/v2\/media\/7499"}],"wp:attachment":[{"href":"https:\/\/universnews224.com\/index.php\/wp-json\/wp\/v2\/media?parent=7498"}],"wp:term":[{"taxonomy":"category","embeddable":true,"href":"https:\/\/universnews224.com\/index.php\/wp-json\/wp\/v2\/categories?post=7498"},{"taxonomy":"post_tag","embeddable":true,"href":"https:\/\/universnews224.com\/index.php\/wp-json\/wp\/v2\/tags?post=7498"}],"curies":[{"name":"wp","href":"https:\/\/api.w.org\/{rel}","templated":true}]}}