{"id":7514,"date":"2025-02-11T00:37:42","date_gmt":"2025-02-10T23:37:42","guid":{"rendered":"https:\/\/universnews224.com\/?p=7514"},"modified":"2025-02-11T00:37:42","modified_gmt":"2025-02-10T23:37:42","slug":"elhadj-biro-a-mon-tour-de-parler-par-boubacar-yacine-diallo","status":"publish","type":"post","link":"https:\/\/universnews224.com\/index.php\/elhadj-biro-a-mon-tour-de-parler-par-boubacar-yacine-diallo\/","title":{"rendered":"Elhadj Biro : A mon tour de parler (Par Boubacar Yacine Diallo)"},"content":{"rendered":"<p style=\"margin: 0px 0px 1em;padding: 0px;border: 0px;line-height: inherit;font-family: 'Helvetica Neue', Helvetica, Roboto, Arial, sans-serif;vertical-align: baseline;text-align: justify\">Il y a longtemps, m\u00eame tr\u00e8s longtemps que je l\u2019ai connu \u00e0 travers mon p\u00e8re qui travaillait \u00e0 l\u2019h\u00f4pital de Mamou situ\u00e9 \u00e0 \u00ab deux pas \u00bb de son domicile. Puis j\u2019ai commenc\u00e9 \u00e0 venir chez lui gr\u00e2ce \u00e0 l\u2019un de ses fils Alpha Amadou, camarade d\u2019\u00e9cole.<\/p>\n<p style=\"margin: 0px 0px 1em;padding: 0px;border: 0px;line-height: inherit;font-family: 'Helvetica Neue', Helvetica, Roboto, Arial, sans-serif;vertical-align: baseline;text-align: justify\">Le temps passe. Le revoil\u00e0 en 1995 fra\u00eechement install\u00e9 dans les prestigieuses fonctions de pr\u00e9sident de l\u2019Assembl\u00e9enationale au Palais du peuple o\u00f9 si\u00e9geait depuis trois ans d\u00e9j\u00e0 le Conseil national de la communication (CNC) dont j\u2019\u00e9tais membre. Nos bureaux se trouvaient au premier \u00e9tage. Etr\u00e9guli\u00e8rement je passais le voir. Ce fut l\u2019une des plus grandes \u00e9coles de ma vie : de son premier jour de classe \u00e0 son arriv\u00e9e au parlement en passant par la p\u00e9riode coloniale qu\u2019il a v\u00e9cu intens\u00e9ment, sans oublier les conditions d\u2019accession de la Guin\u00e9e \u00e0 son ind\u00e9pendance\u2026 Je d\u00e9couvre alors l\u2019immensit\u00e9 de son savoir et de son savoir-faire. J\u2019\u00e9crase mon ardeur devant ce monument de l\u2019histoire contemporaine de la Guin\u00e9e.<\/p>\n<p style=\"margin: 0px 0px 1em;padding: 0px;border: 0px;line-height: inherit;font-family: 'Helvetica Neue', Helvetica, Roboto, Arial, sans-serif;vertical-align: baseline;text-align: justify\">Des ann\u00e9es passent. Puis c\u2019est le jour de d\u00e9part de l\u2019Assembl\u00e9e nationale. Homme d\u2019honneur, il invite la presse \u00e0 l\u2019accompagner \u00e0 sa r\u00e9sidence de Donka. Je le revois pr\u00e9senter jusqu\u2019aux cuill\u00e8res \u00e0 ceux qui sont d\u00e9sign\u00e9s pour recevoir les biens de l\u2019Etat. Tout le monde salue son exemple d\u2019honn\u00eatet\u00e9. Puis je le raccompagne avec d\u2019autres membres de sa famille \u00e0 son domicile priv\u00e9.<\/p>\n<div class=\"jeg_ad jeg_ad_article jnews_content_inline_3_ads  \" style=\"margin: 0px 0px 1.25em;padding: 0px;border: 0px;line-height: inherit;font-family: 'Helvetica Neue', Helvetica, Roboto, Arial, sans-serif;vertical-align: baseline;text-align: center\">\n<div class=\"ads-wrapper align-center \" style=\"margin: 1em 0px;padding: 0px;border: 0px;font: inherit;vertical-align: baseline\"><\/div>\n<\/div>\n<p style=\"margin: 0px 0px 1em;padding: 0px;border: 0px;line-height: inherit;font-family: 'Helvetica Neue', Helvetica, Roboto, Arial, sans-serif;vertical-align: baseline;text-align: justify\">Ce n\u2019est qu\u2019en 2002 que nos chemins se croisent de nouveau. Cette fois\u2013 ci dans son village natal Kourou derri\u00e8re le grand Timbo. Apr\u00e8s ma d\u00e9mission de mes fonctions de Directeur G\u00e9n\u00e9ral de l\u2019Office de la radiot\u00e9l\u00e9vision guin\u00e9enne (ORTG) j\u2019ai cr\u00e9\u00e9 un journal d\u2019investigation L\u2019Enqu\u00eateur. Je me suis rendu \u00e0 Kourou pour partager et raconter ses nouvelles conditions de vie. Ma surprise fut grande : une belle b\u00e2tisse \u00e9clair\u00e9e au solaire, un forage moderne et m\u00eame de l\u2019eau chaude dans les robinets. Cet article avait \u00e9t\u00e9 fortement appr\u00e9ci\u00e9.<\/p>\n<p style=\"margin: 0px 0px 1em;padding: 0px;border: 0px;line-height: inherit;font-family: 'Helvetica Neue', Helvetica, Roboto, Arial, sans-serif;vertical-align: baseline;text-align: justify\">Elhadj Biro commen\u00e7ait une nouvelle vie qu\u2019il partageait la nuit tomb\u00e9e avec ses nombreux voisins derri\u00e8re un \u00e9cran plat. Dans le chahut,il m\u2019arrivait de lui r\u00e9p\u00e9ter qu\u2019il ne pouvait pas vivre l\u00e0-bas tr\u00e8s longtemps, la route \u00e9tait difficile d\u2019acc\u00e8s et la plupart des ambassadeurs tenaient \u00e0 lui rendre visite pour des hommages m\u00e9rit\u00e9s et saluer son leadership.<\/p>\n<p style=\"margin: 0px 0px 1em;padding: 0px;border: 0px;line-height: inherit;font-family: 'Helvetica Neue', Helvetica, Roboto, Arial, sans-serif;vertical-align: baseline;text-align: justify\">La derni\u00e8re fois que j\u2019ai parl\u00e9 avec lui c\u2019\u00e9tait au t\u00e9l\u00e9phone. Il me rassurait qu\u2019il n\u2019\u00e9tait pas malade et que c\u2019\u00e9tait le poids de l\u2019\u00e2ge.<\/p>\n<p style=\"margin: 0px 0px 1em;padding: 0px;border: 0px;line-height: inherit;font-family: 'Helvetica Neue', Helvetica, Roboto, Arial, sans-serif;vertical-align: baseline;text-align: justify\">Ce dimanche au pied de sa tombe, j\u2019ai eu l\u2019impression qu\u2019il me confiait un message comme tir\u00e9 du po\u00e8me de Henri Scott Holland :<\/p>\n<p style=\"margin: 0px 0px 1em;padding: 0px;border: 0px;line-height: inherit;font-family: 'Helvetica Neue', Helvetica, Roboto, Arial, sans-serif;vertical-align: baseline;text-align: justify\">\u00ab Ne pleurez pas si vous m\u2019aimez, Je suis seulement pass\u00e9e dans la pi\u00e8ce \u00e0 c\u00f4t\u00e9. Je suis moi, vous \u00eates-vous. Ce que nous \u00e9tions les uns pour les autres, nous le sommes toujours. Donnez-moi le nom que vous m\u2019avez toujours donn\u00e9, Parlez-moi comme vous l\u2019avez toujours fait. N\u2019employez pas un ton diff\u00e9rent, ne prenez pas un air solennel et triste. Continuez \u00e0 rire de ce qui nous faisait rire ensemble. Priez, souriez, pensez \u00e0 moi, priez pour moi. Que mon nom soit prononc\u00e9 comme il l\u2019a toujours \u00e9t\u00e9, Sans emphase d\u2019aucune sorte, sans une trace d\u2019ombre. La vie signifie tout ce qu\u2019elle a toujours signifi\u00e9. Elle est ce qu\u2019elle a toujours \u00e9t\u00e9. Le fil n\u2019est pas coup\u00e9. Pourquoi serais-je hors de votre pens\u00e9e simplement parce que je suis hors de votre vue ? Je vous attends. Je ne suis pas loin, Juste de l\u2019autre c\u00f4t\u00e9 du chemin. Vous voyez, tout est bien. Essuyez vos larmes. \u00bb<\/p>\n<p><span style=\"margin: 0px;padding: 0px;border: 0px;font-weight: bold;line-height: inherit;font-family: 'Helvetica Neue', Helvetica, Roboto, Arial, sans-serif;vertical-align: baseline;text-align: justify\">Boubacar Yacine Diallo.<\/span><\/p>\n","protected":false},"excerpt":{"rendered":"<p>Il y a longtemps, m\u00eame tr\u00e8s longtemps que je l\u2019ai connu \u00e0 travers mon p\u00e8re<\/p>\n","protected":false},"author":2,"featured_media":7515,"comment_status":"closed","ping_status":"open","sticky":false,"template":"","format":"standard","meta":[],"categories":[3,4],"tags":[237],"yoast_head":"<!-- This site is optimized with the Yoast SEO plugin v19.13 - https:\/\/yoast.com\/wordpress\/plugins\/seo\/ -->\n<title>Elhadj Biro : A mon tour de parler (Par Boubacar Yacine Diallo) - UNIVERSNEWS224<\/title>\n<meta name=\"robots\" content=\"index, follow, max-snippet:-1, max-image-preview:large, max-video-preview:-1\" \/>\n<link rel=\"canonical\" href=\"https:\/\/universnews224.com\/index.php\/elhadj-biro-a-mon-tour-de-parler-par-boubacar-yacine-diallo\/\" \/>\n<meta property=\"og:locale\" content=\"fr_FR\" \/>\n<meta property=\"og:type\" content=\"article\" \/>\n<meta property=\"og:title\" content=\"Elhadj Biro : A mon tour de parler (Par Boubacar Yacine Diallo) - UNIVERSNEWS224\" \/>\n<meta property=\"og:description\" content=\"Il y a longtemps, m\u00eame tr\u00e8s longtemps que je l\u2019ai connu \u00e0 travers mon p\u00e8re\" \/>\n<meta property=\"og:url\" content=\"https:\/\/universnews224.com\/index.php\/elhadj-biro-a-mon-tour-de-parler-par-boubacar-yacine-diallo\/\" \/>\n<meta property=\"og:site_name\" content=\"UNIVERSNEWS224\" \/>\n<meta property=\"article:published_time\" content=\"2025-02-10T23:37:42+00:00\" \/>\n<meta property=\"og:image\" content=\"https:\/\/universnews224.com\/wp-content\/uploads\/2025\/02\/Screenshot_20250210_163728_Lite-1080x641-1-750x375-1.jpg\" \/>\n\t<meta property=\"og:image:width\" content=\"750\" \/>\n\t<meta property=\"og:image:height\" content=\"375\" \/>\n\t<meta property=\"og:image:type\" content=\"image\/jpeg\" \/>\n<meta name=\"author\" content=\"La R\u00e9daction\" \/>\n<meta name=\"twitter:label1\" content=\"\u00c9crit par\" \/>\n\t<meta name=\"twitter:data1\" content=\"La R\u00e9daction\" \/>\n\t<meta name=\"twitter:label2\" content=\"Dur\u00e9e de lecture estim\u00e9e\" \/>\n\t<meta name=\"twitter:data2\" content=\"3 minutes\" \/>\n<script type=\"application\/ld+json\" class=\"yoast-schema-graph\">{\"@context\":\"https:\/\/schema.org\",\"@graph\":[{\"@type\":\"Article\",\"@id\":\"https:\/\/universnews224.com\/index.php\/elhadj-biro-a-mon-tour-de-parler-par-boubacar-yacine-diallo\/#article\",\"isPartOf\":{\"@id\":\"https:\/\/universnews224.com\/index.php\/elhadj-biro-a-mon-tour-de-parler-par-boubacar-yacine-diallo\/\"},\"author\":{\"name\":\"La R\u00e9daction\",\"@id\":\"https:\/\/universnews224.com\/#\/schema\/person\/a4b7d4f94a4716df60456a491260485e\"},\"headline\":\"Elhadj Biro : A mon tour de parler (Par Boubacar Yacine Diallo)\",\"datePublished\":\"2025-02-10T23:37:42+00:00\",\"dateModified\":\"2025-02-10T23:37:42+00:00\",\"mainEntityOfPage\":{\"@id\":\"https:\/\/universnews224.com\/index.php\/elhadj-biro-a-mon-tour-de-parler-par-boubacar-yacine-diallo\/\"},\"wordCount\":679,\"publisher\":{\"@id\":\"https:\/\/universnews224.com\/#organization\"},\"keywords\":[\"A la une\"],\"articleSection\":[\"ACTU\",\"POLITIQUE\"],\"inLanguage\":\"fr-FR\"},{\"@type\":\"WebPage\",\"@id\":\"https:\/\/universnews224.com\/index.php\/elhadj-biro-a-mon-tour-de-parler-par-boubacar-yacine-diallo\/\",\"url\":\"https:\/\/universnews224.com\/index.php\/elhadj-biro-a-mon-tour-de-parler-par-boubacar-yacine-diallo\/\",\"name\":\"Elhadj Biro : A mon tour de parler (Par Boubacar Yacine Diallo) - UNIVERSNEWS224\",\"isPartOf\":{\"@id\":\"https:\/\/universnews224.com\/#website\"},\"datePublished\":\"2025-02-10T23:37:42+00:00\",\"dateModified\":\"2025-02-10T23:37:42+00:00\",\"inLanguage\":\"fr-FR\",\"potentialAction\":[{\"@type\":\"ReadAction\",\"target\":[\"https:\/\/universnews224.com\/index.php\/elhadj-biro-a-mon-tour-de-parler-par-boubacar-yacine-diallo\/\"]}]},{\"@type\":\"WebSite\",\"@id\":\"https:\/\/universnews224.com\/#website\",\"url\":\"https:\/\/universnews224.com\/\",\"name\":\"UNIVERSNEWS224\",\"description\":\"\",\"publisher\":{\"@id\":\"https:\/\/universnews224.com\/#organization\"},\"potentialAction\":[{\"@type\":\"SearchAction\",\"target\":{\"@type\":\"EntryPoint\",\"urlTemplate\":\"https:\/\/universnews224.com\/?s={search_term_string}\"},\"query-input\":\"required name=search_term_string\"}],\"inLanguage\":\"fr-FR\"},{\"@type\":\"Organization\",\"@id\":\"https:\/\/universnews224.com\/#organization\",\"name\":\"UNIVERSNEWS224\",\"url\":\"https:\/\/universnews224.com\/\",\"logo\":{\"@type\":\"ImageObject\",\"inLanguage\":\"fr-FR\",\"@id\":\"https:\/\/universnews224.com\/#\/schema\/logo\/image\/\",\"url\":\"https:\/\/universnews224.com\/wp-content\/uploads\/2022\/08\/cropped-cropped-logoban.jpg\",\"contentUrl\":\"https:\/\/universnews224.com\/wp-content\/uploads\/2022\/08\/cropped-cropped-logoban.jpg\",\"width\":1080,\"height\":138,\"caption\":\"UNIVERSNEWS224\"},\"image\":{\"@id\":\"https:\/\/universnews224.com\/#\/schema\/logo\/image\/\"}},{\"@type\":\"Person\",\"@id\":\"https:\/\/universnews224.com\/#\/schema\/person\/a4b7d4f94a4716df60456a491260485e\",\"name\":\"La R\u00e9daction\",\"image\":{\"@type\":\"ImageObject\",\"inLanguage\":\"fr-FR\",\"@id\":\"https:\/\/universnews224.com\/#\/schema\/person\/image\/\",\"url\":\"https:\/\/secure.gravatar.com\/avatar\/edb90acc7752b23e1b3307ad36c14f0d?s=96&d=mm&r=g\",\"contentUrl\":\"https:\/\/secure.gravatar.com\/avatar\/edb90acc7752b23e1b3307ad36c14f0d?s=96&d=mm&r=g\",\"caption\":\"La R\u00e9daction\"},\"sameAs\":[\"https:\/\/universnews224.com\"],\"url\":\"https:\/\/universnews224.com\/index.php\/author\/m-camara\/\"}]}<\/script>\n<!-- \/ Yoast SEO plugin. -->","yoast_head_json":{"title":"Elhadj Biro : A mon tour de parler (Par Boubacar Yacine Diallo) - UNIVERSNEWS224","robots":{"index":"index","follow":"follow","max-snippet":"max-snippet:-1","max-image-preview":"max-image-preview:large","max-video-preview":"max-video-preview:-1"},"canonical":"https:\/\/universnews224.com\/index.php\/elhadj-biro-a-mon-tour-de-parler-par-boubacar-yacine-diallo\/","og_locale":"fr_FR","og_type":"article","og_title":"Elhadj Biro : A mon tour de parler (Par Boubacar Yacine Diallo) - UNIVERSNEWS224","og_description":"Il y a longtemps, m\u00eame tr\u00e8s longtemps que je l\u2019ai connu \u00e0 travers mon p\u00e8re","og_url":"https:\/\/universnews224.com\/index.php\/elhadj-biro-a-mon-tour-de-parler-par-boubacar-yacine-diallo\/","og_site_name":"UNIVERSNEWS224","article_published_time":"2025-02-10T23:37:42+00:00","og_image":[{"width":750,"height":375,"url":"https:\/\/universnews224.com\/wp-content\/uploads\/2025\/02\/Screenshot_20250210_163728_Lite-1080x641-1-750x375-1.jpg","type":"image\/jpeg"}],"author":"La R\u00e9daction","twitter_misc":{"\u00c9crit par":"La R\u00e9daction","Dur\u00e9e de lecture estim\u00e9e":"3 minutes"},"schema":{"@context":"https:\/\/schema.org","@graph":[{"@type":"Article","@id":"https:\/\/universnews224.com\/index.php\/elhadj-biro-a-mon-tour-de-parler-par-boubacar-yacine-diallo\/#article","isPartOf":{"@id":"https:\/\/universnews224.com\/index.php\/elhadj-biro-a-mon-tour-de-parler-par-boubacar-yacine-diallo\/"},"author":{"name":"La R\u00e9daction","@id":"https:\/\/universnews224.com\/#\/schema\/person\/a4b7d4f94a4716df60456a491260485e"},"headline":"Elhadj Biro : A mon tour de parler (Par Boubacar Yacine Diallo)","datePublished":"2025-02-10T23:37:42+00:00","dateModified":"2025-02-10T23:37:42+00:00","mainEntityOfPage":{"@id":"https:\/\/universnews224.com\/index.php\/elhadj-biro-a-mon-tour-de-parler-par-boubacar-yacine-diallo\/"},"wordCount":679,"publisher":{"@id":"https:\/\/universnews224.com\/#organization"},"keywords":["A la une"],"articleSection":["ACTU","POLITIQUE"],"inLanguage":"fr-FR"},{"@type":"WebPage","@id":"https:\/\/universnews224.com\/index.php\/elhadj-biro-a-mon-tour-de-parler-par-boubacar-yacine-diallo\/","url":"https:\/\/universnews224.com\/index.php\/elhadj-biro-a-mon-tour-de-parler-par-boubacar-yacine-diallo\/","name":"Elhadj Biro : A mon tour de parler (Par Boubacar Yacine Diallo) - UNIVERSNEWS224","isPartOf":{"@id":"https:\/\/universnews224.com\/#website"},"datePublished":"2025-02-10T23:37:42+00:00","dateModified":"2025-02-10T23:37:42+00:00","inLanguage":"fr-FR","potentialAction":[{"@type":"ReadAction","target":["https:\/\/universnews224.com\/index.php\/elhadj-biro-a-mon-tour-de-parler-par-boubacar-yacine-diallo\/"]}]},{"@type":"WebSite","@id":"https:\/\/universnews224.com\/#website","url":"https:\/\/universnews224.com\/","name":"UNIVERSNEWS224","description":"","publisher":{"@id":"https:\/\/universnews224.com\/#organization"},"potentialAction":[{"@type":"SearchAction","target":{"@type":"EntryPoint","urlTemplate":"https:\/\/universnews224.com\/?s={search_term_string}"},"query-input":"required name=search_term_string"}],"inLanguage":"fr-FR"},{"@type":"Organization","@id":"https:\/\/universnews224.com\/#organization","name":"UNIVERSNEWS224","url":"https:\/\/universnews224.com\/","logo":{"@type":"ImageObject","inLanguage":"fr-FR","@id":"https:\/\/universnews224.com\/#\/schema\/logo\/image\/","url":"https:\/\/universnews224.com\/wp-content\/uploads\/2022\/08\/cropped-cropped-logoban.jpg","contentUrl":"https:\/\/universnews224.com\/wp-content\/uploads\/2022\/08\/cropped-cropped-logoban.jpg","width":1080,"height":138,"caption":"UNIVERSNEWS224"},"image":{"@id":"https:\/\/universnews224.com\/#\/schema\/logo\/image\/"}},{"@type":"Person","@id":"https:\/\/universnews224.com\/#\/schema\/person\/a4b7d4f94a4716df60456a491260485e","name":"La R\u00e9daction","image":{"@type":"ImageObject","inLanguage":"fr-FR","@id":"https:\/\/universnews224.com\/#\/schema\/person\/image\/","url":"https:\/\/secure.gravatar.com\/avatar\/edb90acc7752b23e1b3307ad36c14f0d?s=96&d=mm&r=g","contentUrl":"https:\/\/secure.gravatar.com\/avatar\/edb90acc7752b23e1b3307ad36c14f0d?s=96&d=mm&r=g","caption":"La R\u00e9daction"},"sameAs":["https:\/\/universnews224.com"],"url":"https:\/\/universnews224.com\/index.php\/author\/m-camara\/"}]}},"_links":{"self":[{"href":"https:\/\/universnews224.com\/index.php\/wp-json\/wp\/v2\/posts\/7514"}],"collection":[{"href":"https:\/\/universnews224.com\/index.php\/wp-json\/wp\/v2\/posts"}],"about":[{"href":"https:\/\/universnews224.com\/index.php\/wp-json\/wp\/v2\/types\/post"}],"author":[{"embeddable":true,"href":"https:\/\/universnews224.com\/index.php\/wp-json\/wp\/v2\/users\/2"}],"replies":[{"embeddable":true,"href":"https:\/\/universnews224.com\/index.php\/wp-json\/wp\/v2\/comments?post=7514"}],"version-history":[{"count":1,"href":"https:\/\/universnews224.com\/index.php\/wp-json\/wp\/v2\/posts\/7514\/revisions"}],"predecessor-version":[{"id":7516,"href":"https:\/\/universnews224.com\/index.php\/wp-json\/wp\/v2\/posts\/7514\/revisions\/7516"}],"wp:featuredmedia":[{"embeddable":true,"href":"https:\/\/universnews224.com\/index.php\/wp-json\/wp\/v2\/media\/7515"}],"wp:attachment":[{"href":"https:\/\/universnews224.com\/index.php\/wp-json\/wp\/v2\/media?parent=7514"}],"wp:term":[{"taxonomy":"category","embeddable":true,"href":"https:\/\/universnews224.com\/index.php\/wp-json\/wp\/v2\/categories?post=7514"},{"taxonomy":"post_tag","embeddable":true,"href":"https:\/\/universnews224.com\/index.php\/wp-json\/wp\/v2\/tags?post=7514"}],"curies":[{"name":"wp","href":"https:\/\/api.w.org\/{rel}","templated":true}]}}