{"id":7535,"date":"2025-02-14T15:23:16","date_gmt":"2025-02-14T14:23:16","guid":{"rendered":"https:\/\/universnews224.com\/?p=7535"},"modified":"2025-02-14T15:23:16","modified_gmt":"2025-02-14T14:23:16","slug":"conakry-lancement-de-la-campagne-de-sensibilisation-sur-lhygiene-alimentaire-et-de-distribution-des-box-de-protection","status":"publish","type":"post","link":"https:\/\/universnews224.com\/index.php\/conakry-lancement-de-la-campagne-de-sensibilisation-sur-lhygiene-alimentaire-et-de-distribution-des-box-de-protection\/","title":{"rendered":"Conakry: Lancement de la campagne de sensibilisation sur l&rsquo;hygi\u00e8ne alimentaire et de distribution des box de protection."},"content":{"rendered":"<p><span style=\"font-weight: 400\">Le Minist\u00e8re du Commerce de l\u2019Industrie et des Petites et Moyennes Entreprises \u00e0 travers la Direction nationale de l&rsquo;Office National de Contr\u00f4le Qualit\u00e9 a proc\u00e9d\u00e9 ce vendredi 14 f\u00e9vrier 2025, au lancement officiel de la campagne de sensibilisation sur l&rsquo;hygi\u00e8ne alimentaire et de distribution des box de protection aux femmes vendeuse de march\u00e9 Niger de Kaloum.<a href=\"https:\/\/universnews224.com\/wp-content\/uploads\/2025\/02\/IMG-20250214-WA0000.jpg\"><img loading=\"lazy\" class=\"alignnone size-medium wp-image-7540\" src=\"https:\/\/universnews224.com\/wp-content\/uploads\/2025\/02\/IMG-20250214-WA0000-300x165.jpg\" alt=\"\" width=\"300\" height=\"165\" srcset=\"https:\/\/universnews224.com\/wp-content\/uploads\/2025\/02\/IMG-20250214-WA0000-300x165.jpg 300w, https:\/\/universnews224.com\/wp-content\/uploads\/2025\/02\/IMG-20250214-WA0000-1024x562.jpg 1024w, https:\/\/universnews224.com\/wp-content\/uploads\/2025\/02\/IMG-20250214-WA0000-768x421.jpg 768w, https:\/\/universnews224.com\/wp-content\/uploads\/2025\/02\/IMG-20250214-WA0000.jpg 1032w\" sizes=\"(max-width: 300px) 100vw, 300px\" \/><\/a><\/span><\/p>\n<p><span style=\"font-weight: 400\">C&rsquo;\u00e9tait en pr\u00e9sence de Mme la gouverneure de la ville de Conakry G\u00e9n\u00e9rale Mahawa Sylla et les cadres du d\u00e9veloppement.\u00a0<\/span><\/p>\n<p><span style=\"font-weight: 400\">Dans son discours de circonstance,\u00a0 le Directeur g\u00e9n\u00e9ral de l&rsquo;Office National de Contr\u00f4le Qualit\u00e9 Mohamed Kadiatou Sylla a indiqu\u00e9 que cette initiative, ambitieuse et porteuse de changements concrets, marque un tournant d\u00e9cisif dans nos efforts pour assurer la qualit\u00e9 et la s\u00e9curit\u00e9 des produits consomm\u00e9s en R\u00e9publique de Guin\u00e9e.<a href=\"https:\/\/universnews224.com\/wp-content\/uploads\/2025\/02\/IMG-20250214-WA0001.jpg\"><img loading=\"lazy\" class=\"alignnone size-medium wp-image-7536\" src=\"https:\/\/universnews224.com\/wp-content\/uploads\/2025\/02\/IMG-20250214-WA0001-300x239.jpg\" alt=\"\" width=\"300\" height=\"239\" srcset=\"https:\/\/universnews224.com\/wp-content\/uploads\/2025\/02\/IMG-20250214-WA0001-300x239.jpg 300w, https:\/\/universnews224.com\/wp-content\/uploads\/2025\/02\/IMG-20250214-WA0001-1024x817.jpg 1024w, https:\/\/universnews224.com\/wp-content\/uploads\/2025\/02\/IMG-20250214-WA0001-768x613.jpg 768w, https:\/\/universnews224.com\/wp-content\/uploads\/2025\/02\/IMG-20250214-WA0001.jpg 1080w\" sizes=\"(max-width: 300px) 100vw, 300px\" \/><\/a><\/span><\/p>\n<p><span style=\"font-weight: 400\">\u201cEn tant qu&rsquo;institution garante de la qualit\u00e9 des produits alimentaires, s&rsquo;investit pleinement dans ce projet novateur, qui illustre notre engagement \u00e0 contribuer \u00e0 ce que les aliments soient saines sur toute la cha\u00eene d&rsquo;approvisionnement, c&rsquo;est \u00e0 dire de la production \u00e0 la consommation dans le seul but de prot\u00e9ger les consommateurs. Les march\u00e9s, qu&rsquo;ils soient dans les quartiers de Conakry ou dans les pr\u00e9fectures, sont des espaces vitaux pour nos communaut\u00e9s. lls sont le c\u0153ur de nos \u00e9changes \u00e9conomiques et sociaux. Cependant, nous ne pouvons ignorer les d\u00e9fis critiques pos\u00e9s par les conditions parfois pr\u00e9caires d&rsquo;exposition et de manipulation des produits alimentaires, notamment ceux vendus \u00e0 ciel ouvert le long des rues. Ces pratiques augmentent les risques sanitaires et mettent en p\u00e9ril la sant\u00e9 de nos populations \u00bb, a-t-il soulign\u00e9 le DG<\/span><\/p>\n<p><span style=\"font-weight: 400\"><a href=\"https:\/\/universnews224.com\/wp-content\/uploads\/2025\/02\/20250214_113214-scaled.jpg\"><img loading=\"lazy\" class=\"alignnone size-medium wp-image-7541\" src=\"https:\/\/universnews224.com\/wp-content\/uploads\/2025\/02\/20250214_113214-300x169.jpg\" alt=\"\" width=\"300\" height=\"169\" srcset=\"https:\/\/universnews224.com\/wp-content\/uploads\/2025\/02\/20250214_113214-300x169.jpg 300w, https:\/\/universnews224.com\/wp-content\/uploads\/2025\/02\/20250214_113214-1024x576.jpg 1024w, https:\/\/universnews224.com\/wp-content\/uploads\/2025\/02\/20250214_113214-768x432.jpg 768w, https:\/\/universnews224.com\/wp-content\/uploads\/2025\/02\/20250214_113214-1536x864.jpg 1536w, https:\/\/universnews224.com\/wp-content\/uploads\/2025\/02\/20250214_113214-2048x1153.jpg 2048w, https:\/\/universnews224.com\/wp-content\/uploads\/2025\/02\/20250214_113214-800x450.jpg 800w\" sizes=\"(max-width: 300px) 100vw, 300px\" \/><\/a><\/span><span style=\"font-weight: 400\">Poursuivant, Directeur g\u00e9n\u00e9ral de l\u2019office de contr\u00f4le qualit\u00e9 a rench\u00e9ri en disant que la distribution des box de protection constitue non seulement un geste pratique, mais surtout symbolique, car elle repr\u00e9sente notre engagement \u00e0 accompagner ces vendeurs dans leur transition vers des pratiques plus saines et plus responsables. <a href=\"https:\/\/universnews224.com\/wp-content\/uploads\/2025\/02\/20250214_110856-scaled.jpg\"><img loading=\"lazy\" class=\"alignnone size-medium wp-image-7537\" src=\"https:\/\/universnews224.com\/wp-content\/uploads\/2025\/02\/20250214_110856-300x169.jpg\" alt=\"\" width=\"300\" height=\"169\" srcset=\"https:\/\/universnews224.com\/wp-content\/uploads\/2025\/02\/20250214_110856-300x169.jpg 300w, https:\/\/universnews224.com\/wp-content\/uploads\/2025\/02\/20250214_110856-1024x576.jpg 1024w, https:\/\/universnews224.com\/wp-content\/uploads\/2025\/02\/20250214_110856-768x432.jpg 768w, https:\/\/universnews224.com\/wp-content\/uploads\/2025\/02\/20250214_110856-1536x864.jpg 1536w, https:\/\/universnews224.com\/wp-content\/uploads\/2025\/02\/20250214_110856-2048x1153.jpg 2048w, https:\/\/universnews224.com\/wp-content\/uploads\/2025\/02\/20250214_110856-800x450.jpg 800w\" sizes=\"(max-width: 300px) 100vw, 300px\" \/><\/a><\/span><span style=\"font-weight: 400\">Enfin, \u00e0 vous, vendeurs et acteurs de nos \u00e0 travers cette campagne, nous r\u00e9affirmons un message fondamental : la qualit\u00e9 et la s\u00e9curit\u00e9 sanitaire ne sont pas des options, mais des imp\u00e9ratifs. Nous avons tous une responsabilit\u00e9 partag\u00e9e dans la sant\u00e9 des consommateurs. Ensemble, b\u00e2tissons des march\u00e9s exemplaires, des pratiques irr\u00e9prochables et un environnement plus s\u00fbr pour tous \u00bb, a d\u00e9clar\u00e9 M.\u00a0 Sylla Mohamed Kadiatou.\u00a0<\/span><\/p>\n<p>&nbsp;<\/p>\n<p><span style=\"font-weight: 400\">De son discours d\u2019ouverture, le secr\u00e9taire g\u00e9n\u00e9ral du Minist\u00e8re du Commerce Mamadou saliou Diaby a salu\u00e9 cette initiative. Selon lui, elle s&rsquo;inscrit pleinement dans le cadre des r\u00e9formes profondes souhait\u00e9e par le chef de l&rsquo;\u00c9tat G\u00e9n\u00e9ral Mamadi Doumbouya. <a href=\"https:\/\/universnews224.com\/wp-content\/uploads\/2025\/02\/IMG-20250214-WA0003.jpg\"><img loading=\"lazy\" class=\"alignnone size-medium wp-image-7538\" src=\"https:\/\/universnews224.com\/wp-content\/uploads\/2025\/02\/IMG-20250214-WA0003-300x175.jpg\" alt=\"\" width=\"300\" height=\"175\" srcset=\"https:\/\/universnews224.com\/wp-content\/uploads\/2025\/02\/IMG-20250214-WA0003-300x175.jpg 300w, https:\/\/universnews224.com\/wp-content\/uploads\/2025\/02\/IMG-20250214-WA0003-768x447.jpg 768w, https:\/\/universnews224.com\/wp-content\/uploads\/2025\/02\/IMG-20250214-WA0003.jpg 971w\" sizes=\"(max-width: 300px) 100vw, 300px\" \/><\/a><\/span><\/p>\n<p><span style=\"font-weight: 400\">\u201cCette campagne de sensibilisation sur les bonnes pratiques d&rsquo;hygi\u00e8ne alimentaire coupl\u00e9e \u00e0 la distribution de boxes de protection des aliments vendus le long de nos rues et ruelles. s&rsquo;inscrit pleinement dans le cadre des r\u00e9formes profondes souhait\u00e9es par le g\u00e9n\u00e9ral Mamadi Doumbouia, C&rsquo;est pourquoi cette campagne porte non seulement sur la sensibilisation, mais \u00e9galement sur des actions concr\u00e8tes, traduites par la distribution de ces protections alimentaires, qui serviront d&rsquo;outils les mieux adapt\u00e9s aux activit\u00e9s de nos vendeuses et vendeurs. Ch\u00e8res vendeuses et vendeurs, vous \u00eates au c\u0153ur de cette transformation. Adopter ces bonnes pratiques revient non seulement \u00e0 prot\u00e9ger la sant\u00e9 de vos clients que nous sommes, mais aussi \u00e0 valoriser votre m\u00e9tier et \u00e0 gagner leur confiance\u201d, a-t-il pr\u00e9cis\u00e9.<a href=\"https:\/\/universnews224.com\/wp-content\/uploads\/2025\/02\/20250214_112856-scaled.jpg\"><img loading=\"lazy\" class=\"alignnone size-medium wp-image-7539\" src=\"https:\/\/universnews224.com\/wp-content\/uploads\/2025\/02\/20250214_112856-300x169.jpg\" alt=\"\" width=\"300\" height=\"169\" srcset=\"https:\/\/universnews224.com\/wp-content\/uploads\/2025\/02\/20250214_112856-300x169.jpg 300w, https:\/\/universnews224.com\/wp-content\/uploads\/2025\/02\/20250214_112856-1024x576.jpg 1024w, https:\/\/universnews224.com\/wp-content\/uploads\/2025\/02\/20250214_112856-768x432.jpg 768w, https:\/\/universnews224.com\/wp-content\/uploads\/2025\/02\/20250214_112856-1536x864.jpg 1536w, https:\/\/universnews224.com\/wp-content\/uploads\/2025\/02\/20250214_112856-2048x1153.jpg 2048w, https:\/\/universnews224.com\/wp-content\/uploads\/2025\/02\/20250214_112856-800x450.jpg 800w\" sizes=\"(max-width: 300px) 100vw, 300px\" \/><\/a><\/span><\/p>\n","protected":false},"excerpt":{"rendered":"<p>Le Minist\u00e8re du Commerce de l\u2019Industrie et des Petites et Moyennes Entreprises \u00e0 travers la<\/p>\n","protected":false},"author":2,"featured_media":7539,"comment_status":"closed","ping_status":"open","sticky":false,"template":"","format":"standard","meta":[],"categories":[3,5],"tags":[238],"yoast_head":"<!-- This site is optimized with the Yoast SEO plugin v19.13 - https:\/\/yoast.com\/wordpress\/plugins\/seo\/ -->\n<title>Conakry: Lancement de la campagne de sensibilisation sur l&#039;hygi\u00e8ne alimentaire et de distribution des box de protection. - UNIVERSNEWS224<\/title>\n<meta name=\"robots\" content=\"index, follow, max-snippet:-1, max-image-preview:large, max-video-preview:-1\" \/>\n<link rel=\"canonical\" href=\"https:\/\/universnews224.com\/index.php\/conakry-lancement-de-la-campagne-de-sensibilisation-sur-lhygiene-alimentaire-et-de-distribution-des-box-de-protection\/\" \/>\n<meta property=\"og:locale\" content=\"fr_FR\" \/>\n<meta property=\"og:type\" content=\"article\" \/>\n<meta property=\"og:title\" content=\"Conakry: Lancement de la campagne de sensibilisation sur l&#039;hygi\u00e8ne alimentaire et de distribution des box de protection. - UNIVERSNEWS224\" \/>\n<meta property=\"og:description\" content=\"Le Minist\u00e8re du Commerce de l\u2019Industrie et des Petites et Moyennes Entreprises \u00e0 travers la\" \/>\n<meta property=\"og:url\" content=\"https:\/\/universnews224.com\/index.php\/conakry-lancement-de-la-campagne-de-sensibilisation-sur-lhygiene-alimentaire-et-de-distribution-des-box-de-protection\/\" \/>\n<meta property=\"og:site_name\" content=\"UNIVERSNEWS224\" \/>\n<meta property=\"article:published_time\" content=\"2025-02-14T14:23:16+00:00\" \/>\n<meta property=\"og:image\" content=\"https:\/\/universnews224.com\/wp-content\/uploads\/2025\/02\/20250214_112856-scaled.jpg\" \/>\n\t<meta property=\"og:image:width\" content=\"2560\" \/>\n\t<meta property=\"og:image:height\" content=\"1441\" \/>\n\t<meta property=\"og:image:type\" content=\"image\/jpeg\" \/>\n<meta name=\"author\" content=\"La R\u00e9daction\" \/>\n<meta name=\"twitter:label1\" content=\"\u00c9crit par\" \/>\n\t<meta name=\"twitter:data1\" content=\"La R\u00e9daction\" \/>\n\t<meta name=\"twitter:label2\" content=\"Dur\u00e9e de lecture estim\u00e9e\" \/>\n\t<meta name=\"twitter:data2\" content=\"4 minutes\" \/>\n<script type=\"application\/ld+json\" class=\"yoast-schema-graph\">{\"@context\":\"https:\/\/schema.org\",\"@graph\":[{\"@type\":\"Article\",\"@id\":\"https:\/\/universnews224.com\/index.php\/conakry-lancement-de-la-campagne-de-sensibilisation-sur-lhygiene-alimentaire-et-de-distribution-des-box-de-protection\/#article\",\"isPartOf\":{\"@id\":\"https:\/\/universnews224.com\/index.php\/conakry-lancement-de-la-campagne-de-sensibilisation-sur-lhygiene-alimentaire-et-de-distribution-des-box-de-protection\/\"},\"author\":{\"name\":\"La R\u00e9daction\",\"@id\":\"https:\/\/universnews224.com\/#\/schema\/person\/a4b7d4f94a4716df60456a491260485e\"},\"headline\":\"Conakry: Lancement de la campagne de sensibilisation sur l&rsquo;hygi\u00e8ne alimentaire et de distribution des box de protection.\",\"datePublished\":\"2025-02-14T14:23:16+00:00\",\"dateModified\":\"2025-02-14T14:23:16+00:00\",\"mainEntityOfPage\":{\"@id\":\"https:\/\/universnews224.com\/index.php\/conakry-lancement-de-la-campagne-de-sensibilisation-sur-lhygiene-alimentaire-et-de-distribution-des-box-de-protection\/\"},\"wordCount\":597,\"publisher\":{\"@id\":\"https:\/\/universnews224.com\/#organization\"},\"keywords\":[\"La un3\"],\"articleSection\":[\"ACTU\",\"SOCI\u00c9T\u00c9\"],\"inLanguage\":\"fr-FR\"},{\"@type\":\"WebPage\",\"@id\":\"https:\/\/universnews224.com\/index.php\/conakry-lancement-de-la-campagne-de-sensibilisation-sur-lhygiene-alimentaire-et-de-distribution-des-box-de-protection\/\",\"url\":\"https:\/\/universnews224.com\/index.php\/conakry-lancement-de-la-campagne-de-sensibilisation-sur-lhygiene-alimentaire-et-de-distribution-des-box-de-protection\/\",\"name\":\"Conakry: Lancement de la campagne de sensibilisation sur l'hygi\u00e8ne alimentaire et de distribution des box de protection. - UNIVERSNEWS224\",\"isPartOf\":{\"@id\":\"https:\/\/universnews224.com\/#website\"},\"datePublished\":\"2025-02-14T14:23:16+00:00\",\"dateModified\":\"2025-02-14T14:23:16+00:00\",\"inLanguage\":\"fr-FR\",\"potentialAction\":[{\"@type\":\"ReadAction\",\"target\":[\"https:\/\/universnews224.com\/index.php\/conakry-lancement-de-la-campagne-de-sensibilisation-sur-lhygiene-alimentaire-et-de-distribution-des-box-de-protection\/\"]}]},{\"@type\":\"WebSite\",\"@id\":\"https:\/\/universnews224.com\/#website\",\"url\":\"https:\/\/universnews224.com\/\",\"name\":\"UNIVERSNEWS224\",\"description\":\"\",\"publisher\":{\"@id\":\"https:\/\/universnews224.com\/#organization\"},\"potentialAction\":[{\"@type\":\"SearchAction\",\"target\":{\"@type\":\"EntryPoint\",\"urlTemplate\":\"https:\/\/universnews224.com\/?s={search_term_string}\"},\"query-input\":\"required name=search_term_string\"}],\"inLanguage\":\"fr-FR\"},{\"@type\":\"Organization\",\"@id\":\"https:\/\/universnews224.com\/#organization\",\"name\":\"UNIVERSNEWS224\",\"url\":\"https:\/\/universnews224.com\/\",\"logo\":{\"@type\":\"ImageObject\",\"inLanguage\":\"fr-FR\",\"@id\":\"https:\/\/universnews224.com\/#\/schema\/logo\/image\/\",\"url\":\"https:\/\/universnews224.com\/wp-content\/uploads\/2022\/08\/cropped-cropped-logoban.jpg\",\"contentUrl\":\"https:\/\/universnews224.com\/wp-content\/uploads\/2022\/08\/cropped-cropped-logoban.jpg\",\"width\":1080,\"height\":138,\"caption\":\"UNIVERSNEWS224\"},\"image\":{\"@id\":\"https:\/\/universnews224.com\/#\/schema\/logo\/image\/\"}},{\"@type\":\"Person\",\"@id\":\"https:\/\/universnews224.com\/#\/schema\/person\/a4b7d4f94a4716df60456a491260485e\",\"name\":\"La R\u00e9daction\",\"image\":{\"@type\":\"ImageObject\",\"inLanguage\":\"fr-FR\",\"@id\":\"https:\/\/universnews224.com\/#\/schema\/person\/image\/\",\"url\":\"https:\/\/secure.gravatar.com\/avatar\/edb90acc7752b23e1b3307ad36c14f0d?s=96&d=mm&r=g\",\"contentUrl\":\"https:\/\/secure.gravatar.com\/avatar\/edb90acc7752b23e1b3307ad36c14f0d?s=96&d=mm&r=g\",\"caption\":\"La R\u00e9daction\"},\"sameAs\":[\"https:\/\/universnews224.com\"],\"url\":\"https:\/\/universnews224.com\/index.php\/author\/m-camara\/\"}]}<\/script>\n<!-- \/ Yoast SEO plugin. -->","yoast_head_json":{"title":"Conakry: Lancement de la campagne de sensibilisation sur l'hygi\u00e8ne alimentaire et de distribution des box de protection. - UNIVERSNEWS224","robots":{"index":"index","follow":"follow","max-snippet":"max-snippet:-1","max-image-preview":"max-image-preview:large","max-video-preview":"max-video-preview:-1"},"canonical":"https:\/\/universnews224.com\/index.php\/conakry-lancement-de-la-campagne-de-sensibilisation-sur-lhygiene-alimentaire-et-de-distribution-des-box-de-protection\/","og_locale":"fr_FR","og_type":"article","og_title":"Conakry: Lancement de la campagne de sensibilisation sur l'hygi\u00e8ne alimentaire et de distribution des box de protection. - UNIVERSNEWS224","og_description":"Le Minist\u00e8re du Commerce de l\u2019Industrie et des Petites et Moyennes Entreprises \u00e0 travers la","og_url":"https:\/\/universnews224.com\/index.php\/conakry-lancement-de-la-campagne-de-sensibilisation-sur-lhygiene-alimentaire-et-de-distribution-des-box-de-protection\/","og_site_name":"UNIVERSNEWS224","article_published_time":"2025-02-14T14:23:16+00:00","og_image":[{"width":2560,"height":1441,"url":"https:\/\/universnews224.com\/wp-content\/uploads\/2025\/02\/20250214_112856-scaled.jpg","type":"image\/jpeg"}],"author":"La R\u00e9daction","twitter_misc":{"\u00c9crit par":"La R\u00e9daction","Dur\u00e9e de lecture estim\u00e9e":"4 minutes"},"schema":{"@context":"https:\/\/schema.org","@graph":[{"@type":"Article","@id":"https:\/\/universnews224.com\/index.php\/conakry-lancement-de-la-campagne-de-sensibilisation-sur-lhygiene-alimentaire-et-de-distribution-des-box-de-protection\/#article","isPartOf":{"@id":"https:\/\/universnews224.com\/index.php\/conakry-lancement-de-la-campagne-de-sensibilisation-sur-lhygiene-alimentaire-et-de-distribution-des-box-de-protection\/"},"author":{"name":"La R\u00e9daction","@id":"https:\/\/universnews224.com\/#\/schema\/person\/a4b7d4f94a4716df60456a491260485e"},"headline":"Conakry: Lancement de la campagne de sensibilisation sur l&rsquo;hygi\u00e8ne alimentaire et de distribution des box de protection.","datePublished":"2025-02-14T14:23:16+00:00","dateModified":"2025-02-14T14:23:16+00:00","mainEntityOfPage":{"@id":"https:\/\/universnews224.com\/index.php\/conakry-lancement-de-la-campagne-de-sensibilisation-sur-lhygiene-alimentaire-et-de-distribution-des-box-de-protection\/"},"wordCount":597,"publisher":{"@id":"https:\/\/universnews224.com\/#organization"},"keywords":["La un3"],"articleSection":["ACTU","SOCI\u00c9T\u00c9"],"inLanguage":"fr-FR"},{"@type":"WebPage","@id":"https:\/\/universnews224.com\/index.php\/conakry-lancement-de-la-campagne-de-sensibilisation-sur-lhygiene-alimentaire-et-de-distribution-des-box-de-protection\/","url":"https:\/\/universnews224.com\/index.php\/conakry-lancement-de-la-campagne-de-sensibilisation-sur-lhygiene-alimentaire-et-de-distribution-des-box-de-protection\/","name":"Conakry: Lancement de la campagne de sensibilisation sur l'hygi\u00e8ne alimentaire et de distribution des box de protection. - UNIVERSNEWS224","isPartOf":{"@id":"https:\/\/universnews224.com\/#website"},"datePublished":"2025-02-14T14:23:16+00:00","dateModified":"2025-02-14T14:23:16+00:00","inLanguage":"fr-FR","potentialAction":[{"@type":"ReadAction","target":["https:\/\/universnews224.com\/index.php\/conakry-lancement-de-la-campagne-de-sensibilisation-sur-lhygiene-alimentaire-et-de-distribution-des-box-de-protection\/"]}]},{"@type":"WebSite","@id":"https:\/\/universnews224.com\/#website","url":"https:\/\/universnews224.com\/","name":"UNIVERSNEWS224","description":"","publisher":{"@id":"https:\/\/universnews224.com\/#organization"},"potentialAction":[{"@type":"SearchAction","target":{"@type":"EntryPoint","urlTemplate":"https:\/\/universnews224.com\/?s={search_term_string}"},"query-input":"required name=search_term_string"}],"inLanguage":"fr-FR"},{"@type":"Organization","@id":"https:\/\/universnews224.com\/#organization","name":"UNIVERSNEWS224","url":"https:\/\/universnews224.com\/","logo":{"@type":"ImageObject","inLanguage":"fr-FR","@id":"https:\/\/universnews224.com\/#\/schema\/logo\/image\/","url":"https:\/\/universnews224.com\/wp-content\/uploads\/2022\/08\/cropped-cropped-logoban.jpg","contentUrl":"https:\/\/universnews224.com\/wp-content\/uploads\/2022\/08\/cropped-cropped-logoban.jpg","width":1080,"height":138,"caption":"UNIVERSNEWS224"},"image":{"@id":"https:\/\/universnews224.com\/#\/schema\/logo\/image\/"}},{"@type":"Person","@id":"https:\/\/universnews224.com\/#\/schema\/person\/a4b7d4f94a4716df60456a491260485e","name":"La R\u00e9daction","image":{"@type":"ImageObject","inLanguage":"fr-FR","@id":"https:\/\/universnews224.com\/#\/schema\/person\/image\/","url":"https:\/\/secure.gravatar.com\/avatar\/edb90acc7752b23e1b3307ad36c14f0d?s=96&d=mm&r=g","contentUrl":"https:\/\/secure.gravatar.com\/avatar\/edb90acc7752b23e1b3307ad36c14f0d?s=96&d=mm&r=g","caption":"La R\u00e9daction"},"sameAs":["https:\/\/universnews224.com"],"url":"https:\/\/universnews224.com\/index.php\/author\/m-camara\/"}]}},"_links":{"self":[{"href":"https:\/\/universnews224.com\/index.php\/wp-json\/wp\/v2\/posts\/7535"}],"collection":[{"href":"https:\/\/universnews224.com\/index.php\/wp-json\/wp\/v2\/posts"}],"about":[{"href":"https:\/\/universnews224.com\/index.php\/wp-json\/wp\/v2\/types\/post"}],"author":[{"embeddable":true,"href":"https:\/\/universnews224.com\/index.php\/wp-json\/wp\/v2\/users\/2"}],"replies":[{"embeddable":true,"href":"https:\/\/universnews224.com\/index.php\/wp-json\/wp\/v2\/comments?post=7535"}],"version-history":[{"count":1,"href":"https:\/\/universnews224.com\/index.php\/wp-json\/wp\/v2\/posts\/7535\/revisions"}],"predecessor-version":[{"id":7542,"href":"https:\/\/universnews224.com\/index.php\/wp-json\/wp\/v2\/posts\/7535\/revisions\/7542"}],"wp:featuredmedia":[{"embeddable":true,"href":"https:\/\/universnews224.com\/index.php\/wp-json\/wp\/v2\/media\/7539"}],"wp:attachment":[{"href":"https:\/\/universnews224.com\/index.php\/wp-json\/wp\/v2\/media?parent=7535"}],"wp:term":[{"taxonomy":"category","embeddable":true,"href":"https:\/\/universnews224.com\/index.php\/wp-json\/wp\/v2\/categories?post=7535"},{"taxonomy":"post_tag","embeddable":true,"href":"https:\/\/universnews224.com\/index.php\/wp-json\/wp\/v2\/tags?post=7535"}],"curies":[{"name":"wp","href":"https:\/\/api.w.org\/{rel}","templated":true}]}}