{"id":7548,"date":"2025-02-18T00:52:00","date_gmt":"2025-02-17T23:52:00","guid":{"rendered":"https:\/\/universnews224.com\/?p=7548"},"modified":"2025-02-18T00:52:00","modified_gmt":"2025-02-17T23:52:00","slug":"le-pdg-rda-clarifie-sa-position-notre-candidat-cest-mamadi-doumbouya-aussi-longtemps-quil-sera-president-nous-on-nest-pas-candidat","status":"publish","type":"post","link":"https:\/\/universnews224.com\/index.php\/le-pdg-rda-clarifie-sa-position-notre-candidat-cest-mamadi-doumbouya-aussi-longtemps-quil-sera-president-nous-on-nest-pas-candidat\/","title":{"rendered":"Le PDG-RDA clarifie sa position : \u00ab notre candidat, c\u2019est Mamadi Doumbouya. Aussi longtemps qu\u2019il sera pr\u00e9sident, nous on n\u2019est pas candidat \u00bb"},"content":{"rendered":"<p dir=\"ltr\" style=\"margin: 0pt 0px;text-align: justify;color: #222222;font-family: 'Open Sans';background-color: #f3f3f3;line-height: 1.38\"><span style=\"font-size: 11pt;font-family: Arial, sans-serif;color: #000000;background-color: transparent;vertical-align: baseline\">\u00c0 la faveur d\u2019une assembl\u00e9e g\u00e9n\u00e9rale extraordinaire tenue aux cases Belle-vue ce lundi 17 f\u00e9vrier, les responsables et militants du PDG RDA ont r\u00e9investi le camarade Mohamed Tour\u00e9 dans ses fonctions de Secr\u00e9taire g\u00e9n\u00e9ral apr\u00e8s 7 ans d\u2019absence.<\/span><\/p>\n<p dir=\"ltr\" style=\"margin: 0px 0px 17px;text-align: justify;color: #222222;font-family: 'Open Sans';background-color: #f3f3f3\">\n<p dir=\"ltr\" style=\"margin: 0pt 0px;text-align: justify;color: #222222;font-family: 'Open Sans';background-color: #f3f3f3;line-height: 1.38\"><span style=\"font-size: 11pt;font-family: Arial, sans-serif;color: #000000;background-color: transparent;vertical-align: baseline\">L\u2019occasion a \u00e9t\u00e9 mise \u00e0 profit pour apporter un grand soutien au G\u00e9n\u00e9ral Mamadi Doumbouya qui est pressenti comme potentiel candidat aux futures \u00e9ch\u00e9ances \u00e9lectorales.<\/span><\/p>\n<p dir=\"ltr\" style=\"margin: 0pt 0px;text-align: justify;color: #222222;font-family: 'Open Sans';background-color: #f3f3f3;line-height: 1.38\"><span style=\"font-size: 11pt;font-family: Arial, sans-serif;color: #000000;background-color: transparent;vertical-align: baseline\">Selon le pr\u00e9sident d\u2019honneur du Parti, l\u2019homme du 5 septembre 2021 est sans nul doute leur candidat : \u00bbLe jour o\u00f9 on dira allez-y aux urnes, notre voix est connue, c\u2019est pour Mamadi Doumbouya, il n\u2019a qu\u2019\u00e0 continuer son pouvoir. Il n\u2019y a pas de ville et de village en Guin\u00e9e o\u00f9 il n\u2019est pas entrain de travailler. Nous attendons les autres, nous on a notre position qui est connue. Pour Mamadi Doumbouya, nous n\u2019avons pas de probl\u00e8me, aussi longtemps qu\u2019il sera pr\u00e9sident nous on n\u2019est pas candidat, notre candidat c\u2019est Mamady Doumbouya. \u00bb A dit Sanoussy Ke\u00efta<\/span><\/p>\n<p dir=\"ltr\" style=\"margin: 0pt 0px;text-align: justify;color: #222222;font-family: 'Open Sans';background-color: #f3f3f3;line-height: 1.38\"><span style=\"font-size: 11pt;font-family: Arial, sans-serif;color: #000000;background-color: transparent;vertical-align: baseline\">Mamadi Doumbouya pr\u00e9sident de la Guin\u00e9e \u00bb, c\u2019est le mot d\u2019ordre au sein du PDG RDA. En tout cas l\u2019ancien secr\u00e9taire g\u00e9n\u00e9ral par int\u00e9rim du parti en est convaincu.<\/span><\/p>\n<p dir=\"ltr\" style=\"margin: 0pt 0px;text-align: justify;color: #222222;font-family: 'Open Sans';background-color: #f3f3f3;line-height: 1.38\"><span style=\"font-size: 11pt;font-family: Arial, sans-serif;color: #000000;background-color: transparent;vertical-align: baseline\">Pour MangaMory Bangoura, \u00ab Laye Mady \u00bb doit rester : \u00ab Le pr\u00e9sident Mamadi Doumbouya, s\u2019il manifeste d\u00e9sir d\u2019\u00eatre pr\u00e9sident de la R\u00e9publique, on l\u2019appuie, ce sera notre candidat potentiel. On ne pr\u00e9sentera pas un candidat, \u00e7a c\u2019est l\u2019avis du PDG RDA, tant que lui, il peut se pr\u00e9senter comme candidat \u00e0 la pr\u00e9sidence de la R\u00e9publique, il n\u2019y a pas de raison qu\u2019on ne l\u2019affirme pas. \u00bb<\/span><\/p>\n<p style=\"margin: 0px 0px 17px;text-align: justify;color: #222222;font-family: 'Open Sans';background-color: #f3f3f3\">\n<p dir=\"ltr\" style=\"margin: 0pt 0px;text-align: justify;color: #222222;font-family: 'Open Sans';background-color: #f3f3f3;line-height: 1.38\"><span style=\"font-size: 11pt;font-family: Arial, sans-serif;color: #000000;background-color: transparent;vertical-align: baseline\">Positionnement pour avoir des postes ou soutien d\u00e9magogique ? Au PDG-RDA ce n\u2019est ni l\u2019un ni l\u2019autre. Ce soutien du parti de Feu Ahmed S\u00e9kou Tour\u00e9 est motiv\u00e9 par de nombreux facteurs allant de la restitution des cases belle vue \u00e0 la famille pr\u00e9sidentielle jusqu\u2019\u00e0 l\u2019ex\u00e9cution du projet Simandou 2040. MangaMory Bangoura explique : D\u00e8s que le pr\u00e9sident Mamadi Doumbouya est arriv\u00e9 au pouvoir, il n\u2019a pas fait des mois pour restituer les biens du pr\u00e9sident Ahmed S\u00e9kou Tour\u00e9 \u00e0 sa famille. \u00c7a, nous savons que personne, de tous les pr\u00e9sidents qui sont pass\u00e9s, personne ne l\u2019a fait. Le pr\u00e9sident Lansana Conte l\u2019avait d\u00e9cid\u00e9, mais il ne l\u2019a pas appliqu\u00e9. Alors, si le g\u00e9n\u00e9ral Mohamed Doumbouya prend le courage, lui qui est tr\u00e8s jeune, il vient, il prend le courage de restituer les biens du pr\u00e9sident Ahmed S\u00e9kou Tour\u00e9 \u00e0 sa famille, \u00e7a, c\u2019est un grand atout. Donc \u00e7a, c\u2019est le premier aspect, le deuxi\u00e8me aspect,l\u2019a\u00e9roport de Conakry a \u00e9t\u00e9 rebaptis\u00e9 au nom du pr\u00e9sident Ahmed S\u00e9kou Tour\u00e9. Le troisi\u00e8me facteur, C\u2019est que les tomes (livres) du pr\u00e9sident Ahmed S\u00e9kou Tour\u00e9, qui ont \u00e9t\u00e9 enseign\u00e9es ailleurs, que des Guin\u00e9ens ont essay\u00e9 de pi\u00e9tiner. Si le pr\u00e9sident le g\u00e9n\u00e9ral Mamadi Doumbouya cherche \u00e0 r\u00e9\u00e9diter cet homme-l\u00e0 au b\u00e9n\u00e9fice des Guin\u00e9ens, on dirait encore vraiment bravo au g\u00e9n\u00e9ral Mamadi Doumbouya. Le quatri\u00e8me facteur, c\u2019est la villa Andr\u00e9 Tour\u00e9 de Faranah, tout le monde sait dans quel \u00e9tat il \u00e9tait, il a r\u00e9nov\u00e9 cela aussi. Le travail qu\u2019il est en train d\u2019abattre pour la Guin\u00e9e, le projet Simandou 2040, c\u2019est extraordinaire. extraordinaire. Il peut faire que la Guin\u00e9e soit un pays \u00e9mergent et qui pourrait \u00eatre la locomotive de l\u2019Afrique. \u00bb<\/span><\/p>\n<p dir=\"ltr\" style=\"margin: 0px 0px 17px;text-align: justify;color: #222222;font-family: 'Open Sans';background-color: #f3f3f3\">\n<p dir=\"ltr\" style=\"margin: 0px 0px 17px;text-align: justify;color: #222222;font-family: 'Open Sans';background-color: #f3f3f3\">M\u00e9dia<\/p>\n<p style=\"margin: 0px;text-align: justify;color: #222222;font-family: 'Open Sans';background-color: #f3f3f3\">\n","protected":false},"excerpt":{"rendered":"<p>\u00c0 la faveur d\u2019une assembl\u00e9e g\u00e9n\u00e9rale extraordinaire tenue aux cases Belle-vue ce lundi 17 f\u00e9vrier,<\/p>\n","protected":false},"author":2,"featured_media":7549,"comment_status":"closed","ping_status":"open","sticky":false,"template":"","format":"standard","meta":[],"categories":[3,4],"tags":[237],"yoast_head":"<!-- This site is optimized with the Yoast SEO plugin v19.13 - https:\/\/yoast.com\/wordpress\/plugins\/seo\/ -->\n<title>Le PDG-RDA clarifie sa position : \u00ab notre candidat, c\u2019est Mamadi Doumbouya. Aussi longtemps qu\u2019il sera pr\u00e9sident, nous on n\u2019est pas candidat \u00bb - UNIVERSNEWS224<\/title>\n<meta name=\"robots\" content=\"index, follow, max-snippet:-1, max-image-preview:large, max-video-preview:-1\" \/>\n<link rel=\"canonical\" href=\"https:\/\/universnews224.com\/index.php\/le-pdg-rda-clarifie-sa-position-notre-candidat-cest-mamadi-doumbouya-aussi-longtemps-quil-sera-president-nous-on-nest-pas-candidat\/\" \/>\n<meta property=\"og:locale\" content=\"fr_FR\" \/>\n<meta property=\"og:type\" content=\"article\" \/>\n<meta property=\"og:title\" content=\"Le PDG-RDA clarifie sa position : \u00ab notre candidat, c\u2019est Mamadi Doumbouya. Aussi longtemps qu\u2019il sera pr\u00e9sident, nous on n\u2019est pas candidat \u00bb - UNIVERSNEWS224\" \/>\n<meta property=\"og:description\" content=\"\u00c0 la faveur d\u2019une assembl\u00e9e g\u00e9n\u00e9rale extraordinaire tenue aux cases Belle-vue ce lundi 17 f\u00e9vrier,\" \/>\n<meta property=\"og:url\" content=\"https:\/\/universnews224.com\/index.php\/le-pdg-rda-clarifie-sa-position-notre-candidat-cest-mamadi-doumbouya-aussi-longtemps-quil-sera-president-nous-on-nest-pas-candidat\/\" \/>\n<meta property=\"og:site_name\" content=\"UNIVERSNEWS224\" \/>\n<meta property=\"article:published_time\" content=\"2025-02-17T23:52:00+00:00\" \/>\n<meta property=\"og:image\" content=\"https:\/\/universnews224.com\/wp-content\/uploads\/2025\/02\/IMG_1037.jpeg\" \/>\n\t<meta property=\"og:image:width\" content=\"1920\" \/>\n\t<meta property=\"og:image:height\" content=\"1280\" \/>\n\t<meta property=\"og:image:type\" content=\"image\/jpeg\" \/>\n<meta name=\"author\" content=\"La R\u00e9daction\" \/>\n<meta name=\"twitter:label1\" content=\"\u00c9crit par\" \/>\n\t<meta name=\"twitter:data1\" content=\"La R\u00e9daction\" \/>\n\t<meta name=\"twitter:label2\" content=\"Dur\u00e9e de lecture estim\u00e9e\" \/>\n\t<meta name=\"twitter:data2\" content=\"3 minutes\" \/>\n<script type=\"application\/ld+json\" class=\"yoast-schema-graph\">{\"@context\":\"https:\/\/schema.org\",\"@graph\":[{\"@type\":\"Article\",\"@id\":\"https:\/\/universnews224.com\/index.php\/le-pdg-rda-clarifie-sa-position-notre-candidat-cest-mamadi-doumbouya-aussi-longtemps-quil-sera-president-nous-on-nest-pas-candidat\/#article\",\"isPartOf\":{\"@id\":\"https:\/\/universnews224.com\/index.php\/le-pdg-rda-clarifie-sa-position-notre-candidat-cest-mamadi-doumbouya-aussi-longtemps-quil-sera-president-nous-on-nest-pas-candidat\/\"},\"author\":{\"name\":\"La R\u00e9daction\",\"@id\":\"https:\/\/universnews224.com\/#\/schema\/person\/a4b7d4f94a4716df60456a491260485e\"},\"headline\":\"Le PDG-RDA clarifie sa position : \u00ab notre candidat, c\u2019est Mamadi Doumbouya. Aussi longtemps qu\u2019il sera pr\u00e9sident, nous on n\u2019est pas candidat \u00bb\",\"datePublished\":\"2025-02-17T23:52:00+00:00\",\"dateModified\":\"2025-02-17T23:52:00+00:00\",\"mainEntityOfPage\":{\"@id\":\"https:\/\/universnews224.com\/index.php\/le-pdg-rda-clarifie-sa-position-notre-candidat-cest-mamadi-doumbouya-aussi-longtemps-quil-sera-president-nous-on-nest-pas-candidat\/\"},\"wordCount\":651,\"publisher\":{\"@id\":\"https:\/\/universnews224.com\/#organization\"},\"keywords\":[\"A la une\"],\"articleSection\":[\"ACTU\",\"POLITIQUE\"],\"inLanguage\":\"fr-FR\"},{\"@type\":\"WebPage\",\"@id\":\"https:\/\/universnews224.com\/index.php\/le-pdg-rda-clarifie-sa-position-notre-candidat-cest-mamadi-doumbouya-aussi-longtemps-quil-sera-president-nous-on-nest-pas-candidat\/\",\"url\":\"https:\/\/universnews224.com\/index.php\/le-pdg-rda-clarifie-sa-position-notre-candidat-cest-mamadi-doumbouya-aussi-longtemps-quil-sera-president-nous-on-nest-pas-candidat\/\",\"name\":\"Le PDG-RDA clarifie sa position : \u00ab notre candidat, c\u2019est Mamadi Doumbouya. Aussi longtemps qu\u2019il sera pr\u00e9sident, nous on n\u2019est pas candidat \u00bb - UNIVERSNEWS224\",\"isPartOf\":{\"@id\":\"https:\/\/universnews224.com\/#website\"},\"datePublished\":\"2025-02-17T23:52:00+00:00\",\"dateModified\":\"2025-02-17T23:52:00+00:00\",\"inLanguage\":\"fr-FR\",\"potentialAction\":[{\"@type\":\"ReadAction\",\"target\":[\"https:\/\/universnews224.com\/index.php\/le-pdg-rda-clarifie-sa-position-notre-candidat-cest-mamadi-doumbouya-aussi-longtemps-quil-sera-president-nous-on-nest-pas-candidat\/\"]}]},{\"@type\":\"WebSite\",\"@id\":\"https:\/\/universnews224.com\/#website\",\"url\":\"https:\/\/universnews224.com\/\",\"name\":\"UNIVERSNEWS224\",\"description\":\"\",\"publisher\":{\"@id\":\"https:\/\/universnews224.com\/#organization\"},\"potentialAction\":[{\"@type\":\"SearchAction\",\"target\":{\"@type\":\"EntryPoint\",\"urlTemplate\":\"https:\/\/universnews224.com\/?s={search_term_string}\"},\"query-input\":\"required name=search_term_string\"}],\"inLanguage\":\"fr-FR\"},{\"@type\":\"Organization\",\"@id\":\"https:\/\/universnews224.com\/#organization\",\"name\":\"UNIVERSNEWS224\",\"url\":\"https:\/\/universnews224.com\/\",\"logo\":{\"@type\":\"ImageObject\",\"inLanguage\":\"fr-FR\",\"@id\":\"https:\/\/universnews224.com\/#\/schema\/logo\/image\/\",\"url\":\"https:\/\/universnews224.com\/wp-content\/uploads\/2022\/08\/cropped-cropped-logoban.jpg\",\"contentUrl\":\"https:\/\/universnews224.com\/wp-content\/uploads\/2022\/08\/cropped-cropped-logoban.jpg\",\"width\":1080,\"height\":138,\"caption\":\"UNIVERSNEWS224\"},\"image\":{\"@id\":\"https:\/\/universnews224.com\/#\/schema\/logo\/image\/\"}},{\"@type\":\"Person\",\"@id\":\"https:\/\/universnews224.com\/#\/schema\/person\/a4b7d4f94a4716df60456a491260485e\",\"name\":\"La R\u00e9daction\",\"image\":{\"@type\":\"ImageObject\",\"inLanguage\":\"fr-FR\",\"@id\":\"https:\/\/universnews224.com\/#\/schema\/person\/image\/\",\"url\":\"https:\/\/secure.gravatar.com\/avatar\/edb90acc7752b23e1b3307ad36c14f0d?s=96&d=mm&r=g\",\"contentUrl\":\"https:\/\/secure.gravatar.com\/avatar\/edb90acc7752b23e1b3307ad36c14f0d?s=96&d=mm&r=g\",\"caption\":\"La R\u00e9daction\"},\"sameAs\":[\"https:\/\/universnews224.com\"],\"url\":\"https:\/\/universnews224.com\/index.php\/author\/m-camara\/\"}]}<\/script>\n<!-- \/ Yoast SEO plugin. -->","yoast_head_json":{"title":"Le PDG-RDA clarifie sa position : \u00ab notre candidat, c\u2019est Mamadi Doumbouya. Aussi longtemps qu\u2019il sera pr\u00e9sident, nous on n\u2019est pas candidat \u00bb - UNIVERSNEWS224","robots":{"index":"index","follow":"follow","max-snippet":"max-snippet:-1","max-image-preview":"max-image-preview:large","max-video-preview":"max-video-preview:-1"},"canonical":"https:\/\/universnews224.com\/index.php\/le-pdg-rda-clarifie-sa-position-notre-candidat-cest-mamadi-doumbouya-aussi-longtemps-quil-sera-president-nous-on-nest-pas-candidat\/","og_locale":"fr_FR","og_type":"article","og_title":"Le PDG-RDA clarifie sa position : \u00ab notre candidat, c\u2019est Mamadi Doumbouya. Aussi longtemps qu\u2019il sera pr\u00e9sident, nous on n\u2019est pas candidat \u00bb - UNIVERSNEWS224","og_description":"\u00c0 la faveur d\u2019une assembl\u00e9e g\u00e9n\u00e9rale extraordinaire tenue aux cases Belle-vue ce lundi 17 f\u00e9vrier,","og_url":"https:\/\/universnews224.com\/index.php\/le-pdg-rda-clarifie-sa-position-notre-candidat-cest-mamadi-doumbouya-aussi-longtemps-quil-sera-president-nous-on-nest-pas-candidat\/","og_site_name":"UNIVERSNEWS224","article_published_time":"2025-02-17T23:52:00+00:00","og_image":[{"width":1920,"height":1280,"url":"https:\/\/universnews224.com\/wp-content\/uploads\/2025\/02\/IMG_1037.jpeg","type":"image\/jpeg"}],"author":"La R\u00e9daction","twitter_misc":{"\u00c9crit par":"La R\u00e9daction","Dur\u00e9e de lecture estim\u00e9e":"3 minutes"},"schema":{"@context":"https:\/\/schema.org","@graph":[{"@type":"Article","@id":"https:\/\/universnews224.com\/index.php\/le-pdg-rda-clarifie-sa-position-notre-candidat-cest-mamadi-doumbouya-aussi-longtemps-quil-sera-president-nous-on-nest-pas-candidat\/#article","isPartOf":{"@id":"https:\/\/universnews224.com\/index.php\/le-pdg-rda-clarifie-sa-position-notre-candidat-cest-mamadi-doumbouya-aussi-longtemps-quil-sera-president-nous-on-nest-pas-candidat\/"},"author":{"name":"La R\u00e9daction","@id":"https:\/\/universnews224.com\/#\/schema\/person\/a4b7d4f94a4716df60456a491260485e"},"headline":"Le PDG-RDA clarifie sa position : \u00ab notre candidat, c\u2019est Mamadi Doumbouya. Aussi longtemps qu\u2019il sera pr\u00e9sident, nous on n\u2019est pas candidat \u00bb","datePublished":"2025-02-17T23:52:00+00:00","dateModified":"2025-02-17T23:52:00+00:00","mainEntityOfPage":{"@id":"https:\/\/universnews224.com\/index.php\/le-pdg-rda-clarifie-sa-position-notre-candidat-cest-mamadi-doumbouya-aussi-longtemps-quil-sera-president-nous-on-nest-pas-candidat\/"},"wordCount":651,"publisher":{"@id":"https:\/\/universnews224.com\/#organization"},"keywords":["A la une"],"articleSection":["ACTU","POLITIQUE"],"inLanguage":"fr-FR"},{"@type":"WebPage","@id":"https:\/\/universnews224.com\/index.php\/le-pdg-rda-clarifie-sa-position-notre-candidat-cest-mamadi-doumbouya-aussi-longtemps-quil-sera-president-nous-on-nest-pas-candidat\/","url":"https:\/\/universnews224.com\/index.php\/le-pdg-rda-clarifie-sa-position-notre-candidat-cest-mamadi-doumbouya-aussi-longtemps-quil-sera-president-nous-on-nest-pas-candidat\/","name":"Le PDG-RDA clarifie sa position : \u00ab notre candidat, c\u2019est Mamadi Doumbouya. Aussi longtemps qu\u2019il sera pr\u00e9sident, nous on n\u2019est pas candidat \u00bb - UNIVERSNEWS224","isPartOf":{"@id":"https:\/\/universnews224.com\/#website"},"datePublished":"2025-02-17T23:52:00+00:00","dateModified":"2025-02-17T23:52:00+00:00","inLanguage":"fr-FR","potentialAction":[{"@type":"ReadAction","target":["https:\/\/universnews224.com\/index.php\/le-pdg-rda-clarifie-sa-position-notre-candidat-cest-mamadi-doumbouya-aussi-longtemps-quil-sera-president-nous-on-nest-pas-candidat\/"]}]},{"@type":"WebSite","@id":"https:\/\/universnews224.com\/#website","url":"https:\/\/universnews224.com\/","name":"UNIVERSNEWS224","description":"","publisher":{"@id":"https:\/\/universnews224.com\/#organization"},"potentialAction":[{"@type":"SearchAction","target":{"@type":"EntryPoint","urlTemplate":"https:\/\/universnews224.com\/?s={search_term_string}"},"query-input":"required name=search_term_string"}],"inLanguage":"fr-FR"},{"@type":"Organization","@id":"https:\/\/universnews224.com\/#organization","name":"UNIVERSNEWS224","url":"https:\/\/universnews224.com\/","logo":{"@type":"ImageObject","inLanguage":"fr-FR","@id":"https:\/\/universnews224.com\/#\/schema\/logo\/image\/","url":"https:\/\/universnews224.com\/wp-content\/uploads\/2022\/08\/cropped-cropped-logoban.jpg","contentUrl":"https:\/\/universnews224.com\/wp-content\/uploads\/2022\/08\/cropped-cropped-logoban.jpg","width":1080,"height":138,"caption":"UNIVERSNEWS224"},"image":{"@id":"https:\/\/universnews224.com\/#\/schema\/logo\/image\/"}},{"@type":"Person","@id":"https:\/\/universnews224.com\/#\/schema\/person\/a4b7d4f94a4716df60456a491260485e","name":"La R\u00e9daction","image":{"@type":"ImageObject","inLanguage":"fr-FR","@id":"https:\/\/universnews224.com\/#\/schema\/person\/image\/","url":"https:\/\/secure.gravatar.com\/avatar\/edb90acc7752b23e1b3307ad36c14f0d?s=96&d=mm&r=g","contentUrl":"https:\/\/secure.gravatar.com\/avatar\/edb90acc7752b23e1b3307ad36c14f0d?s=96&d=mm&r=g","caption":"La R\u00e9daction"},"sameAs":["https:\/\/universnews224.com"],"url":"https:\/\/universnews224.com\/index.php\/author\/m-camara\/"}]}},"_links":{"self":[{"href":"https:\/\/universnews224.com\/index.php\/wp-json\/wp\/v2\/posts\/7548"}],"collection":[{"href":"https:\/\/universnews224.com\/index.php\/wp-json\/wp\/v2\/posts"}],"about":[{"href":"https:\/\/universnews224.com\/index.php\/wp-json\/wp\/v2\/types\/post"}],"author":[{"embeddable":true,"href":"https:\/\/universnews224.com\/index.php\/wp-json\/wp\/v2\/users\/2"}],"replies":[{"embeddable":true,"href":"https:\/\/universnews224.com\/index.php\/wp-json\/wp\/v2\/comments?post=7548"}],"version-history":[{"count":1,"href":"https:\/\/universnews224.com\/index.php\/wp-json\/wp\/v2\/posts\/7548\/revisions"}],"predecessor-version":[{"id":7550,"href":"https:\/\/universnews224.com\/index.php\/wp-json\/wp\/v2\/posts\/7548\/revisions\/7550"}],"wp:featuredmedia":[{"embeddable":true,"href":"https:\/\/universnews224.com\/index.php\/wp-json\/wp\/v2\/media\/7549"}],"wp:attachment":[{"href":"https:\/\/universnews224.com\/index.php\/wp-json\/wp\/v2\/media?parent=7548"}],"wp:term":[{"taxonomy":"category","embeddable":true,"href":"https:\/\/universnews224.com\/index.php\/wp-json\/wp\/v2\/categories?post=7548"},{"taxonomy":"post_tag","embeddable":true,"href":"https:\/\/universnews224.com\/index.php\/wp-json\/wp\/v2\/tags?post=7548"}],"curies":[{"name":"wp","href":"https:\/\/api.w.org\/{rel}","templated":true}]}}