{"id":7567,"date":"2025-02-19T14:10:51","date_gmt":"2025-02-19T13:10:51","guid":{"rendered":"https:\/\/universnews224.com\/?p=7567"},"modified":"2025-02-19T14:10:51","modified_gmt":"2025-02-19T13:10:51","slug":"enlevement-dabdoul-sacko-les-forces-vives-de-guinee-condamnent-avec-la-plus-grande-fermete-communique-2","status":"publish","type":"post","link":"https:\/\/universnews224.com\/index.php\/enlevement-dabdoul-sacko-les-forces-vives-de-guinee-condamnent-avec-la-plus-grande-fermete-communique-2\/","title":{"rendered":"Enl\u00e8vement d\u2019Abdoul Sacko : les Forces Vives de Guin\u00e9e condamnent avec la plus grande fermet\u00e9 (Communiqu\u00e9)"},"content":{"rendered":"<p style=\"margin: 0px 0px 1em;padding: 0px;border: 0px;line-height: inherit;font-family: 'Helvetica Neue', Helvetica, Roboto, Arial, sans-serif;vertical-align: baseline;text-align: justify\">Les Forces Vives de Guin\u00e9e expriment leur profonde indignation face \u00e0 l\u2019enl\u00e8vement, dans la nuit du 18 au 19 f\u00e9vrier 2025, \u00e0 Kiroti, de M. Abdoul Sacko, coordinateur du Forum des Forces Sociales de Guin\u00e9e (FFSG), par des \u00e9l\u00e9ments des forces sp\u00e9ciales lourdement arm\u00e9s.<\/p>\n<p style=\"margin: 0px 0px 1em;padding: 0px;border: 0px;line-height: inherit;font-family: 'Helvetica Neue', Helvetica, Roboto, Arial, sans-serif;vertical-align: baseline;text-align: justify\">Cet autre kidnapping, qui intervient apr\u00e8s ceux de Fonik\u00e9 Mengu\u00e8, Billo Bah et Marouane Camara, dont on est sans nouvelles depuis, s\u2019est d\u00e9roul\u00e9 en dehors de toute proc\u00e9dure judiciaire, illustrant une fois de plus la d\u00e9termination de la junte \u00e0 faire taire, par tous les moyens, toutes les voix dissonantes.<\/p>\n<p style=\"margin: 0px 0px 1em;padding: 0px;border: 0px;line-height: inherit;font-family: 'Helvetica Neue', Helvetica, Roboto, Arial, sans-serif;vertical-align: baseline;text-align: justify\">Les Forces Vives de Guin\u00e9e condamnent avec la plus grande fermet\u00e9 la violence et la terreur qui ont marqu\u00e9 cet enl\u00e8vement en pleine nuit d\u2019Abdoul Sacko.<\/p>\n<div class=\"jeg_ad jeg_ad_article jnews_content_inline_3_ads  \" style=\"margin: 0px 0px 1.25em;padding: 0px;border: 0px;line-height: inherit;font-family: 'Helvetica Neue', Helvetica, Roboto, Arial, sans-serif;vertical-align: baseline;text-align: center\">\n<div class=\"ads-wrapper align-center \" style=\"margin: 1em 0px;padding: 0px;border: 0px;font: inherit;vertical-align: baseline\"><\/div>\n<\/div>\n<p style=\"margin: 0px 0px 1em;padding: 0px;border: 0px;line-height: inherit;font-family: 'Helvetica Neue', Helvetica, Roboto, Arial, sans-serif;vertical-align: baseline;text-align: justify\">L\u2019attaque men\u00e9e contre son domicile et les violences physiques exerc\u00e9es sur lui devant sa famille sont une illustration \u00e9loquente de la persistance de la folie liberticide qui s\u2019est empar\u00e9e de la junte.<\/p>\n<p style=\"margin: 0px 0px 1em;padding: 0px;border: 0px;line-height: inherit;font-family: 'Helvetica Neue', Helvetica, Roboto, Arial, sans-serif;vertical-align: baseline;text-align: justify\">Rester silencieux face \u00e0 de telles pratiques, c\u2019est cautionner la d\u00e9rive dictatoriale en cours.<\/p>\n<p style=\"margin: 0px 0px 1em;padding: 0px;border: 0px;line-height: inherit;font-family: 'Helvetica Neue', Helvetica, Roboto, Arial, sans-serif;vertical-align: baseline;text-align: justify\">Les Forces Vives de Guin\u00e9e appellent l\u2019ensemble des citoyens, des organisations de d\u00e9fense des droits humains et des partenaires internationaux \u00e0 se mobiliser pour exiger la lib\u00e9ration imm\u00e9diate et sans condition de Messieurs Abdoul Sacko, Fonik\u00e9 Mengu\u00e8, Billo Bah et Marouane Camara, et pour mettre fin \u00e0 ces atteintes graves aux droits et libert\u00e9s des Guin\u00e9ens.<\/p>\n<p style=\"margin: 0px 0px 1em;padding: 0px;border: 0px;line-height: inherit;font-family: 'Helvetica Neue', Helvetica, Roboto, Arial, sans-serif;vertical-align: baseline;text-align: justify\">\n<p style=\"margin: 0px 0px 1em;padding: 0px;border: 0px;line-height: inherit;font-family: 'Helvetica Neue', Helvetica, Roboto, Arial, sans-serif;vertical-align: baseline;text-align: justify\">Conakry, le 19 f\u00e9vrier 2025<\/p>\n<p>&nbsp;<\/p>\n<blockquote><p>Les Forces Vives de Guin\u00e9e<\/p><\/blockquote>\n","protected":false},"excerpt":{"rendered":"<p>Les Forces Vives de Guin\u00e9e expriment leur profonde indignation face \u00e0 l\u2019enl\u00e8vement, dans la nuit<\/p>\n","protected":false},"author":2,"featured_media":7562,"comment_status":"closed","ping_status":"open","sticky":false,"template":"","format":"standard","meta":[],"categories":[3],"tags":[237],"yoast_head":"<!-- This site is optimized with the Yoast SEO plugin v19.13 - https:\/\/yoast.com\/wordpress\/plugins\/seo\/ -->\n<title>Enl\u00e8vement d\u2019Abdoul Sacko : les Forces Vives de Guin\u00e9e condamnent avec la plus grande fermet\u00e9 (Communiqu\u00e9) - UNIVERSNEWS224<\/title>\n<meta name=\"robots\" content=\"index, follow, max-snippet:-1, max-image-preview:large, max-video-preview:-1\" \/>\n<link rel=\"canonical\" href=\"https:\/\/universnews224.com\/index.php\/enlevement-dabdoul-sacko-les-forces-vives-de-guinee-condamnent-avec-la-plus-grande-fermete-communique-2\/\" \/>\n<meta property=\"og:locale\" content=\"fr_FR\" \/>\n<meta property=\"og:type\" content=\"article\" \/>\n<meta property=\"og:title\" content=\"Enl\u00e8vement d\u2019Abdoul Sacko : les Forces Vives de Guin\u00e9e condamnent avec la plus grande fermet\u00e9 (Communiqu\u00e9) - UNIVERSNEWS224\" \/>\n<meta property=\"og:description\" content=\"Les Forces Vives de Guin\u00e9e expriment leur profonde indignation face \u00e0 l\u2019enl\u00e8vement, dans la nuit\" \/>\n<meta property=\"og:url\" content=\"https:\/\/universnews224.com\/index.php\/enlevement-dabdoul-sacko-les-forces-vives-de-guinee-condamnent-avec-la-plus-grande-fermete-communique-2\/\" \/>\n<meta property=\"og:site_name\" content=\"UNIVERSNEWS224\" \/>\n<meta property=\"article:published_time\" content=\"2025-02-19T13:10:51+00:00\" \/>\n<meta property=\"og:image\" content=\"https:\/\/universnews224.com\/wp-content\/uploads\/2025\/02\/forces-vivesgn.jpeg\" \/>\n\t<meta property=\"og:image:width\" content=\"555\" \/>\n\t<meta property=\"og:image:height\" content=\"361\" \/>\n\t<meta property=\"og:image:type\" content=\"image\/jpeg\" \/>\n<meta name=\"author\" content=\"La R\u00e9daction\" \/>\n<meta name=\"twitter:label1\" content=\"\u00c9crit par\" \/>\n\t<meta name=\"twitter:data1\" content=\"La R\u00e9daction\" \/>\n\t<meta name=\"twitter:label2\" content=\"Dur\u00e9e de lecture estim\u00e9e\" \/>\n\t<meta name=\"twitter:data2\" content=\"2 minutes\" \/>\n<script type=\"application\/ld+json\" class=\"yoast-schema-graph\">{\"@context\":\"https:\/\/schema.org\",\"@graph\":[{\"@type\":\"Article\",\"@id\":\"https:\/\/universnews224.com\/index.php\/enlevement-dabdoul-sacko-les-forces-vives-de-guinee-condamnent-avec-la-plus-grande-fermete-communique-2\/#article\",\"isPartOf\":{\"@id\":\"https:\/\/universnews224.com\/index.php\/enlevement-dabdoul-sacko-les-forces-vives-de-guinee-condamnent-avec-la-plus-grande-fermete-communique-2\/\"},\"author\":{\"name\":\"La R\u00e9daction\",\"@id\":\"https:\/\/universnews224.com\/#\/schema\/person\/a4b7d4f94a4716df60456a491260485e\"},\"headline\":\"Enl\u00e8vement d\u2019Abdoul Sacko : les Forces Vives de Guin\u00e9e condamnent avec la plus grande fermet\u00e9 (Communiqu\u00e9)\",\"datePublished\":\"2025-02-19T13:10:51+00:00\",\"dateModified\":\"2025-02-19T13:10:51+00:00\",\"mainEntityOfPage\":{\"@id\":\"https:\/\/universnews224.com\/index.php\/enlevement-dabdoul-sacko-les-forces-vives-de-guinee-condamnent-avec-la-plus-grande-fermete-communique-2\/\"},\"wordCount\":272,\"publisher\":{\"@id\":\"https:\/\/universnews224.com\/#organization\"},\"keywords\":[\"A la une\"],\"articleSection\":[\"ACTU\"],\"inLanguage\":\"fr-FR\"},{\"@type\":\"WebPage\",\"@id\":\"https:\/\/universnews224.com\/index.php\/enlevement-dabdoul-sacko-les-forces-vives-de-guinee-condamnent-avec-la-plus-grande-fermete-communique-2\/\",\"url\":\"https:\/\/universnews224.com\/index.php\/enlevement-dabdoul-sacko-les-forces-vives-de-guinee-condamnent-avec-la-plus-grande-fermete-communique-2\/\",\"name\":\"Enl\u00e8vement d\u2019Abdoul Sacko : les Forces Vives de Guin\u00e9e condamnent avec la plus grande fermet\u00e9 (Communiqu\u00e9) - UNIVERSNEWS224\",\"isPartOf\":{\"@id\":\"https:\/\/universnews224.com\/#website\"},\"datePublished\":\"2025-02-19T13:10:51+00:00\",\"dateModified\":\"2025-02-19T13:10:51+00:00\",\"inLanguage\":\"fr-FR\",\"potentialAction\":[{\"@type\":\"ReadAction\",\"target\":[\"https:\/\/universnews224.com\/index.php\/enlevement-dabdoul-sacko-les-forces-vives-de-guinee-condamnent-avec-la-plus-grande-fermete-communique-2\/\"]}]},{\"@type\":\"WebSite\",\"@id\":\"https:\/\/universnews224.com\/#website\",\"url\":\"https:\/\/universnews224.com\/\",\"name\":\"UNIVERSNEWS224\",\"description\":\"\",\"publisher\":{\"@id\":\"https:\/\/universnews224.com\/#organization\"},\"potentialAction\":[{\"@type\":\"SearchAction\",\"target\":{\"@type\":\"EntryPoint\",\"urlTemplate\":\"https:\/\/universnews224.com\/?s={search_term_string}\"},\"query-input\":\"required name=search_term_string\"}],\"inLanguage\":\"fr-FR\"},{\"@type\":\"Organization\",\"@id\":\"https:\/\/universnews224.com\/#organization\",\"name\":\"UNIVERSNEWS224\",\"url\":\"https:\/\/universnews224.com\/\",\"logo\":{\"@type\":\"ImageObject\",\"inLanguage\":\"fr-FR\",\"@id\":\"https:\/\/universnews224.com\/#\/schema\/logo\/image\/\",\"url\":\"https:\/\/universnews224.com\/wp-content\/uploads\/2022\/08\/cropped-cropped-logoban.jpg\",\"contentUrl\":\"https:\/\/universnews224.com\/wp-content\/uploads\/2022\/08\/cropped-cropped-logoban.jpg\",\"width\":1080,\"height\":138,\"caption\":\"UNIVERSNEWS224\"},\"image\":{\"@id\":\"https:\/\/universnews224.com\/#\/schema\/logo\/image\/\"}},{\"@type\":\"Person\",\"@id\":\"https:\/\/universnews224.com\/#\/schema\/person\/a4b7d4f94a4716df60456a491260485e\",\"name\":\"La R\u00e9daction\",\"image\":{\"@type\":\"ImageObject\",\"inLanguage\":\"fr-FR\",\"@id\":\"https:\/\/universnews224.com\/#\/schema\/person\/image\/\",\"url\":\"https:\/\/secure.gravatar.com\/avatar\/edb90acc7752b23e1b3307ad36c14f0d?s=96&d=mm&r=g\",\"contentUrl\":\"https:\/\/secure.gravatar.com\/avatar\/edb90acc7752b23e1b3307ad36c14f0d?s=96&d=mm&r=g\",\"caption\":\"La R\u00e9daction\"},\"sameAs\":[\"https:\/\/universnews224.com\"],\"url\":\"https:\/\/universnews224.com\/index.php\/author\/m-camara\/\"}]}<\/script>\n<!-- \/ Yoast SEO plugin. -->","yoast_head_json":{"title":"Enl\u00e8vement d\u2019Abdoul Sacko : les Forces Vives de Guin\u00e9e condamnent avec la plus grande fermet\u00e9 (Communiqu\u00e9) - UNIVERSNEWS224","robots":{"index":"index","follow":"follow","max-snippet":"max-snippet:-1","max-image-preview":"max-image-preview:large","max-video-preview":"max-video-preview:-1"},"canonical":"https:\/\/universnews224.com\/index.php\/enlevement-dabdoul-sacko-les-forces-vives-de-guinee-condamnent-avec-la-plus-grande-fermete-communique-2\/","og_locale":"fr_FR","og_type":"article","og_title":"Enl\u00e8vement d\u2019Abdoul Sacko : les Forces Vives de Guin\u00e9e condamnent avec la plus grande fermet\u00e9 (Communiqu\u00e9) - UNIVERSNEWS224","og_description":"Les Forces Vives de Guin\u00e9e expriment leur profonde indignation face \u00e0 l\u2019enl\u00e8vement, dans la nuit","og_url":"https:\/\/universnews224.com\/index.php\/enlevement-dabdoul-sacko-les-forces-vives-de-guinee-condamnent-avec-la-plus-grande-fermete-communique-2\/","og_site_name":"UNIVERSNEWS224","article_published_time":"2025-02-19T13:10:51+00:00","og_image":[{"width":555,"height":361,"url":"https:\/\/universnews224.com\/wp-content\/uploads\/2025\/02\/forces-vivesgn.jpeg","type":"image\/jpeg"}],"author":"La R\u00e9daction","twitter_misc":{"\u00c9crit par":"La R\u00e9daction","Dur\u00e9e de lecture estim\u00e9e":"2 minutes"},"schema":{"@context":"https:\/\/schema.org","@graph":[{"@type":"Article","@id":"https:\/\/universnews224.com\/index.php\/enlevement-dabdoul-sacko-les-forces-vives-de-guinee-condamnent-avec-la-plus-grande-fermete-communique-2\/#article","isPartOf":{"@id":"https:\/\/universnews224.com\/index.php\/enlevement-dabdoul-sacko-les-forces-vives-de-guinee-condamnent-avec-la-plus-grande-fermete-communique-2\/"},"author":{"name":"La R\u00e9daction","@id":"https:\/\/universnews224.com\/#\/schema\/person\/a4b7d4f94a4716df60456a491260485e"},"headline":"Enl\u00e8vement d\u2019Abdoul Sacko : les Forces Vives de Guin\u00e9e condamnent avec la plus grande fermet\u00e9 (Communiqu\u00e9)","datePublished":"2025-02-19T13:10:51+00:00","dateModified":"2025-02-19T13:10:51+00:00","mainEntityOfPage":{"@id":"https:\/\/universnews224.com\/index.php\/enlevement-dabdoul-sacko-les-forces-vives-de-guinee-condamnent-avec-la-plus-grande-fermete-communique-2\/"},"wordCount":272,"publisher":{"@id":"https:\/\/universnews224.com\/#organization"},"keywords":["A la une"],"articleSection":["ACTU"],"inLanguage":"fr-FR"},{"@type":"WebPage","@id":"https:\/\/universnews224.com\/index.php\/enlevement-dabdoul-sacko-les-forces-vives-de-guinee-condamnent-avec-la-plus-grande-fermete-communique-2\/","url":"https:\/\/universnews224.com\/index.php\/enlevement-dabdoul-sacko-les-forces-vives-de-guinee-condamnent-avec-la-plus-grande-fermete-communique-2\/","name":"Enl\u00e8vement d\u2019Abdoul Sacko : les Forces Vives de Guin\u00e9e condamnent avec la plus grande fermet\u00e9 (Communiqu\u00e9) - UNIVERSNEWS224","isPartOf":{"@id":"https:\/\/universnews224.com\/#website"},"datePublished":"2025-02-19T13:10:51+00:00","dateModified":"2025-02-19T13:10:51+00:00","inLanguage":"fr-FR","potentialAction":[{"@type":"ReadAction","target":["https:\/\/universnews224.com\/index.php\/enlevement-dabdoul-sacko-les-forces-vives-de-guinee-condamnent-avec-la-plus-grande-fermete-communique-2\/"]}]},{"@type":"WebSite","@id":"https:\/\/universnews224.com\/#website","url":"https:\/\/universnews224.com\/","name":"UNIVERSNEWS224","description":"","publisher":{"@id":"https:\/\/universnews224.com\/#organization"},"potentialAction":[{"@type":"SearchAction","target":{"@type":"EntryPoint","urlTemplate":"https:\/\/universnews224.com\/?s={search_term_string}"},"query-input":"required name=search_term_string"}],"inLanguage":"fr-FR"},{"@type":"Organization","@id":"https:\/\/universnews224.com\/#organization","name":"UNIVERSNEWS224","url":"https:\/\/universnews224.com\/","logo":{"@type":"ImageObject","inLanguage":"fr-FR","@id":"https:\/\/universnews224.com\/#\/schema\/logo\/image\/","url":"https:\/\/universnews224.com\/wp-content\/uploads\/2022\/08\/cropped-cropped-logoban.jpg","contentUrl":"https:\/\/universnews224.com\/wp-content\/uploads\/2022\/08\/cropped-cropped-logoban.jpg","width":1080,"height":138,"caption":"UNIVERSNEWS224"},"image":{"@id":"https:\/\/universnews224.com\/#\/schema\/logo\/image\/"}},{"@type":"Person","@id":"https:\/\/universnews224.com\/#\/schema\/person\/a4b7d4f94a4716df60456a491260485e","name":"La R\u00e9daction","image":{"@type":"ImageObject","inLanguage":"fr-FR","@id":"https:\/\/universnews224.com\/#\/schema\/person\/image\/","url":"https:\/\/secure.gravatar.com\/avatar\/edb90acc7752b23e1b3307ad36c14f0d?s=96&d=mm&r=g","contentUrl":"https:\/\/secure.gravatar.com\/avatar\/edb90acc7752b23e1b3307ad36c14f0d?s=96&d=mm&r=g","caption":"La R\u00e9daction"},"sameAs":["https:\/\/universnews224.com"],"url":"https:\/\/universnews224.com\/index.php\/author\/m-camara\/"}]}},"_links":{"self":[{"href":"https:\/\/universnews224.com\/index.php\/wp-json\/wp\/v2\/posts\/7567"}],"collection":[{"href":"https:\/\/universnews224.com\/index.php\/wp-json\/wp\/v2\/posts"}],"about":[{"href":"https:\/\/universnews224.com\/index.php\/wp-json\/wp\/v2\/types\/post"}],"author":[{"embeddable":true,"href":"https:\/\/universnews224.com\/index.php\/wp-json\/wp\/v2\/users\/2"}],"replies":[{"embeddable":true,"href":"https:\/\/universnews224.com\/index.php\/wp-json\/wp\/v2\/comments?post=7567"}],"version-history":[{"count":1,"href":"https:\/\/universnews224.com\/index.php\/wp-json\/wp\/v2\/posts\/7567\/revisions"}],"predecessor-version":[{"id":7568,"href":"https:\/\/universnews224.com\/index.php\/wp-json\/wp\/v2\/posts\/7567\/revisions\/7568"}],"wp:featuredmedia":[{"embeddable":true,"href":"https:\/\/universnews224.com\/index.php\/wp-json\/wp\/v2\/media\/7562"}],"wp:attachment":[{"href":"https:\/\/universnews224.com\/index.php\/wp-json\/wp\/v2\/media?parent=7567"}],"wp:term":[{"taxonomy":"category","embeddable":true,"href":"https:\/\/universnews224.com\/index.php\/wp-json\/wp\/v2\/categories?post=7567"},{"taxonomy":"post_tag","embeddable":true,"href":"https:\/\/universnews224.com\/index.php\/wp-json\/wp\/v2\/tags?post=7567"}],"curies":[{"name":"wp","href":"https:\/\/api.w.org\/{rel}","templated":true}]}}