{"id":7572,"date":"2025-02-20T17:11:42","date_gmt":"2025-02-20T16:11:42","guid":{"rendered":"https:\/\/universnews224.com\/?p=7572"},"modified":"2025-02-20T17:11:42","modified_gmt":"2025-02-20T16:11:42","slug":"guinee-lactiviste-abdoul-sacko-retrouve-dans-un-etat-critique-communique-des-avocats","status":"publish","type":"post","link":"https:\/\/universnews224.com\/index.php\/guinee-lactiviste-abdoul-sacko-retrouve-dans-un-etat-critique-communique-des-avocats\/","title":{"rendered":"Guin\u00e9e: l\u2019activiste Abdoul Sacko retrouv\u00e9 dans un \u00e9tat critique (Communiqu\u00e9 des avocats)"},"content":{"rendered":"<p dir=\"ltr\" style=\"line-height: 1.38;margin-top: 0.0pt;margin-bottom: 0.0pt\"><span style=\"font-size: 11pt;font-family: Arial, sans-serif;color: #000000;background-color: transparent;vertical-align: baseline\">COMMUNIQUE DU COLLECTIF DES AVOCATS DE MONSIEUR ABDOUL SACKO<\/span><\/p>\n<p dir=\"ltr\">\n<p dir=\"ltr\" style=\"line-height: 1.38;margin-top: 0.0pt;margin-bottom: 0.0pt\"><span style=\"font-size: 11pt;font-family: Arial, sans-serif;color: #000000;background-color: transparent;vertical-align: baseline\">En notre qualit\u00e9 de conseils du Coordinateur National du Forum des Forces Sociales de Guin\u00e9e, Monsieur Abdoul SACKO, nous informons l\u2019opinion nationale et internationale, que notre client a \u00e9t\u00e9 retrouv\u00e9 dans la soir\u00e9e d\u2019hier par des paysans, dans un \u00e9tat critique, tortur\u00e9 et abandonn\u00e9 par ses ravisseurs en brousse pr\u00e8s le camp 66 dans la pr\u00e9fecture de For\u00e9cariah.<\/span><\/p>\n<p dir=\"ltr\">\n<p dir=\"ltr\" style=\"line-height: 1.38;margin-top: 0.0pt;margin-bottom: 0.0pt\"><span style=\"font-size: 11pt;font-family: Arial, sans-serif;color: #000000;background-color: transparent;vertical-align: baseline\">D\u00e8s r\u00e9ception de la nouvelle par la famille et au regard de son \u00e9tat de sant\u00e9 critique, des dispositions ont \u00e9t\u00e9 prises afin qu\u2019il re\u00e7oive les soins primaires dans une clinique \u00e0 Conakry.<\/span><\/p>\n<p dir=\"ltr\" style=\"line-height: 1.38;margin-top: 0.0pt;margin-bottom: 0.0pt\"><span style=\"font-size: 11pt;font-family: Arial, sans-serif;color: #000000;background-color: transparent;vertical-align: baseline\">En attendant le rapport m\u00e9dical complet de cette clinique, notre client est plac\u00e9 en un lieu pour des raisons de sant\u00e9 et de s\u00e9curit\u00e9. Une communication sera rendue publique par ses avocats que nous sommes, d\u00e8s r\u00e9ception du rapport m\u00e9dical.<\/span><\/p>\n<p dir=\"ltr\" style=\"line-height: 1.38;margin-top: 0.0pt;margin-bottom: 0.0pt\"><span style=\"font-size: 11pt;font-family: Arial, sans-serif;color: #000000;background-color: transparent;vertical-align: baseline\">Mais avant, nous invitons Monsieur le Procureur de la R\u00e9publique pr\u00e8s le Tribunal de premi\u00e8re instance de Dixinn, de prendre les dispositions idoines pour situer l\u2019opinion nationale et internationale sur les auteurs de cet enl\u00e8vement et les traduire devant la justice. A cet effet, le Collectif entend rencontrer Monsieur le Procureur dans les heures qui suivent pour d\u00e9cider de la marche \u00e0 suivre.<\/span><\/p>\n<p dir=\"ltr\">\n<p dir=\"ltr\" style=\"line-height: 1.38;margin-top: 0.0pt;margin-bottom: 0.0pt\"><span style=\"font-size: 11pt;font-family: Arial, sans-serif;color: #000000;background-color: transparent;vertical-align: baseline\">Le Collectif rappelle que cet enl\u00e8vement fait suite \u00e0 des menaces que notre client et certains de ses collaborateurs avaient re\u00e7us et en pr\u00e9vention desquelles une plainte r\u00e9guli\u00e8re contre X avait \u00e9t\u00e9 d\u00e9pos\u00e9e au parquet de Dixinn.<\/span><\/p>\n<p dir=\"ltr\" style=\"line-height: 1.38;margin-top: 0.0pt;margin-bottom: 0.0pt\"><span style=\"font-size: 11pt;font-family: Arial, sans-serif;color: #000000;background-color: transparent;vertical-align: baseline\">Enfin, le Collectif tient \u00e0 remercier tous ceux qui de pr\u00e8s ou de loin ont marqu\u00e9 leur solidarit\u00e9 \u00e0 notre cliente et sa famille.<\/span><\/p>\n<p>&nbsp;<\/p>\n<p dir=\"ltr\" style=\"line-height: 1.38;margin-top: 0.0pt;margin-bottom: 0.0pt\"><span style=\"font-size: 11pt;font-family: Arial, sans-serif;color: #000000;background-color: transparent;vertical-align: baseline\">Fait \u00e0 Conakry, le 20 f\u00e9vrier 2025<\/span><\/p>\n<p>&nbsp;<\/p>\n<p dir=\"ltr\" style=\"line-height: 1.38;margin-top: 0.0pt;margin-bottom: 0.0pt\"><span style=\"font-size: 11pt;font-family: Arial, sans-serif;color: #000000;background-color: transparent;vertical-align: baseline\">Le Collectif,<\/span><\/p>\n<p>&nbsp;<\/p>\n<p dir=\"ltr\" style=\"line-height: 1.38;margin-top: 0.0pt;margin-bottom: 0.0pt\"><span style=\"font-size: 11pt;font-family: Arial, sans-serif;color: #000000;background-color: transparent;vertical-align: baseline\">Ma\u00eetre Almamy Samory TRAOR\u00c9 \u00ab AST \u00bb<\/span><\/p>\n<p>&nbsp;<\/p>\n<p dir=\"ltr\" style=\"line-height: 1.38;margin-top: 0.0pt;margin-bottom: 0.0pt\"><span style=\"font-size: 11pt;font-family: Arial, sans-serif;color: #000000;background-color: transparent;vertical-align: baseline\">Ma\u00eetre S\u00e9kou KEITA<\/span><\/p>\n<p>&nbsp;<\/p>\n<p dir=\"ltr\" style=\"line-height: 1.38;margin-top: 0.0pt;margin-bottom: 0.0pt\"><span style=\"font-size: 11pt;font-family: Arial, sans-serif;color: #000000;background-color: transparent;vertical-align: baseline\">Ma\u00eetre Salifou BEAVOGUI<\/span><\/p>\n<p>&nbsp;<\/p>\n","protected":false},"excerpt":{"rendered":"<p>COMMUNIQUE DU COLLECTIF DES AVOCATS DE MONSIEUR ABDOUL SACKO En notre qualit\u00e9 de conseils du<\/p>\n","protected":false},"author":2,"featured_media":7570,"comment_status":"closed","ping_status":"open","sticky":false,"template":"","format":"standard","meta":[],"categories":[3,5],"tags":[237],"yoast_head":"<!-- This site is optimized with the Yoast SEO plugin v19.13 - https:\/\/yoast.com\/wordpress\/plugins\/seo\/ -->\n<title>Guin\u00e9e: l\u2019activiste Abdoul Sacko retrouv\u00e9 dans un \u00e9tat critique (Communiqu\u00e9 des avocats) - UNIVERSNEWS224<\/title>\n<meta name=\"robots\" content=\"index, follow, max-snippet:-1, max-image-preview:large, max-video-preview:-1\" \/>\n<link rel=\"canonical\" href=\"https:\/\/universnews224.com\/index.php\/guinee-lactiviste-abdoul-sacko-retrouve-dans-un-etat-critique-communique-des-avocats\/\" \/>\n<meta property=\"og:locale\" content=\"fr_FR\" \/>\n<meta property=\"og:type\" content=\"article\" \/>\n<meta property=\"og:title\" content=\"Guin\u00e9e: l\u2019activiste Abdoul Sacko retrouv\u00e9 dans un \u00e9tat critique (Communiqu\u00e9 des avocats) - UNIVERSNEWS224\" \/>\n<meta property=\"og:description\" content=\"COMMUNIQUE DU COLLECTIF DES AVOCATS DE MONSIEUR ABDOUL SACKO En notre qualit\u00e9 de conseils du\" \/>\n<meta property=\"og:url\" content=\"https:\/\/universnews224.com\/index.php\/guinee-lactiviste-abdoul-sacko-retrouve-dans-un-etat-critique-communique-des-avocats\/\" \/>\n<meta property=\"og:site_name\" content=\"UNIVERSNEWS224\" \/>\n<meta property=\"article:published_time\" content=\"2025-02-20T16:11:42+00:00\" \/>\n<meta property=\"og:image\" content=\"https:\/\/universnews224.com\/wp-content\/uploads\/2025\/02\/IMG-20250219-WA0005-499x375-1.jpg\" \/>\n\t<meta property=\"og:image:width\" content=\"499\" \/>\n\t<meta property=\"og:image:height\" content=\"375\" \/>\n\t<meta property=\"og:image:type\" content=\"image\/jpeg\" \/>\n<meta name=\"author\" content=\"La R\u00e9daction\" \/>\n<meta name=\"twitter:label1\" content=\"\u00c9crit par\" \/>\n\t<meta name=\"twitter:data1\" content=\"La R\u00e9daction\" \/>\n\t<meta name=\"twitter:label2\" content=\"Dur\u00e9e de lecture estim\u00e9e\" \/>\n\t<meta name=\"twitter:data2\" content=\"2 minutes\" \/>\n<script type=\"application\/ld+json\" class=\"yoast-schema-graph\">{\"@context\":\"https:\/\/schema.org\",\"@graph\":[{\"@type\":\"Article\",\"@id\":\"https:\/\/universnews224.com\/index.php\/guinee-lactiviste-abdoul-sacko-retrouve-dans-un-etat-critique-communique-des-avocats\/#article\",\"isPartOf\":{\"@id\":\"https:\/\/universnews224.com\/index.php\/guinee-lactiviste-abdoul-sacko-retrouve-dans-un-etat-critique-communique-des-avocats\/\"},\"author\":{\"name\":\"La R\u00e9daction\",\"@id\":\"https:\/\/universnews224.com\/#\/schema\/person\/a4b7d4f94a4716df60456a491260485e\"},\"headline\":\"Guin\u00e9e: l\u2019activiste Abdoul Sacko retrouv\u00e9 dans un \u00e9tat critique (Communiqu\u00e9 des avocats)\",\"datePublished\":\"2025-02-20T16:11:42+00:00\",\"dateModified\":\"2025-02-20T16:11:42+00:00\",\"mainEntityOfPage\":{\"@id\":\"https:\/\/universnews224.com\/index.php\/guinee-lactiviste-abdoul-sacko-retrouve-dans-un-etat-critique-communique-des-avocats\/\"},\"wordCount\":330,\"publisher\":{\"@id\":\"https:\/\/universnews224.com\/#organization\"},\"keywords\":[\"A la une\"],\"articleSection\":[\"ACTU\",\"SOCI\u00c9T\u00c9\"],\"inLanguage\":\"fr-FR\"},{\"@type\":\"WebPage\",\"@id\":\"https:\/\/universnews224.com\/index.php\/guinee-lactiviste-abdoul-sacko-retrouve-dans-un-etat-critique-communique-des-avocats\/\",\"url\":\"https:\/\/universnews224.com\/index.php\/guinee-lactiviste-abdoul-sacko-retrouve-dans-un-etat-critique-communique-des-avocats\/\",\"name\":\"Guin\u00e9e: l\u2019activiste Abdoul Sacko retrouv\u00e9 dans un \u00e9tat critique (Communiqu\u00e9 des avocats) - UNIVERSNEWS224\",\"isPartOf\":{\"@id\":\"https:\/\/universnews224.com\/#website\"},\"datePublished\":\"2025-02-20T16:11:42+00:00\",\"dateModified\":\"2025-02-20T16:11:42+00:00\",\"inLanguage\":\"fr-FR\",\"potentialAction\":[{\"@type\":\"ReadAction\",\"target\":[\"https:\/\/universnews224.com\/index.php\/guinee-lactiviste-abdoul-sacko-retrouve-dans-un-etat-critique-communique-des-avocats\/\"]}]},{\"@type\":\"WebSite\",\"@id\":\"https:\/\/universnews224.com\/#website\",\"url\":\"https:\/\/universnews224.com\/\",\"name\":\"UNIVERSNEWS224\",\"description\":\"\",\"publisher\":{\"@id\":\"https:\/\/universnews224.com\/#organization\"},\"potentialAction\":[{\"@type\":\"SearchAction\",\"target\":{\"@type\":\"EntryPoint\",\"urlTemplate\":\"https:\/\/universnews224.com\/?s={search_term_string}\"},\"query-input\":\"required name=search_term_string\"}],\"inLanguage\":\"fr-FR\"},{\"@type\":\"Organization\",\"@id\":\"https:\/\/universnews224.com\/#organization\",\"name\":\"UNIVERSNEWS224\",\"url\":\"https:\/\/universnews224.com\/\",\"logo\":{\"@type\":\"ImageObject\",\"inLanguage\":\"fr-FR\",\"@id\":\"https:\/\/universnews224.com\/#\/schema\/logo\/image\/\",\"url\":\"https:\/\/universnews224.com\/wp-content\/uploads\/2022\/08\/cropped-cropped-logoban.jpg\",\"contentUrl\":\"https:\/\/universnews224.com\/wp-content\/uploads\/2022\/08\/cropped-cropped-logoban.jpg\",\"width\":1080,\"height\":138,\"caption\":\"UNIVERSNEWS224\"},\"image\":{\"@id\":\"https:\/\/universnews224.com\/#\/schema\/logo\/image\/\"}},{\"@type\":\"Person\",\"@id\":\"https:\/\/universnews224.com\/#\/schema\/person\/a4b7d4f94a4716df60456a491260485e\",\"name\":\"La R\u00e9daction\",\"image\":{\"@type\":\"ImageObject\",\"inLanguage\":\"fr-FR\",\"@id\":\"https:\/\/universnews224.com\/#\/schema\/person\/image\/\",\"url\":\"https:\/\/secure.gravatar.com\/avatar\/edb90acc7752b23e1b3307ad36c14f0d?s=96&d=mm&r=g\",\"contentUrl\":\"https:\/\/secure.gravatar.com\/avatar\/edb90acc7752b23e1b3307ad36c14f0d?s=96&d=mm&r=g\",\"caption\":\"La R\u00e9daction\"},\"sameAs\":[\"https:\/\/universnews224.com\"],\"url\":\"https:\/\/universnews224.com\/index.php\/author\/m-camara\/\"}]}<\/script>\n<!-- \/ Yoast SEO plugin. -->","yoast_head_json":{"title":"Guin\u00e9e: l\u2019activiste Abdoul Sacko retrouv\u00e9 dans un \u00e9tat critique (Communiqu\u00e9 des avocats) - UNIVERSNEWS224","robots":{"index":"index","follow":"follow","max-snippet":"max-snippet:-1","max-image-preview":"max-image-preview:large","max-video-preview":"max-video-preview:-1"},"canonical":"https:\/\/universnews224.com\/index.php\/guinee-lactiviste-abdoul-sacko-retrouve-dans-un-etat-critique-communique-des-avocats\/","og_locale":"fr_FR","og_type":"article","og_title":"Guin\u00e9e: l\u2019activiste Abdoul Sacko retrouv\u00e9 dans un \u00e9tat critique (Communiqu\u00e9 des avocats) - UNIVERSNEWS224","og_description":"COMMUNIQUE DU COLLECTIF DES AVOCATS DE MONSIEUR ABDOUL SACKO En notre qualit\u00e9 de conseils du","og_url":"https:\/\/universnews224.com\/index.php\/guinee-lactiviste-abdoul-sacko-retrouve-dans-un-etat-critique-communique-des-avocats\/","og_site_name":"UNIVERSNEWS224","article_published_time":"2025-02-20T16:11:42+00:00","og_image":[{"width":499,"height":375,"url":"https:\/\/universnews224.com\/wp-content\/uploads\/2025\/02\/IMG-20250219-WA0005-499x375-1.jpg","type":"image\/jpeg"}],"author":"La R\u00e9daction","twitter_misc":{"\u00c9crit par":"La R\u00e9daction","Dur\u00e9e de lecture estim\u00e9e":"2 minutes"},"schema":{"@context":"https:\/\/schema.org","@graph":[{"@type":"Article","@id":"https:\/\/universnews224.com\/index.php\/guinee-lactiviste-abdoul-sacko-retrouve-dans-un-etat-critique-communique-des-avocats\/#article","isPartOf":{"@id":"https:\/\/universnews224.com\/index.php\/guinee-lactiviste-abdoul-sacko-retrouve-dans-un-etat-critique-communique-des-avocats\/"},"author":{"name":"La R\u00e9daction","@id":"https:\/\/universnews224.com\/#\/schema\/person\/a4b7d4f94a4716df60456a491260485e"},"headline":"Guin\u00e9e: l\u2019activiste Abdoul Sacko retrouv\u00e9 dans un \u00e9tat critique (Communiqu\u00e9 des avocats)","datePublished":"2025-02-20T16:11:42+00:00","dateModified":"2025-02-20T16:11:42+00:00","mainEntityOfPage":{"@id":"https:\/\/universnews224.com\/index.php\/guinee-lactiviste-abdoul-sacko-retrouve-dans-un-etat-critique-communique-des-avocats\/"},"wordCount":330,"publisher":{"@id":"https:\/\/universnews224.com\/#organization"},"keywords":["A la une"],"articleSection":["ACTU","SOCI\u00c9T\u00c9"],"inLanguage":"fr-FR"},{"@type":"WebPage","@id":"https:\/\/universnews224.com\/index.php\/guinee-lactiviste-abdoul-sacko-retrouve-dans-un-etat-critique-communique-des-avocats\/","url":"https:\/\/universnews224.com\/index.php\/guinee-lactiviste-abdoul-sacko-retrouve-dans-un-etat-critique-communique-des-avocats\/","name":"Guin\u00e9e: l\u2019activiste Abdoul Sacko retrouv\u00e9 dans un \u00e9tat critique (Communiqu\u00e9 des avocats) - UNIVERSNEWS224","isPartOf":{"@id":"https:\/\/universnews224.com\/#website"},"datePublished":"2025-02-20T16:11:42+00:00","dateModified":"2025-02-20T16:11:42+00:00","inLanguage":"fr-FR","potentialAction":[{"@type":"ReadAction","target":["https:\/\/universnews224.com\/index.php\/guinee-lactiviste-abdoul-sacko-retrouve-dans-un-etat-critique-communique-des-avocats\/"]}]},{"@type":"WebSite","@id":"https:\/\/universnews224.com\/#website","url":"https:\/\/universnews224.com\/","name":"UNIVERSNEWS224","description":"","publisher":{"@id":"https:\/\/universnews224.com\/#organization"},"potentialAction":[{"@type":"SearchAction","target":{"@type":"EntryPoint","urlTemplate":"https:\/\/universnews224.com\/?s={search_term_string}"},"query-input":"required name=search_term_string"}],"inLanguage":"fr-FR"},{"@type":"Organization","@id":"https:\/\/universnews224.com\/#organization","name":"UNIVERSNEWS224","url":"https:\/\/universnews224.com\/","logo":{"@type":"ImageObject","inLanguage":"fr-FR","@id":"https:\/\/universnews224.com\/#\/schema\/logo\/image\/","url":"https:\/\/universnews224.com\/wp-content\/uploads\/2022\/08\/cropped-cropped-logoban.jpg","contentUrl":"https:\/\/universnews224.com\/wp-content\/uploads\/2022\/08\/cropped-cropped-logoban.jpg","width":1080,"height":138,"caption":"UNIVERSNEWS224"},"image":{"@id":"https:\/\/universnews224.com\/#\/schema\/logo\/image\/"}},{"@type":"Person","@id":"https:\/\/universnews224.com\/#\/schema\/person\/a4b7d4f94a4716df60456a491260485e","name":"La R\u00e9daction","image":{"@type":"ImageObject","inLanguage":"fr-FR","@id":"https:\/\/universnews224.com\/#\/schema\/person\/image\/","url":"https:\/\/secure.gravatar.com\/avatar\/edb90acc7752b23e1b3307ad36c14f0d?s=96&d=mm&r=g","contentUrl":"https:\/\/secure.gravatar.com\/avatar\/edb90acc7752b23e1b3307ad36c14f0d?s=96&d=mm&r=g","caption":"La R\u00e9daction"},"sameAs":["https:\/\/universnews224.com"],"url":"https:\/\/universnews224.com\/index.php\/author\/m-camara\/"}]}},"_links":{"self":[{"href":"https:\/\/universnews224.com\/index.php\/wp-json\/wp\/v2\/posts\/7572"}],"collection":[{"href":"https:\/\/universnews224.com\/index.php\/wp-json\/wp\/v2\/posts"}],"about":[{"href":"https:\/\/universnews224.com\/index.php\/wp-json\/wp\/v2\/types\/post"}],"author":[{"embeddable":true,"href":"https:\/\/universnews224.com\/index.php\/wp-json\/wp\/v2\/users\/2"}],"replies":[{"embeddable":true,"href":"https:\/\/universnews224.com\/index.php\/wp-json\/wp\/v2\/comments?post=7572"}],"version-history":[{"count":1,"href":"https:\/\/universnews224.com\/index.php\/wp-json\/wp\/v2\/posts\/7572\/revisions"}],"predecessor-version":[{"id":7573,"href":"https:\/\/universnews224.com\/index.php\/wp-json\/wp\/v2\/posts\/7572\/revisions\/7573"}],"wp:featuredmedia":[{"embeddable":true,"href":"https:\/\/universnews224.com\/index.php\/wp-json\/wp\/v2\/media\/7570"}],"wp:attachment":[{"href":"https:\/\/universnews224.com\/index.php\/wp-json\/wp\/v2\/media?parent=7572"}],"wp:term":[{"taxonomy":"category","embeddable":true,"href":"https:\/\/universnews224.com\/index.php\/wp-json\/wp\/v2\/categories?post=7572"},{"taxonomy":"post_tag","embeddable":true,"href":"https:\/\/universnews224.com\/index.php\/wp-json\/wp\/v2\/tags?post=7572"}],"curies":[{"name":"wp","href":"https:\/\/api.w.org\/{rel}","templated":true}]}}