{"id":7574,"date":"2025-02-20T23:31:09","date_gmt":"2025-02-20T22:31:09","guid":{"rendered":"https:\/\/universnews224.com\/?p=7574"},"modified":"2025-02-20T23:31:09","modified_gmt":"2025-02-20T22:31:09","slug":"conakry-lancement-de-la-troisieme-edition-du-forum-economique-emergence-magazine","status":"publish","type":"post","link":"https:\/\/universnews224.com\/index.php\/conakry-lancement-de-la-troisieme-edition-du-forum-economique-emergence-magazine\/","title":{"rendered":"Conakry: Lancement de la troisi\u00e8me \u00e9dition du Forum \u00e9conomique Emergence magazine"},"content":{"rendered":"<p>La troisi\u00e8me \u00e9dition du Forum \u00e9conomique d\u2019\u00e9mergence Magazine (FEEM), a \u00e9t\u00e9 lanc\u00e9e ce jeudi 20 f\u00e9vrier 2025 dans un r\u00e9ceptif h\u00f4telier de la capitale Conakry. La c\u00e9r\u00e9monie de lancement a regroup\u00e9 des experts ainsi que des acteurs de l\u2019\u00e9cosyst\u00e8me socio\u00e9conomique du pays. \u00a0\u00bb programme Simandou 2040, les enjeux pour l&rsquo;\u00e9conomie guin\u00e9enne \u00a0\u00bb c\u2019est le th\u00e8me de cette \u00e9dition pr\u00e9sid\u00e9 par le ministre directeur de cabinet \u00e0 la primature Mohamed Lamine Sy Savan\u00e9.<a href=\"https:\/\/universnews224.com\/wp-content\/uploads\/2025\/02\/IMG-20250220-WA0018.jpg\"><img loading=\"lazy\" class=\"alignnone size-medium wp-image-7576\" src=\"https:\/\/universnews224.com\/wp-content\/uploads\/2025\/02\/IMG-20250220-WA0018-300x200.jpg\" alt=\"\" width=\"300\" height=\"200\" srcset=\"https:\/\/universnews224.com\/wp-content\/uploads\/2025\/02\/IMG-20250220-WA0018-300x200.jpg 300w, https:\/\/universnews224.com\/wp-content\/uploads\/2025\/02\/IMG-20250220-WA0018-1024x683.jpg 1024w, https:\/\/universnews224.com\/wp-content\/uploads\/2025\/02\/IMG-20250220-WA0018-768x512.jpg 768w, https:\/\/universnews224.com\/wp-content\/uploads\/2025\/02\/IMG-20250220-WA0018.jpg 1080w\" sizes=\"(max-width: 300px) 100vw, 300px\" \/><\/a><\/p>\n<p>Cet \u00e9v\u00e8nement va se d\u00e9rouler sur deux jours \u00e0 travers des panels portant sur divers secteurs, des formations et prendra fin par la c\u00e9r\u00e9monie de distinctions.<\/p>\n<p>Dans son discours de circonstance, M. Lamine Mognouma Ciss\u00e9 l&rsquo;un des membres de cette structure indique que cette ann\u00e9e le forum se tient sous un th\u00e8me qui r\u00e9sonne comme un appel \u00e0 l\u2019action collective et \u00e0 la r\u00e9flexion strat\u00e9gique :\u00ab Programme Simandou 2040 : Les Enjeux pour l&rsquo;\u00c9conomie Guin\u00e9enne \u00bb.<a href=\"https:\/\/universnews224.com\/wp-content\/uploads\/2025\/02\/IMG-20250220-WA0025.jpg\"><img loading=\"lazy\" class=\"alignnone size-medium wp-image-7575\" src=\"https:\/\/universnews224.com\/wp-content\/uploads\/2025\/02\/IMG-20250220-WA0025-300x200.jpg\" alt=\"\" width=\"300\" height=\"200\" srcset=\"https:\/\/universnews224.com\/wp-content\/uploads\/2025\/02\/IMG-20250220-WA0025-300x200.jpg 300w, https:\/\/universnews224.com\/wp-content\/uploads\/2025\/02\/IMG-20250220-WA0025-1024x683.jpg 1024w, https:\/\/universnews224.com\/wp-content\/uploads\/2025\/02\/IMG-20250220-WA0025-768x512.jpg 768w, https:\/\/universnews224.com\/wp-content\/uploads\/2025\/02\/IMG-20250220-WA0025.jpg 1080w\" sizes=\"(max-width: 300px) 100vw, 300px\" \/><\/a><\/p>\n<p>\u00abCe th\u00e8me n&rsquo;est pas seulement un sujet de d\u00e9bat. Mais une boussole pour orienter nos efforts vers une transformation \u00e9conomique durable et inclusive. Le massif de Simandou, souvent qualifi\u00e9 de \u00abon \u00e9conomique de la Guin\u00e9e \u00bb, repr\u00e9sente bien plus qu&rsquo;une r\u00e9serve de minerai. Il incarne I&rsquo;espoir, le potentiel et la responsabilit\u00e9 d&rsquo;une nation tout enti\u00e8re. Avec ses r\u00e9serves estim\u00e9es \u00e0 plus de 2 milliards de tonnes de minerai de fer de haute teneur, Simandou est I&rsquo;un des gisements les plus riches au monde.Il est opportun de savoir que la tenue du FEEM 2025 vise \u00e0 en faire un laboratoire d&rsquo;ld\u00e9es et d&rsquo;Actions au service du Simandou 2040. Ce forum n&rsquo;est pas une simple tribune de discussions, mais un espace de co-construction et d&rsquo;actions concr\u00e8tes. Les ateliers th\u00e9matiques, les panels d&rsquo;experts et les tables rondes aboutiront \u00e0 des recommandations pratiques, qui seront consign\u00e9es dans un Livre Blanc \u00bb, a-t-il pr\u00e9cis\u00e9 M. Ciss\u00e9.<\/p>\n<p>Pour sa part, le ministre directeur de cabinet \u00e0 la primature Mohamed Lamine Sy Savan\u00e9, qui a par ailleurs repr\u00e9sent\u00e9 le premier ministre Amadou Oury Bah, avec les messages de sensibilisation autour du projet Simandou. <a href=\"https:\/\/universnews224.com\/wp-content\/uploads\/2025\/02\/IMG-20250220-WA0021.jpg\"><img loading=\"lazy\" class=\"alignnone size-medium wp-image-7577\" src=\"https:\/\/universnews224.com\/wp-content\/uploads\/2025\/02\/IMG-20250220-WA0021-300x200.jpg\" alt=\"\" width=\"300\" height=\"200\" srcset=\"https:\/\/universnews224.com\/wp-content\/uploads\/2025\/02\/IMG-20250220-WA0021-300x200.jpg 300w, https:\/\/universnews224.com\/wp-content\/uploads\/2025\/02\/IMG-20250220-WA0021-1024x683.jpg 1024w, https:\/\/universnews224.com\/wp-content\/uploads\/2025\/02\/IMG-20250220-WA0021-768x512.jpg 768w, https:\/\/universnews224.com\/wp-content\/uploads\/2025\/02\/IMG-20250220-WA0021.jpg 1080w\" sizes=\"(max-width: 300px) 100vw, 300px\" \/><\/a><\/p>\n<p>\u00ab Vous \u00eates la force vive de cette nation les jeunes, et c&rsquo;est \u00e0 vous que nous devons penser lorsque nous \u00e9voquUons des projets d&rsquo;envergure comme le programme Simandou 2040. Ce programme ainsi que le projet qui lui est adoss\u00e9 n&rsquo;est pas seulement une opportunit\u00e9 \u00e9conomique, c&rsquo;est une chance historique de transformer durablement notre pays, de cr\u00e9er des emplois, de d\u00e9velopper des comp\u00e9tences, et de b\u00e2tir un avenir prosp\u00e8re pour les g\u00e9n\u00e9rations futures. Vous \u00eates les acteurs de ce changement, et nous comptons sur votre \u00e9nergie, votre cr\u00e9ativit\u00e9 et votre engagement pour faire de cette ambition Une r\u00e9alit\u00e9. je suis convaincu que les d\u00e9bats seront riches et fructueux, et qu&rsquo;ils aboutiront \u00e0 des propositions concr\u00e8tes et innovantes, qui serviront de force de proposition pour le d\u00e9veloppement de notre pays \u00bb, dira le ministre directeur de cabinet.<\/p>\n<p><a href=\"https:\/\/universnews224.com\/wp-content\/uploads\/2025\/02\/IMG-20250220-WA0027.jpg\"><img loading=\"lazy\" class=\"alignnone size-medium wp-image-7578\" src=\"https:\/\/universnews224.com\/wp-content\/uploads\/2025\/02\/IMG-20250220-WA0027-300x200.jpg\" alt=\"\" width=\"300\" height=\"200\" srcset=\"https:\/\/universnews224.com\/wp-content\/uploads\/2025\/02\/IMG-20250220-WA0027-300x200.jpg 300w, https:\/\/universnews224.com\/wp-content\/uploads\/2025\/02\/IMG-20250220-WA0027-1024x683.jpg 1024w, https:\/\/universnews224.com\/wp-content\/uploads\/2025\/02\/IMG-20250220-WA0027-768x512.jpg 768w, https:\/\/universnews224.com\/wp-content\/uploads\/2025\/02\/IMG-20250220-WA0027.jpg 1080w\" sizes=\"(max-width: 300px) 100vw, 300px\" \/><\/a>Sana Sylla.<\/p>\n","protected":false},"excerpt":{"rendered":"<p>La troisi\u00e8me \u00e9dition du Forum \u00e9conomique d\u2019\u00e9mergence Magazine (FEEM), a \u00e9t\u00e9 lanc\u00e9e ce jeudi 20<\/p>\n","protected":false},"author":2,"featured_media":7579,"comment_status":"closed","ping_status":"open","sticky":false,"template":"","format":"standard","meta":[],"categories":[3,5],"tags":[237],"yoast_head":"<!-- This site is optimized with the Yoast SEO plugin v19.13 - https:\/\/yoast.com\/wordpress\/plugins\/seo\/ -->\n<title>Conakry: Lancement de la troisi\u00e8me \u00e9dition du Forum \u00e9conomique Emergence magazine - UNIVERSNEWS224<\/title>\n<meta name=\"robots\" content=\"index, follow, max-snippet:-1, max-image-preview:large, max-video-preview:-1\" \/>\n<link rel=\"canonical\" href=\"https:\/\/universnews224.com\/index.php\/conakry-lancement-de-la-troisieme-edition-du-forum-economique-emergence-magazine\/\" \/>\n<meta property=\"og:locale\" content=\"fr_FR\" \/>\n<meta property=\"og:type\" content=\"article\" \/>\n<meta property=\"og:title\" content=\"Conakry: Lancement de la troisi\u00e8me \u00e9dition du Forum \u00e9conomique Emergence magazine - UNIVERSNEWS224\" \/>\n<meta property=\"og:description\" content=\"La troisi\u00e8me \u00e9dition du Forum \u00e9conomique d\u2019\u00e9mergence Magazine (FEEM), a \u00e9t\u00e9 lanc\u00e9e ce jeudi 20\" \/>\n<meta property=\"og:url\" content=\"https:\/\/universnews224.com\/index.php\/conakry-lancement-de-la-troisieme-edition-du-forum-economique-emergence-magazine\/\" \/>\n<meta property=\"og:site_name\" content=\"UNIVERSNEWS224\" \/>\n<meta property=\"article:published_time\" content=\"2025-02-20T22:31:09+00:00\" \/>\n<meta property=\"og:image\" content=\"https:\/\/universnews224.com\/wp-content\/uploads\/2025\/02\/IMG-20250220-WA0024.jpg\" \/>\n\t<meta property=\"og:image:width\" content=\"1080\" \/>\n\t<meta property=\"og:image:height\" content=\"720\" \/>\n\t<meta property=\"og:image:type\" content=\"image\/jpeg\" \/>\n<meta name=\"author\" content=\"La R\u00e9daction\" \/>\n<meta name=\"twitter:label1\" content=\"\u00c9crit par\" \/>\n\t<meta name=\"twitter:data1\" content=\"La R\u00e9daction\" \/>\n\t<meta name=\"twitter:label2\" content=\"Dur\u00e9e de lecture estim\u00e9e\" \/>\n\t<meta name=\"twitter:data2\" content=\"4 minutes\" \/>\n<script type=\"application\/ld+json\" class=\"yoast-schema-graph\">{\"@context\":\"https:\/\/schema.org\",\"@graph\":[{\"@type\":\"Article\",\"@id\":\"https:\/\/universnews224.com\/index.php\/conakry-lancement-de-la-troisieme-edition-du-forum-economique-emergence-magazine\/#article\",\"isPartOf\":{\"@id\":\"https:\/\/universnews224.com\/index.php\/conakry-lancement-de-la-troisieme-edition-du-forum-economique-emergence-magazine\/\"},\"author\":{\"name\":\"La R\u00e9daction\",\"@id\":\"https:\/\/universnews224.com\/#\/schema\/person\/a4b7d4f94a4716df60456a491260485e\"},\"headline\":\"Conakry: Lancement de la troisi\u00e8me \u00e9dition du Forum \u00e9conomique Emergence magazine\",\"datePublished\":\"2025-02-20T22:31:09+00:00\",\"dateModified\":\"2025-02-20T22:31:09+00:00\",\"mainEntityOfPage\":{\"@id\":\"https:\/\/universnews224.com\/index.php\/conakry-lancement-de-la-troisieme-edition-du-forum-economique-emergence-magazine\/\"},\"wordCount\":512,\"publisher\":{\"@id\":\"https:\/\/universnews224.com\/#organization\"},\"keywords\":[\"A la une\"],\"articleSection\":[\"ACTU\",\"SOCI\u00c9T\u00c9\"],\"inLanguage\":\"fr-FR\"},{\"@type\":\"WebPage\",\"@id\":\"https:\/\/universnews224.com\/index.php\/conakry-lancement-de-la-troisieme-edition-du-forum-economique-emergence-magazine\/\",\"url\":\"https:\/\/universnews224.com\/index.php\/conakry-lancement-de-la-troisieme-edition-du-forum-economique-emergence-magazine\/\",\"name\":\"Conakry: Lancement de la troisi\u00e8me \u00e9dition du Forum \u00e9conomique Emergence magazine - UNIVERSNEWS224\",\"isPartOf\":{\"@id\":\"https:\/\/universnews224.com\/#website\"},\"datePublished\":\"2025-02-20T22:31:09+00:00\",\"dateModified\":\"2025-02-20T22:31:09+00:00\",\"inLanguage\":\"fr-FR\",\"potentialAction\":[{\"@type\":\"ReadAction\",\"target\":[\"https:\/\/universnews224.com\/index.php\/conakry-lancement-de-la-troisieme-edition-du-forum-economique-emergence-magazine\/\"]}]},{\"@type\":\"WebSite\",\"@id\":\"https:\/\/universnews224.com\/#website\",\"url\":\"https:\/\/universnews224.com\/\",\"name\":\"UNIVERSNEWS224\",\"description\":\"\",\"publisher\":{\"@id\":\"https:\/\/universnews224.com\/#organization\"},\"potentialAction\":[{\"@type\":\"SearchAction\",\"target\":{\"@type\":\"EntryPoint\",\"urlTemplate\":\"https:\/\/universnews224.com\/?s={search_term_string}\"},\"query-input\":\"required name=search_term_string\"}],\"inLanguage\":\"fr-FR\"},{\"@type\":\"Organization\",\"@id\":\"https:\/\/universnews224.com\/#organization\",\"name\":\"UNIVERSNEWS224\",\"url\":\"https:\/\/universnews224.com\/\",\"logo\":{\"@type\":\"ImageObject\",\"inLanguage\":\"fr-FR\",\"@id\":\"https:\/\/universnews224.com\/#\/schema\/logo\/image\/\",\"url\":\"https:\/\/universnews224.com\/wp-content\/uploads\/2022\/08\/cropped-cropped-logoban.jpg\",\"contentUrl\":\"https:\/\/universnews224.com\/wp-content\/uploads\/2022\/08\/cropped-cropped-logoban.jpg\",\"width\":1080,\"height\":138,\"caption\":\"UNIVERSNEWS224\"},\"image\":{\"@id\":\"https:\/\/universnews224.com\/#\/schema\/logo\/image\/\"}},{\"@type\":\"Person\",\"@id\":\"https:\/\/universnews224.com\/#\/schema\/person\/a4b7d4f94a4716df60456a491260485e\",\"name\":\"La R\u00e9daction\",\"image\":{\"@type\":\"ImageObject\",\"inLanguage\":\"fr-FR\",\"@id\":\"https:\/\/universnews224.com\/#\/schema\/person\/image\/\",\"url\":\"https:\/\/secure.gravatar.com\/avatar\/edb90acc7752b23e1b3307ad36c14f0d?s=96&d=mm&r=g\",\"contentUrl\":\"https:\/\/secure.gravatar.com\/avatar\/edb90acc7752b23e1b3307ad36c14f0d?s=96&d=mm&r=g\",\"caption\":\"La R\u00e9daction\"},\"sameAs\":[\"https:\/\/universnews224.com\"],\"url\":\"https:\/\/universnews224.com\/index.php\/author\/m-camara\/\"}]}<\/script>\n<!-- \/ Yoast SEO plugin. -->","yoast_head_json":{"title":"Conakry: Lancement de la troisi\u00e8me \u00e9dition du Forum \u00e9conomique Emergence magazine - UNIVERSNEWS224","robots":{"index":"index","follow":"follow","max-snippet":"max-snippet:-1","max-image-preview":"max-image-preview:large","max-video-preview":"max-video-preview:-1"},"canonical":"https:\/\/universnews224.com\/index.php\/conakry-lancement-de-la-troisieme-edition-du-forum-economique-emergence-magazine\/","og_locale":"fr_FR","og_type":"article","og_title":"Conakry: Lancement de la troisi\u00e8me \u00e9dition du Forum \u00e9conomique Emergence magazine - UNIVERSNEWS224","og_description":"La troisi\u00e8me \u00e9dition du Forum \u00e9conomique d\u2019\u00e9mergence Magazine (FEEM), a \u00e9t\u00e9 lanc\u00e9e ce jeudi 20","og_url":"https:\/\/universnews224.com\/index.php\/conakry-lancement-de-la-troisieme-edition-du-forum-economique-emergence-magazine\/","og_site_name":"UNIVERSNEWS224","article_published_time":"2025-02-20T22:31:09+00:00","og_image":[{"width":1080,"height":720,"url":"https:\/\/universnews224.com\/wp-content\/uploads\/2025\/02\/IMG-20250220-WA0024.jpg","type":"image\/jpeg"}],"author":"La R\u00e9daction","twitter_misc":{"\u00c9crit par":"La R\u00e9daction","Dur\u00e9e de lecture estim\u00e9e":"4 minutes"},"schema":{"@context":"https:\/\/schema.org","@graph":[{"@type":"Article","@id":"https:\/\/universnews224.com\/index.php\/conakry-lancement-de-la-troisieme-edition-du-forum-economique-emergence-magazine\/#article","isPartOf":{"@id":"https:\/\/universnews224.com\/index.php\/conakry-lancement-de-la-troisieme-edition-du-forum-economique-emergence-magazine\/"},"author":{"name":"La R\u00e9daction","@id":"https:\/\/universnews224.com\/#\/schema\/person\/a4b7d4f94a4716df60456a491260485e"},"headline":"Conakry: Lancement de la troisi\u00e8me \u00e9dition du Forum \u00e9conomique Emergence magazine","datePublished":"2025-02-20T22:31:09+00:00","dateModified":"2025-02-20T22:31:09+00:00","mainEntityOfPage":{"@id":"https:\/\/universnews224.com\/index.php\/conakry-lancement-de-la-troisieme-edition-du-forum-economique-emergence-magazine\/"},"wordCount":512,"publisher":{"@id":"https:\/\/universnews224.com\/#organization"},"keywords":["A la une"],"articleSection":["ACTU","SOCI\u00c9T\u00c9"],"inLanguage":"fr-FR"},{"@type":"WebPage","@id":"https:\/\/universnews224.com\/index.php\/conakry-lancement-de-la-troisieme-edition-du-forum-economique-emergence-magazine\/","url":"https:\/\/universnews224.com\/index.php\/conakry-lancement-de-la-troisieme-edition-du-forum-economique-emergence-magazine\/","name":"Conakry: Lancement de la troisi\u00e8me \u00e9dition du Forum \u00e9conomique Emergence magazine - UNIVERSNEWS224","isPartOf":{"@id":"https:\/\/universnews224.com\/#website"},"datePublished":"2025-02-20T22:31:09+00:00","dateModified":"2025-02-20T22:31:09+00:00","inLanguage":"fr-FR","potentialAction":[{"@type":"ReadAction","target":["https:\/\/universnews224.com\/index.php\/conakry-lancement-de-la-troisieme-edition-du-forum-economique-emergence-magazine\/"]}]},{"@type":"WebSite","@id":"https:\/\/universnews224.com\/#website","url":"https:\/\/universnews224.com\/","name":"UNIVERSNEWS224","description":"","publisher":{"@id":"https:\/\/universnews224.com\/#organization"},"potentialAction":[{"@type":"SearchAction","target":{"@type":"EntryPoint","urlTemplate":"https:\/\/universnews224.com\/?s={search_term_string}"},"query-input":"required name=search_term_string"}],"inLanguage":"fr-FR"},{"@type":"Organization","@id":"https:\/\/universnews224.com\/#organization","name":"UNIVERSNEWS224","url":"https:\/\/universnews224.com\/","logo":{"@type":"ImageObject","inLanguage":"fr-FR","@id":"https:\/\/universnews224.com\/#\/schema\/logo\/image\/","url":"https:\/\/universnews224.com\/wp-content\/uploads\/2022\/08\/cropped-cropped-logoban.jpg","contentUrl":"https:\/\/universnews224.com\/wp-content\/uploads\/2022\/08\/cropped-cropped-logoban.jpg","width":1080,"height":138,"caption":"UNIVERSNEWS224"},"image":{"@id":"https:\/\/universnews224.com\/#\/schema\/logo\/image\/"}},{"@type":"Person","@id":"https:\/\/universnews224.com\/#\/schema\/person\/a4b7d4f94a4716df60456a491260485e","name":"La R\u00e9daction","image":{"@type":"ImageObject","inLanguage":"fr-FR","@id":"https:\/\/universnews224.com\/#\/schema\/person\/image\/","url":"https:\/\/secure.gravatar.com\/avatar\/edb90acc7752b23e1b3307ad36c14f0d?s=96&d=mm&r=g","contentUrl":"https:\/\/secure.gravatar.com\/avatar\/edb90acc7752b23e1b3307ad36c14f0d?s=96&d=mm&r=g","caption":"La R\u00e9daction"},"sameAs":["https:\/\/universnews224.com"],"url":"https:\/\/universnews224.com\/index.php\/author\/m-camara\/"}]}},"_links":{"self":[{"href":"https:\/\/universnews224.com\/index.php\/wp-json\/wp\/v2\/posts\/7574"}],"collection":[{"href":"https:\/\/universnews224.com\/index.php\/wp-json\/wp\/v2\/posts"}],"about":[{"href":"https:\/\/universnews224.com\/index.php\/wp-json\/wp\/v2\/types\/post"}],"author":[{"embeddable":true,"href":"https:\/\/universnews224.com\/index.php\/wp-json\/wp\/v2\/users\/2"}],"replies":[{"embeddable":true,"href":"https:\/\/universnews224.com\/index.php\/wp-json\/wp\/v2\/comments?post=7574"}],"version-history":[{"count":1,"href":"https:\/\/universnews224.com\/index.php\/wp-json\/wp\/v2\/posts\/7574\/revisions"}],"predecessor-version":[{"id":7580,"href":"https:\/\/universnews224.com\/index.php\/wp-json\/wp\/v2\/posts\/7574\/revisions\/7580"}],"wp:featuredmedia":[{"embeddable":true,"href":"https:\/\/universnews224.com\/index.php\/wp-json\/wp\/v2\/media\/7579"}],"wp:attachment":[{"href":"https:\/\/universnews224.com\/index.php\/wp-json\/wp\/v2\/media?parent=7574"}],"wp:term":[{"taxonomy":"category","embeddable":true,"href":"https:\/\/universnews224.com\/index.php\/wp-json\/wp\/v2\/categories?post=7574"},{"taxonomy":"post_tag","embeddable":true,"href":"https:\/\/universnews224.com\/index.php\/wp-json\/wp\/v2\/tags?post=7574"}],"curies":[{"name":"wp","href":"https:\/\/api.w.org\/{rel}","templated":true}]}}