{"id":7581,"date":"2025-02-21T21:26:32","date_gmt":"2025-02-21T20:26:32","guid":{"rendered":"https:\/\/universnews224.com\/?p=7581"},"modified":"2025-02-21T21:26:32","modified_gmt":"2025-02-21T20:26:32","slug":"conakry-les-operateurs-economiques-adherent-au-protocole-sur-les-denrees-alimentaires-de-premiere-necessite","status":"publish","type":"post","link":"https:\/\/universnews224.com\/index.php\/conakry-les-operateurs-economiques-adherent-au-protocole-sur-les-denrees-alimentaires-de-premiere-necessite\/","title":{"rendered":"Conakry : les op\u00e9rateurs \u00e9conomiques adh\u00e9rent au protocole sur les denr\u00e9es alimentaires de premi\u00e8re n\u00e9cessit\u00e9."},"content":{"rendered":"<p dir=\"ltr\" style=\"line-height: 1.38;margin-top: 0.0pt;margin-bottom: 0.0pt\"><span style=\"font-size: 11pt;font-family: Arial, sans-serif;color: #000000;background-color: transparent;vertical-align: baseline\">\u00c0 quelques jours du d\u00e9but du mois saint de Ramadan et du Car\u00eame chr\u00e9tien , les op\u00e9rateurs \u00e9conomiques du pays \u00e0 travers l&rsquo;antenne communale de Matam et la chambre de commerce de l&rsquo;industrie et d&rsquo;artisanat de Guin\u00e9e ont organis\u00e9 ce vendredi 22 f\u00e9vrier 2025 \u00e0 Conakry, un point de presse. Un point de presse au cours duquel les membres pr\u00e9sents \u00e0 cette rencontre, ont tour \u00e0 tour exprim\u00e9 leur engagement \u00e0 respecter le protocole d\u2019accord sign\u00e9 le jeudi 21 f\u00e9vrier dernier sur l\u2019approvisionnement du march\u00e9 et la fixation des prix des denr\u00e9es alimentaires.<a href=\"https:\/\/universnews224.com\/wp-content\/uploads\/2025\/02\/IMG-20250221-WA0010.jpg\"><img loading=\"lazy\" class=\"alignnone size-medium wp-image-7584\" src=\"https:\/\/universnews224.com\/wp-content\/uploads\/2025\/02\/IMG-20250221-WA0010-300x169.jpg\" alt=\"\" width=\"300\" height=\"169\" srcset=\"https:\/\/universnews224.com\/wp-content\/uploads\/2025\/02\/IMG-20250221-WA0010-300x169.jpg 300w, https:\/\/universnews224.com\/wp-content\/uploads\/2025\/02\/IMG-20250221-WA0010-1024x576.jpg 1024w, https:\/\/universnews224.com\/wp-content\/uploads\/2025\/02\/IMG-20250221-WA0010-768x432.jpg 768w, https:\/\/universnews224.com\/wp-content\/uploads\/2025\/02\/IMG-20250221-WA0010-800x450.jpg 800w, https:\/\/universnews224.com\/wp-content\/uploads\/2025\/02\/IMG-20250221-WA0010.jpg 1032w\" sizes=\"(max-width: 300px) 100vw, 300px\" \/><\/a> <a href=\"https:\/\/universnews224.com\/wp-content\/uploads\/2025\/02\/IMG-20250221-WA0009.jpg\"><img loading=\"lazy\" class=\"alignnone size-medium wp-image-7585\" src=\"https:\/\/universnews224.com\/wp-content\/uploads\/2025\/02\/IMG-20250221-WA0009-300x156.jpg\" alt=\"\" width=\"300\" height=\"156\" srcset=\"https:\/\/universnews224.com\/wp-content\/uploads\/2025\/02\/IMG-20250221-WA0009-300x156.jpg 300w, https:\/\/universnews224.com\/wp-content\/uploads\/2025\/02\/IMG-20250221-WA0009-1024x532.jpg 1024w, https:\/\/universnews224.com\/wp-content\/uploads\/2025\/02\/IMG-20250221-WA0009-768x399.jpg 768w, https:\/\/universnews224.com\/wp-content\/uploads\/2025\/02\/IMG-20250221-WA0009.jpg 1032w\" sizes=\"(max-width: 300px) 100vw, 300px\" \/><\/a><\/span><\/p>\n<p dir=\"ltr\">\n<p dir=\"ltr\" style=\"line-height: 1.38;margin-top: 0.0pt;margin-bottom: 0.0pt\"><span style=\"font-size: 11pt;font-family: Arial, sans-serif;color: #000000;background-color: transparent;vertical-align: baseline\">Les prix de ces diff\u00e9rentes denr\u00e9es ont \u00e9t\u00e9 revus \u00e0 la hausse cons\u00e9cutivement\u00a0 entre la direction nationale du commerce int\u00e9rieur et de la concurrence, la direction nationale de la douane, et la chambre de commerce.<\/span><\/p>\n<p>&nbsp;<\/p>\n<p dir=\"ltr\" style=\"line-height: 1.38;margin-top: 0.0pt;margin-bottom: 0.0pt\"><span style=\"font-size: 11pt;font-family: Arial, sans-serif;color: #000000;background-color: transparent;vertical-align: baseline\">Ainsi , les prix du riz, du sucre, de l\u2019huile CIAO, de la viande de boeuf, de l\u2019oignon&#8230; ont \u00e9t\u00e9 communiqu\u00e9s devant les hommes de m\u00e9dias afin d&rsquo;informer la population. En plus un num\u00e9ro vert (142) a \u00e9t\u00e9 mis \u00e0 la disposition des citoyens pour signaler pour d\u00e9noncer tout contrevenant.<\/span><\/p>\n<p>&nbsp;<\/p>\n<p dir=\"ltr\" style=\"line-height: 1.38;margin-top: 0.0pt;margin-bottom: 0.0pt\"><span style=\"font-size: 11pt;font-family: Arial, sans-serif;color: #000000;background-color: transparent;vertical-align: baseline\">A titre de comparaison, voici les prix de certains produits de grande consommation pour la zone de\u00a0 Conakry :<\/span><\/p>\n<p dir=\"ltr\" style=\"line-height: 1.38;margin-top: 0.0pt;margin-bottom: 0.0pt\"><span style=\"font-size: 11pt;font-family: Arial, sans-serif;color: #000000;background-color: transparent;vertical-align: baseline\">-Le riz \u00e9tuv\u00e9 et de 50kg est d\u00e9sormais vendu\u00a0 \u00e0 295 000\u00a0 et le riz blanc 290 000; Le sac d\u2019oignons de 50kg est \u00e0 200 000; Le bidon d\u2019huile de 20 litres CIAO est vendu \u00e0 305 000; Poulet entier 10kg est vendu \u00e0 280 000 ; Le sac de sucre en poudre de 50kg,\u00a0 est d\u00e9sormais plac\u00e9 \u00e0 350 000.<\/span><\/p>\n<p>&nbsp;<\/p>\n<p dir=\"ltr\" style=\"line-height: 1.38;margin-top: 0.0pt;margin-bottom: 0.0pt\"><span style=\"font-size: 11pt;font-family: Arial, sans-serif;color: #000000;background-color: transparent;vertical-align: baseline\">Universnews224.com vous propose ci-dessous les nouveaux prix des denr\u00e9es alimentaires dans la zone sp\u00e9ciale de Conakry et les autres villes de l\u2019int\u00e9rieur tels que fix\u00e9s dans ledit document :<a href=\"https:\/\/universnews224.com\/wp-content\/uploads\/2025\/02\/IMG-20250221-WA0007.jpg\"><img loading=\"lazy\" class=\"alignnone size-medium wp-image-7582\" src=\"https:\/\/universnews224.com\/wp-content\/uploads\/2025\/02\/IMG-20250221-WA0007-300x216.jpg\" alt=\"\" width=\"300\" height=\"216\" srcset=\"https:\/\/universnews224.com\/wp-content\/uploads\/2025\/02\/IMG-20250221-WA0007-300x216.jpg 300w, https:\/\/universnews224.com\/wp-content\/uploads\/2025\/02\/IMG-20250221-WA0007-1024x737.jpg 1024w, https:\/\/universnews224.com\/wp-content\/uploads\/2025\/02\/IMG-20250221-WA0007-768x553.jpg 768w, https:\/\/universnews224.com\/wp-content\/uploads\/2025\/02\/IMG-20250221-WA0007.jpg 1061w\" sizes=\"(max-width: 300px) 100vw, 300px\" \/><\/a><a href=\"https:\/\/universnews224.com\/wp-content\/uploads\/2025\/02\/IMG-20250221-WA0008.jpg\"><img loading=\"lazy\" class=\"alignnone size-medium wp-image-7583\" src=\"https:\/\/universnews224.com\/wp-content\/uploads\/2025\/02\/IMG-20250221-WA0008-300x214.jpg\" alt=\"\" width=\"300\" height=\"214\" srcset=\"https:\/\/universnews224.com\/wp-content\/uploads\/2025\/02\/IMG-20250221-WA0008-300x214.jpg 300w, https:\/\/universnews224.com\/wp-content\/uploads\/2025\/02\/IMG-20250221-WA0008-1024x731.jpg 1024w, https:\/\/universnews224.com\/wp-content\/uploads\/2025\/02\/IMG-20250221-WA0008-768x548.jpg 768w, https:\/\/universnews224.com\/wp-content\/uploads\/2025\/02\/IMG-20250221-WA0008.jpg 1080w\" sizes=\"(max-width: 300px) 100vw, 300px\" \/><\/a><\/span><\/p>\n<p>&nbsp;<\/p>\n<p dir=\"ltr\" style=\"line-height: 1.38;margin-top: 0.0pt;margin-bottom: 0.0pt\"><span style=\"font-size: 11pt;font-family: Arial, sans-serif;color: #000000;background-color: transparent;vertical-align: baseline\">Sana Sylla.<\/span><\/p>\n","protected":false},"excerpt":{"rendered":"<p>\u00c0 quelques jours du d\u00e9but du mois saint de Ramadan et du Car\u00eame chr\u00e9tien ,<\/p>\n","protected":false},"author":2,"featured_media":7584,"comment_status":"closed","ping_status":"open","sticky":false,"template":"","format":"standard","meta":[],"categories":[3,5],"tags":[237],"yoast_head":"<!-- This site is optimized with the Yoast SEO plugin v19.13 - https:\/\/yoast.com\/wordpress\/plugins\/seo\/ -->\n<title>Conakry : les op\u00e9rateurs \u00e9conomiques adh\u00e9rent au protocole sur les denr\u00e9es alimentaires de premi\u00e8re n\u00e9cessit\u00e9. - UNIVERSNEWS224<\/title>\n<meta name=\"robots\" content=\"index, follow, max-snippet:-1, max-image-preview:large, max-video-preview:-1\" \/>\n<link rel=\"canonical\" href=\"https:\/\/universnews224.com\/index.php\/conakry-les-operateurs-economiques-adherent-au-protocole-sur-les-denrees-alimentaires-de-premiere-necessite\/\" \/>\n<meta property=\"og:locale\" content=\"fr_FR\" \/>\n<meta property=\"og:type\" content=\"article\" \/>\n<meta property=\"og:title\" content=\"Conakry : les op\u00e9rateurs \u00e9conomiques adh\u00e9rent au protocole sur les denr\u00e9es alimentaires de premi\u00e8re n\u00e9cessit\u00e9. - UNIVERSNEWS224\" \/>\n<meta property=\"og:description\" content=\"\u00c0 quelques jours du d\u00e9but du mois saint de Ramadan et du Car\u00eame chr\u00e9tien ,\" \/>\n<meta property=\"og:url\" content=\"https:\/\/universnews224.com\/index.php\/conakry-les-operateurs-economiques-adherent-au-protocole-sur-les-denrees-alimentaires-de-premiere-necessite\/\" \/>\n<meta property=\"og:site_name\" content=\"UNIVERSNEWS224\" \/>\n<meta property=\"article:published_time\" content=\"2025-02-21T20:26:32+00:00\" \/>\n<meta property=\"og:image\" content=\"https:\/\/universnews224.com\/wp-content\/uploads\/2025\/02\/IMG-20250221-WA0010.jpg\" \/>\n\t<meta property=\"og:image:width\" content=\"1032\" \/>\n\t<meta property=\"og:image:height\" content=\"581\" \/>\n\t<meta property=\"og:image:type\" content=\"image\/jpeg\" \/>\n<meta name=\"author\" content=\"La R\u00e9daction\" \/>\n<meta name=\"twitter:label1\" content=\"\u00c9crit par\" \/>\n\t<meta name=\"twitter:data1\" content=\"La R\u00e9daction\" \/>\n\t<meta name=\"twitter:label2\" content=\"Dur\u00e9e de lecture estim\u00e9e\" \/>\n\t<meta name=\"twitter:data2\" content=\"3 minutes\" \/>\n<script type=\"application\/ld+json\" class=\"yoast-schema-graph\">{\"@context\":\"https:\/\/schema.org\",\"@graph\":[{\"@type\":\"Article\",\"@id\":\"https:\/\/universnews224.com\/index.php\/conakry-les-operateurs-economiques-adherent-au-protocole-sur-les-denrees-alimentaires-de-premiere-necessite\/#article\",\"isPartOf\":{\"@id\":\"https:\/\/universnews224.com\/index.php\/conakry-les-operateurs-economiques-adherent-au-protocole-sur-les-denrees-alimentaires-de-premiere-necessite\/\"},\"author\":{\"name\":\"La R\u00e9daction\",\"@id\":\"https:\/\/universnews224.com\/#\/schema\/person\/a4b7d4f94a4716df60456a491260485e\"},\"headline\":\"Conakry : les op\u00e9rateurs \u00e9conomiques adh\u00e9rent au protocole sur les denr\u00e9es alimentaires de premi\u00e8re n\u00e9cessit\u00e9.\",\"datePublished\":\"2025-02-21T20:26:32+00:00\",\"dateModified\":\"2025-02-21T20:26:32+00:00\",\"mainEntityOfPage\":{\"@id\":\"https:\/\/universnews224.com\/index.php\/conakry-les-operateurs-economiques-adherent-au-protocole-sur-les-denrees-alimentaires-de-premiere-necessite\/\"},\"wordCount\":309,\"publisher\":{\"@id\":\"https:\/\/universnews224.com\/#organization\"},\"keywords\":[\"A la une\"],\"articleSection\":[\"ACTU\",\"SOCI\u00c9T\u00c9\"],\"inLanguage\":\"fr-FR\"},{\"@type\":\"WebPage\",\"@id\":\"https:\/\/universnews224.com\/index.php\/conakry-les-operateurs-economiques-adherent-au-protocole-sur-les-denrees-alimentaires-de-premiere-necessite\/\",\"url\":\"https:\/\/universnews224.com\/index.php\/conakry-les-operateurs-economiques-adherent-au-protocole-sur-les-denrees-alimentaires-de-premiere-necessite\/\",\"name\":\"Conakry : les op\u00e9rateurs \u00e9conomiques adh\u00e9rent au protocole sur les denr\u00e9es alimentaires de premi\u00e8re n\u00e9cessit\u00e9. - UNIVERSNEWS224\",\"isPartOf\":{\"@id\":\"https:\/\/universnews224.com\/#website\"},\"datePublished\":\"2025-02-21T20:26:32+00:00\",\"dateModified\":\"2025-02-21T20:26:32+00:00\",\"inLanguage\":\"fr-FR\",\"potentialAction\":[{\"@type\":\"ReadAction\",\"target\":[\"https:\/\/universnews224.com\/index.php\/conakry-les-operateurs-economiques-adherent-au-protocole-sur-les-denrees-alimentaires-de-premiere-necessite\/\"]}]},{\"@type\":\"WebSite\",\"@id\":\"https:\/\/universnews224.com\/#website\",\"url\":\"https:\/\/universnews224.com\/\",\"name\":\"UNIVERSNEWS224\",\"description\":\"\",\"publisher\":{\"@id\":\"https:\/\/universnews224.com\/#organization\"},\"potentialAction\":[{\"@type\":\"SearchAction\",\"target\":{\"@type\":\"EntryPoint\",\"urlTemplate\":\"https:\/\/universnews224.com\/?s={search_term_string}\"},\"query-input\":\"required name=search_term_string\"}],\"inLanguage\":\"fr-FR\"},{\"@type\":\"Organization\",\"@id\":\"https:\/\/universnews224.com\/#organization\",\"name\":\"UNIVERSNEWS224\",\"url\":\"https:\/\/universnews224.com\/\",\"logo\":{\"@type\":\"ImageObject\",\"inLanguage\":\"fr-FR\",\"@id\":\"https:\/\/universnews224.com\/#\/schema\/logo\/image\/\",\"url\":\"https:\/\/universnews224.com\/wp-content\/uploads\/2022\/08\/cropped-cropped-logoban.jpg\",\"contentUrl\":\"https:\/\/universnews224.com\/wp-content\/uploads\/2022\/08\/cropped-cropped-logoban.jpg\",\"width\":1080,\"height\":138,\"caption\":\"UNIVERSNEWS224\"},\"image\":{\"@id\":\"https:\/\/universnews224.com\/#\/schema\/logo\/image\/\"}},{\"@type\":\"Person\",\"@id\":\"https:\/\/universnews224.com\/#\/schema\/person\/a4b7d4f94a4716df60456a491260485e\",\"name\":\"La R\u00e9daction\",\"image\":{\"@type\":\"ImageObject\",\"inLanguage\":\"fr-FR\",\"@id\":\"https:\/\/universnews224.com\/#\/schema\/person\/image\/\",\"url\":\"https:\/\/secure.gravatar.com\/avatar\/edb90acc7752b23e1b3307ad36c14f0d?s=96&d=mm&r=g\",\"contentUrl\":\"https:\/\/secure.gravatar.com\/avatar\/edb90acc7752b23e1b3307ad36c14f0d?s=96&d=mm&r=g\",\"caption\":\"La R\u00e9daction\"},\"sameAs\":[\"https:\/\/universnews224.com\"],\"url\":\"https:\/\/universnews224.com\/index.php\/author\/m-camara\/\"}]}<\/script>\n<!-- \/ Yoast SEO plugin. -->","yoast_head_json":{"title":"Conakry : les op\u00e9rateurs \u00e9conomiques adh\u00e9rent au protocole sur les denr\u00e9es alimentaires de premi\u00e8re n\u00e9cessit\u00e9. - UNIVERSNEWS224","robots":{"index":"index","follow":"follow","max-snippet":"max-snippet:-1","max-image-preview":"max-image-preview:large","max-video-preview":"max-video-preview:-1"},"canonical":"https:\/\/universnews224.com\/index.php\/conakry-les-operateurs-economiques-adherent-au-protocole-sur-les-denrees-alimentaires-de-premiere-necessite\/","og_locale":"fr_FR","og_type":"article","og_title":"Conakry : les op\u00e9rateurs \u00e9conomiques adh\u00e9rent au protocole sur les denr\u00e9es alimentaires de premi\u00e8re n\u00e9cessit\u00e9. - UNIVERSNEWS224","og_description":"\u00c0 quelques jours du d\u00e9but du mois saint de Ramadan et du Car\u00eame chr\u00e9tien ,","og_url":"https:\/\/universnews224.com\/index.php\/conakry-les-operateurs-economiques-adherent-au-protocole-sur-les-denrees-alimentaires-de-premiere-necessite\/","og_site_name":"UNIVERSNEWS224","article_published_time":"2025-02-21T20:26:32+00:00","og_image":[{"width":1032,"height":581,"url":"https:\/\/universnews224.com\/wp-content\/uploads\/2025\/02\/IMG-20250221-WA0010.jpg","type":"image\/jpeg"}],"author":"La R\u00e9daction","twitter_misc":{"\u00c9crit par":"La R\u00e9daction","Dur\u00e9e de lecture estim\u00e9e":"3 minutes"},"schema":{"@context":"https:\/\/schema.org","@graph":[{"@type":"Article","@id":"https:\/\/universnews224.com\/index.php\/conakry-les-operateurs-economiques-adherent-au-protocole-sur-les-denrees-alimentaires-de-premiere-necessite\/#article","isPartOf":{"@id":"https:\/\/universnews224.com\/index.php\/conakry-les-operateurs-economiques-adherent-au-protocole-sur-les-denrees-alimentaires-de-premiere-necessite\/"},"author":{"name":"La R\u00e9daction","@id":"https:\/\/universnews224.com\/#\/schema\/person\/a4b7d4f94a4716df60456a491260485e"},"headline":"Conakry : les op\u00e9rateurs \u00e9conomiques adh\u00e9rent au protocole sur les denr\u00e9es alimentaires de premi\u00e8re n\u00e9cessit\u00e9.","datePublished":"2025-02-21T20:26:32+00:00","dateModified":"2025-02-21T20:26:32+00:00","mainEntityOfPage":{"@id":"https:\/\/universnews224.com\/index.php\/conakry-les-operateurs-economiques-adherent-au-protocole-sur-les-denrees-alimentaires-de-premiere-necessite\/"},"wordCount":309,"publisher":{"@id":"https:\/\/universnews224.com\/#organization"},"keywords":["A la une"],"articleSection":["ACTU","SOCI\u00c9T\u00c9"],"inLanguage":"fr-FR"},{"@type":"WebPage","@id":"https:\/\/universnews224.com\/index.php\/conakry-les-operateurs-economiques-adherent-au-protocole-sur-les-denrees-alimentaires-de-premiere-necessite\/","url":"https:\/\/universnews224.com\/index.php\/conakry-les-operateurs-economiques-adherent-au-protocole-sur-les-denrees-alimentaires-de-premiere-necessite\/","name":"Conakry : les op\u00e9rateurs \u00e9conomiques adh\u00e9rent au protocole sur les denr\u00e9es alimentaires de premi\u00e8re n\u00e9cessit\u00e9. - UNIVERSNEWS224","isPartOf":{"@id":"https:\/\/universnews224.com\/#website"},"datePublished":"2025-02-21T20:26:32+00:00","dateModified":"2025-02-21T20:26:32+00:00","inLanguage":"fr-FR","potentialAction":[{"@type":"ReadAction","target":["https:\/\/universnews224.com\/index.php\/conakry-les-operateurs-economiques-adherent-au-protocole-sur-les-denrees-alimentaires-de-premiere-necessite\/"]}]},{"@type":"WebSite","@id":"https:\/\/universnews224.com\/#website","url":"https:\/\/universnews224.com\/","name":"UNIVERSNEWS224","description":"","publisher":{"@id":"https:\/\/universnews224.com\/#organization"},"potentialAction":[{"@type":"SearchAction","target":{"@type":"EntryPoint","urlTemplate":"https:\/\/universnews224.com\/?s={search_term_string}"},"query-input":"required name=search_term_string"}],"inLanguage":"fr-FR"},{"@type":"Organization","@id":"https:\/\/universnews224.com\/#organization","name":"UNIVERSNEWS224","url":"https:\/\/universnews224.com\/","logo":{"@type":"ImageObject","inLanguage":"fr-FR","@id":"https:\/\/universnews224.com\/#\/schema\/logo\/image\/","url":"https:\/\/universnews224.com\/wp-content\/uploads\/2022\/08\/cropped-cropped-logoban.jpg","contentUrl":"https:\/\/universnews224.com\/wp-content\/uploads\/2022\/08\/cropped-cropped-logoban.jpg","width":1080,"height":138,"caption":"UNIVERSNEWS224"},"image":{"@id":"https:\/\/universnews224.com\/#\/schema\/logo\/image\/"}},{"@type":"Person","@id":"https:\/\/universnews224.com\/#\/schema\/person\/a4b7d4f94a4716df60456a491260485e","name":"La R\u00e9daction","image":{"@type":"ImageObject","inLanguage":"fr-FR","@id":"https:\/\/universnews224.com\/#\/schema\/person\/image\/","url":"https:\/\/secure.gravatar.com\/avatar\/edb90acc7752b23e1b3307ad36c14f0d?s=96&d=mm&r=g","contentUrl":"https:\/\/secure.gravatar.com\/avatar\/edb90acc7752b23e1b3307ad36c14f0d?s=96&d=mm&r=g","caption":"La R\u00e9daction"},"sameAs":["https:\/\/universnews224.com"],"url":"https:\/\/universnews224.com\/index.php\/author\/m-camara\/"}]}},"_links":{"self":[{"href":"https:\/\/universnews224.com\/index.php\/wp-json\/wp\/v2\/posts\/7581"}],"collection":[{"href":"https:\/\/universnews224.com\/index.php\/wp-json\/wp\/v2\/posts"}],"about":[{"href":"https:\/\/universnews224.com\/index.php\/wp-json\/wp\/v2\/types\/post"}],"author":[{"embeddable":true,"href":"https:\/\/universnews224.com\/index.php\/wp-json\/wp\/v2\/users\/2"}],"replies":[{"embeddable":true,"href":"https:\/\/universnews224.com\/index.php\/wp-json\/wp\/v2\/comments?post=7581"}],"version-history":[{"count":1,"href":"https:\/\/universnews224.com\/index.php\/wp-json\/wp\/v2\/posts\/7581\/revisions"}],"predecessor-version":[{"id":7586,"href":"https:\/\/universnews224.com\/index.php\/wp-json\/wp\/v2\/posts\/7581\/revisions\/7586"}],"wp:featuredmedia":[{"embeddable":true,"href":"https:\/\/universnews224.com\/index.php\/wp-json\/wp\/v2\/media\/7584"}],"wp:attachment":[{"href":"https:\/\/universnews224.com\/index.php\/wp-json\/wp\/v2\/media?parent=7581"}],"wp:term":[{"taxonomy":"category","embeddable":true,"href":"https:\/\/universnews224.com\/index.php\/wp-json\/wp\/v2\/categories?post=7581"},{"taxonomy":"post_tag","embeddable":true,"href":"https:\/\/universnews224.com\/index.php\/wp-json\/wp\/v2\/tags?post=7581"}],"curies":[{"name":"wp","href":"https:\/\/api.w.org\/{rel}","templated":true}]}}