{"id":7587,"date":"2025-02-21T22:02:00","date_gmt":"2025-02-21T21:02:00","guid":{"rendered":"https:\/\/universnews224.com\/?p=7587"},"modified":"2025-02-21T22:02:00","modified_gmt":"2025-02-21T21:02:00","slug":"limam-elhadj-mamadou-saliou-a-kindia-il-y-avait-un-president-avant-celui-daujourdhui","status":"publish","type":"post","link":"https:\/\/universnews224.com\/index.php\/limam-elhadj-mamadou-saliou-a-kindia-il-y-avait-un-president-avant-celui-daujourdhui\/","title":{"rendered":"L\u2019imam Elhadj Mamadou Saliou \u00e0 Kindia: \u201c Il y avait un pr\u00e9sident avant celui d\u00b4aujourd\u2019hui\u201d\u00a0"},"content":{"rendered":"<p dir=\"ltr\" style=\"line-height: 1.38;margin-top: 0.0pt;margin-bottom: 0.0pt\"><span style=\"font-size: 11pt;font-family: Arial, sans-serif;color: #000000;background-color: transparent;vertical-align: baseline\">L&rsquo;imam ratib de la grande mosqu\u00e9e Fay\u00e7al de Conakry, Elhadj Mamadou Saliou Camara a dirig\u00e9 la pri\u00e8re de vendredi juste apr\u00e8s la lecture du saint coran \u00e0 la place des martyrs. Une c\u00e9r\u00e9monie religieuse qui s\u2019inscrit dans le cadre de la c\u00e9l\u00e9bration des acquis du CNRD, la junte au pouvoir en Guin\u00e9e depuis le 05 septembre 2021.<\/span><\/p>\n<p dir=\"ltr\" style=\"line-height: 1.38;margin-top: 0.0pt;margin-bottom: 0.0pt\"><span style=\"font-size: 11pt;font-family: Arial, sans-serif;color: #000000;background-color: transparent;vertical-align: baseline\">Dans son sermon, l\u2019imam a appel\u00e9 les citoyens \u00e0 la coh\u00e9sion sociale et donn\u00e9 des conseils aux dirigeants du pays.<\/span><\/p>\n<p>&nbsp;<\/p>\n<p dir=\"ltr\" style=\"line-height: 1.38;margin-top: 0.0pt;margin-bottom: 0.0pt\"><span style=\"font-size: 11pt;font-family: Arial, sans-serif;color: #000000;background-color: transparent;vertical-align: baseline\">C\u2019est sur instruction des autorit\u00e9s r\u00e9gionales et pr\u00e9fectorales que la pri\u00e8re de vendredi a \u00e9t\u00e9 effectu\u00e9e \u00e0 la place des martyrs en pr\u00e9sence du ministre secr\u00e9taire de la pr\u00e9sidence de la R\u00e9publique le g\u00e9n\u00e9ral Amara Camara et plusieurs autres ministres et responsabilit\u00e9s politiques du pays. Une occasion pour le le chef religieux d\u2019appeler les citoyens \u00e0 une coh\u00e9sion sociale.<\/span><\/p>\n<p>&nbsp;<\/p>\n<p dir=\"ltr\" style=\"line-height: 1.38;margin-top: 0.0pt;margin-bottom: 0.0pt\"><span style=\"font-size: 11pt;font-family: Arial, sans-serif;color: #000000;background-color: transparent;vertical-align: baseline\">\u201cNous devons aimer la Guin\u00e9e, les fils et filles de Kindia doivent s\u2019aimer entre eux, ils doivent s\u2019aimer au lieu de choisir un seul individu. Nous devons mettre la Guin\u00e9e en avant plus qu&rsquo;un individu, c&rsquo;est chez nous ici. Que Dieu nous \u00e9pargne des violences, la Guin\u00e9e c\u2019est chez nous.Je n\u2019ai pas \u00e9tudi\u00e9 plus que tout le monde, je ne suis pas \u00e2g\u00e9 plus que tout le monde, c\u2019est la main qui m\u2019a choisi. Je suis au service de la nation, j\u2019ai succ\u00e9d\u00e9 \u00e0 quelqu\u2019un et c\u2019est quelqu\u2019un qui va me succ\u00e9der. Je vais quitter et un autre viendra apr\u00e8s moi. Il y avait un pr\u00e9sident avant celui d\u2019aujourd\u2019hui. Vous qui \u00eates l\u00e0 aujourd\u2019hui, vous allez partir un jour et un autre viendra apr\u00e8s vous. Rien n\u2019est \u00e9ternel dans ce monde. Quelqu\u2019un quitte, quelqu\u2019un le remplace, un imam quitte, un autre imam vient \u00bb, a dit Elhadj Mamadou Saliou Camara.<\/span><\/p>\n<p>&nbsp;<\/p>\n<p dir=\"ltr\" style=\"line-height: 1.38;margin-top: 0.0pt;margin-bottom: 0.0pt\"><span style=\"font-size: 11pt;font-family: Arial, sans-serif;color: #000000;background-color: transparent;vertical-align: baseline\">Apr\u00e8s la pri\u00e8re, la d\u00e9l\u00e9gation a proc\u00e9d\u00e9 \u00e0 l\u2019inauguration de la cit\u00e9 des douanes \u00e0 Koba \u00e0 plus de 10 km du centre urbain de Kindia.<\/span><\/p>\n","protected":false},"excerpt":{"rendered":"<p>L&rsquo;imam ratib de la grande mosqu\u00e9e Fay\u00e7al de Conakry, Elhadj Mamadou Saliou Camara a dirig\u00e9<\/p>\n","protected":false},"author":2,"featured_media":7588,"comment_status":"closed","ping_status":"open","sticky":false,"template":"","format":"standard","meta":[],"categories":[3,5],"tags":[237],"yoast_head":"<!-- This site is optimized with the Yoast SEO plugin v19.13 - https:\/\/yoast.com\/wordpress\/plugins\/seo\/ -->\n<title>L\u2019imam Elhadj Mamadou Saliou \u00e0 Kindia: \u201c Il y avait un pr\u00e9sident avant celui d\u00b4aujourd\u2019hui\u201d\u00a0 - UNIVERSNEWS224<\/title>\n<meta name=\"robots\" content=\"index, follow, max-snippet:-1, max-image-preview:large, max-video-preview:-1\" \/>\n<link rel=\"canonical\" href=\"https:\/\/universnews224.com\/index.php\/limam-elhadj-mamadou-saliou-a-kindia-il-y-avait-un-president-avant-celui-daujourdhui\/\" \/>\n<meta property=\"og:locale\" content=\"fr_FR\" \/>\n<meta property=\"og:type\" content=\"article\" \/>\n<meta property=\"og:title\" content=\"L\u2019imam Elhadj Mamadou Saliou \u00e0 Kindia: \u201c Il y avait un pr\u00e9sident avant celui d\u00b4aujourd\u2019hui\u201d\u00a0 - UNIVERSNEWS224\" \/>\n<meta property=\"og:description\" content=\"L&rsquo;imam ratib de la grande mosqu\u00e9e Fay\u00e7al de Conakry, Elhadj Mamadou Saliou Camara a dirig\u00e9\" \/>\n<meta property=\"og:url\" content=\"https:\/\/universnews224.com\/index.php\/limam-elhadj-mamadou-saliou-a-kindia-il-y-avait-un-president-avant-celui-daujourdhui\/\" \/>\n<meta property=\"og:site_name\" content=\"UNIVERSNEWS224\" \/>\n<meta property=\"article:published_time\" content=\"2025-02-21T21:02:00+00:00\" \/>\n<meta property=\"og:image\" content=\"https:\/\/universnews224.com\/wp-content\/uploads\/2025\/02\/imam-saliou.jpg\" \/>\n\t<meta property=\"og:image:width\" content=\"718\" \/>\n\t<meta property=\"og:image:height\" content=\"320\" \/>\n\t<meta property=\"og:image:type\" content=\"image\/jpeg\" \/>\n<meta name=\"author\" content=\"La R\u00e9daction\" \/>\n<meta name=\"twitter:label1\" content=\"\u00c9crit par\" \/>\n\t<meta name=\"twitter:data1\" content=\"La R\u00e9daction\" \/>\n\t<meta name=\"twitter:label2\" content=\"Dur\u00e9e de lecture estim\u00e9e\" \/>\n\t<meta name=\"twitter:data2\" content=\"2 minutes\" \/>\n<script type=\"application\/ld+json\" class=\"yoast-schema-graph\">{\"@context\":\"https:\/\/schema.org\",\"@graph\":[{\"@type\":\"Article\",\"@id\":\"https:\/\/universnews224.com\/index.php\/limam-elhadj-mamadou-saliou-a-kindia-il-y-avait-un-president-avant-celui-daujourdhui\/#article\",\"isPartOf\":{\"@id\":\"https:\/\/universnews224.com\/index.php\/limam-elhadj-mamadou-saliou-a-kindia-il-y-avait-un-president-avant-celui-daujourdhui\/\"},\"author\":{\"name\":\"La R\u00e9daction\",\"@id\":\"https:\/\/universnews224.com\/#\/schema\/person\/a4b7d4f94a4716df60456a491260485e\"},\"headline\":\"L\u2019imam Elhadj Mamadou Saliou \u00e0 Kindia: \u201c Il y avait un pr\u00e9sident avant celui d\u00b4aujourd\u2019hui\u201d\u00a0\",\"datePublished\":\"2025-02-21T21:02:00+00:00\",\"dateModified\":\"2025-02-21T21:02:00+00:00\",\"mainEntityOfPage\":{\"@id\":\"https:\/\/universnews224.com\/index.php\/limam-elhadj-mamadou-saliou-a-kindia-il-y-avait-un-president-avant-celui-daujourdhui\/\"},\"wordCount\":378,\"publisher\":{\"@id\":\"https:\/\/universnews224.com\/#organization\"},\"keywords\":[\"A la une\"],\"articleSection\":[\"ACTU\",\"SOCI\u00c9T\u00c9\"],\"inLanguage\":\"fr-FR\"},{\"@type\":\"WebPage\",\"@id\":\"https:\/\/universnews224.com\/index.php\/limam-elhadj-mamadou-saliou-a-kindia-il-y-avait-un-president-avant-celui-daujourdhui\/\",\"url\":\"https:\/\/universnews224.com\/index.php\/limam-elhadj-mamadou-saliou-a-kindia-il-y-avait-un-president-avant-celui-daujourdhui\/\",\"name\":\"L\u2019imam Elhadj Mamadou Saliou \u00e0 Kindia: \u201c Il y avait un pr\u00e9sident avant celui d\u00b4aujourd\u2019hui\u201d\u00a0 - UNIVERSNEWS224\",\"isPartOf\":{\"@id\":\"https:\/\/universnews224.com\/#website\"},\"datePublished\":\"2025-02-21T21:02:00+00:00\",\"dateModified\":\"2025-02-21T21:02:00+00:00\",\"inLanguage\":\"fr-FR\",\"potentialAction\":[{\"@type\":\"ReadAction\",\"target\":[\"https:\/\/universnews224.com\/index.php\/limam-elhadj-mamadou-saliou-a-kindia-il-y-avait-un-president-avant-celui-daujourdhui\/\"]}]},{\"@type\":\"WebSite\",\"@id\":\"https:\/\/universnews224.com\/#website\",\"url\":\"https:\/\/universnews224.com\/\",\"name\":\"UNIVERSNEWS224\",\"description\":\"\",\"publisher\":{\"@id\":\"https:\/\/universnews224.com\/#organization\"},\"potentialAction\":[{\"@type\":\"SearchAction\",\"target\":{\"@type\":\"EntryPoint\",\"urlTemplate\":\"https:\/\/universnews224.com\/?s={search_term_string}\"},\"query-input\":\"required name=search_term_string\"}],\"inLanguage\":\"fr-FR\"},{\"@type\":\"Organization\",\"@id\":\"https:\/\/universnews224.com\/#organization\",\"name\":\"UNIVERSNEWS224\",\"url\":\"https:\/\/universnews224.com\/\",\"logo\":{\"@type\":\"ImageObject\",\"inLanguage\":\"fr-FR\",\"@id\":\"https:\/\/universnews224.com\/#\/schema\/logo\/image\/\",\"url\":\"https:\/\/universnews224.com\/wp-content\/uploads\/2022\/08\/cropped-cropped-logoban.jpg\",\"contentUrl\":\"https:\/\/universnews224.com\/wp-content\/uploads\/2022\/08\/cropped-cropped-logoban.jpg\",\"width\":1080,\"height\":138,\"caption\":\"UNIVERSNEWS224\"},\"image\":{\"@id\":\"https:\/\/universnews224.com\/#\/schema\/logo\/image\/\"}},{\"@type\":\"Person\",\"@id\":\"https:\/\/universnews224.com\/#\/schema\/person\/a4b7d4f94a4716df60456a491260485e\",\"name\":\"La R\u00e9daction\",\"image\":{\"@type\":\"ImageObject\",\"inLanguage\":\"fr-FR\",\"@id\":\"https:\/\/universnews224.com\/#\/schema\/person\/image\/\",\"url\":\"https:\/\/secure.gravatar.com\/avatar\/edb90acc7752b23e1b3307ad36c14f0d?s=96&d=mm&r=g\",\"contentUrl\":\"https:\/\/secure.gravatar.com\/avatar\/edb90acc7752b23e1b3307ad36c14f0d?s=96&d=mm&r=g\",\"caption\":\"La R\u00e9daction\"},\"sameAs\":[\"https:\/\/universnews224.com\"],\"url\":\"https:\/\/universnews224.com\/index.php\/author\/m-camara\/\"}]}<\/script>\n<!-- \/ Yoast SEO plugin. -->","yoast_head_json":{"title":"L\u2019imam Elhadj Mamadou Saliou \u00e0 Kindia: \u201c Il y avait un pr\u00e9sident avant celui d\u00b4aujourd\u2019hui\u201d\u00a0 - UNIVERSNEWS224","robots":{"index":"index","follow":"follow","max-snippet":"max-snippet:-1","max-image-preview":"max-image-preview:large","max-video-preview":"max-video-preview:-1"},"canonical":"https:\/\/universnews224.com\/index.php\/limam-elhadj-mamadou-saliou-a-kindia-il-y-avait-un-president-avant-celui-daujourdhui\/","og_locale":"fr_FR","og_type":"article","og_title":"L\u2019imam Elhadj Mamadou Saliou \u00e0 Kindia: \u201c Il y avait un pr\u00e9sident avant celui d\u00b4aujourd\u2019hui\u201d\u00a0 - UNIVERSNEWS224","og_description":"L&rsquo;imam ratib de la grande mosqu\u00e9e Fay\u00e7al de Conakry, Elhadj Mamadou Saliou Camara a dirig\u00e9","og_url":"https:\/\/universnews224.com\/index.php\/limam-elhadj-mamadou-saliou-a-kindia-il-y-avait-un-president-avant-celui-daujourdhui\/","og_site_name":"UNIVERSNEWS224","article_published_time":"2025-02-21T21:02:00+00:00","og_image":[{"width":718,"height":320,"url":"https:\/\/universnews224.com\/wp-content\/uploads\/2025\/02\/imam-saliou.jpg","type":"image\/jpeg"}],"author":"La R\u00e9daction","twitter_misc":{"\u00c9crit par":"La R\u00e9daction","Dur\u00e9e de lecture estim\u00e9e":"2 minutes"},"schema":{"@context":"https:\/\/schema.org","@graph":[{"@type":"Article","@id":"https:\/\/universnews224.com\/index.php\/limam-elhadj-mamadou-saliou-a-kindia-il-y-avait-un-president-avant-celui-daujourdhui\/#article","isPartOf":{"@id":"https:\/\/universnews224.com\/index.php\/limam-elhadj-mamadou-saliou-a-kindia-il-y-avait-un-president-avant-celui-daujourdhui\/"},"author":{"name":"La R\u00e9daction","@id":"https:\/\/universnews224.com\/#\/schema\/person\/a4b7d4f94a4716df60456a491260485e"},"headline":"L\u2019imam Elhadj Mamadou Saliou \u00e0 Kindia: \u201c Il y avait un pr\u00e9sident avant celui d\u00b4aujourd\u2019hui\u201d\u00a0","datePublished":"2025-02-21T21:02:00+00:00","dateModified":"2025-02-21T21:02:00+00:00","mainEntityOfPage":{"@id":"https:\/\/universnews224.com\/index.php\/limam-elhadj-mamadou-saliou-a-kindia-il-y-avait-un-president-avant-celui-daujourdhui\/"},"wordCount":378,"publisher":{"@id":"https:\/\/universnews224.com\/#organization"},"keywords":["A la une"],"articleSection":["ACTU","SOCI\u00c9T\u00c9"],"inLanguage":"fr-FR"},{"@type":"WebPage","@id":"https:\/\/universnews224.com\/index.php\/limam-elhadj-mamadou-saliou-a-kindia-il-y-avait-un-president-avant-celui-daujourdhui\/","url":"https:\/\/universnews224.com\/index.php\/limam-elhadj-mamadou-saliou-a-kindia-il-y-avait-un-president-avant-celui-daujourdhui\/","name":"L\u2019imam Elhadj Mamadou Saliou \u00e0 Kindia: \u201c Il y avait un pr\u00e9sident avant celui d\u00b4aujourd\u2019hui\u201d\u00a0 - UNIVERSNEWS224","isPartOf":{"@id":"https:\/\/universnews224.com\/#website"},"datePublished":"2025-02-21T21:02:00+00:00","dateModified":"2025-02-21T21:02:00+00:00","inLanguage":"fr-FR","potentialAction":[{"@type":"ReadAction","target":["https:\/\/universnews224.com\/index.php\/limam-elhadj-mamadou-saliou-a-kindia-il-y-avait-un-president-avant-celui-daujourdhui\/"]}]},{"@type":"WebSite","@id":"https:\/\/universnews224.com\/#website","url":"https:\/\/universnews224.com\/","name":"UNIVERSNEWS224","description":"","publisher":{"@id":"https:\/\/universnews224.com\/#organization"},"potentialAction":[{"@type":"SearchAction","target":{"@type":"EntryPoint","urlTemplate":"https:\/\/universnews224.com\/?s={search_term_string}"},"query-input":"required name=search_term_string"}],"inLanguage":"fr-FR"},{"@type":"Organization","@id":"https:\/\/universnews224.com\/#organization","name":"UNIVERSNEWS224","url":"https:\/\/universnews224.com\/","logo":{"@type":"ImageObject","inLanguage":"fr-FR","@id":"https:\/\/universnews224.com\/#\/schema\/logo\/image\/","url":"https:\/\/universnews224.com\/wp-content\/uploads\/2022\/08\/cropped-cropped-logoban.jpg","contentUrl":"https:\/\/universnews224.com\/wp-content\/uploads\/2022\/08\/cropped-cropped-logoban.jpg","width":1080,"height":138,"caption":"UNIVERSNEWS224"},"image":{"@id":"https:\/\/universnews224.com\/#\/schema\/logo\/image\/"}},{"@type":"Person","@id":"https:\/\/universnews224.com\/#\/schema\/person\/a4b7d4f94a4716df60456a491260485e","name":"La R\u00e9daction","image":{"@type":"ImageObject","inLanguage":"fr-FR","@id":"https:\/\/universnews224.com\/#\/schema\/person\/image\/","url":"https:\/\/secure.gravatar.com\/avatar\/edb90acc7752b23e1b3307ad36c14f0d?s=96&d=mm&r=g","contentUrl":"https:\/\/secure.gravatar.com\/avatar\/edb90acc7752b23e1b3307ad36c14f0d?s=96&d=mm&r=g","caption":"La R\u00e9daction"},"sameAs":["https:\/\/universnews224.com"],"url":"https:\/\/universnews224.com\/index.php\/author\/m-camara\/"}]}},"_links":{"self":[{"href":"https:\/\/universnews224.com\/index.php\/wp-json\/wp\/v2\/posts\/7587"}],"collection":[{"href":"https:\/\/universnews224.com\/index.php\/wp-json\/wp\/v2\/posts"}],"about":[{"href":"https:\/\/universnews224.com\/index.php\/wp-json\/wp\/v2\/types\/post"}],"author":[{"embeddable":true,"href":"https:\/\/universnews224.com\/index.php\/wp-json\/wp\/v2\/users\/2"}],"replies":[{"embeddable":true,"href":"https:\/\/universnews224.com\/index.php\/wp-json\/wp\/v2\/comments?post=7587"}],"version-history":[{"count":1,"href":"https:\/\/universnews224.com\/index.php\/wp-json\/wp\/v2\/posts\/7587\/revisions"}],"predecessor-version":[{"id":7589,"href":"https:\/\/universnews224.com\/index.php\/wp-json\/wp\/v2\/posts\/7587\/revisions\/7589"}],"wp:featuredmedia":[{"embeddable":true,"href":"https:\/\/universnews224.com\/index.php\/wp-json\/wp\/v2\/media\/7588"}],"wp:attachment":[{"href":"https:\/\/universnews224.com\/index.php\/wp-json\/wp\/v2\/media?parent=7587"}],"wp:term":[{"taxonomy":"category","embeddable":true,"href":"https:\/\/universnews224.com\/index.php\/wp-json\/wp\/v2\/categories?post=7587"},{"taxonomy":"post_tag","embeddable":true,"href":"https:\/\/universnews224.com\/index.php\/wp-json\/wp\/v2\/tags?post=7587"}],"curies":[{"name":"wp","href":"https:\/\/api.w.org\/{rel}","templated":true}]}}