{"id":7597,"date":"2025-02-22T20:15:19","date_gmt":"2025-02-22T19:15:19","guid":{"rendered":"https:\/\/universnews224.com\/?p=7597"},"modified":"2025-02-22T20:15:19","modified_gmt":"2025-02-22T19:15:19","slug":"general-amara-camara-a-kindia-recensez-vous-chaque-voix-compte-pour-permettre-a-notre-champion-de-remporter-les-futures-elections-des-le-1er-tour","status":"publish","type":"post","link":"https:\/\/universnews224.com\/index.php\/general-amara-camara-a-kindia-recensez-vous-chaque-voix-compte-pour-permettre-a-notre-champion-de-remporter-les-futures-elections-des-le-1er-tour\/","title":{"rendered":"G\u00e9n\u00e9ral Amara Camara \u00e0 Kindia : \u00ab\u00a0recensez-vous, chaque voix compte pour permettre \u00e0 notre champion de remporter les futures \u00e9lections d\u00e8s le 1er tour\u201d"},"content":{"rendered":"<p id=\"docs-internal-guid-e02e54a4-7fff-190f-a02f-1dead55a2a2a\" dir=\"ltr\" style=\"line-height: 1.38;margin-top: 0.0pt;margin-bottom: 0.0pt\"><span style=\"font-size: 11pt;font-family: Arial, sans-serif;color: #000000;background-color: transparent;vertical-align: baseline\">Le ministre secr\u00e9taire g\u00e9n\u00e9ral de la pr\u00e9sidence de la R\u00e9publique, le G\u00e9n\u00e9ral Amara Camara a pris part \u00e0 la c\u00e9r\u00e9monie de c\u00e9l\u00e9bration des acquis du CNRD \u00e0 Kindia, ville situ\u00e9e \u00e0 135 km de la capitale Conakry.<\/span><\/p>\n<p>&nbsp;<\/p>\n<p dir=\"ltr\" style=\"line-height: 1.38;margin-top: 0.0pt;margin-bottom: 0.0pt\"><span style=\"font-size: 11pt;font-family: Arial, sans-serif;color: #000000;background-color: transparent;vertical-align: baseline\">S\u2019adressant \u00e0 la population de la ville des agrumes, le G\u00e9n\u00e9ral Camara a appel\u00e9 les citoyens \u00e0 se recenser\u00a0 massivement pour permettre au pr\u00e9sident Mamadi Doumbouya de remporter les \u00e9lections futures d\u00e8s le premier tour.<\/span><\/p>\n<p>&nbsp;<\/p>\n<p dir=\"ltr\" style=\"line-height: 1.38;margin-top: 0.0pt;margin-bottom: 0.0pt\"><span style=\"font-size: 11pt;font-family: Arial, sans-serif;color: #000000;background-color: transparent;vertical-align: baseline\">C\u2019est \u00e0 la place des martyrs de Kindia que les citoyens de la Basse Guin\u00e9e sont sortis pour c\u00e9l\u00e9brer les acquis du CNRD.<\/span><\/p>\n<p>&nbsp;<\/p>\n<p dir=\"ltr\" style=\"line-height: 1.38;margin-top: 0.0pt;margin-bottom: 0.0pt\"><span style=\"font-size: 11pt;font-family: Arial, sans-serif;color: #000000;background-color: transparent;vertical-align: baseline\">Apr\u00e8s la marche pour la paix, le secr\u00e9taire g\u00e9n\u00e9ral \u00e0 la pr\u00e9sidence, Amara Camara a appel\u00e9 les populations \u00e0 s\u2019enr\u00f4ler massivement avant les \u00e9lections futures.<\/span><\/p>\n<p>&nbsp;<\/p>\n<p dir=\"ltr\" style=\"line-height: 1.38;margin-top: 0.0pt;margin-bottom: 0.0pt\"><span style=\"font-size: 11pt;font-family: Arial, sans-serif;color: #000000;background-color: transparent;vertical-align: baseline\">\u00ab [\u2026]D\u00e8s les premi\u00e8res heure,\u00a0 c\u2019est-\u00e0-dire le 05 septembre 2021, le soutien et l\u2019accompagnement des fils et filles de la Basse Guin\u00e9e ont \u00e9t\u00e9 d\u00e9cisifs pour la conduite pour la R\u00e9fondation en cours.C\u2019est gr\u00e2ce \u00e0 vous que le CNRD, son pr\u00e9sident et son gouvernement ont pu poser des jalons. [\u2026] Votre mobilisation exceptionnelle est le t\u00e9moignage de votre adh\u00e9sion \u00e0 ce projet de soci\u00e9t\u00e9 que nous b\u00e2tissons ensemble sur le leadership du pr\u00e9sident Mamadi Doumbouya. Alors que nous attendons que le g\u00e9n\u00e9ral.<\/span><\/p>\n<p dir=\"ltr\" style=\"line-height: 1.38;margin-top: 0.0pt;margin-bottom: 0.0pt\"><span style=\"font-size: 11pt;font-family: Arial, sans-serif;color: #000000;background-color: transparent;vertical-align: baseline\">Mamadi Doumbouya, pr\u00e9sident de la R\u00e9publique, chef de l\u2019Etat, chef supr\u00eame des arm\u00e9es, se prononce sur sa future candidature, je vous invite \u00e0 vous recenser massivement, votre engagement est essentiel pour permettre \u00e0 notre champion de remporter les futures \u00e9lections d\u00e8s le premier tour \u00bb, souligne le g\u00e9n\u00e9ral.<\/span><\/p>\n<p>&nbsp;<\/p>\n<p dir=\"ltr\" style=\"line-height: 1.38;margin-top: 0.0pt;margin-bottom: 0.0pt\"><span style=\"font-size: 11pt;font-family: Arial, sans-serif;color: #000000;background-color: transparent;vertical-align: baseline\">Mediaguinee<\/span><\/p>\n","protected":false},"excerpt":{"rendered":"<p>Le ministre secr\u00e9taire g\u00e9n\u00e9ral de la pr\u00e9sidence de la R\u00e9publique, le G\u00e9n\u00e9ral Amara Camara a<\/p>\n","protected":false},"author":2,"featured_media":7598,"comment_status":"closed","ping_status":"open","sticky":false,"template":"","format":"standard","meta":[],"categories":[3,4],"tags":[237],"yoast_head":"<!-- This site is optimized with the Yoast SEO plugin v19.13 - https:\/\/yoast.com\/wordpress\/plugins\/seo\/ -->\n<title>G\u00e9n\u00e9ral Amara Camara \u00e0 Kindia : \u00ab\u00a0recensez-vous, chaque voix compte pour permettre \u00e0 notre champion de remporter les futures \u00e9lections d\u00e8s le 1er tour\u201d - UNIVERSNEWS224<\/title>\n<meta name=\"robots\" content=\"index, follow, max-snippet:-1, max-image-preview:large, max-video-preview:-1\" \/>\n<link rel=\"canonical\" href=\"https:\/\/universnews224.com\/index.php\/general-amara-camara-a-kindia-recensez-vous-chaque-voix-compte-pour-permettre-a-notre-champion-de-remporter-les-futures-elections-des-le-1er-tour\/\" \/>\n<meta property=\"og:locale\" content=\"fr_FR\" \/>\n<meta property=\"og:type\" content=\"article\" \/>\n<meta property=\"og:title\" content=\"G\u00e9n\u00e9ral Amara Camara \u00e0 Kindia : \u00ab\u00a0recensez-vous, chaque voix compte pour permettre \u00e0 notre champion de remporter les futures \u00e9lections d\u00e8s le 1er tour\u201d - UNIVERSNEWS224\" \/>\n<meta property=\"og:description\" content=\"Le ministre secr\u00e9taire g\u00e9n\u00e9ral de la pr\u00e9sidence de la R\u00e9publique, le G\u00e9n\u00e9ral Amara Camara a\" \/>\n<meta property=\"og:url\" content=\"https:\/\/universnews224.com\/index.php\/general-amara-camara-a-kindia-recensez-vous-chaque-voix-compte-pour-permettre-a-notre-champion-de-remporter-les-futures-elections-des-le-1er-tour\/\" \/>\n<meta property=\"og:site_name\" content=\"UNIVERSNEWS224\" \/>\n<meta property=\"article:published_time\" content=\"2025-02-22T19:15:19+00:00\" \/>\n<meta property=\"og:image\" content=\"https:\/\/universnews224.com\/wp-content\/uploads\/2025\/02\/IMG_1156.jpeg\" \/>\n\t<meta property=\"og:image:width\" content=\"1080\" \/>\n\t<meta property=\"og:image:height\" content=\"719\" \/>\n\t<meta property=\"og:image:type\" content=\"image\/jpeg\" \/>\n<meta name=\"author\" content=\"La R\u00e9daction\" \/>\n<meta name=\"twitter:label1\" content=\"\u00c9crit par\" \/>\n\t<meta name=\"twitter:data1\" content=\"La R\u00e9daction\" \/>\n\t<meta name=\"twitter:label2\" content=\"Dur\u00e9e de lecture estim\u00e9e\" \/>\n\t<meta name=\"twitter:data2\" content=\"2 minutes\" \/>\n<script type=\"application\/ld+json\" class=\"yoast-schema-graph\">{\"@context\":\"https:\/\/schema.org\",\"@graph\":[{\"@type\":\"Article\",\"@id\":\"https:\/\/universnews224.com\/index.php\/general-amara-camara-a-kindia-recensez-vous-chaque-voix-compte-pour-permettre-a-notre-champion-de-remporter-les-futures-elections-des-le-1er-tour\/#article\",\"isPartOf\":{\"@id\":\"https:\/\/universnews224.com\/index.php\/general-amara-camara-a-kindia-recensez-vous-chaque-voix-compte-pour-permettre-a-notre-champion-de-remporter-les-futures-elections-des-le-1er-tour\/\"},\"author\":{\"name\":\"La R\u00e9daction\",\"@id\":\"https:\/\/universnews224.com\/#\/schema\/person\/a4b7d4f94a4716df60456a491260485e\"},\"headline\":\"G\u00e9n\u00e9ral Amara Camara \u00e0 Kindia : \u00ab\u00a0recensez-vous, chaque voix compte pour permettre \u00e0 notre champion de remporter les futures \u00e9lections d\u00e8s le 1er tour\u201d\",\"datePublished\":\"2025-02-22T19:15:19+00:00\",\"dateModified\":\"2025-02-22T19:15:19+00:00\",\"mainEntityOfPage\":{\"@id\":\"https:\/\/universnews224.com\/index.php\/general-amara-camara-a-kindia-recensez-vous-chaque-voix-compte-pour-permettre-a-notre-champion-de-remporter-les-futures-elections-des-le-1er-tour\/\"},\"wordCount\":317,\"publisher\":{\"@id\":\"https:\/\/universnews224.com\/#organization\"},\"keywords\":[\"A la une\"],\"articleSection\":[\"ACTU\",\"POLITIQUE\"],\"inLanguage\":\"fr-FR\"},{\"@type\":\"WebPage\",\"@id\":\"https:\/\/universnews224.com\/index.php\/general-amara-camara-a-kindia-recensez-vous-chaque-voix-compte-pour-permettre-a-notre-champion-de-remporter-les-futures-elections-des-le-1er-tour\/\",\"url\":\"https:\/\/universnews224.com\/index.php\/general-amara-camara-a-kindia-recensez-vous-chaque-voix-compte-pour-permettre-a-notre-champion-de-remporter-les-futures-elections-des-le-1er-tour\/\",\"name\":\"G\u00e9n\u00e9ral Amara Camara \u00e0 Kindia : \u00ab\u00a0recensez-vous, chaque voix compte pour permettre \u00e0 notre champion de remporter les futures \u00e9lections d\u00e8s le 1er tour\u201d - UNIVERSNEWS224\",\"isPartOf\":{\"@id\":\"https:\/\/universnews224.com\/#website\"},\"datePublished\":\"2025-02-22T19:15:19+00:00\",\"dateModified\":\"2025-02-22T19:15:19+00:00\",\"inLanguage\":\"fr-FR\",\"potentialAction\":[{\"@type\":\"ReadAction\",\"target\":[\"https:\/\/universnews224.com\/index.php\/general-amara-camara-a-kindia-recensez-vous-chaque-voix-compte-pour-permettre-a-notre-champion-de-remporter-les-futures-elections-des-le-1er-tour\/\"]}]},{\"@type\":\"WebSite\",\"@id\":\"https:\/\/universnews224.com\/#website\",\"url\":\"https:\/\/universnews224.com\/\",\"name\":\"UNIVERSNEWS224\",\"description\":\"\",\"publisher\":{\"@id\":\"https:\/\/universnews224.com\/#organization\"},\"potentialAction\":[{\"@type\":\"SearchAction\",\"target\":{\"@type\":\"EntryPoint\",\"urlTemplate\":\"https:\/\/universnews224.com\/?s={search_term_string}\"},\"query-input\":\"required name=search_term_string\"}],\"inLanguage\":\"fr-FR\"},{\"@type\":\"Organization\",\"@id\":\"https:\/\/universnews224.com\/#organization\",\"name\":\"UNIVERSNEWS224\",\"url\":\"https:\/\/universnews224.com\/\",\"logo\":{\"@type\":\"ImageObject\",\"inLanguage\":\"fr-FR\",\"@id\":\"https:\/\/universnews224.com\/#\/schema\/logo\/image\/\",\"url\":\"https:\/\/universnews224.com\/wp-content\/uploads\/2022\/08\/cropped-cropped-logoban.jpg\",\"contentUrl\":\"https:\/\/universnews224.com\/wp-content\/uploads\/2022\/08\/cropped-cropped-logoban.jpg\",\"width\":1080,\"height\":138,\"caption\":\"UNIVERSNEWS224\"},\"image\":{\"@id\":\"https:\/\/universnews224.com\/#\/schema\/logo\/image\/\"}},{\"@type\":\"Person\",\"@id\":\"https:\/\/universnews224.com\/#\/schema\/person\/a4b7d4f94a4716df60456a491260485e\",\"name\":\"La R\u00e9daction\",\"image\":{\"@type\":\"ImageObject\",\"inLanguage\":\"fr-FR\",\"@id\":\"https:\/\/universnews224.com\/#\/schema\/person\/image\/\",\"url\":\"https:\/\/secure.gravatar.com\/avatar\/edb90acc7752b23e1b3307ad36c14f0d?s=96&d=mm&r=g\",\"contentUrl\":\"https:\/\/secure.gravatar.com\/avatar\/edb90acc7752b23e1b3307ad36c14f0d?s=96&d=mm&r=g\",\"caption\":\"La R\u00e9daction\"},\"sameAs\":[\"https:\/\/universnews224.com\"],\"url\":\"https:\/\/universnews224.com\/index.php\/author\/m-camara\/\"}]}<\/script>\n<!-- \/ Yoast SEO plugin. -->","yoast_head_json":{"title":"G\u00e9n\u00e9ral Amara Camara \u00e0 Kindia : \u00ab\u00a0recensez-vous, chaque voix compte pour permettre \u00e0 notre champion de remporter les futures \u00e9lections d\u00e8s le 1er tour\u201d - UNIVERSNEWS224","robots":{"index":"index","follow":"follow","max-snippet":"max-snippet:-1","max-image-preview":"max-image-preview:large","max-video-preview":"max-video-preview:-1"},"canonical":"https:\/\/universnews224.com\/index.php\/general-amara-camara-a-kindia-recensez-vous-chaque-voix-compte-pour-permettre-a-notre-champion-de-remporter-les-futures-elections-des-le-1er-tour\/","og_locale":"fr_FR","og_type":"article","og_title":"G\u00e9n\u00e9ral Amara Camara \u00e0 Kindia : \u00ab\u00a0recensez-vous, chaque voix compte pour permettre \u00e0 notre champion de remporter les futures \u00e9lections d\u00e8s le 1er tour\u201d - UNIVERSNEWS224","og_description":"Le ministre secr\u00e9taire g\u00e9n\u00e9ral de la pr\u00e9sidence de la R\u00e9publique, le G\u00e9n\u00e9ral Amara Camara a","og_url":"https:\/\/universnews224.com\/index.php\/general-amara-camara-a-kindia-recensez-vous-chaque-voix-compte-pour-permettre-a-notre-champion-de-remporter-les-futures-elections-des-le-1er-tour\/","og_site_name":"UNIVERSNEWS224","article_published_time":"2025-02-22T19:15:19+00:00","og_image":[{"width":1080,"height":719,"url":"https:\/\/universnews224.com\/wp-content\/uploads\/2025\/02\/IMG_1156.jpeg","type":"image\/jpeg"}],"author":"La R\u00e9daction","twitter_misc":{"\u00c9crit par":"La R\u00e9daction","Dur\u00e9e de lecture estim\u00e9e":"2 minutes"},"schema":{"@context":"https:\/\/schema.org","@graph":[{"@type":"Article","@id":"https:\/\/universnews224.com\/index.php\/general-amara-camara-a-kindia-recensez-vous-chaque-voix-compte-pour-permettre-a-notre-champion-de-remporter-les-futures-elections-des-le-1er-tour\/#article","isPartOf":{"@id":"https:\/\/universnews224.com\/index.php\/general-amara-camara-a-kindia-recensez-vous-chaque-voix-compte-pour-permettre-a-notre-champion-de-remporter-les-futures-elections-des-le-1er-tour\/"},"author":{"name":"La R\u00e9daction","@id":"https:\/\/universnews224.com\/#\/schema\/person\/a4b7d4f94a4716df60456a491260485e"},"headline":"G\u00e9n\u00e9ral Amara Camara \u00e0 Kindia : \u00ab\u00a0recensez-vous, chaque voix compte pour permettre \u00e0 notre champion de remporter les futures \u00e9lections d\u00e8s le 1er tour\u201d","datePublished":"2025-02-22T19:15:19+00:00","dateModified":"2025-02-22T19:15:19+00:00","mainEntityOfPage":{"@id":"https:\/\/universnews224.com\/index.php\/general-amara-camara-a-kindia-recensez-vous-chaque-voix-compte-pour-permettre-a-notre-champion-de-remporter-les-futures-elections-des-le-1er-tour\/"},"wordCount":317,"publisher":{"@id":"https:\/\/universnews224.com\/#organization"},"keywords":["A la une"],"articleSection":["ACTU","POLITIQUE"],"inLanguage":"fr-FR"},{"@type":"WebPage","@id":"https:\/\/universnews224.com\/index.php\/general-amara-camara-a-kindia-recensez-vous-chaque-voix-compte-pour-permettre-a-notre-champion-de-remporter-les-futures-elections-des-le-1er-tour\/","url":"https:\/\/universnews224.com\/index.php\/general-amara-camara-a-kindia-recensez-vous-chaque-voix-compte-pour-permettre-a-notre-champion-de-remporter-les-futures-elections-des-le-1er-tour\/","name":"G\u00e9n\u00e9ral Amara Camara \u00e0 Kindia : \u00ab\u00a0recensez-vous, chaque voix compte pour permettre \u00e0 notre champion de remporter les futures \u00e9lections d\u00e8s le 1er tour\u201d - UNIVERSNEWS224","isPartOf":{"@id":"https:\/\/universnews224.com\/#website"},"datePublished":"2025-02-22T19:15:19+00:00","dateModified":"2025-02-22T19:15:19+00:00","inLanguage":"fr-FR","potentialAction":[{"@type":"ReadAction","target":["https:\/\/universnews224.com\/index.php\/general-amara-camara-a-kindia-recensez-vous-chaque-voix-compte-pour-permettre-a-notre-champion-de-remporter-les-futures-elections-des-le-1er-tour\/"]}]},{"@type":"WebSite","@id":"https:\/\/universnews224.com\/#website","url":"https:\/\/universnews224.com\/","name":"UNIVERSNEWS224","description":"","publisher":{"@id":"https:\/\/universnews224.com\/#organization"},"potentialAction":[{"@type":"SearchAction","target":{"@type":"EntryPoint","urlTemplate":"https:\/\/universnews224.com\/?s={search_term_string}"},"query-input":"required name=search_term_string"}],"inLanguage":"fr-FR"},{"@type":"Organization","@id":"https:\/\/universnews224.com\/#organization","name":"UNIVERSNEWS224","url":"https:\/\/universnews224.com\/","logo":{"@type":"ImageObject","inLanguage":"fr-FR","@id":"https:\/\/universnews224.com\/#\/schema\/logo\/image\/","url":"https:\/\/universnews224.com\/wp-content\/uploads\/2022\/08\/cropped-cropped-logoban.jpg","contentUrl":"https:\/\/universnews224.com\/wp-content\/uploads\/2022\/08\/cropped-cropped-logoban.jpg","width":1080,"height":138,"caption":"UNIVERSNEWS224"},"image":{"@id":"https:\/\/universnews224.com\/#\/schema\/logo\/image\/"}},{"@type":"Person","@id":"https:\/\/universnews224.com\/#\/schema\/person\/a4b7d4f94a4716df60456a491260485e","name":"La R\u00e9daction","image":{"@type":"ImageObject","inLanguage":"fr-FR","@id":"https:\/\/universnews224.com\/#\/schema\/person\/image\/","url":"https:\/\/secure.gravatar.com\/avatar\/edb90acc7752b23e1b3307ad36c14f0d?s=96&d=mm&r=g","contentUrl":"https:\/\/secure.gravatar.com\/avatar\/edb90acc7752b23e1b3307ad36c14f0d?s=96&d=mm&r=g","caption":"La R\u00e9daction"},"sameAs":["https:\/\/universnews224.com"],"url":"https:\/\/universnews224.com\/index.php\/author\/m-camara\/"}]}},"_links":{"self":[{"href":"https:\/\/universnews224.com\/index.php\/wp-json\/wp\/v2\/posts\/7597"}],"collection":[{"href":"https:\/\/universnews224.com\/index.php\/wp-json\/wp\/v2\/posts"}],"about":[{"href":"https:\/\/universnews224.com\/index.php\/wp-json\/wp\/v2\/types\/post"}],"author":[{"embeddable":true,"href":"https:\/\/universnews224.com\/index.php\/wp-json\/wp\/v2\/users\/2"}],"replies":[{"embeddable":true,"href":"https:\/\/universnews224.com\/index.php\/wp-json\/wp\/v2\/comments?post=7597"}],"version-history":[{"count":1,"href":"https:\/\/universnews224.com\/index.php\/wp-json\/wp\/v2\/posts\/7597\/revisions"}],"predecessor-version":[{"id":7599,"href":"https:\/\/universnews224.com\/index.php\/wp-json\/wp\/v2\/posts\/7597\/revisions\/7599"}],"wp:featuredmedia":[{"embeddable":true,"href":"https:\/\/universnews224.com\/index.php\/wp-json\/wp\/v2\/media\/7598"}],"wp:attachment":[{"href":"https:\/\/universnews224.com\/index.php\/wp-json\/wp\/v2\/media?parent=7597"}],"wp:term":[{"taxonomy":"category","embeddable":true,"href":"https:\/\/universnews224.com\/index.php\/wp-json\/wp\/v2\/categories?post=7597"},{"taxonomy":"post_tag","embeddable":true,"href":"https:\/\/universnews224.com\/index.php\/wp-json\/wp\/v2\/tags?post=7597"}],"curies":[{"name":"wp","href":"https:\/\/api.w.org\/{rel}","templated":true}]}}