{"id":7609,"date":"2025-02-26T00:40:55","date_gmt":"2025-02-25T23:40:55","guid":{"rendered":"https:\/\/universnews224.com\/?p=7609"},"modified":"2025-02-26T00:40:55","modified_gmt":"2025-02-25T23:40:55","slug":"soutien-au-cnrd-lancement-a-conakry-du-kaloum-kha-mamadi-doumbouya","status":"publish","type":"post","link":"https:\/\/universnews224.com\/index.php\/soutien-au-cnrd-lancement-a-conakry-du-kaloum-kha-mamadi-doumbouya\/","title":{"rendered":"Soutien au CNRD : Lancement \u00e0 Conakry du \u00ab Kaloum\u00a0 Kha Mamadi Doumbouya\u00bb"},"content":{"rendered":"<p dir=\"ltr\" style=\"line-height: 1.38;margin-top: 0.0pt;margin-bottom: 0.0pt\"><span style=\"font-size: 11pt;font-family: Arial, sans-serif;color: #000000;background-color: transparent;vertical-align: baseline\">C&rsquo;est \u00e0 la faveur d\u2019une grande mobilisation des jeunes et femmes de Kaloum,\u00a0 centre-ville, que le\u00a0 grand parrain du Mouvement M. Le Ministre des Affaires \u00c9trang\u00e8res de l&rsquo;Int\u00e9gration\u00a0 Africaine et des Guin\u00e9ens \u00c9tablis \u00e0 \u00c9tranger Dr Morissanda Kouyat\u00e9, entour\u00e9 de quelques membres du gouvernement, a officiellement lanc\u00e9, ce mardi 25 F\u00e9vrier 2025 \u00e0 Conakry, le mouvement de soutien aux actions du pr\u00e9sident de la R\u00e9publique, G\u00e9n\u00e9ral Mamadi Doumbouya.<a href=\"https:\/\/universnews224.com\/wp-content\/uploads\/2025\/02\/IMG-20250225-WA0048.jpg\"><img loading=\"lazy\" class=\"alignnone size-medium wp-image-7610\" src=\"https:\/\/universnews224.com\/wp-content\/uploads\/2025\/02\/IMG-20250225-WA0048-300x169.jpg\" alt=\"\" width=\"300\" height=\"169\" srcset=\"https:\/\/universnews224.com\/wp-content\/uploads\/2025\/02\/IMG-20250225-WA0048-300x169.jpg 300w, https:\/\/universnews224.com\/wp-content\/uploads\/2025\/02\/IMG-20250225-WA0048-1024x576.jpg 1024w, https:\/\/universnews224.com\/wp-content\/uploads\/2025\/02\/IMG-20250225-WA0048-768x432.jpg 768w, https:\/\/universnews224.com\/wp-content\/uploads\/2025\/02\/IMG-20250225-WA0048-800x450.jpg 800w, https:\/\/universnews224.com\/wp-content\/uploads\/2025\/02\/IMG-20250225-WA0048.jpg 1032w\" sizes=\"(max-width: 300px) 100vw, 300px\" \/><\/a><\/span><\/p>\n<p dir=\"ltr\" style=\"line-height: 1.38;margin-top: 0.0pt;margin-bottom: 0.0pt\"><span style=\"font-size: 11pt;font-family: Arial, sans-serif;color: #000000;background-color: transparent;vertical-align: baseline\">\u00a0\u00bb KMD ( Kaloum\u00a0 Kha Mamadi Doumbouya) \u00ab\u00a0, c\u2019est le nom de ce mouvement qui se fixe comme objectif de soutenir et vulgariser la Vision du Chef de l\u2019Etat et son programme Simandou 2040.<a href=\"https:\/\/universnews224.com\/wp-content\/uploads\/2025\/02\/IMG-20250225-WA0050.jpg\"><img loading=\"lazy\" class=\"alignnone size-medium wp-image-7611\" src=\"https:\/\/universnews224.com\/wp-content\/uploads\/2025\/02\/IMG-20250225-WA0050-300x169.jpg\" alt=\"\" width=\"300\" height=\"169\" srcset=\"https:\/\/universnews224.com\/wp-content\/uploads\/2025\/02\/IMG-20250225-WA0050-300x169.jpg 300w, https:\/\/universnews224.com\/wp-content\/uploads\/2025\/02\/IMG-20250225-WA0050-1024x576.jpg 1024w, https:\/\/universnews224.com\/wp-content\/uploads\/2025\/02\/IMG-20250225-WA0050-768x432.jpg 768w, https:\/\/universnews224.com\/wp-content\/uploads\/2025\/02\/IMG-20250225-WA0050-800x450.jpg 800w, https:\/\/universnews224.com\/wp-content\/uploads\/2025\/02\/IMG-20250225-WA0050.jpg 1032w\" sizes=\"(max-width: 300px) 100vw, 300px\" \/><\/a><\/span><\/p>\n<p dir=\"ltr\" style=\"line-height: 1.38;margin-top: 0.0pt;margin-bottom: 0.0pt\"><span style=\"font-size: 11pt;font-family: Arial, sans-serif;color: #000000;background-color: transparent;vertical-align: baseline\">Par ailleurs, le mouvement compte se d\u00e9ployer dans tous les quartiers, march\u00e9s et autres lieux publics, pour mobiliser les jeunes et les femmes autour des id\u00e9aux de paix, de coh\u00e9sion sociale et de d\u00e9veloppement pr\u00f4n\u00e9s par\u00a0 le pr\u00e9sident de la transition.<a href=\"https:\/\/universnews224.com\/wp-content\/uploads\/2025\/02\/IMG-20250225-WA0048-1.jpg\"><img loading=\"lazy\" class=\"alignnone size-medium wp-image-7612\" src=\"https:\/\/universnews224.com\/wp-content\/uploads\/2025\/02\/IMG-20250225-WA0048-1-300x169.jpg\" alt=\"\" width=\"300\" height=\"169\" srcset=\"https:\/\/universnews224.com\/wp-content\/uploads\/2025\/02\/IMG-20250225-WA0048-1-300x169.jpg 300w, https:\/\/universnews224.com\/wp-content\/uploads\/2025\/02\/IMG-20250225-WA0048-1-1024x576.jpg 1024w, https:\/\/universnews224.com\/wp-content\/uploads\/2025\/02\/IMG-20250225-WA0048-1-768x432.jpg 768w, https:\/\/universnews224.com\/wp-content\/uploads\/2025\/02\/IMG-20250225-WA0048-1-800x450.jpg 800w, https:\/\/universnews224.com\/wp-content\/uploads\/2025\/02\/IMG-20250225-WA0048-1.jpg 1032w\" sizes=\"(max-width: 300px) 100vw, 300px\" \/><\/a><\/span><\/p>\n<p dir=\"ltr\" style=\"line-height: 1.38;margin-top: 0.0pt;margin-bottom: 0.0pt\"><span style=\"font-size: 11pt;font-family: Arial, sans-serif;color: #000000;background-color: transparent;vertical-align: baseline\">S\u2019adressant \u00e0 cette population fortement mobilis\u00e9e au grand rond-point du Boulevard Telly de Kaloum, le Ministre des Affaires \u00c9trang\u00e8res de l&rsquo;Int\u00e9gration\u00a0 Africaine et des Guin\u00e9ens \u00c9tablis \u00e0 \u00c9tranger, a indiqu\u00e9 que le pr\u00e9sident Mamadi Doumbouya est venu pour travailler.\u00a0 <a href=\"https:\/\/universnews224.com\/wp-content\/uploads\/2025\/02\/IMG-20250225-WA0049.jpg\"><img loading=\"lazy\" class=\"alignnone size-medium wp-image-7613\" src=\"https:\/\/universnews224.com\/wp-content\/uploads\/2025\/02\/IMG-20250225-WA0049-300x158.jpg\" alt=\"\" width=\"300\" height=\"158\" srcset=\"https:\/\/universnews224.com\/wp-content\/uploads\/2025\/02\/IMG-20250225-WA0049-300x158.jpg 300w, https:\/\/universnews224.com\/wp-content\/uploads\/2025\/02\/IMG-20250225-WA0049-768x405.jpg 768w, https:\/\/universnews224.com\/wp-content\/uploads\/2025\/02\/IMG-20250225-WA0049.jpg 898w\" sizes=\"(max-width: 300px) 100vw, 300px\" \/><\/a><\/span><\/p>\n<p dir=\"ltr\" style=\"line-height: 1.38;margin-top: 0.0pt;margin-bottom: 0.0pt\"><span style=\"font-size: 11pt;font-family: Arial, sans-serif;color: #000000;background-color: transparent;vertical-align: baseline\">\u00abAujourd&rsquo;hui, c&rsquo;est un jour de naissance, pourquoi un jour de naissance parce que c&rsquo;est ici le pr\u00e9sident Mamadi Doumbouya est habit\u00e9, c&rsquo;est\u00a0 ici, il travaille et il fait tout son sport \u00e0 Kaloum ici. Donc, le pr\u00e9sident appartient \u00e0 la commune de Kaloum. Vous les Kaloumkas, je vais vous dire que la Moyenne Guin\u00e9e, la Haute Guin\u00e9e et la Guin\u00e9e Foresti\u00e8re viendront vous demander de les pr\u00eater le pr\u00e9sident pour des f\u00eate de c\u00e9r\u00e9monie ou de travail. Donc, soutenons le dans ces actions de refondation et de paix pour le bien-\u00eatre de notre pays. Vous avez vu le pr\u00e9sident Mamadi, il est assis chez lui,\u00a0 il ne parle pas jamais il ne fait que son travail,\u00a0 mais ceux qui sont l\u00e0 \u00e0 parler,\u00a0 il sont o\u00f9 aujourd&rsquo;hui et entre eux et notre pr\u00e9sident a qui vous pr\u00e9f\u00e9rez ?\u00bb, a-t-il pos\u00e9 le ministre. <a href=\"https:\/\/universnews224.com\/wp-content\/uploads\/2025\/02\/IMG-20250225-WA0050.jpg\"><img loading=\"lazy\" class=\"alignnone size-medium wp-image-7611\" src=\"https:\/\/universnews224.com\/wp-content\/uploads\/2025\/02\/IMG-20250225-WA0050-300x169.jpg\" alt=\"\" width=\"300\" height=\"169\" srcset=\"https:\/\/universnews224.com\/wp-content\/uploads\/2025\/02\/IMG-20250225-WA0050-300x169.jpg 300w, https:\/\/universnews224.com\/wp-content\/uploads\/2025\/02\/IMG-20250225-WA0050-1024x576.jpg 1024w, https:\/\/universnews224.com\/wp-content\/uploads\/2025\/02\/IMG-20250225-WA0050-768x432.jpg 768w, https:\/\/universnews224.com\/wp-content\/uploads\/2025\/02\/IMG-20250225-WA0050-800x450.jpg 800w, https:\/\/universnews224.com\/wp-content\/uploads\/2025\/02\/IMG-20250225-WA0050.jpg 1032w\" sizes=\"(max-width: 300px) 100vw, 300px\" \/><\/a><\/span><\/p>\n<p dir=\"ltr\" style=\"line-height: 1.38;margin-top: 0.0pt;margin-bottom: 0.0pt\"><span style=\"font-size: 11pt;font-family: Arial, sans-serif;color: #000000;background-color: transparent;vertical-align: baseline\">Et d&rsquo;ajouter, \u00ab\u00a0 il est important de signaler que le pr\u00e9sident est dans son palais il ne provoque personne, il n&rsquo;insulte personne aussi, il ne pense qu&rsquo;\u00e0 l&rsquo;avenir de sa patrie, le travail\u00a0 et le bien-\u00eatre de sa population. Mes coll\u00e8gues ministres sont l\u00e0 ils peuvent t\u00e9moigner,\u00a0 comme vous venez de dire que le pr\u00e9sident a travaill\u00e9 et il continue encore, moi je vais vous dire \u00e7a quand\u00a0 nous sommes devant le pr\u00e9sident en r\u00e9union, il nous dit toujours que nous avons rien fait et partir encore faire mieux afin de rendre service \u00e0 la population. Donc \u00e0 partir d&rsquo;aujourd&rsquo;hui le fr\u00e8re, le p\u00e8re et la maman de Mamadi Doumbouya est la commune de Kaloum \u00bb, a-t-il d\u00e9clar\u00e9 Dr Morissanda.\u00a0<\/span><\/p>\n<p dir=\"ltr\" style=\"line-height: 1.38;margin-top: 0.0pt;margin-bottom: 0.0pt\">\n","protected":false},"excerpt":{"rendered":"<p>C&rsquo;est \u00e0 la faveur d\u2019une grande mobilisation des jeunes et femmes de Kaloum,\u00a0 centre-ville, que<\/p>\n","protected":false},"author":2,"featured_media":7612,"comment_status":"closed","ping_status":"open","sticky":false,"template":"","format":"standard","meta":[],"categories":[3,4],"tags":[237],"yoast_head":"<!-- This site is optimized with the Yoast SEO plugin v19.13 - https:\/\/yoast.com\/wordpress\/plugins\/seo\/ -->\n<title>Soutien au CNRD : Lancement \u00e0 Conakry du \u00ab Kaloum\u00a0 Kha Mamadi Doumbouya\u00bb - UNIVERSNEWS224<\/title>\n<meta name=\"robots\" content=\"index, follow, max-snippet:-1, max-image-preview:large, max-video-preview:-1\" \/>\n<link rel=\"canonical\" href=\"https:\/\/universnews224.com\/index.php\/soutien-au-cnrd-lancement-a-conakry-du-kaloum-kha-mamadi-doumbouya\/\" \/>\n<meta property=\"og:locale\" content=\"fr_FR\" \/>\n<meta property=\"og:type\" content=\"article\" \/>\n<meta property=\"og:title\" content=\"Soutien au CNRD : Lancement \u00e0 Conakry du \u00ab Kaloum\u00a0 Kha Mamadi Doumbouya\u00bb - UNIVERSNEWS224\" \/>\n<meta property=\"og:description\" content=\"C&rsquo;est \u00e0 la faveur d\u2019une grande mobilisation des jeunes et femmes de Kaloum,\u00a0 centre-ville, que\" \/>\n<meta property=\"og:url\" content=\"https:\/\/universnews224.com\/index.php\/soutien-au-cnrd-lancement-a-conakry-du-kaloum-kha-mamadi-doumbouya\/\" \/>\n<meta property=\"og:site_name\" content=\"UNIVERSNEWS224\" \/>\n<meta property=\"article:published_time\" content=\"2025-02-25T23:40:55+00:00\" \/>\n<meta property=\"og:image\" content=\"https:\/\/universnews224.com\/wp-content\/uploads\/2025\/02\/IMG-20250225-WA0048-1.jpg\" \/>\n\t<meta property=\"og:image:width\" content=\"1032\" \/>\n\t<meta property=\"og:image:height\" content=\"581\" \/>\n\t<meta property=\"og:image:type\" content=\"image\/jpeg\" \/>\n<meta name=\"author\" content=\"La R\u00e9daction\" \/>\n<meta name=\"twitter:label1\" content=\"\u00c9crit par\" \/>\n\t<meta name=\"twitter:data1\" content=\"La R\u00e9daction\" \/>\n\t<meta name=\"twitter:label2\" content=\"Dur\u00e9e de lecture estim\u00e9e\" \/>\n\t<meta name=\"twitter:data2\" content=\"4 minutes\" \/>\n<script type=\"application\/ld+json\" class=\"yoast-schema-graph\">{\"@context\":\"https:\/\/schema.org\",\"@graph\":[{\"@type\":\"Article\",\"@id\":\"https:\/\/universnews224.com\/index.php\/soutien-au-cnrd-lancement-a-conakry-du-kaloum-kha-mamadi-doumbouya\/#article\",\"isPartOf\":{\"@id\":\"https:\/\/universnews224.com\/index.php\/soutien-au-cnrd-lancement-a-conakry-du-kaloum-kha-mamadi-doumbouya\/\"},\"author\":{\"name\":\"La R\u00e9daction\",\"@id\":\"https:\/\/universnews224.com\/#\/schema\/person\/a4b7d4f94a4716df60456a491260485e\"},\"headline\":\"Soutien au CNRD : Lancement \u00e0 Conakry du \u00ab Kaloum\u00a0 Kha Mamadi Doumbouya\u00bb\",\"datePublished\":\"2025-02-25T23:40:55+00:00\",\"dateModified\":\"2025-02-25T23:40:55+00:00\",\"mainEntityOfPage\":{\"@id\":\"https:\/\/universnews224.com\/index.php\/soutien-au-cnrd-lancement-a-conakry-du-kaloum-kha-mamadi-doumbouya\/\"},\"wordCount\":486,\"publisher\":{\"@id\":\"https:\/\/universnews224.com\/#organization\"},\"keywords\":[\"A la une\"],\"articleSection\":[\"ACTU\",\"POLITIQUE\"],\"inLanguage\":\"fr-FR\"},{\"@type\":\"WebPage\",\"@id\":\"https:\/\/universnews224.com\/index.php\/soutien-au-cnrd-lancement-a-conakry-du-kaloum-kha-mamadi-doumbouya\/\",\"url\":\"https:\/\/universnews224.com\/index.php\/soutien-au-cnrd-lancement-a-conakry-du-kaloum-kha-mamadi-doumbouya\/\",\"name\":\"Soutien au CNRD : Lancement \u00e0 Conakry du \u00ab Kaloum\u00a0 Kha Mamadi Doumbouya\u00bb - UNIVERSNEWS224\",\"isPartOf\":{\"@id\":\"https:\/\/universnews224.com\/#website\"},\"datePublished\":\"2025-02-25T23:40:55+00:00\",\"dateModified\":\"2025-02-25T23:40:55+00:00\",\"inLanguage\":\"fr-FR\",\"potentialAction\":[{\"@type\":\"ReadAction\",\"target\":[\"https:\/\/universnews224.com\/index.php\/soutien-au-cnrd-lancement-a-conakry-du-kaloum-kha-mamadi-doumbouya\/\"]}]},{\"@type\":\"WebSite\",\"@id\":\"https:\/\/universnews224.com\/#website\",\"url\":\"https:\/\/universnews224.com\/\",\"name\":\"UNIVERSNEWS224\",\"description\":\"\",\"publisher\":{\"@id\":\"https:\/\/universnews224.com\/#organization\"},\"potentialAction\":[{\"@type\":\"SearchAction\",\"target\":{\"@type\":\"EntryPoint\",\"urlTemplate\":\"https:\/\/universnews224.com\/?s={search_term_string}\"},\"query-input\":\"required name=search_term_string\"}],\"inLanguage\":\"fr-FR\"},{\"@type\":\"Organization\",\"@id\":\"https:\/\/universnews224.com\/#organization\",\"name\":\"UNIVERSNEWS224\",\"url\":\"https:\/\/universnews224.com\/\",\"logo\":{\"@type\":\"ImageObject\",\"inLanguage\":\"fr-FR\",\"@id\":\"https:\/\/universnews224.com\/#\/schema\/logo\/image\/\",\"url\":\"https:\/\/universnews224.com\/wp-content\/uploads\/2022\/08\/cropped-cropped-logoban.jpg\",\"contentUrl\":\"https:\/\/universnews224.com\/wp-content\/uploads\/2022\/08\/cropped-cropped-logoban.jpg\",\"width\":1080,\"height\":138,\"caption\":\"UNIVERSNEWS224\"},\"image\":{\"@id\":\"https:\/\/universnews224.com\/#\/schema\/logo\/image\/\"}},{\"@type\":\"Person\",\"@id\":\"https:\/\/universnews224.com\/#\/schema\/person\/a4b7d4f94a4716df60456a491260485e\",\"name\":\"La R\u00e9daction\",\"image\":{\"@type\":\"ImageObject\",\"inLanguage\":\"fr-FR\",\"@id\":\"https:\/\/universnews224.com\/#\/schema\/person\/image\/\",\"url\":\"https:\/\/secure.gravatar.com\/avatar\/edb90acc7752b23e1b3307ad36c14f0d?s=96&d=mm&r=g\",\"contentUrl\":\"https:\/\/secure.gravatar.com\/avatar\/edb90acc7752b23e1b3307ad36c14f0d?s=96&d=mm&r=g\",\"caption\":\"La R\u00e9daction\"},\"sameAs\":[\"https:\/\/universnews224.com\"],\"url\":\"https:\/\/universnews224.com\/index.php\/author\/m-camara\/\"}]}<\/script>\n<!-- \/ Yoast SEO plugin. -->","yoast_head_json":{"title":"Soutien au CNRD : Lancement \u00e0 Conakry du \u00ab Kaloum\u00a0 Kha Mamadi Doumbouya\u00bb - UNIVERSNEWS224","robots":{"index":"index","follow":"follow","max-snippet":"max-snippet:-1","max-image-preview":"max-image-preview:large","max-video-preview":"max-video-preview:-1"},"canonical":"https:\/\/universnews224.com\/index.php\/soutien-au-cnrd-lancement-a-conakry-du-kaloum-kha-mamadi-doumbouya\/","og_locale":"fr_FR","og_type":"article","og_title":"Soutien au CNRD : Lancement \u00e0 Conakry du \u00ab Kaloum\u00a0 Kha Mamadi Doumbouya\u00bb - UNIVERSNEWS224","og_description":"C&rsquo;est \u00e0 la faveur d\u2019une grande mobilisation des jeunes et femmes de Kaloum,\u00a0 centre-ville, que","og_url":"https:\/\/universnews224.com\/index.php\/soutien-au-cnrd-lancement-a-conakry-du-kaloum-kha-mamadi-doumbouya\/","og_site_name":"UNIVERSNEWS224","article_published_time":"2025-02-25T23:40:55+00:00","og_image":[{"width":1032,"height":581,"url":"https:\/\/universnews224.com\/wp-content\/uploads\/2025\/02\/IMG-20250225-WA0048-1.jpg","type":"image\/jpeg"}],"author":"La R\u00e9daction","twitter_misc":{"\u00c9crit par":"La R\u00e9daction","Dur\u00e9e de lecture estim\u00e9e":"4 minutes"},"schema":{"@context":"https:\/\/schema.org","@graph":[{"@type":"Article","@id":"https:\/\/universnews224.com\/index.php\/soutien-au-cnrd-lancement-a-conakry-du-kaloum-kha-mamadi-doumbouya\/#article","isPartOf":{"@id":"https:\/\/universnews224.com\/index.php\/soutien-au-cnrd-lancement-a-conakry-du-kaloum-kha-mamadi-doumbouya\/"},"author":{"name":"La R\u00e9daction","@id":"https:\/\/universnews224.com\/#\/schema\/person\/a4b7d4f94a4716df60456a491260485e"},"headline":"Soutien au CNRD : Lancement \u00e0 Conakry du \u00ab Kaloum\u00a0 Kha Mamadi Doumbouya\u00bb","datePublished":"2025-02-25T23:40:55+00:00","dateModified":"2025-02-25T23:40:55+00:00","mainEntityOfPage":{"@id":"https:\/\/universnews224.com\/index.php\/soutien-au-cnrd-lancement-a-conakry-du-kaloum-kha-mamadi-doumbouya\/"},"wordCount":486,"publisher":{"@id":"https:\/\/universnews224.com\/#organization"},"keywords":["A la une"],"articleSection":["ACTU","POLITIQUE"],"inLanguage":"fr-FR"},{"@type":"WebPage","@id":"https:\/\/universnews224.com\/index.php\/soutien-au-cnrd-lancement-a-conakry-du-kaloum-kha-mamadi-doumbouya\/","url":"https:\/\/universnews224.com\/index.php\/soutien-au-cnrd-lancement-a-conakry-du-kaloum-kha-mamadi-doumbouya\/","name":"Soutien au CNRD : Lancement \u00e0 Conakry du \u00ab Kaloum\u00a0 Kha Mamadi Doumbouya\u00bb - UNIVERSNEWS224","isPartOf":{"@id":"https:\/\/universnews224.com\/#website"},"datePublished":"2025-02-25T23:40:55+00:00","dateModified":"2025-02-25T23:40:55+00:00","inLanguage":"fr-FR","potentialAction":[{"@type":"ReadAction","target":["https:\/\/universnews224.com\/index.php\/soutien-au-cnrd-lancement-a-conakry-du-kaloum-kha-mamadi-doumbouya\/"]}]},{"@type":"WebSite","@id":"https:\/\/universnews224.com\/#website","url":"https:\/\/universnews224.com\/","name":"UNIVERSNEWS224","description":"","publisher":{"@id":"https:\/\/universnews224.com\/#organization"},"potentialAction":[{"@type":"SearchAction","target":{"@type":"EntryPoint","urlTemplate":"https:\/\/universnews224.com\/?s={search_term_string}"},"query-input":"required name=search_term_string"}],"inLanguage":"fr-FR"},{"@type":"Organization","@id":"https:\/\/universnews224.com\/#organization","name":"UNIVERSNEWS224","url":"https:\/\/universnews224.com\/","logo":{"@type":"ImageObject","inLanguage":"fr-FR","@id":"https:\/\/universnews224.com\/#\/schema\/logo\/image\/","url":"https:\/\/universnews224.com\/wp-content\/uploads\/2022\/08\/cropped-cropped-logoban.jpg","contentUrl":"https:\/\/universnews224.com\/wp-content\/uploads\/2022\/08\/cropped-cropped-logoban.jpg","width":1080,"height":138,"caption":"UNIVERSNEWS224"},"image":{"@id":"https:\/\/universnews224.com\/#\/schema\/logo\/image\/"}},{"@type":"Person","@id":"https:\/\/universnews224.com\/#\/schema\/person\/a4b7d4f94a4716df60456a491260485e","name":"La R\u00e9daction","image":{"@type":"ImageObject","inLanguage":"fr-FR","@id":"https:\/\/universnews224.com\/#\/schema\/person\/image\/","url":"https:\/\/secure.gravatar.com\/avatar\/edb90acc7752b23e1b3307ad36c14f0d?s=96&d=mm&r=g","contentUrl":"https:\/\/secure.gravatar.com\/avatar\/edb90acc7752b23e1b3307ad36c14f0d?s=96&d=mm&r=g","caption":"La R\u00e9daction"},"sameAs":["https:\/\/universnews224.com"],"url":"https:\/\/universnews224.com\/index.php\/author\/m-camara\/"}]}},"_links":{"self":[{"href":"https:\/\/universnews224.com\/index.php\/wp-json\/wp\/v2\/posts\/7609"}],"collection":[{"href":"https:\/\/universnews224.com\/index.php\/wp-json\/wp\/v2\/posts"}],"about":[{"href":"https:\/\/universnews224.com\/index.php\/wp-json\/wp\/v2\/types\/post"}],"author":[{"embeddable":true,"href":"https:\/\/universnews224.com\/index.php\/wp-json\/wp\/v2\/users\/2"}],"replies":[{"embeddable":true,"href":"https:\/\/universnews224.com\/index.php\/wp-json\/wp\/v2\/comments?post=7609"}],"version-history":[{"count":1,"href":"https:\/\/universnews224.com\/index.php\/wp-json\/wp\/v2\/posts\/7609\/revisions"}],"predecessor-version":[{"id":7614,"href":"https:\/\/universnews224.com\/index.php\/wp-json\/wp\/v2\/posts\/7609\/revisions\/7614"}],"wp:featuredmedia":[{"embeddable":true,"href":"https:\/\/universnews224.com\/index.php\/wp-json\/wp\/v2\/media\/7612"}],"wp:attachment":[{"href":"https:\/\/universnews224.com\/index.php\/wp-json\/wp\/v2\/media?parent=7609"}],"wp:term":[{"taxonomy":"category","embeddable":true,"href":"https:\/\/universnews224.com\/index.php\/wp-json\/wp\/v2\/categories?post=7609"},{"taxonomy":"post_tag","embeddable":true,"href":"https:\/\/universnews224.com\/index.php\/wp-json\/wp\/v2\/tags?post=7609"}],"curies":[{"name":"wp","href":"https:\/\/api.w.org\/{rel}","templated":true}]}}