{"id":7630,"date":"2025-03-01T06:14:11","date_gmt":"2025-03-01T05:14:11","guid":{"rendered":"https:\/\/universnews224.com\/?p=7630"},"modified":"2025-03-01T06:14:11","modified_gmt":"2025-03-01T05:14:11","slug":"conakry-tenue-a-conakry-de-assemblee-generale-annuelle-2025-de-lordre-national-des-expets-comptables-et-des-comptables-agrees","status":"publish","type":"post","link":"https:\/\/universnews224.com\/index.php\/conakry-tenue-a-conakry-de-assemblee-generale-annuelle-2025-de-lordre-national-des-expets-comptables-et-des-comptables-agrees\/","title":{"rendered":"Conakry: Tenue \u00e0 Conakry de\u00a0 Assembl\u00e9e G\u00e9n\u00e9rale Annuelle 2025 de l\u2019Ordre National des Expets Comptables et des Comptables Agr\u00e9\u00e9s."},"content":{"rendered":"<p dir=\"ltr\" style=\"line-height: 1.38;margin-top: 0.0pt;margin-bottom: 0.0pt\"><span style=\"font-size: 11pt;font-family: Arial, sans-serif;color: #000000;background-color: transparent;vertical-align: baseline\">Ce vendredi 28 f\u00e9vrier 2025, l\u2019Asssembl\u00e9e g\u00e9n\u00e9rale des l\u2019Ordre National des Expets Comptables et des Comptables Agr\u00e9\u00e9s de la Guin\u00e9e s\u2019est r\u00e9unie en session ordinaire dans le but d\u2019examiner et adopter les comptes de l\u2019exercice 2025.\u00a0<\/span><\/p>\n<p dir=\"ltr\" style=\"line-height: 1.38;margin-top: 0.0pt;margin-bottom: 0.0pt\"><span style=\"font-size: 11pt;font-family: Arial, sans-serif;color: #000000;background-color: transparent;vertical-align: baseline\">\u00c0 cette occasion, l\u2019organisation nationale de la profession comptable vou\u00e9e \u00e0 servir l\u2019int\u00e9r\u00eat public en renfor\u00e7ant la profession et en contribuant au d\u00e9veloppement d\u2019une forte \u00e9conomie en Guin\u00e9e, dans la r\u00e9gion et \u00e0 l\u2019international. Il sont compos\u00e9 de 53 membres et autres personnes physiques en soci\u00e9t\u00e9s, dans la pratique en cabinet et au service de tous les secteurs d\u2019activit\u00e9s du public et du priv\u00e9, exer\u00e7ant sur tout le territoire national et \u00e0 l\u2019\u00e9tranger.\u00a0<\/span><\/p>\n<p dir=\"ltr\" style=\"line-height: 1.38;margin-top: 0.0pt;margin-bottom: 0.0pt\"><span style=\"font-size: 11pt;font-family: Arial, sans-serif;color: #000000;background-color: transparent;vertical-align: baseline\">Par ailleurs, tout les grands\u00a0 points inscrits \u00e0 l\u2019ordre du jour ont \u00e9t\u00e9 examin\u00e9 avec soin. La r\u00e9union qui s\u2019est tenue durant des heures en personne et en virtuel s\u2019est termin\u00e9e avec l\u2019adoption \u00e0 l\u2019unanimit\u00e9 de l\u2019ensemble des r\u00e9solutions.<\/span><\/p>\n<p dir=\"ltr\" style=\"line-height: 1.38;margin-top: 0.0pt;margin-bottom: 0.0pt\"><span style=\"font-size: 11pt;font-family: Arial, sans-serif;color: #000000;background-color: transparent;vertical-align: baseline\">M. Lamine Tour\u00e9\u00a0 inspecteur des finances repr\u00e9sentant du Commissaire g\u00e9n\u00e9ral trace les grandes lignes.<a href=\"https:\/\/universnews224.com\/wp-content\/uploads\/2025\/03\/20250228_130522-scaled.jpg\"><img loading=\"lazy\" class=\"alignnone size-medium wp-image-7631\" src=\"https:\/\/universnews224.com\/wp-content\/uploads\/2025\/03\/20250228_130522-300x169.jpg\" alt=\"\" width=\"300\" height=\"169\" srcset=\"https:\/\/universnews224.com\/wp-content\/uploads\/2025\/03\/20250228_130522-300x169.jpg 300w, https:\/\/universnews224.com\/wp-content\/uploads\/2025\/03\/20250228_130522-1024x576.jpg 1024w, https:\/\/universnews224.com\/wp-content\/uploads\/2025\/03\/20250228_130522-768x432.jpg 768w, https:\/\/universnews224.com\/wp-content\/uploads\/2025\/03\/20250228_130522-1536x864.jpg 1536w, https:\/\/universnews224.com\/wp-content\/uploads\/2025\/03\/20250228_130522-2048x1153.jpg 2048w, https:\/\/universnews224.com\/wp-content\/uploads\/2025\/03\/20250228_130522-800x450.jpg 800w\" sizes=\"(max-width: 300px) 100vw, 300px\" \/><\/a>\u00a0<\/span><\/p>\n<p dir=\"ltr\" style=\"line-height: 1.38;margin-top: 0.0pt;margin-bottom: 0.0pt\"><span style=\"font-size: 11pt;font-family: Arial, sans-serif;color: #000000;background-color: transparent;vertical-align: baseline\">\u00ab L&rsquo;Assembl\u00e9e g\u00e9n\u00e9rale s&rsquo;est tr\u00e8s bien d\u00e9roul\u00e9e. Les d\u00e9fis sont \u00e9normes et sont soulev\u00e9s par le Pr\u00e9sident, ainsi que les pr\u00e9sidents des membres des diff\u00e9rentes commissions. Ces questions retiennent notre attention et j&rsquo;esp\u00e8re bien lorsque nous soumettrons leurs propositions. Le ministre de l&rsquo;Economie et des Finances n&rsquo;h\u00e9sitera pas \u00e0 les accompagner et nous attendons de leur qualit\u00e9 de commissaire aupr\u00e8s des soci\u00e9t\u00e9s publiques et les soci\u00e9t\u00e9s mixtes pour un travail accru, notamment en termes de fiabilit\u00e9 de l&rsquo;information financi\u00e8re, la certification des \u00e9tats financiers et leur contribution \u00e0 la mobilisation des recettes pour le financement du d\u00e9veloppement, \u00e0 travers non seulement les recettes fiscales, mais \u00e9galement les dividendes \u00bb, a d\u00e9clar\u00e9 M. Tour\u00e9.\u00a0<\/span><\/p>\n<p>&nbsp;<\/p>\n<p dir=\"ltr\" style=\"line-height: 1.38;margin-top: 0.0pt;margin-bottom: 0.0pt\"><span style=\"font-size: 11pt;font-family: Arial, sans-serif;color: #000000;background-color: transparent;vertical-align: baseline\">De son c\u00f4t\u00e9,\u00a0 le pr\u00e9sident de cette structure des experts M. Ren\u00e9 Marie Kadouno a fait savoir que la rencontre d&rsquo;aujourd&rsquo;hui a \u00e9t\u00e9 vraiment satisfait compte tenu de la mobilisation des uns et des autres. <a href=\"https:\/\/universnews224.com\/wp-content\/uploads\/2025\/03\/20250228_130744-scaled.jpg\"><img loading=\"lazy\" class=\"alignnone size-medium wp-image-7632\" src=\"https:\/\/universnews224.com\/wp-content\/uploads\/2025\/03\/20250228_130744-300x169.jpg\" alt=\"\" width=\"300\" height=\"169\" srcset=\"https:\/\/universnews224.com\/wp-content\/uploads\/2025\/03\/20250228_130744-300x169.jpg 300w, https:\/\/universnews224.com\/wp-content\/uploads\/2025\/03\/20250228_130744-1024x576.jpg 1024w, https:\/\/universnews224.com\/wp-content\/uploads\/2025\/03\/20250228_130744-768x432.jpg 768w, https:\/\/universnews224.com\/wp-content\/uploads\/2025\/03\/20250228_130744-1536x864.jpg 1536w, https:\/\/universnews224.com\/wp-content\/uploads\/2025\/03\/20250228_130744-2048x1153.jpg 2048w, https:\/\/universnews224.com\/wp-content\/uploads\/2025\/03\/20250228_130744-800x450.jpg 800w\" sizes=\"(max-width: 300px) 100vw, 300px\" \/><\/a><\/span><\/p>\n<p dir=\"ltr\" style=\"line-height: 1.38;margin-top: 0.0pt;margin-bottom: 0.0pt\"><span style=\"font-size: 11pt;font-family: Arial, sans-serif;color: #000000;background-color: transparent;vertical-align: baseline\">\u00abL&rsquo;Assembl\u00e9e comptable est une assembl\u00e9e statutaire. Comme le disent nos textes, nous devons tenir une assembl\u00e9e g\u00e9n\u00e9rale tous les ans de fa\u00e7on \u00e0 rendre compte des activit\u00e9s du Conseil de l&rsquo;Ordre et du Bureau de l&rsquo;Ordre. Et c&rsquo;est donc bien celle-ci qui s&rsquo;est tenue pour respecter les th\u00e8ses en vigueur au niveau de notre organisation professionnelle, lorsque vous devez produire une activit\u00e9 sur un exercice donn\u00e9, vous \u00eates bien oblig\u00e9 de pr\u00e9senter un budget pour le soumettre aux membres qui eux contribuent au financement de nos activit\u00e9s. Et c&rsquo;est en cela que le budget 2025 a \u00e9t\u00e9 propos\u00e9 au regard des engagements ou des d\u00e9fis que nous comptons relever au cours de cet exercice \u00bb, a-t-il\u00a0 soulign\u00e9.<a href=\"https:\/\/universnews224.com\/wp-content\/uploads\/2025\/03\/20250228_130753-scaled.jpg\"><img loading=\"lazy\" class=\"alignnone size-medium wp-image-7633\" src=\"https:\/\/universnews224.com\/wp-content\/uploads\/2025\/03\/20250228_130753-300x169.jpg\" alt=\"\" width=\"300\" height=\"169\" srcset=\"https:\/\/universnews224.com\/wp-content\/uploads\/2025\/03\/20250228_130753-300x169.jpg 300w, https:\/\/universnews224.com\/wp-content\/uploads\/2025\/03\/20250228_130753-1024x576.jpg 1024w, https:\/\/universnews224.com\/wp-content\/uploads\/2025\/03\/20250228_130753-768x432.jpg 768w, https:\/\/universnews224.com\/wp-content\/uploads\/2025\/03\/20250228_130753-1536x864.jpg 1536w, https:\/\/universnews224.com\/wp-content\/uploads\/2025\/03\/20250228_130753-2048x1153.jpg 2048w, https:\/\/universnews224.com\/wp-content\/uploads\/2025\/03\/20250228_130753-800x450.jpg 800w\" sizes=\"(max-width: 300px) 100vw, 300px\" \/><\/a><\/span><\/p>\n<p dir=\"ltr\" style=\"line-height: 1.38;margin-top: 0.0pt;margin-bottom: 0.0pt\"><span style=\"font-size: 11pt;font-family: Arial, sans-serif;color: #000000;background-color: transparent;vertical-align: baseline\">\u00abAujourd&rsquo;hui, l&rsquo;\u00c9tat a une pr\u00e9occupation majeure, tout comme les soci\u00e9t\u00e9s priv\u00e9es. C&rsquo;est une meilleure gouvernance et la transference au regard des informations financi\u00e8res. Et celle-ci se fait, quels que soient les nouveaux, au d\u00e9part, par notre profession. C&rsquo;est nous qui qualifions les comptes, c&rsquo;est nous qui soumettons le compte aux diff\u00e9rentes parties prenantes qui existent au sein d&rsquo;une soci\u00e9t\u00e9. Le travailleur veut qu&rsquo;on augmente son salaire. Mais quand on augmente son salaire, \u00e7a diminue le r\u00e9sultat. Et l&rsquo;\u00c9tat peut ne pas \u00eatre d&rsquo;accord. Vous avez des clients \u00e9galement qui demandent \u00e0 ce que les prix baissent. Si les prix baissent, le chiffre d&rsquo;affaires baisse, le r\u00e9sultat baisse, les dividendes baissent. Donc nous, on est au centre, on est presque des arbitres pour pouvoir harmoniser cette relation entre les diff\u00e9rentes parties prenantes. Et c&rsquo;est en cela que notre responsabilit\u00e9 est grande \u00bb, a conclu le pr\u00e9sident. <\/span><\/p>\n<p>&nbsp;<\/p>\n<p dir=\"ltr\" style=\"line-height: 1.38;margin-top: 0.0pt;margin-bottom: 0.0pt\"><span style=\"font-size: 11pt;font-family: Arial, sans-serif;color: #000000;background-color: transparent;vertical-align: baseline\">Sana Sylla.<\/span><\/p>\n","protected":false},"excerpt":{"rendered":"<p>Ce vendredi 28 f\u00e9vrier 2025, l\u2019Asssembl\u00e9e g\u00e9n\u00e9rale des l\u2019Ordre National des Expets Comptables et des<\/p>\n","protected":false},"author":2,"featured_media":7633,"comment_status":"closed","ping_status":"open","sticky":false,"template":"","format":"standard","meta":[],"categories":[3,5],"tags":[237],"yoast_head":"<!-- This site is optimized with the Yoast SEO plugin v19.13 - https:\/\/yoast.com\/wordpress\/plugins\/seo\/ -->\n<title>Conakry: Tenue \u00e0 Conakry de\u00a0 Assembl\u00e9e G\u00e9n\u00e9rale Annuelle 2025 de l\u2019Ordre National des Expets Comptables et des Comptables Agr\u00e9\u00e9s. - UNIVERSNEWS224<\/title>\n<meta name=\"robots\" content=\"index, follow, max-snippet:-1, max-image-preview:large, max-video-preview:-1\" \/>\n<link rel=\"canonical\" href=\"https:\/\/universnews224.com\/index.php\/conakry-tenue-a-conakry-de-assemblee-generale-annuelle-2025-de-lordre-national-des-expets-comptables-et-des-comptables-agrees\/\" \/>\n<meta property=\"og:locale\" content=\"fr_FR\" \/>\n<meta property=\"og:type\" content=\"article\" \/>\n<meta property=\"og:title\" content=\"Conakry: Tenue \u00e0 Conakry de\u00a0 Assembl\u00e9e G\u00e9n\u00e9rale Annuelle 2025 de l\u2019Ordre National des Expets Comptables et des Comptables Agr\u00e9\u00e9s. - UNIVERSNEWS224\" \/>\n<meta property=\"og:description\" content=\"Ce vendredi 28 f\u00e9vrier 2025, l\u2019Asssembl\u00e9e g\u00e9n\u00e9rale des l\u2019Ordre National des Expets Comptables et des\" \/>\n<meta property=\"og:url\" content=\"https:\/\/universnews224.com\/index.php\/conakry-tenue-a-conakry-de-assemblee-generale-annuelle-2025-de-lordre-national-des-expets-comptables-et-des-comptables-agrees\/\" \/>\n<meta property=\"og:site_name\" content=\"UNIVERSNEWS224\" \/>\n<meta property=\"article:published_time\" content=\"2025-03-01T05:14:11+00:00\" \/>\n<meta property=\"og:image\" content=\"https:\/\/universnews224.com\/wp-content\/uploads\/2025\/03\/20250228_130753-scaled.jpg\" \/>\n\t<meta property=\"og:image:width\" content=\"2560\" \/>\n\t<meta property=\"og:image:height\" content=\"1441\" \/>\n\t<meta property=\"og:image:type\" content=\"image\/jpeg\" \/>\n<meta name=\"author\" content=\"La R\u00e9daction\" \/>\n<meta name=\"twitter:label1\" content=\"\u00c9crit par\" \/>\n\t<meta name=\"twitter:data1\" content=\"La R\u00e9daction\" \/>\n\t<meta name=\"twitter:label2\" content=\"Dur\u00e9e de lecture estim\u00e9e\" \/>\n\t<meta name=\"twitter:data2\" content=\"4 minutes\" \/>\n<script type=\"application\/ld+json\" class=\"yoast-schema-graph\">{\"@context\":\"https:\/\/schema.org\",\"@graph\":[{\"@type\":\"Article\",\"@id\":\"https:\/\/universnews224.com\/index.php\/conakry-tenue-a-conakry-de-assemblee-generale-annuelle-2025-de-lordre-national-des-expets-comptables-et-des-comptables-agrees\/#article\",\"isPartOf\":{\"@id\":\"https:\/\/universnews224.com\/index.php\/conakry-tenue-a-conakry-de-assemblee-generale-annuelle-2025-de-lordre-national-des-expets-comptables-et-des-comptables-agrees\/\"},\"author\":{\"name\":\"La R\u00e9daction\",\"@id\":\"https:\/\/universnews224.com\/#\/schema\/person\/a4b7d4f94a4716df60456a491260485e\"},\"headline\":\"Conakry: Tenue \u00e0 Conakry de\u00a0 Assembl\u00e9e G\u00e9n\u00e9rale Annuelle 2025 de l\u2019Ordre National des Expets Comptables et des Comptables Agr\u00e9\u00e9s.\",\"datePublished\":\"2025-03-01T05:14:11+00:00\",\"dateModified\":\"2025-03-01T05:14:11+00:00\",\"mainEntityOfPage\":{\"@id\":\"https:\/\/universnews224.com\/index.php\/conakry-tenue-a-conakry-de-assemblee-generale-annuelle-2025-de-lordre-national-des-expets-comptables-et-des-comptables-agrees\/\"},\"wordCount\":667,\"publisher\":{\"@id\":\"https:\/\/universnews224.com\/#organization\"},\"keywords\":[\"A la une\"],\"articleSection\":[\"ACTU\",\"SOCI\u00c9T\u00c9\"],\"inLanguage\":\"fr-FR\"},{\"@type\":\"WebPage\",\"@id\":\"https:\/\/universnews224.com\/index.php\/conakry-tenue-a-conakry-de-assemblee-generale-annuelle-2025-de-lordre-national-des-expets-comptables-et-des-comptables-agrees\/\",\"url\":\"https:\/\/universnews224.com\/index.php\/conakry-tenue-a-conakry-de-assemblee-generale-annuelle-2025-de-lordre-national-des-expets-comptables-et-des-comptables-agrees\/\",\"name\":\"Conakry: Tenue \u00e0 Conakry de\u00a0 Assembl\u00e9e G\u00e9n\u00e9rale Annuelle 2025 de l\u2019Ordre National des Expets Comptables et des Comptables Agr\u00e9\u00e9s. - UNIVERSNEWS224\",\"isPartOf\":{\"@id\":\"https:\/\/universnews224.com\/#website\"},\"datePublished\":\"2025-03-01T05:14:11+00:00\",\"dateModified\":\"2025-03-01T05:14:11+00:00\",\"inLanguage\":\"fr-FR\",\"potentialAction\":[{\"@type\":\"ReadAction\",\"target\":[\"https:\/\/universnews224.com\/index.php\/conakry-tenue-a-conakry-de-assemblee-generale-annuelle-2025-de-lordre-national-des-expets-comptables-et-des-comptables-agrees\/\"]}]},{\"@type\":\"WebSite\",\"@id\":\"https:\/\/universnews224.com\/#website\",\"url\":\"https:\/\/universnews224.com\/\",\"name\":\"UNIVERSNEWS224\",\"description\":\"\",\"publisher\":{\"@id\":\"https:\/\/universnews224.com\/#organization\"},\"potentialAction\":[{\"@type\":\"SearchAction\",\"target\":{\"@type\":\"EntryPoint\",\"urlTemplate\":\"https:\/\/universnews224.com\/?s={search_term_string}\"},\"query-input\":\"required name=search_term_string\"}],\"inLanguage\":\"fr-FR\"},{\"@type\":\"Organization\",\"@id\":\"https:\/\/universnews224.com\/#organization\",\"name\":\"UNIVERSNEWS224\",\"url\":\"https:\/\/universnews224.com\/\",\"logo\":{\"@type\":\"ImageObject\",\"inLanguage\":\"fr-FR\",\"@id\":\"https:\/\/universnews224.com\/#\/schema\/logo\/image\/\",\"url\":\"https:\/\/universnews224.com\/wp-content\/uploads\/2022\/08\/cropped-cropped-logoban.jpg\",\"contentUrl\":\"https:\/\/universnews224.com\/wp-content\/uploads\/2022\/08\/cropped-cropped-logoban.jpg\",\"width\":1080,\"height\":138,\"caption\":\"UNIVERSNEWS224\"},\"image\":{\"@id\":\"https:\/\/universnews224.com\/#\/schema\/logo\/image\/\"}},{\"@type\":\"Person\",\"@id\":\"https:\/\/universnews224.com\/#\/schema\/person\/a4b7d4f94a4716df60456a491260485e\",\"name\":\"La R\u00e9daction\",\"image\":{\"@type\":\"ImageObject\",\"inLanguage\":\"fr-FR\",\"@id\":\"https:\/\/universnews224.com\/#\/schema\/person\/image\/\",\"url\":\"https:\/\/secure.gravatar.com\/avatar\/edb90acc7752b23e1b3307ad36c14f0d?s=96&d=mm&r=g\",\"contentUrl\":\"https:\/\/secure.gravatar.com\/avatar\/edb90acc7752b23e1b3307ad36c14f0d?s=96&d=mm&r=g\",\"caption\":\"La R\u00e9daction\"},\"sameAs\":[\"https:\/\/universnews224.com\"],\"url\":\"https:\/\/universnews224.com\/index.php\/author\/m-camara\/\"}]}<\/script>\n<!-- \/ Yoast SEO plugin. -->","yoast_head_json":{"title":"Conakry: Tenue \u00e0 Conakry de\u00a0 Assembl\u00e9e G\u00e9n\u00e9rale Annuelle 2025 de l\u2019Ordre National des Expets Comptables et des Comptables Agr\u00e9\u00e9s. - UNIVERSNEWS224","robots":{"index":"index","follow":"follow","max-snippet":"max-snippet:-1","max-image-preview":"max-image-preview:large","max-video-preview":"max-video-preview:-1"},"canonical":"https:\/\/universnews224.com\/index.php\/conakry-tenue-a-conakry-de-assemblee-generale-annuelle-2025-de-lordre-national-des-expets-comptables-et-des-comptables-agrees\/","og_locale":"fr_FR","og_type":"article","og_title":"Conakry: Tenue \u00e0 Conakry de\u00a0 Assembl\u00e9e G\u00e9n\u00e9rale Annuelle 2025 de l\u2019Ordre National des Expets Comptables et des Comptables Agr\u00e9\u00e9s. - UNIVERSNEWS224","og_description":"Ce vendredi 28 f\u00e9vrier 2025, l\u2019Asssembl\u00e9e g\u00e9n\u00e9rale des l\u2019Ordre National des Expets Comptables et des","og_url":"https:\/\/universnews224.com\/index.php\/conakry-tenue-a-conakry-de-assemblee-generale-annuelle-2025-de-lordre-national-des-expets-comptables-et-des-comptables-agrees\/","og_site_name":"UNIVERSNEWS224","article_published_time":"2025-03-01T05:14:11+00:00","og_image":[{"width":2560,"height":1441,"url":"https:\/\/universnews224.com\/wp-content\/uploads\/2025\/03\/20250228_130753-scaled.jpg","type":"image\/jpeg"}],"author":"La R\u00e9daction","twitter_misc":{"\u00c9crit par":"La R\u00e9daction","Dur\u00e9e de lecture estim\u00e9e":"4 minutes"},"schema":{"@context":"https:\/\/schema.org","@graph":[{"@type":"Article","@id":"https:\/\/universnews224.com\/index.php\/conakry-tenue-a-conakry-de-assemblee-generale-annuelle-2025-de-lordre-national-des-expets-comptables-et-des-comptables-agrees\/#article","isPartOf":{"@id":"https:\/\/universnews224.com\/index.php\/conakry-tenue-a-conakry-de-assemblee-generale-annuelle-2025-de-lordre-national-des-expets-comptables-et-des-comptables-agrees\/"},"author":{"name":"La R\u00e9daction","@id":"https:\/\/universnews224.com\/#\/schema\/person\/a4b7d4f94a4716df60456a491260485e"},"headline":"Conakry: Tenue \u00e0 Conakry de\u00a0 Assembl\u00e9e G\u00e9n\u00e9rale Annuelle 2025 de l\u2019Ordre National des Expets Comptables et des Comptables Agr\u00e9\u00e9s.","datePublished":"2025-03-01T05:14:11+00:00","dateModified":"2025-03-01T05:14:11+00:00","mainEntityOfPage":{"@id":"https:\/\/universnews224.com\/index.php\/conakry-tenue-a-conakry-de-assemblee-generale-annuelle-2025-de-lordre-national-des-expets-comptables-et-des-comptables-agrees\/"},"wordCount":667,"publisher":{"@id":"https:\/\/universnews224.com\/#organization"},"keywords":["A la une"],"articleSection":["ACTU","SOCI\u00c9T\u00c9"],"inLanguage":"fr-FR"},{"@type":"WebPage","@id":"https:\/\/universnews224.com\/index.php\/conakry-tenue-a-conakry-de-assemblee-generale-annuelle-2025-de-lordre-national-des-expets-comptables-et-des-comptables-agrees\/","url":"https:\/\/universnews224.com\/index.php\/conakry-tenue-a-conakry-de-assemblee-generale-annuelle-2025-de-lordre-national-des-expets-comptables-et-des-comptables-agrees\/","name":"Conakry: Tenue \u00e0 Conakry de\u00a0 Assembl\u00e9e G\u00e9n\u00e9rale Annuelle 2025 de l\u2019Ordre National des Expets Comptables et des Comptables Agr\u00e9\u00e9s. - UNIVERSNEWS224","isPartOf":{"@id":"https:\/\/universnews224.com\/#website"},"datePublished":"2025-03-01T05:14:11+00:00","dateModified":"2025-03-01T05:14:11+00:00","inLanguage":"fr-FR","potentialAction":[{"@type":"ReadAction","target":["https:\/\/universnews224.com\/index.php\/conakry-tenue-a-conakry-de-assemblee-generale-annuelle-2025-de-lordre-national-des-expets-comptables-et-des-comptables-agrees\/"]}]},{"@type":"WebSite","@id":"https:\/\/universnews224.com\/#website","url":"https:\/\/universnews224.com\/","name":"UNIVERSNEWS224","description":"","publisher":{"@id":"https:\/\/universnews224.com\/#organization"},"potentialAction":[{"@type":"SearchAction","target":{"@type":"EntryPoint","urlTemplate":"https:\/\/universnews224.com\/?s={search_term_string}"},"query-input":"required name=search_term_string"}],"inLanguage":"fr-FR"},{"@type":"Organization","@id":"https:\/\/universnews224.com\/#organization","name":"UNIVERSNEWS224","url":"https:\/\/universnews224.com\/","logo":{"@type":"ImageObject","inLanguage":"fr-FR","@id":"https:\/\/universnews224.com\/#\/schema\/logo\/image\/","url":"https:\/\/universnews224.com\/wp-content\/uploads\/2022\/08\/cropped-cropped-logoban.jpg","contentUrl":"https:\/\/universnews224.com\/wp-content\/uploads\/2022\/08\/cropped-cropped-logoban.jpg","width":1080,"height":138,"caption":"UNIVERSNEWS224"},"image":{"@id":"https:\/\/universnews224.com\/#\/schema\/logo\/image\/"}},{"@type":"Person","@id":"https:\/\/universnews224.com\/#\/schema\/person\/a4b7d4f94a4716df60456a491260485e","name":"La R\u00e9daction","image":{"@type":"ImageObject","inLanguage":"fr-FR","@id":"https:\/\/universnews224.com\/#\/schema\/person\/image\/","url":"https:\/\/secure.gravatar.com\/avatar\/edb90acc7752b23e1b3307ad36c14f0d?s=96&d=mm&r=g","contentUrl":"https:\/\/secure.gravatar.com\/avatar\/edb90acc7752b23e1b3307ad36c14f0d?s=96&d=mm&r=g","caption":"La R\u00e9daction"},"sameAs":["https:\/\/universnews224.com"],"url":"https:\/\/universnews224.com\/index.php\/author\/m-camara\/"}]}},"_links":{"self":[{"href":"https:\/\/universnews224.com\/index.php\/wp-json\/wp\/v2\/posts\/7630"}],"collection":[{"href":"https:\/\/universnews224.com\/index.php\/wp-json\/wp\/v2\/posts"}],"about":[{"href":"https:\/\/universnews224.com\/index.php\/wp-json\/wp\/v2\/types\/post"}],"author":[{"embeddable":true,"href":"https:\/\/universnews224.com\/index.php\/wp-json\/wp\/v2\/users\/2"}],"replies":[{"embeddable":true,"href":"https:\/\/universnews224.com\/index.php\/wp-json\/wp\/v2\/comments?post=7630"}],"version-history":[{"count":1,"href":"https:\/\/universnews224.com\/index.php\/wp-json\/wp\/v2\/posts\/7630\/revisions"}],"predecessor-version":[{"id":7634,"href":"https:\/\/universnews224.com\/index.php\/wp-json\/wp\/v2\/posts\/7630\/revisions\/7634"}],"wp:featuredmedia":[{"embeddable":true,"href":"https:\/\/universnews224.com\/index.php\/wp-json\/wp\/v2\/media\/7633"}],"wp:attachment":[{"href":"https:\/\/universnews224.com\/index.php\/wp-json\/wp\/v2\/media?parent=7630"}],"wp:term":[{"taxonomy":"category","embeddable":true,"href":"https:\/\/universnews224.com\/index.php\/wp-json\/wp\/v2\/categories?post=7630"},{"taxonomy":"post_tag","embeddable":true,"href":"https:\/\/universnews224.com\/index.php\/wp-json\/wp\/v2\/tags?post=7630"}],"curies":[{"name":"wp","href":"https:\/\/api.w.org\/{rel}","templated":true}]}}