{"id":7654,"date":"2025-03-05T23:06:46","date_gmt":"2025-03-05T22:06:46","guid":{"rendered":"https:\/\/universnews224.com\/?p=7654"},"modified":"2025-03-05T23:06:46","modified_gmt":"2025-03-05T22:06:46","slug":"bah-oury-ce-quil-faut-retenir-en-2025-le-retour-a-lordre-constitutionnel-sera-effectif","status":"publish","type":"post","link":"https:\/\/universnews224.com\/index.php\/bah-oury-ce-quil-faut-retenir-en-2025-le-retour-a-lordre-constitutionnel-sera-effectif\/","title":{"rendered":"Bah Oury :\u201cCe qu\u2019il faut retenir, en 2025, le retour \u00e0 l\u2019ordre constitutionnel sera effectif\u201d"},"content":{"rendered":"<p>Le premier ministre chef du gouvernement, Amadou Oury Bah \u00e9tait face aux hommes de m\u00e9dias ce mercredi, 5 mars 2025, \u00e0 la plage de Camayenne dans la commune de Dixinn.<\/p>\n<p>Au cours de cette rencontre, plusieurs sujets en lien avec l&rsquo;actualit\u00e9 ont \u00e9t\u00e9 abord\u00e9s. Il s&rsquo;agit du retour \u00e0 l\u2019ordre constitutionnel 2025<\/p>\n<p>Sur cette question, le locataire du palais de la colombe a rassur\u00e9 le peuple de Guin\u00e9e que toutes les \u00e9lections auront lieu cette ann\u00e9e.<\/p>\n<p>\u201cCe qu\u2019il faut retenir, en 2025, le retour \u00e0 l\u2019ordre constitutionnel sera effectif. Avec l\u2019organisation du r\u00e9f\u00e9rendum et des \u00e9lections pr\u00e9sidentielle et l\u00e9gislatives. Parce que, de ce point de vue, le pouvoir ex\u00e9cutif, le pouvoir l\u00e9gislatif permettent de mettre en place des institutions judiciaires et le pays va, \u00e0 partir de ce moment-l\u00e0, \u00eatre tout \u00e0 fait dans l\u2019ordre constitutionnel. Le timing ? Le timing est en train d\u2019\u00eatre \u00e9tudi\u00e9 parce que la principale difficult\u00e9 que nous devons surmonter, c\u2019est la Constitution et le fichier \u00e9lectoral. Le fichier \u00e9lectoral peut \u00eatre source de d\u00e9stabilisation dans certains pays et depuis le d\u00e9but de la d\u00e9mocratisation de notre pays, nous n\u2019avons pas r\u00e9ussi \u00e0 avoir un fichier \u00e9lectoral suffisamment consensuel pour que tout le monde y aille sans se dire que le fichier est corrompu ou pas. C\u2019est pour celui de cette fois est adoss\u00e9 au RAVEC. Nous sommes conscients de la difficult\u00e9\u201d, a-t-il indiqu\u00e9.<\/p>\n<p>Pour mat\u00e9rialiser cette volont\u00e9 Bah Oury, a soulign\u00e9 avoir demand\u00e9 au ministre de l\u2019administration du territoire, de convoquer le Comit\u00e9 de pilotage pour dit-t \u201cpour que toutes les parties prenantes puissent \u00eatre inform\u00e9es de ce qui est en train d\u2019\u00eatre fait\u201d<\/p>\n<p>&nbsp;<\/p>\n<p>\u201cJe dois vous rassurer que c\u2019est un objectif prioritaire du Pr\u00e9sident de la R\u00e9publique. Ce n\u2019est pas un processus que nous cherchons \u00e0 banaliser, mais c\u2019est le principe fondateur d\u2019un pays qui sera assujetti \u00e0 socle solide en ce qui concerne la gestion du processus \u00e9lectoral. Cette gestion du processus \u00e9lectoral, ce n\u2019est pas seulement pour les \u00e9lections \u00e0 venir, mais c\u2019est \u00e7a sera pour toutes les \u00e9lections \u00e0 venir dans notre pays. D\u2019o\u00f9 la n\u00e9cessit\u00e9, et pour la premi\u00e8re fois, de faire un socle\u201d a martel\u00e9.<\/p>\n<p>&nbsp;<\/p>\n","protected":false},"excerpt":{"rendered":"<p>Le premier ministre chef du gouvernement, Amadou Oury Bah \u00e9tait face aux hommes de m\u00e9dias<\/p>\n","protected":false},"author":2,"featured_media":7655,"comment_status":"closed","ping_status":"open","sticky":false,"template":"","format":"standard","meta":[],"categories":[3,4],"tags":[237],"yoast_head":"<!-- This site is optimized with the Yoast SEO plugin v19.13 - https:\/\/yoast.com\/wordpress\/plugins\/seo\/ -->\n<title>Bah Oury :\u201cCe qu\u2019il faut retenir, en 2025, le retour \u00e0 l\u2019ordre constitutionnel sera effectif\u201d - UNIVERSNEWS224<\/title>\n<meta name=\"robots\" content=\"index, follow, max-snippet:-1, max-image-preview:large, max-video-preview:-1\" \/>\n<link rel=\"canonical\" href=\"https:\/\/universnews224.com\/index.php\/bah-oury-ce-quil-faut-retenir-en-2025-le-retour-a-lordre-constitutionnel-sera-effectif\/\" \/>\n<meta property=\"og:locale\" content=\"fr_FR\" \/>\n<meta property=\"og:type\" content=\"article\" \/>\n<meta property=\"og:title\" content=\"Bah Oury :\u201cCe qu\u2019il faut retenir, en 2025, le retour \u00e0 l\u2019ordre constitutionnel sera effectif\u201d - UNIVERSNEWS224\" \/>\n<meta property=\"og:description\" content=\"Le premier ministre chef du gouvernement, Amadou Oury Bah \u00e9tait face aux hommes de m\u00e9dias\" \/>\n<meta property=\"og:url\" content=\"https:\/\/universnews224.com\/index.php\/bah-oury-ce-quil-faut-retenir-en-2025-le-retour-a-lordre-constitutionnel-sera-effectif\/\" \/>\n<meta property=\"og:site_name\" content=\"UNIVERSNEWS224\" \/>\n<meta property=\"article:published_time\" content=\"2025-03-05T22:06:46+00:00\" \/>\n<meta property=\"og:image\" content=\"https:\/\/universnews224.com\/wp-content\/uploads\/2025\/03\/bah-oury-2-750x375-1.jpg\" \/>\n\t<meta property=\"og:image:width\" content=\"750\" \/>\n\t<meta property=\"og:image:height\" content=\"375\" \/>\n\t<meta property=\"og:image:type\" content=\"image\/jpeg\" \/>\n<meta name=\"author\" content=\"La R\u00e9daction\" \/>\n<meta name=\"twitter:label1\" content=\"\u00c9crit par\" \/>\n\t<meta name=\"twitter:data1\" content=\"La R\u00e9daction\" \/>\n\t<meta name=\"twitter:label2\" content=\"Dur\u00e9e de lecture estim\u00e9e\" \/>\n\t<meta name=\"twitter:data2\" content=\"2 minutes\" \/>\n<script type=\"application\/ld+json\" class=\"yoast-schema-graph\">{\"@context\":\"https:\/\/schema.org\",\"@graph\":[{\"@type\":\"Article\",\"@id\":\"https:\/\/universnews224.com\/index.php\/bah-oury-ce-quil-faut-retenir-en-2025-le-retour-a-lordre-constitutionnel-sera-effectif\/#article\",\"isPartOf\":{\"@id\":\"https:\/\/universnews224.com\/index.php\/bah-oury-ce-quil-faut-retenir-en-2025-le-retour-a-lordre-constitutionnel-sera-effectif\/\"},\"author\":{\"name\":\"La R\u00e9daction\",\"@id\":\"https:\/\/universnews224.com\/#\/schema\/person\/a4b7d4f94a4716df60456a491260485e\"},\"headline\":\"Bah Oury :\u201cCe qu\u2019il faut retenir, en 2025, le retour \u00e0 l\u2019ordre constitutionnel sera effectif\u201d\",\"datePublished\":\"2025-03-05T22:06:46+00:00\",\"dateModified\":\"2025-03-05T22:06:46+00:00\",\"mainEntityOfPage\":{\"@id\":\"https:\/\/universnews224.com\/index.php\/bah-oury-ce-quil-faut-retenir-en-2025-le-retour-a-lordre-constitutionnel-sera-effectif\/\"},\"wordCount\":397,\"publisher\":{\"@id\":\"https:\/\/universnews224.com\/#organization\"},\"keywords\":[\"A la une\"],\"articleSection\":[\"ACTU\",\"POLITIQUE\"],\"inLanguage\":\"fr-FR\"},{\"@type\":\"WebPage\",\"@id\":\"https:\/\/universnews224.com\/index.php\/bah-oury-ce-quil-faut-retenir-en-2025-le-retour-a-lordre-constitutionnel-sera-effectif\/\",\"url\":\"https:\/\/universnews224.com\/index.php\/bah-oury-ce-quil-faut-retenir-en-2025-le-retour-a-lordre-constitutionnel-sera-effectif\/\",\"name\":\"Bah Oury :\u201cCe qu\u2019il faut retenir, en 2025, le retour \u00e0 l\u2019ordre constitutionnel sera effectif\u201d - UNIVERSNEWS224\",\"isPartOf\":{\"@id\":\"https:\/\/universnews224.com\/#website\"},\"datePublished\":\"2025-03-05T22:06:46+00:00\",\"dateModified\":\"2025-03-05T22:06:46+00:00\",\"inLanguage\":\"fr-FR\",\"potentialAction\":[{\"@type\":\"ReadAction\",\"target\":[\"https:\/\/universnews224.com\/index.php\/bah-oury-ce-quil-faut-retenir-en-2025-le-retour-a-lordre-constitutionnel-sera-effectif\/\"]}]},{\"@type\":\"WebSite\",\"@id\":\"https:\/\/universnews224.com\/#website\",\"url\":\"https:\/\/universnews224.com\/\",\"name\":\"UNIVERSNEWS224\",\"description\":\"\",\"publisher\":{\"@id\":\"https:\/\/universnews224.com\/#organization\"},\"potentialAction\":[{\"@type\":\"SearchAction\",\"target\":{\"@type\":\"EntryPoint\",\"urlTemplate\":\"https:\/\/universnews224.com\/?s={search_term_string}\"},\"query-input\":\"required name=search_term_string\"}],\"inLanguage\":\"fr-FR\"},{\"@type\":\"Organization\",\"@id\":\"https:\/\/universnews224.com\/#organization\",\"name\":\"UNIVERSNEWS224\",\"url\":\"https:\/\/universnews224.com\/\",\"logo\":{\"@type\":\"ImageObject\",\"inLanguage\":\"fr-FR\",\"@id\":\"https:\/\/universnews224.com\/#\/schema\/logo\/image\/\",\"url\":\"https:\/\/universnews224.com\/wp-content\/uploads\/2022\/08\/cropped-cropped-logoban.jpg\",\"contentUrl\":\"https:\/\/universnews224.com\/wp-content\/uploads\/2022\/08\/cropped-cropped-logoban.jpg\",\"width\":1080,\"height\":138,\"caption\":\"UNIVERSNEWS224\"},\"image\":{\"@id\":\"https:\/\/universnews224.com\/#\/schema\/logo\/image\/\"}},{\"@type\":\"Person\",\"@id\":\"https:\/\/universnews224.com\/#\/schema\/person\/a4b7d4f94a4716df60456a491260485e\",\"name\":\"La R\u00e9daction\",\"image\":{\"@type\":\"ImageObject\",\"inLanguage\":\"fr-FR\",\"@id\":\"https:\/\/universnews224.com\/#\/schema\/person\/image\/\",\"url\":\"https:\/\/secure.gravatar.com\/avatar\/edb90acc7752b23e1b3307ad36c14f0d?s=96&d=mm&r=g\",\"contentUrl\":\"https:\/\/secure.gravatar.com\/avatar\/edb90acc7752b23e1b3307ad36c14f0d?s=96&d=mm&r=g\",\"caption\":\"La R\u00e9daction\"},\"sameAs\":[\"https:\/\/universnews224.com\"],\"url\":\"https:\/\/universnews224.com\/index.php\/author\/m-camara\/\"}]}<\/script>\n<!-- \/ Yoast SEO plugin. -->","yoast_head_json":{"title":"Bah Oury :\u201cCe qu\u2019il faut retenir, en 2025, le retour \u00e0 l\u2019ordre constitutionnel sera effectif\u201d - UNIVERSNEWS224","robots":{"index":"index","follow":"follow","max-snippet":"max-snippet:-1","max-image-preview":"max-image-preview:large","max-video-preview":"max-video-preview:-1"},"canonical":"https:\/\/universnews224.com\/index.php\/bah-oury-ce-quil-faut-retenir-en-2025-le-retour-a-lordre-constitutionnel-sera-effectif\/","og_locale":"fr_FR","og_type":"article","og_title":"Bah Oury :\u201cCe qu\u2019il faut retenir, en 2025, le retour \u00e0 l\u2019ordre constitutionnel sera effectif\u201d - UNIVERSNEWS224","og_description":"Le premier ministre chef du gouvernement, Amadou Oury Bah \u00e9tait face aux hommes de m\u00e9dias","og_url":"https:\/\/universnews224.com\/index.php\/bah-oury-ce-quil-faut-retenir-en-2025-le-retour-a-lordre-constitutionnel-sera-effectif\/","og_site_name":"UNIVERSNEWS224","article_published_time":"2025-03-05T22:06:46+00:00","og_image":[{"width":750,"height":375,"url":"https:\/\/universnews224.com\/wp-content\/uploads\/2025\/03\/bah-oury-2-750x375-1.jpg","type":"image\/jpeg"}],"author":"La R\u00e9daction","twitter_misc":{"\u00c9crit par":"La R\u00e9daction","Dur\u00e9e de lecture estim\u00e9e":"2 minutes"},"schema":{"@context":"https:\/\/schema.org","@graph":[{"@type":"Article","@id":"https:\/\/universnews224.com\/index.php\/bah-oury-ce-quil-faut-retenir-en-2025-le-retour-a-lordre-constitutionnel-sera-effectif\/#article","isPartOf":{"@id":"https:\/\/universnews224.com\/index.php\/bah-oury-ce-quil-faut-retenir-en-2025-le-retour-a-lordre-constitutionnel-sera-effectif\/"},"author":{"name":"La R\u00e9daction","@id":"https:\/\/universnews224.com\/#\/schema\/person\/a4b7d4f94a4716df60456a491260485e"},"headline":"Bah Oury :\u201cCe qu\u2019il faut retenir, en 2025, le retour \u00e0 l\u2019ordre constitutionnel sera effectif\u201d","datePublished":"2025-03-05T22:06:46+00:00","dateModified":"2025-03-05T22:06:46+00:00","mainEntityOfPage":{"@id":"https:\/\/universnews224.com\/index.php\/bah-oury-ce-quil-faut-retenir-en-2025-le-retour-a-lordre-constitutionnel-sera-effectif\/"},"wordCount":397,"publisher":{"@id":"https:\/\/universnews224.com\/#organization"},"keywords":["A la une"],"articleSection":["ACTU","POLITIQUE"],"inLanguage":"fr-FR"},{"@type":"WebPage","@id":"https:\/\/universnews224.com\/index.php\/bah-oury-ce-quil-faut-retenir-en-2025-le-retour-a-lordre-constitutionnel-sera-effectif\/","url":"https:\/\/universnews224.com\/index.php\/bah-oury-ce-quil-faut-retenir-en-2025-le-retour-a-lordre-constitutionnel-sera-effectif\/","name":"Bah Oury :\u201cCe qu\u2019il faut retenir, en 2025, le retour \u00e0 l\u2019ordre constitutionnel sera effectif\u201d - UNIVERSNEWS224","isPartOf":{"@id":"https:\/\/universnews224.com\/#website"},"datePublished":"2025-03-05T22:06:46+00:00","dateModified":"2025-03-05T22:06:46+00:00","inLanguage":"fr-FR","potentialAction":[{"@type":"ReadAction","target":["https:\/\/universnews224.com\/index.php\/bah-oury-ce-quil-faut-retenir-en-2025-le-retour-a-lordre-constitutionnel-sera-effectif\/"]}]},{"@type":"WebSite","@id":"https:\/\/universnews224.com\/#website","url":"https:\/\/universnews224.com\/","name":"UNIVERSNEWS224","description":"","publisher":{"@id":"https:\/\/universnews224.com\/#organization"},"potentialAction":[{"@type":"SearchAction","target":{"@type":"EntryPoint","urlTemplate":"https:\/\/universnews224.com\/?s={search_term_string}"},"query-input":"required name=search_term_string"}],"inLanguage":"fr-FR"},{"@type":"Organization","@id":"https:\/\/universnews224.com\/#organization","name":"UNIVERSNEWS224","url":"https:\/\/universnews224.com\/","logo":{"@type":"ImageObject","inLanguage":"fr-FR","@id":"https:\/\/universnews224.com\/#\/schema\/logo\/image\/","url":"https:\/\/universnews224.com\/wp-content\/uploads\/2022\/08\/cropped-cropped-logoban.jpg","contentUrl":"https:\/\/universnews224.com\/wp-content\/uploads\/2022\/08\/cropped-cropped-logoban.jpg","width":1080,"height":138,"caption":"UNIVERSNEWS224"},"image":{"@id":"https:\/\/universnews224.com\/#\/schema\/logo\/image\/"}},{"@type":"Person","@id":"https:\/\/universnews224.com\/#\/schema\/person\/a4b7d4f94a4716df60456a491260485e","name":"La R\u00e9daction","image":{"@type":"ImageObject","inLanguage":"fr-FR","@id":"https:\/\/universnews224.com\/#\/schema\/person\/image\/","url":"https:\/\/secure.gravatar.com\/avatar\/edb90acc7752b23e1b3307ad36c14f0d?s=96&d=mm&r=g","contentUrl":"https:\/\/secure.gravatar.com\/avatar\/edb90acc7752b23e1b3307ad36c14f0d?s=96&d=mm&r=g","caption":"La R\u00e9daction"},"sameAs":["https:\/\/universnews224.com"],"url":"https:\/\/universnews224.com\/index.php\/author\/m-camara\/"}]}},"_links":{"self":[{"href":"https:\/\/universnews224.com\/index.php\/wp-json\/wp\/v2\/posts\/7654"}],"collection":[{"href":"https:\/\/universnews224.com\/index.php\/wp-json\/wp\/v2\/posts"}],"about":[{"href":"https:\/\/universnews224.com\/index.php\/wp-json\/wp\/v2\/types\/post"}],"author":[{"embeddable":true,"href":"https:\/\/universnews224.com\/index.php\/wp-json\/wp\/v2\/users\/2"}],"replies":[{"embeddable":true,"href":"https:\/\/universnews224.com\/index.php\/wp-json\/wp\/v2\/comments?post=7654"}],"version-history":[{"count":1,"href":"https:\/\/universnews224.com\/index.php\/wp-json\/wp\/v2\/posts\/7654\/revisions"}],"predecessor-version":[{"id":7656,"href":"https:\/\/universnews224.com\/index.php\/wp-json\/wp\/v2\/posts\/7654\/revisions\/7656"}],"wp:featuredmedia":[{"embeddable":true,"href":"https:\/\/universnews224.com\/index.php\/wp-json\/wp\/v2\/media\/7655"}],"wp:attachment":[{"href":"https:\/\/universnews224.com\/index.php\/wp-json\/wp\/v2\/media?parent=7654"}],"wp:term":[{"taxonomy":"category","embeddable":true,"href":"https:\/\/universnews224.com\/index.php\/wp-json\/wp\/v2\/categories?post=7654"},{"taxonomy":"post_tag","embeddable":true,"href":"https:\/\/universnews224.com\/index.php\/wp-json\/wp\/v2\/tags?post=7654"}],"curies":[{"name":"wp","href":"https:\/\/api.w.org\/{rel}","templated":true}]}}