{"id":7657,"date":"2025-03-05T23:08:14","date_gmt":"2025-03-05T22:08:14","guid":{"rendered":"https:\/\/universnews224.com\/?p=7657"},"modified":"2025-03-05T23:08:14","modified_gmt":"2025-03-05T22:08:14","slug":"bah-oury-sur-une-eventuelle-candidature-du-general-doumbouya-si-la-constitution-lui-permet-en-toute-objectivite-il-ny-a-aucune-raison-de-le-lui-refuser","status":"publish","type":"post","link":"https:\/\/universnews224.com\/index.php\/bah-oury-sur-une-eventuelle-candidature-du-general-doumbouya-si-la-constitution-lui-permet-en-toute-objectivite-il-ny-a-aucune-raison-de-le-lui-refuser\/","title":{"rendered":"Bah Oury sur une \u00e9ventuelle candidature du G\u00e9n\u00e9ral Doumbouya : \u2018\u2019Si la constitution lui permet, en toute objectivit\u00e9, il n\u2019y a aucune raison de le lui refuser\u2019\u2019"},"content":{"rendered":"<p style=\"margin: 0px 0px 1em;text-align: justify;background-color: #f3f3f3;border: 0px;line-height: inherit;font-family: 'Helvetica Neue', Helvetica, Roboto, Arial, sans-serif;vertical-align: baseline\">Le premier ministre, chef du gouvernement, Amadou Oury Bah a anim\u00e9 ce mercredi 5 mars 2025, une conf\u00e9rence de presse, \u00e0 la plage de Camayenne. Au cours de cette rencontre, plusieurs sujets li\u00e9s \u00e0 l\u2019actualit\u00e9 ont \u00e9t\u00e9 abord\u00e9s. Il s\u2019agit notamment de l\u2019\u00e9ventuelle candidature du pr\u00e9sident de la transition, le G\u00e9n\u00e9ral Mamadi Doumbouya \u00e0 la prochaine pr\u00e9sidentielle.<\/p>\n<p style=\"margin: 0px 0px 1em;text-align: justify;background-color: #f3f3f3;border: 0px;line-height: inherit;font-family: 'Helvetica Neue', Helvetica, Roboto, Arial, sans-serif;vertical-align: baseline\">Face \u00e0 la presse, Bah Oury a laiss\u00e9 entendre que si la constitution permet \u00e0 Mamadi Doumbouya de se porter candidat, il le sera.<\/p>\n<p style=\"margin: 0px;text-align: justify;color: #222222;font-family: 'Open Sans';background-color: #f3f3f3\"><span style=\"color: #333333;font-family: 'Helvetica Neue', Helvetica, Roboto, Arial, sans-serif\">La candidature du Chef de l\u2019Etat, c\u2019est la constitution qui prime ind\u00e9pendamment de la volont\u00e9 de quiconque d\u2019entre nous. La d\u00e9cision finale de candidature revient au pr\u00e9sident de la R\u00e9publique. Si la constitution lui permet, en toute objectivit\u00e9, il n\u2019y a aucune raison de le lui refuser. Maintenant, le regard par le r\u00e9troviseur, si le bilan parle, ce bilan, c\u2019est cela qui est fondamental et le bilan parle de lui-m\u00eame\u2019\u2019, a-t-il affirm\u00e9.<\/span><\/p>\n","protected":false},"excerpt":{"rendered":"<p>Le premier ministre, chef du gouvernement, Amadou Oury Bah a anim\u00e9 ce mercredi 5 mars<\/p>\n","protected":false},"author":2,"featured_media":7655,"comment_status":"closed","ping_status":"open","sticky":false,"template":"","format":"standard","meta":[],"categories":[3,4],"tags":[237],"yoast_head":"<!-- This site is optimized with the Yoast SEO plugin v19.13 - https:\/\/yoast.com\/wordpress\/plugins\/seo\/ -->\n<title>Bah Oury sur une \u00e9ventuelle candidature du G\u00e9n\u00e9ral Doumbouya : \u2018\u2019Si la constitution lui permet, en toute objectivit\u00e9, il n\u2019y a aucune raison de le lui refuser\u2019\u2019 - UNIVERSNEWS224<\/title>\n<meta name=\"robots\" content=\"index, follow, max-snippet:-1, max-image-preview:large, max-video-preview:-1\" \/>\n<link rel=\"canonical\" href=\"https:\/\/universnews224.com\/index.php\/bah-oury-sur-une-eventuelle-candidature-du-general-doumbouya-si-la-constitution-lui-permet-en-toute-objectivite-il-ny-a-aucune-raison-de-le-lui-refuser\/\" \/>\n<meta property=\"og:locale\" content=\"fr_FR\" \/>\n<meta property=\"og:type\" content=\"article\" \/>\n<meta property=\"og:title\" content=\"Bah Oury sur une \u00e9ventuelle candidature du G\u00e9n\u00e9ral Doumbouya : \u2018\u2019Si la constitution lui permet, en toute objectivit\u00e9, il n\u2019y a aucune raison de le lui refuser\u2019\u2019 - UNIVERSNEWS224\" \/>\n<meta property=\"og:description\" content=\"Le premier ministre, chef du gouvernement, Amadou Oury Bah a anim\u00e9 ce mercredi 5 mars\" \/>\n<meta property=\"og:url\" content=\"https:\/\/universnews224.com\/index.php\/bah-oury-sur-une-eventuelle-candidature-du-general-doumbouya-si-la-constitution-lui-permet-en-toute-objectivite-il-ny-a-aucune-raison-de-le-lui-refuser\/\" \/>\n<meta property=\"og:site_name\" content=\"UNIVERSNEWS224\" \/>\n<meta property=\"article:published_time\" content=\"2025-03-05T22:08:14+00:00\" \/>\n<meta property=\"og:image\" content=\"https:\/\/universnews224.com\/wp-content\/uploads\/2025\/03\/bah-oury-2-750x375-1.jpg\" \/>\n\t<meta property=\"og:image:width\" content=\"750\" \/>\n\t<meta property=\"og:image:height\" content=\"375\" \/>\n\t<meta property=\"og:image:type\" content=\"image\/jpeg\" \/>\n<meta name=\"author\" content=\"La R\u00e9daction\" \/>\n<meta name=\"twitter:label1\" content=\"\u00c9crit par\" \/>\n\t<meta name=\"twitter:data1\" content=\"La R\u00e9daction\" \/>\n\t<meta name=\"twitter:label2\" content=\"Dur\u00e9e de lecture estim\u00e9e\" \/>\n\t<meta name=\"twitter:data2\" content=\"1 minute\" \/>\n<script type=\"application\/ld+json\" class=\"yoast-schema-graph\">{\"@context\":\"https:\/\/schema.org\",\"@graph\":[{\"@type\":\"Article\",\"@id\":\"https:\/\/universnews224.com\/index.php\/bah-oury-sur-une-eventuelle-candidature-du-general-doumbouya-si-la-constitution-lui-permet-en-toute-objectivite-il-ny-a-aucune-raison-de-le-lui-refuser\/#article\",\"isPartOf\":{\"@id\":\"https:\/\/universnews224.com\/index.php\/bah-oury-sur-une-eventuelle-candidature-du-general-doumbouya-si-la-constitution-lui-permet-en-toute-objectivite-il-ny-a-aucune-raison-de-le-lui-refuser\/\"},\"author\":{\"name\":\"La R\u00e9daction\",\"@id\":\"https:\/\/universnews224.com\/#\/schema\/person\/a4b7d4f94a4716df60456a491260485e\"},\"headline\":\"Bah Oury sur une \u00e9ventuelle candidature du G\u00e9n\u00e9ral Doumbouya : \u2018\u2019Si la constitution lui permet, en toute objectivit\u00e9, il n\u2019y a aucune raison de le lui refuser\u2019\u2019\",\"datePublished\":\"2025-03-05T22:08:14+00:00\",\"dateModified\":\"2025-03-05T22:08:14+00:00\",\"mainEntityOfPage\":{\"@id\":\"https:\/\/universnews224.com\/index.php\/bah-oury-sur-une-eventuelle-candidature-du-general-doumbouya-si-la-constitution-lui-permet-en-toute-objectivite-il-ny-a-aucune-raison-de-le-lui-refuser\/\"},\"wordCount\":196,\"publisher\":{\"@id\":\"https:\/\/universnews224.com\/#organization\"},\"keywords\":[\"A la une\"],\"articleSection\":[\"ACTU\",\"POLITIQUE\"],\"inLanguage\":\"fr-FR\"},{\"@type\":\"WebPage\",\"@id\":\"https:\/\/universnews224.com\/index.php\/bah-oury-sur-une-eventuelle-candidature-du-general-doumbouya-si-la-constitution-lui-permet-en-toute-objectivite-il-ny-a-aucune-raison-de-le-lui-refuser\/\",\"url\":\"https:\/\/universnews224.com\/index.php\/bah-oury-sur-une-eventuelle-candidature-du-general-doumbouya-si-la-constitution-lui-permet-en-toute-objectivite-il-ny-a-aucune-raison-de-le-lui-refuser\/\",\"name\":\"Bah Oury sur une \u00e9ventuelle candidature du G\u00e9n\u00e9ral Doumbouya : \u2018\u2019Si la constitution lui permet, en toute objectivit\u00e9, il n\u2019y a aucune raison de le lui refuser\u2019\u2019 - UNIVERSNEWS224\",\"isPartOf\":{\"@id\":\"https:\/\/universnews224.com\/#website\"},\"datePublished\":\"2025-03-05T22:08:14+00:00\",\"dateModified\":\"2025-03-05T22:08:14+00:00\",\"inLanguage\":\"fr-FR\",\"potentialAction\":[{\"@type\":\"ReadAction\",\"target\":[\"https:\/\/universnews224.com\/index.php\/bah-oury-sur-une-eventuelle-candidature-du-general-doumbouya-si-la-constitution-lui-permet-en-toute-objectivite-il-ny-a-aucune-raison-de-le-lui-refuser\/\"]}]},{\"@type\":\"WebSite\",\"@id\":\"https:\/\/universnews224.com\/#website\",\"url\":\"https:\/\/universnews224.com\/\",\"name\":\"UNIVERSNEWS224\",\"description\":\"\",\"publisher\":{\"@id\":\"https:\/\/universnews224.com\/#organization\"},\"potentialAction\":[{\"@type\":\"SearchAction\",\"target\":{\"@type\":\"EntryPoint\",\"urlTemplate\":\"https:\/\/universnews224.com\/?s={search_term_string}\"},\"query-input\":\"required name=search_term_string\"}],\"inLanguage\":\"fr-FR\"},{\"@type\":\"Organization\",\"@id\":\"https:\/\/universnews224.com\/#organization\",\"name\":\"UNIVERSNEWS224\",\"url\":\"https:\/\/universnews224.com\/\",\"logo\":{\"@type\":\"ImageObject\",\"inLanguage\":\"fr-FR\",\"@id\":\"https:\/\/universnews224.com\/#\/schema\/logo\/image\/\",\"url\":\"https:\/\/universnews224.com\/wp-content\/uploads\/2022\/08\/cropped-cropped-logoban.jpg\",\"contentUrl\":\"https:\/\/universnews224.com\/wp-content\/uploads\/2022\/08\/cropped-cropped-logoban.jpg\",\"width\":1080,\"height\":138,\"caption\":\"UNIVERSNEWS224\"},\"image\":{\"@id\":\"https:\/\/universnews224.com\/#\/schema\/logo\/image\/\"}},{\"@type\":\"Person\",\"@id\":\"https:\/\/universnews224.com\/#\/schema\/person\/a4b7d4f94a4716df60456a491260485e\",\"name\":\"La R\u00e9daction\",\"image\":{\"@type\":\"ImageObject\",\"inLanguage\":\"fr-FR\",\"@id\":\"https:\/\/universnews224.com\/#\/schema\/person\/image\/\",\"url\":\"https:\/\/secure.gravatar.com\/avatar\/edb90acc7752b23e1b3307ad36c14f0d?s=96&d=mm&r=g\",\"contentUrl\":\"https:\/\/secure.gravatar.com\/avatar\/edb90acc7752b23e1b3307ad36c14f0d?s=96&d=mm&r=g\",\"caption\":\"La R\u00e9daction\"},\"sameAs\":[\"https:\/\/universnews224.com\"],\"url\":\"https:\/\/universnews224.com\/index.php\/author\/m-camara\/\"}]}<\/script>\n<!-- \/ Yoast SEO plugin. -->","yoast_head_json":{"title":"Bah Oury sur une \u00e9ventuelle candidature du G\u00e9n\u00e9ral Doumbouya : \u2018\u2019Si la constitution lui permet, en toute objectivit\u00e9, il n\u2019y a aucune raison de le lui refuser\u2019\u2019 - UNIVERSNEWS224","robots":{"index":"index","follow":"follow","max-snippet":"max-snippet:-1","max-image-preview":"max-image-preview:large","max-video-preview":"max-video-preview:-1"},"canonical":"https:\/\/universnews224.com\/index.php\/bah-oury-sur-une-eventuelle-candidature-du-general-doumbouya-si-la-constitution-lui-permet-en-toute-objectivite-il-ny-a-aucune-raison-de-le-lui-refuser\/","og_locale":"fr_FR","og_type":"article","og_title":"Bah Oury sur une \u00e9ventuelle candidature du G\u00e9n\u00e9ral Doumbouya : \u2018\u2019Si la constitution lui permet, en toute objectivit\u00e9, il n\u2019y a aucune raison de le lui refuser\u2019\u2019 - UNIVERSNEWS224","og_description":"Le premier ministre, chef du gouvernement, Amadou Oury Bah a anim\u00e9 ce mercredi 5 mars","og_url":"https:\/\/universnews224.com\/index.php\/bah-oury-sur-une-eventuelle-candidature-du-general-doumbouya-si-la-constitution-lui-permet-en-toute-objectivite-il-ny-a-aucune-raison-de-le-lui-refuser\/","og_site_name":"UNIVERSNEWS224","article_published_time":"2025-03-05T22:08:14+00:00","og_image":[{"width":750,"height":375,"url":"https:\/\/universnews224.com\/wp-content\/uploads\/2025\/03\/bah-oury-2-750x375-1.jpg","type":"image\/jpeg"}],"author":"La R\u00e9daction","twitter_misc":{"\u00c9crit par":"La R\u00e9daction","Dur\u00e9e de lecture estim\u00e9e":"1 minute"},"schema":{"@context":"https:\/\/schema.org","@graph":[{"@type":"Article","@id":"https:\/\/universnews224.com\/index.php\/bah-oury-sur-une-eventuelle-candidature-du-general-doumbouya-si-la-constitution-lui-permet-en-toute-objectivite-il-ny-a-aucune-raison-de-le-lui-refuser\/#article","isPartOf":{"@id":"https:\/\/universnews224.com\/index.php\/bah-oury-sur-une-eventuelle-candidature-du-general-doumbouya-si-la-constitution-lui-permet-en-toute-objectivite-il-ny-a-aucune-raison-de-le-lui-refuser\/"},"author":{"name":"La R\u00e9daction","@id":"https:\/\/universnews224.com\/#\/schema\/person\/a4b7d4f94a4716df60456a491260485e"},"headline":"Bah Oury sur une \u00e9ventuelle candidature du G\u00e9n\u00e9ral Doumbouya : \u2018\u2019Si la constitution lui permet, en toute objectivit\u00e9, il n\u2019y a aucune raison de le lui refuser\u2019\u2019","datePublished":"2025-03-05T22:08:14+00:00","dateModified":"2025-03-05T22:08:14+00:00","mainEntityOfPage":{"@id":"https:\/\/universnews224.com\/index.php\/bah-oury-sur-une-eventuelle-candidature-du-general-doumbouya-si-la-constitution-lui-permet-en-toute-objectivite-il-ny-a-aucune-raison-de-le-lui-refuser\/"},"wordCount":196,"publisher":{"@id":"https:\/\/universnews224.com\/#organization"},"keywords":["A la une"],"articleSection":["ACTU","POLITIQUE"],"inLanguage":"fr-FR"},{"@type":"WebPage","@id":"https:\/\/universnews224.com\/index.php\/bah-oury-sur-une-eventuelle-candidature-du-general-doumbouya-si-la-constitution-lui-permet-en-toute-objectivite-il-ny-a-aucune-raison-de-le-lui-refuser\/","url":"https:\/\/universnews224.com\/index.php\/bah-oury-sur-une-eventuelle-candidature-du-general-doumbouya-si-la-constitution-lui-permet-en-toute-objectivite-il-ny-a-aucune-raison-de-le-lui-refuser\/","name":"Bah Oury sur une \u00e9ventuelle candidature du G\u00e9n\u00e9ral Doumbouya : \u2018\u2019Si la constitution lui permet, en toute objectivit\u00e9, il n\u2019y a aucune raison de le lui refuser\u2019\u2019 - UNIVERSNEWS224","isPartOf":{"@id":"https:\/\/universnews224.com\/#website"},"datePublished":"2025-03-05T22:08:14+00:00","dateModified":"2025-03-05T22:08:14+00:00","inLanguage":"fr-FR","potentialAction":[{"@type":"ReadAction","target":["https:\/\/universnews224.com\/index.php\/bah-oury-sur-une-eventuelle-candidature-du-general-doumbouya-si-la-constitution-lui-permet-en-toute-objectivite-il-ny-a-aucune-raison-de-le-lui-refuser\/"]}]},{"@type":"WebSite","@id":"https:\/\/universnews224.com\/#website","url":"https:\/\/universnews224.com\/","name":"UNIVERSNEWS224","description":"","publisher":{"@id":"https:\/\/universnews224.com\/#organization"},"potentialAction":[{"@type":"SearchAction","target":{"@type":"EntryPoint","urlTemplate":"https:\/\/universnews224.com\/?s={search_term_string}"},"query-input":"required name=search_term_string"}],"inLanguage":"fr-FR"},{"@type":"Organization","@id":"https:\/\/universnews224.com\/#organization","name":"UNIVERSNEWS224","url":"https:\/\/universnews224.com\/","logo":{"@type":"ImageObject","inLanguage":"fr-FR","@id":"https:\/\/universnews224.com\/#\/schema\/logo\/image\/","url":"https:\/\/universnews224.com\/wp-content\/uploads\/2022\/08\/cropped-cropped-logoban.jpg","contentUrl":"https:\/\/universnews224.com\/wp-content\/uploads\/2022\/08\/cropped-cropped-logoban.jpg","width":1080,"height":138,"caption":"UNIVERSNEWS224"},"image":{"@id":"https:\/\/universnews224.com\/#\/schema\/logo\/image\/"}},{"@type":"Person","@id":"https:\/\/universnews224.com\/#\/schema\/person\/a4b7d4f94a4716df60456a491260485e","name":"La R\u00e9daction","image":{"@type":"ImageObject","inLanguage":"fr-FR","@id":"https:\/\/universnews224.com\/#\/schema\/person\/image\/","url":"https:\/\/secure.gravatar.com\/avatar\/edb90acc7752b23e1b3307ad36c14f0d?s=96&d=mm&r=g","contentUrl":"https:\/\/secure.gravatar.com\/avatar\/edb90acc7752b23e1b3307ad36c14f0d?s=96&d=mm&r=g","caption":"La R\u00e9daction"},"sameAs":["https:\/\/universnews224.com"],"url":"https:\/\/universnews224.com\/index.php\/author\/m-camara\/"}]}},"_links":{"self":[{"href":"https:\/\/universnews224.com\/index.php\/wp-json\/wp\/v2\/posts\/7657"}],"collection":[{"href":"https:\/\/universnews224.com\/index.php\/wp-json\/wp\/v2\/posts"}],"about":[{"href":"https:\/\/universnews224.com\/index.php\/wp-json\/wp\/v2\/types\/post"}],"author":[{"embeddable":true,"href":"https:\/\/universnews224.com\/index.php\/wp-json\/wp\/v2\/users\/2"}],"replies":[{"embeddable":true,"href":"https:\/\/universnews224.com\/index.php\/wp-json\/wp\/v2\/comments?post=7657"}],"version-history":[{"count":1,"href":"https:\/\/universnews224.com\/index.php\/wp-json\/wp\/v2\/posts\/7657\/revisions"}],"predecessor-version":[{"id":7658,"href":"https:\/\/universnews224.com\/index.php\/wp-json\/wp\/v2\/posts\/7657\/revisions\/7658"}],"wp:featuredmedia":[{"embeddable":true,"href":"https:\/\/universnews224.com\/index.php\/wp-json\/wp\/v2\/media\/7655"}],"wp:attachment":[{"href":"https:\/\/universnews224.com\/index.php\/wp-json\/wp\/v2\/media?parent=7657"}],"wp:term":[{"taxonomy":"category","embeddable":true,"href":"https:\/\/universnews224.com\/index.php\/wp-json\/wp\/v2\/categories?post=7657"},{"taxonomy":"post_tag","embeddable":true,"href":"https:\/\/universnews224.com\/index.php\/wp-json\/wp\/v2\/tags?post=7657"}],"curies":[{"name":"wp","href":"https:\/\/api.w.org\/{rel}","templated":true}]}}