{"id":7686,"date":"2025-03-09T14:34:16","date_gmt":"2025-03-09T13:34:16","guid":{"rendered":"https:\/\/universnews224.com\/?p=7686"},"modified":"2025-03-09T14:34:16","modified_gmt":"2025-03-09T13:34:16","slug":"guinee-joyeux-anniversaire-a-lentrepreneur-kerfalla-camara-kpc","status":"publish","type":"post","link":"https:\/\/universnews224.com\/index.php\/guinee-joyeux-anniversaire-a-lentrepreneur-kerfalla-camara-kpc\/","title":{"rendered":"GUIN\u00c9E : Joyeux anniversaire \u00e0 l\u2019entrepreneur Kerfalla CAMARA-KPC"},"content":{"rendered":"<p dir=\"ltr\" style=\"line-height: 1.38;margin-top: 0.0pt;margin-bottom: 0.0pt\"><span style=\"font-size: 11pt;font-family: Arial, sans-serif;color: #000000;background-color: transparent;vertical-align: baseline\">Entrepreneur \u00e0 succ\u00e8s, op\u00e9rateur \u00e9conomique et social de premier plan. Kerfalla CAMARA-KPC est n\u00e9 le 08 Mars 1970 dans les mains protectrices de \u00ab N\u2019Ga Foul\u00e9 \u00bb et de Elhadj Yoy Camara. Nos chers parents ont eu un enfant pour la Guin\u00e9e et l\u2019Afrique. Un grand employeur, un leader et un catalyseur inspir\u00e9 et audacieux.<a href=\"https:\/\/universnews224.com\/wp-content\/uploads\/2025\/03\/joyeux.jpg\"><img loading=\"lazy\" class=\"alignnone size-medium wp-image-7687\" src=\"https:\/\/universnews224.com\/wp-content\/uploads\/2025\/03\/joyeux-300x300.jpg\" alt=\"\" width=\"300\" height=\"300\" srcset=\"https:\/\/universnews224.com\/wp-content\/uploads\/2025\/03\/joyeux-300x300.jpg 300w, https:\/\/universnews224.com\/wp-content\/uploads\/2025\/03\/joyeux-1024x1024.jpg 1024w, https:\/\/universnews224.com\/wp-content\/uploads\/2025\/03\/joyeux-150x150.jpg 150w, https:\/\/universnews224.com\/wp-content\/uploads\/2025\/03\/joyeux-768x768.jpg 768w, https:\/\/universnews224.com\/wp-content\/uploads\/2025\/03\/joyeux.jpg 1080w\" sizes=\"(max-width: 300px) 100vw, 300px\" \/><\/a><\/span><\/p>\n<p dir=\"ltr\" style=\"line-height: 1.38;margin-top: 0.0pt;margin-bottom: 0.0pt\"><span style=\"font-size: 11pt;font-family: Arial, sans-serif;color: #000000;background-color: transparent;vertical-align: baseline\">\u00c0 l\u2019aube de ses 55 bougies, le fondateur et PDG du Groupe GUICOPRES S.A, un holding actif dans plusieurs domaines dont la construction, le BTP, la logistique, le transit, le n\u00e9goce. Est connu pour son engagement quasi-sacerdotal aupr\u00e8s de la communaut\u00e9 guin\u00e9enne.<\/span><\/p>\n<p dir=\"ltr\">\n<p dir=\"ltr\" style=\"line-height: 1.38;margin-top: 0.0pt;margin-bottom: 0.0pt\"><span style=\"font-size: 11pt;font-family: Arial, sans-serif;color: #000000;background-color: transparent;vertical-align: baseline\">Philanthrope et m\u00e9c\u00e8ne, il incarne le difficile monde de l\u2019entrepreunariat, qui voit en lui un miroir, ainsi que l\u2019ont d\u00e9clam\u00e9s les artistes comme Sidiki Diabat\u00e9, Abdoulaye 2 DIABY, Levis BOBO dans les chansons mythiques Le Lion de la Guin\u00e9e, KPC Gnama-yigui, Gnama-Kangnyi.<\/span><\/p>\n<p>&nbsp;<\/p>\n<p dir=\"ltr\" style=\"line-height: 1.38;margin-top: 0.0pt;margin-bottom: 0.0pt\"><span style=\"font-size: 11pt;font-family: Arial, sans-serif;color: #000000;background-color: transparent;vertical-align: baseline\">Pour ce patriote hors-pair, le nez fourr\u00e9 dans les projets, les mains en mouvement de b\u00e2tir des infrastructures et l\u2019esprit qui bouscule d\u2019id\u00e9es et de plans architecturaux. KPC m\u2019a laiss\u00e9 un vocal whatsapp lors de la pr\u00e9paration de la d\u00e9dicace de mon livre sur le Pr\u00e9sident G\u00e9n\u00e9ral Mamadi Doumbouya en ces termes : \u00ab Paul ! Tout ce qui concerne le G\u00e9n\u00e9ral MAMADI DOUMBOUYA me concerne. Tout ce qui concerne la Guin\u00e9e me concerne. La Guin\u00e9e sous la guidance \u00e9clair\u00e9e de ce pr\u00e9sident B\u00e2tisseur pourra devenir la Californie de l\u2019Afrique de l\u2019Ouest. Les mega-projets et des projets infrastructurels poussent de terre comme des champions! \u00bb Et, a pris la promesse d\u2019accompagner notre caravane humanitaire du livre et d\u2019en acheter des exemplaires de livre \u00e0 la jeunesse. M\u00eame si cela n\u2019a pas encore \u00e9t\u00e9 r\u00e9alis\u00e9, faute d\u2019interm\u00e9diaire. Nous croyons \u00e0 l\u2019homme.<\/span><\/p>\n<p>&nbsp;<\/p>\n<p dir=\"ltr\" style=\"line-height: 1.38;margin-top: 0.0pt;margin-bottom: 0.0pt\"><span style=\"font-size: 11pt;font-family: Arial, sans-serif;color: #000000;background-color: transparent;vertical-align: baseline\">En cette journ\u00e9e d\u2019anniversaire, nous rendons hommage \u00e0 un homme, pr\u00e9curseur de l\u2019initiative priv\u00e9e en Guin\u00e9e, de la responsabilit\u00e9 soci\u00e9tale de l\u2019entreprise-RSE, dont le parcours et patriotisme continuent d\u2019inspirer les milliers et des millions de jeunes dans la transformation de notre pays et de notre continent.<\/span><\/p>\n<p>&nbsp;<\/p>\n<p dir=\"ltr\" style=\"line-height: 1.38;margin-top: 0.0pt;margin-bottom: 0.0pt\"><span style=\"font-size: 11pt;font-family: Arial, sans-serif;color: #000000;background-color: transparent;vertical-align: baseline\">Joyeux anniversaire KPC<\/span><\/p>\n<p>&nbsp;<\/p>\n<p dir=\"ltr\" style=\"line-height: 1.38;margin-top: 0.0pt;margin-bottom: 0.0pt\"><span style=\"font-size: 11pt;font-family: Arial, sans-serif;color: #000000;background-color: transparent;vertical-align: baseline\">Joyeux anniversaire Grand fr\u00e8re.\u00a0\u00a0<\/span><\/p>\n<p>&nbsp;<\/p>\n<p dir=\"ltr\" style=\"line-height: 1.38;margin-top: 0.0pt;margin-bottom: 0.0pt\"><span style=\"font-size: 11pt;font-family: Arial, sans-serif;color: #000000;background-color: transparent;vertical-align: baseline\">Par Paul KAMANO.<\/span><\/p>\n<p>&nbsp;<\/p>\n","protected":false},"excerpt":{"rendered":"<p>Entrepreneur \u00e0 succ\u00e8s, op\u00e9rateur \u00e9conomique et social de premier plan. Kerfalla CAMARA-KPC est n\u00e9 le<\/p>\n","protected":false},"author":2,"featured_media":7688,"comment_status":"closed","ping_status":"open","sticky":false,"template":"","format":"standard","meta":[],"categories":[3,5],"tags":[237],"yoast_head":"<!-- This site is optimized with the Yoast SEO plugin v19.13 - https:\/\/yoast.com\/wordpress\/plugins\/seo\/ -->\n<title>GUIN\u00c9E : Joyeux anniversaire \u00e0 l\u2019entrepreneur Kerfalla CAMARA-KPC - UNIVERSNEWS224<\/title>\n<meta name=\"robots\" content=\"index, follow, max-snippet:-1, max-image-preview:large, max-video-preview:-1\" \/>\n<link rel=\"canonical\" href=\"https:\/\/universnews224.com\/index.php\/guinee-joyeux-anniversaire-a-lentrepreneur-kerfalla-camara-kpc\/\" \/>\n<meta property=\"og:locale\" content=\"fr_FR\" \/>\n<meta property=\"og:type\" content=\"article\" \/>\n<meta property=\"og:title\" content=\"GUIN\u00c9E : Joyeux anniversaire \u00e0 l\u2019entrepreneur Kerfalla CAMARA-KPC - UNIVERSNEWS224\" \/>\n<meta property=\"og:description\" content=\"Entrepreneur \u00e0 succ\u00e8s, op\u00e9rateur \u00e9conomique et social de premier plan. Kerfalla CAMARA-KPC est n\u00e9 le\" \/>\n<meta property=\"og:url\" content=\"https:\/\/universnews224.com\/index.php\/guinee-joyeux-anniversaire-a-lentrepreneur-kerfalla-camara-kpc\/\" \/>\n<meta property=\"og:site_name\" content=\"UNIVERSNEWS224\" \/>\n<meta property=\"article:published_time\" content=\"2025-03-09T13:34:16+00:00\" \/>\n<meta property=\"og:image\" content=\"https:\/\/universnews224.com\/wp-content\/uploads\/2025\/03\/IMG-20250309-WA0000.jpg\" \/>\n\t<meta property=\"og:image:width\" content=\"810\" \/>\n\t<meta property=\"og:image:height\" content=\"1440\" \/>\n\t<meta property=\"og:image:type\" content=\"image\/jpeg\" \/>\n<meta name=\"author\" content=\"La R\u00e9daction\" \/>\n<meta name=\"twitter:label1\" content=\"\u00c9crit par\" \/>\n\t<meta name=\"twitter:data1\" content=\"La R\u00e9daction\" \/>\n\t<meta name=\"twitter:label2\" content=\"Dur\u00e9e de lecture estim\u00e9e\" \/>\n\t<meta name=\"twitter:data2\" content=\"2 minutes\" \/>\n<script type=\"application\/ld+json\" class=\"yoast-schema-graph\">{\"@context\":\"https:\/\/schema.org\",\"@graph\":[{\"@type\":\"Article\",\"@id\":\"https:\/\/universnews224.com\/index.php\/guinee-joyeux-anniversaire-a-lentrepreneur-kerfalla-camara-kpc\/#article\",\"isPartOf\":{\"@id\":\"https:\/\/universnews224.com\/index.php\/guinee-joyeux-anniversaire-a-lentrepreneur-kerfalla-camara-kpc\/\"},\"author\":{\"name\":\"La R\u00e9daction\",\"@id\":\"https:\/\/universnews224.com\/#\/schema\/person\/a4b7d4f94a4716df60456a491260485e\"},\"headline\":\"GUIN\u00c9E : Joyeux anniversaire \u00e0 l\u2019entrepreneur Kerfalla CAMARA-KPC\",\"datePublished\":\"2025-03-09T13:34:16+00:00\",\"dateModified\":\"2025-03-09T13:34:16+00:00\",\"mainEntityOfPage\":{\"@id\":\"https:\/\/universnews224.com\/index.php\/guinee-joyeux-anniversaire-a-lentrepreneur-kerfalla-camara-kpc\/\"},\"wordCount\":388,\"publisher\":{\"@id\":\"https:\/\/universnews224.com\/#organization\"},\"keywords\":[\"A la une\"],\"articleSection\":[\"ACTU\",\"SOCI\u00c9T\u00c9\"],\"inLanguage\":\"fr-FR\"},{\"@type\":\"WebPage\",\"@id\":\"https:\/\/universnews224.com\/index.php\/guinee-joyeux-anniversaire-a-lentrepreneur-kerfalla-camara-kpc\/\",\"url\":\"https:\/\/universnews224.com\/index.php\/guinee-joyeux-anniversaire-a-lentrepreneur-kerfalla-camara-kpc\/\",\"name\":\"GUIN\u00c9E : Joyeux anniversaire \u00e0 l\u2019entrepreneur Kerfalla CAMARA-KPC - UNIVERSNEWS224\",\"isPartOf\":{\"@id\":\"https:\/\/universnews224.com\/#website\"},\"datePublished\":\"2025-03-09T13:34:16+00:00\",\"dateModified\":\"2025-03-09T13:34:16+00:00\",\"inLanguage\":\"fr-FR\",\"potentialAction\":[{\"@type\":\"ReadAction\",\"target\":[\"https:\/\/universnews224.com\/index.php\/guinee-joyeux-anniversaire-a-lentrepreneur-kerfalla-camara-kpc\/\"]}]},{\"@type\":\"WebSite\",\"@id\":\"https:\/\/universnews224.com\/#website\",\"url\":\"https:\/\/universnews224.com\/\",\"name\":\"UNIVERSNEWS224\",\"description\":\"\",\"publisher\":{\"@id\":\"https:\/\/universnews224.com\/#organization\"},\"potentialAction\":[{\"@type\":\"SearchAction\",\"target\":{\"@type\":\"EntryPoint\",\"urlTemplate\":\"https:\/\/universnews224.com\/?s={search_term_string}\"},\"query-input\":\"required name=search_term_string\"}],\"inLanguage\":\"fr-FR\"},{\"@type\":\"Organization\",\"@id\":\"https:\/\/universnews224.com\/#organization\",\"name\":\"UNIVERSNEWS224\",\"url\":\"https:\/\/universnews224.com\/\",\"logo\":{\"@type\":\"ImageObject\",\"inLanguage\":\"fr-FR\",\"@id\":\"https:\/\/universnews224.com\/#\/schema\/logo\/image\/\",\"url\":\"https:\/\/universnews224.com\/wp-content\/uploads\/2022\/08\/cropped-cropped-logoban.jpg\",\"contentUrl\":\"https:\/\/universnews224.com\/wp-content\/uploads\/2022\/08\/cropped-cropped-logoban.jpg\",\"width\":1080,\"height\":138,\"caption\":\"UNIVERSNEWS224\"},\"image\":{\"@id\":\"https:\/\/universnews224.com\/#\/schema\/logo\/image\/\"}},{\"@type\":\"Person\",\"@id\":\"https:\/\/universnews224.com\/#\/schema\/person\/a4b7d4f94a4716df60456a491260485e\",\"name\":\"La R\u00e9daction\",\"image\":{\"@type\":\"ImageObject\",\"inLanguage\":\"fr-FR\",\"@id\":\"https:\/\/universnews224.com\/#\/schema\/person\/image\/\",\"url\":\"https:\/\/secure.gravatar.com\/avatar\/edb90acc7752b23e1b3307ad36c14f0d?s=96&d=mm&r=g\",\"contentUrl\":\"https:\/\/secure.gravatar.com\/avatar\/edb90acc7752b23e1b3307ad36c14f0d?s=96&d=mm&r=g\",\"caption\":\"La R\u00e9daction\"},\"sameAs\":[\"https:\/\/universnews224.com\"],\"url\":\"https:\/\/universnews224.com\/index.php\/author\/m-camara\/\"}]}<\/script>\n<!-- \/ Yoast SEO plugin. -->","yoast_head_json":{"title":"GUIN\u00c9E : Joyeux anniversaire \u00e0 l\u2019entrepreneur Kerfalla CAMARA-KPC - UNIVERSNEWS224","robots":{"index":"index","follow":"follow","max-snippet":"max-snippet:-1","max-image-preview":"max-image-preview:large","max-video-preview":"max-video-preview:-1"},"canonical":"https:\/\/universnews224.com\/index.php\/guinee-joyeux-anniversaire-a-lentrepreneur-kerfalla-camara-kpc\/","og_locale":"fr_FR","og_type":"article","og_title":"GUIN\u00c9E : Joyeux anniversaire \u00e0 l\u2019entrepreneur Kerfalla CAMARA-KPC - UNIVERSNEWS224","og_description":"Entrepreneur \u00e0 succ\u00e8s, op\u00e9rateur \u00e9conomique et social de premier plan. Kerfalla CAMARA-KPC est n\u00e9 le","og_url":"https:\/\/universnews224.com\/index.php\/guinee-joyeux-anniversaire-a-lentrepreneur-kerfalla-camara-kpc\/","og_site_name":"UNIVERSNEWS224","article_published_time":"2025-03-09T13:34:16+00:00","og_image":[{"width":810,"height":1440,"url":"https:\/\/universnews224.com\/wp-content\/uploads\/2025\/03\/IMG-20250309-WA0000.jpg","type":"image\/jpeg"}],"author":"La R\u00e9daction","twitter_misc":{"\u00c9crit par":"La R\u00e9daction","Dur\u00e9e de lecture estim\u00e9e":"2 minutes"},"schema":{"@context":"https:\/\/schema.org","@graph":[{"@type":"Article","@id":"https:\/\/universnews224.com\/index.php\/guinee-joyeux-anniversaire-a-lentrepreneur-kerfalla-camara-kpc\/#article","isPartOf":{"@id":"https:\/\/universnews224.com\/index.php\/guinee-joyeux-anniversaire-a-lentrepreneur-kerfalla-camara-kpc\/"},"author":{"name":"La R\u00e9daction","@id":"https:\/\/universnews224.com\/#\/schema\/person\/a4b7d4f94a4716df60456a491260485e"},"headline":"GUIN\u00c9E : Joyeux anniversaire \u00e0 l\u2019entrepreneur Kerfalla CAMARA-KPC","datePublished":"2025-03-09T13:34:16+00:00","dateModified":"2025-03-09T13:34:16+00:00","mainEntityOfPage":{"@id":"https:\/\/universnews224.com\/index.php\/guinee-joyeux-anniversaire-a-lentrepreneur-kerfalla-camara-kpc\/"},"wordCount":388,"publisher":{"@id":"https:\/\/universnews224.com\/#organization"},"keywords":["A la une"],"articleSection":["ACTU","SOCI\u00c9T\u00c9"],"inLanguage":"fr-FR"},{"@type":"WebPage","@id":"https:\/\/universnews224.com\/index.php\/guinee-joyeux-anniversaire-a-lentrepreneur-kerfalla-camara-kpc\/","url":"https:\/\/universnews224.com\/index.php\/guinee-joyeux-anniversaire-a-lentrepreneur-kerfalla-camara-kpc\/","name":"GUIN\u00c9E : Joyeux anniversaire \u00e0 l\u2019entrepreneur Kerfalla CAMARA-KPC - UNIVERSNEWS224","isPartOf":{"@id":"https:\/\/universnews224.com\/#website"},"datePublished":"2025-03-09T13:34:16+00:00","dateModified":"2025-03-09T13:34:16+00:00","inLanguage":"fr-FR","potentialAction":[{"@type":"ReadAction","target":["https:\/\/universnews224.com\/index.php\/guinee-joyeux-anniversaire-a-lentrepreneur-kerfalla-camara-kpc\/"]}]},{"@type":"WebSite","@id":"https:\/\/universnews224.com\/#website","url":"https:\/\/universnews224.com\/","name":"UNIVERSNEWS224","description":"","publisher":{"@id":"https:\/\/universnews224.com\/#organization"},"potentialAction":[{"@type":"SearchAction","target":{"@type":"EntryPoint","urlTemplate":"https:\/\/universnews224.com\/?s={search_term_string}"},"query-input":"required name=search_term_string"}],"inLanguage":"fr-FR"},{"@type":"Organization","@id":"https:\/\/universnews224.com\/#organization","name":"UNIVERSNEWS224","url":"https:\/\/universnews224.com\/","logo":{"@type":"ImageObject","inLanguage":"fr-FR","@id":"https:\/\/universnews224.com\/#\/schema\/logo\/image\/","url":"https:\/\/universnews224.com\/wp-content\/uploads\/2022\/08\/cropped-cropped-logoban.jpg","contentUrl":"https:\/\/universnews224.com\/wp-content\/uploads\/2022\/08\/cropped-cropped-logoban.jpg","width":1080,"height":138,"caption":"UNIVERSNEWS224"},"image":{"@id":"https:\/\/universnews224.com\/#\/schema\/logo\/image\/"}},{"@type":"Person","@id":"https:\/\/universnews224.com\/#\/schema\/person\/a4b7d4f94a4716df60456a491260485e","name":"La R\u00e9daction","image":{"@type":"ImageObject","inLanguage":"fr-FR","@id":"https:\/\/universnews224.com\/#\/schema\/person\/image\/","url":"https:\/\/secure.gravatar.com\/avatar\/edb90acc7752b23e1b3307ad36c14f0d?s=96&d=mm&r=g","contentUrl":"https:\/\/secure.gravatar.com\/avatar\/edb90acc7752b23e1b3307ad36c14f0d?s=96&d=mm&r=g","caption":"La R\u00e9daction"},"sameAs":["https:\/\/universnews224.com"],"url":"https:\/\/universnews224.com\/index.php\/author\/m-camara\/"}]}},"_links":{"self":[{"href":"https:\/\/universnews224.com\/index.php\/wp-json\/wp\/v2\/posts\/7686"}],"collection":[{"href":"https:\/\/universnews224.com\/index.php\/wp-json\/wp\/v2\/posts"}],"about":[{"href":"https:\/\/universnews224.com\/index.php\/wp-json\/wp\/v2\/types\/post"}],"author":[{"embeddable":true,"href":"https:\/\/universnews224.com\/index.php\/wp-json\/wp\/v2\/users\/2"}],"replies":[{"embeddable":true,"href":"https:\/\/universnews224.com\/index.php\/wp-json\/wp\/v2\/comments?post=7686"}],"version-history":[{"count":1,"href":"https:\/\/universnews224.com\/index.php\/wp-json\/wp\/v2\/posts\/7686\/revisions"}],"predecessor-version":[{"id":7689,"href":"https:\/\/universnews224.com\/index.php\/wp-json\/wp\/v2\/posts\/7686\/revisions\/7689"}],"wp:featuredmedia":[{"embeddable":true,"href":"https:\/\/universnews224.com\/index.php\/wp-json\/wp\/v2\/media\/7688"}],"wp:attachment":[{"href":"https:\/\/universnews224.com\/index.php\/wp-json\/wp\/v2\/media?parent=7686"}],"wp:term":[{"taxonomy":"category","embeddable":true,"href":"https:\/\/universnews224.com\/index.php\/wp-json\/wp\/v2\/categories?post=7686"},{"taxonomy":"post_tag","embeddable":true,"href":"https:\/\/universnews224.com\/index.php\/wp-json\/wp\/v2\/tags?post=7686"}],"curies":[{"name":"wp","href":"https:\/\/api.w.org\/{rel}","templated":true}]}}