{"id":7714,"date":"2025-03-10T16:20:00","date_gmt":"2025-03-10T15:20:00","guid":{"rendered":"https:\/\/universnews224.com\/?p=7714"},"modified":"2025-03-10T16:20:00","modified_gmt":"2025-03-10T15:20:00","slug":"journee-internationale-de-la-femme-mustafa-levent-adali-dg-alport-conakry-rend-un-vibrant-hommage-aux-femmes-de-son-entreprise","status":"publish","type":"post","link":"https:\/\/universnews224.com\/index.php\/journee-internationale-de-la-femme-mustafa-levent-adali-dg-alport-conakry-rend-un-vibrant-hommage-aux-femmes-de-son-entreprise\/","title":{"rendered":"Journ\u00e9e internationale de la femme: Mustafa Levent ADALI, DG Alport-Conakry rend un vibrant hommage aux femmes de son entreprise.\u00a0"},"content":{"rendered":"<p><span style=\"font-weight: 400\">En ce 08 mars 2025, journ\u00e9e historique d\u00e9di\u00e9e \u00e0 la lutte pour les droits des femmes et \u00e0 la c\u00e9l\u00e9bration de leurs r\u00e9alisations, M. Mustafa Levent ADALI, Directeur G\u00e9n\u00e9ral de la soci\u00e9t\u00e9 Alport-Conakry, a rendu un vibrant hommage aux femmes courageuses et talentueuses d\u2019Alport Conakry. Cette journ\u00e9e, n\u00e9e des luttes ouvri\u00e8res du d\u00e9but du 20\u00e8me si\u00e8cle et officialis\u00e9e par l\u2019ONU en 1977, symbolise le combat universel pour la justice, l\u2019\u00e9galit\u00e9 et la reconnaissance du r\u00f4le essentiel des femmes dans tous les secteurs. <a href=\"https:\/\/universnews224.com\/wp-content\/uploads\/2025\/03\/IMG-20250310-WA0008.jpg\"><img loading=\"lazy\" class=\"alignnone size-medium wp-image-7699\" src=\"https:\/\/universnews224.com\/wp-content\/uploads\/2025\/03\/IMG-20250310-WA0008-300x210.jpg\" alt=\"\" width=\"300\" height=\"210\" srcset=\"https:\/\/universnews224.com\/wp-content\/uploads\/2025\/03\/IMG-20250310-WA0008-300x210.jpg 300w, https:\/\/universnews224.com\/wp-content\/uploads\/2025\/03\/IMG-20250310-WA0008-1024x716.jpg 1024w, https:\/\/universnews224.com\/wp-content\/uploads\/2025\/03\/IMG-20250310-WA0008-768x537.jpg 768w, https:\/\/universnews224.com\/wp-content\/uploads\/2025\/03\/IMG-20250310-WA0008.jpg 1080w\" sizes=\"(max-width: 300px) 100vw, 300px\" \/><\/a><\/span><\/p>\n<p><span style=\"font-weight: 400\">\u00a0\u00bb Au Port de Conakry, vous incarnez cet h\u00e9ritage par votre engagement quotidien, votre r\u00e9silience face aux d\u00e9fis et votre contribution exceptionnelle \u00e0 la croissance de notre entreprise. Que vous \u0153uvriez sur le terrain, dans les bureaux ou \u00e0 des postes de responsabilit\u00e9, vous portez les valeurs d\u2019excellence, d\u2019innovation et de solidarit\u00e9 qui animent le Groupe Albayrak. Votre travail fa\u00e7onne un avenir plus inclusif et prosp\u00e8re, en phase avec les aspirations de cette journ\u00e9e mondiale.<a href=\"https:\/\/universnews224.com\/wp-content\/uploads\/2025\/03\/FB_IMG_1741614572955.jpg\"><img loading=\"lazy\" class=\"alignnone size-medium wp-image-7701\" src=\"https:\/\/universnews224.com\/wp-content\/uploads\/2025\/03\/FB_IMG_1741614572955-300x208.jpg\" alt=\"\" width=\"300\" height=\"208\" srcset=\"https:\/\/universnews224.com\/wp-content\/uploads\/2025\/03\/FB_IMG_1741614572955-300x208.jpg 300w, https:\/\/universnews224.com\/wp-content\/uploads\/2025\/03\/FB_IMG_1741614572955-1024x709.jpg 1024w, https:\/\/universnews224.com\/wp-content\/uploads\/2025\/03\/FB_IMG_1741614572955-768x532.jpg 768w, https:\/\/universnews224.com\/wp-content\/uploads\/2025\/03\/FB_IMG_1741614572955.jpg 1080w\" sizes=\"(max-width: 300px) 100vw, 300px\" \/><\/a><\/span><\/p>\n<p><span style=\"font-weight: 400\">En cette occasion, je r\u00e9affirme l\u2019engagement d\u2019Alport Conakry \u00e0 promouvoir l\u2019\u00e9galit\u00e9 des genres et \u00e0 renforcer l\u2019autonomisation des femmes au sein de notre structure. Nous continuerons \u00e0 mettre en place des politiques favorisant votre \u00e9panouissement professionnel, en cultivant un environnement de travail \u00e9quitable et respectueux, \u00a0\u00bb a t-il d\u00e9clar\u00e9.<a href=\"https:\/\/universnews224.com\/wp-content\/uploads\/2025\/03\/IMG-20250310-WA0007.jpg\"><img loading=\"lazy\" class=\"alignnone size-medium wp-image-7700\" src=\"https:\/\/universnews224.com\/wp-content\/uploads\/2025\/03\/IMG-20250310-WA0007-300x140.jpg\" alt=\"\" width=\"300\" height=\"140\" srcset=\"https:\/\/universnews224.com\/wp-content\/uploads\/2025\/03\/IMG-20250310-WA0007-300x140.jpg 300w, https:\/\/universnews224.com\/wp-content\/uploads\/2025\/03\/IMG-20250310-WA0007-1024x476.jpg 1024w, https:\/\/universnews224.com\/wp-content\/uploads\/2025\/03\/IMG-20250310-WA0007-768x357.jpg 768w, https:\/\/universnews224.com\/wp-content\/uploads\/2025\/03\/IMG-20250310-WA0007.jpg 1032w\" sizes=\"(max-width: 300px) 100vw, 300px\" \/><\/a><\/span><\/p>\n<p>&nbsp;<\/p>\n","protected":false},"excerpt":{"rendered":"<p>En ce 08 mars 2025, journ\u00e9e historique d\u00e9di\u00e9e \u00e0 la lutte pour les droits des<\/p>\n","protected":false},"author":2,"featured_media":7700,"comment_status":"closed","ping_status":"open","sticky":false,"template":"","format":"standard","meta":[],"categories":[3,5],"tags":[237],"yoast_head":"<!-- This site is optimized with the Yoast SEO plugin v19.13 - https:\/\/yoast.com\/wordpress\/plugins\/seo\/ -->\n<title>Journ\u00e9e internationale de la femme: Mustafa Levent ADALI, DG Alport-Conakry rend un vibrant hommage aux femmes de son entreprise.\u00a0 - UNIVERSNEWS224<\/title>\n<meta name=\"robots\" content=\"index, follow, max-snippet:-1, max-image-preview:large, max-video-preview:-1\" \/>\n<link rel=\"canonical\" href=\"https:\/\/universnews224.com\/index.php\/journee-internationale-de-la-femme-mustafa-levent-adali-dg-alport-conakry-rend-un-vibrant-hommage-aux-femmes-de-son-entreprise\/\" \/>\n<meta property=\"og:locale\" content=\"fr_FR\" \/>\n<meta property=\"og:type\" content=\"article\" \/>\n<meta property=\"og:title\" content=\"Journ\u00e9e internationale de la femme: Mustafa Levent ADALI, DG Alport-Conakry rend un vibrant hommage aux femmes de son entreprise.\u00a0 - UNIVERSNEWS224\" \/>\n<meta property=\"og:description\" content=\"En ce 08 mars 2025, journ\u00e9e historique d\u00e9di\u00e9e \u00e0 la lutte pour les droits des\" \/>\n<meta property=\"og:url\" content=\"https:\/\/universnews224.com\/index.php\/journee-internationale-de-la-femme-mustafa-levent-adali-dg-alport-conakry-rend-un-vibrant-hommage-aux-femmes-de-son-entreprise\/\" \/>\n<meta property=\"og:site_name\" content=\"UNIVERSNEWS224\" \/>\n<meta property=\"article:published_time\" content=\"2025-03-10T15:20:00+00:00\" \/>\n<meta property=\"og:image\" content=\"https:\/\/universnews224.com\/wp-content\/uploads\/2025\/03\/IMG-20250310-WA0007.jpg\" \/>\n\t<meta property=\"og:image:width\" content=\"1032\" \/>\n\t<meta property=\"og:image:height\" content=\"480\" \/>\n\t<meta property=\"og:image:type\" content=\"image\/jpeg\" \/>\n<meta name=\"author\" content=\"La R\u00e9daction\" \/>\n<meta name=\"twitter:label1\" content=\"\u00c9crit par\" \/>\n\t<meta name=\"twitter:data1\" content=\"La R\u00e9daction\" \/>\n\t<meta name=\"twitter:label2\" content=\"Dur\u00e9e de lecture estim\u00e9e\" \/>\n\t<meta name=\"twitter:data2\" content=\"2 minutes\" \/>\n<script type=\"application\/ld+json\" class=\"yoast-schema-graph\">{\"@context\":\"https:\/\/schema.org\",\"@graph\":[{\"@type\":\"Article\",\"@id\":\"https:\/\/universnews224.com\/index.php\/journee-internationale-de-la-femme-mustafa-levent-adali-dg-alport-conakry-rend-un-vibrant-hommage-aux-femmes-de-son-entreprise\/#article\",\"isPartOf\":{\"@id\":\"https:\/\/universnews224.com\/index.php\/journee-internationale-de-la-femme-mustafa-levent-adali-dg-alport-conakry-rend-un-vibrant-hommage-aux-femmes-de-son-entreprise\/\"},\"author\":{\"name\":\"La R\u00e9daction\",\"@id\":\"https:\/\/universnews224.com\/#\/schema\/person\/a4b7d4f94a4716df60456a491260485e\"},\"headline\":\"Journ\u00e9e internationale de la femme: Mustafa Levent ADALI, DG Alport-Conakry rend un vibrant hommage aux femmes de son entreprise.\u00a0\",\"datePublished\":\"2025-03-10T15:20:00+00:00\",\"dateModified\":\"2025-03-10T15:20:00+00:00\",\"mainEntityOfPage\":{\"@id\":\"https:\/\/universnews224.com\/index.php\/journee-internationale-de-la-femme-mustafa-levent-adali-dg-alport-conakry-rend-un-vibrant-hommage-aux-femmes-de-son-entreprise\/\"},\"wordCount\":248,\"publisher\":{\"@id\":\"https:\/\/universnews224.com\/#organization\"},\"keywords\":[\"A la une\"],\"articleSection\":[\"ACTU\",\"SOCI\u00c9T\u00c9\"],\"inLanguage\":\"fr-FR\"},{\"@type\":\"WebPage\",\"@id\":\"https:\/\/universnews224.com\/index.php\/journee-internationale-de-la-femme-mustafa-levent-adali-dg-alport-conakry-rend-un-vibrant-hommage-aux-femmes-de-son-entreprise\/\",\"url\":\"https:\/\/universnews224.com\/index.php\/journee-internationale-de-la-femme-mustafa-levent-adali-dg-alport-conakry-rend-un-vibrant-hommage-aux-femmes-de-son-entreprise\/\",\"name\":\"Journ\u00e9e internationale de la femme: Mustafa Levent ADALI, DG Alport-Conakry rend un vibrant hommage aux femmes de son entreprise.\u00a0 - UNIVERSNEWS224\",\"isPartOf\":{\"@id\":\"https:\/\/universnews224.com\/#website\"},\"datePublished\":\"2025-03-10T15:20:00+00:00\",\"dateModified\":\"2025-03-10T15:20:00+00:00\",\"inLanguage\":\"fr-FR\",\"potentialAction\":[{\"@type\":\"ReadAction\",\"target\":[\"https:\/\/universnews224.com\/index.php\/journee-internationale-de-la-femme-mustafa-levent-adali-dg-alport-conakry-rend-un-vibrant-hommage-aux-femmes-de-son-entreprise\/\"]}]},{\"@type\":\"WebSite\",\"@id\":\"https:\/\/universnews224.com\/#website\",\"url\":\"https:\/\/universnews224.com\/\",\"name\":\"UNIVERSNEWS224\",\"description\":\"\",\"publisher\":{\"@id\":\"https:\/\/universnews224.com\/#organization\"},\"potentialAction\":[{\"@type\":\"SearchAction\",\"target\":{\"@type\":\"EntryPoint\",\"urlTemplate\":\"https:\/\/universnews224.com\/?s={search_term_string}\"},\"query-input\":\"required name=search_term_string\"}],\"inLanguage\":\"fr-FR\"},{\"@type\":\"Organization\",\"@id\":\"https:\/\/universnews224.com\/#organization\",\"name\":\"UNIVERSNEWS224\",\"url\":\"https:\/\/universnews224.com\/\",\"logo\":{\"@type\":\"ImageObject\",\"inLanguage\":\"fr-FR\",\"@id\":\"https:\/\/universnews224.com\/#\/schema\/logo\/image\/\",\"url\":\"https:\/\/universnews224.com\/wp-content\/uploads\/2022\/08\/cropped-cropped-logoban.jpg\",\"contentUrl\":\"https:\/\/universnews224.com\/wp-content\/uploads\/2022\/08\/cropped-cropped-logoban.jpg\",\"width\":1080,\"height\":138,\"caption\":\"UNIVERSNEWS224\"},\"image\":{\"@id\":\"https:\/\/universnews224.com\/#\/schema\/logo\/image\/\"}},{\"@type\":\"Person\",\"@id\":\"https:\/\/universnews224.com\/#\/schema\/person\/a4b7d4f94a4716df60456a491260485e\",\"name\":\"La R\u00e9daction\",\"image\":{\"@type\":\"ImageObject\",\"inLanguage\":\"fr-FR\",\"@id\":\"https:\/\/universnews224.com\/#\/schema\/person\/image\/\",\"url\":\"https:\/\/secure.gravatar.com\/avatar\/edb90acc7752b23e1b3307ad36c14f0d?s=96&d=mm&r=g\",\"contentUrl\":\"https:\/\/secure.gravatar.com\/avatar\/edb90acc7752b23e1b3307ad36c14f0d?s=96&d=mm&r=g\",\"caption\":\"La R\u00e9daction\"},\"sameAs\":[\"https:\/\/universnews224.com\"],\"url\":\"https:\/\/universnews224.com\/index.php\/author\/m-camara\/\"}]}<\/script>\n<!-- \/ Yoast SEO plugin. -->","yoast_head_json":{"title":"Journ\u00e9e internationale de la femme: Mustafa Levent ADALI, DG Alport-Conakry rend un vibrant hommage aux femmes de son entreprise.\u00a0 - UNIVERSNEWS224","robots":{"index":"index","follow":"follow","max-snippet":"max-snippet:-1","max-image-preview":"max-image-preview:large","max-video-preview":"max-video-preview:-1"},"canonical":"https:\/\/universnews224.com\/index.php\/journee-internationale-de-la-femme-mustafa-levent-adali-dg-alport-conakry-rend-un-vibrant-hommage-aux-femmes-de-son-entreprise\/","og_locale":"fr_FR","og_type":"article","og_title":"Journ\u00e9e internationale de la femme: Mustafa Levent ADALI, DG Alport-Conakry rend un vibrant hommage aux femmes de son entreprise.\u00a0 - UNIVERSNEWS224","og_description":"En ce 08 mars 2025, journ\u00e9e historique d\u00e9di\u00e9e \u00e0 la lutte pour les droits des","og_url":"https:\/\/universnews224.com\/index.php\/journee-internationale-de-la-femme-mustafa-levent-adali-dg-alport-conakry-rend-un-vibrant-hommage-aux-femmes-de-son-entreprise\/","og_site_name":"UNIVERSNEWS224","article_published_time":"2025-03-10T15:20:00+00:00","og_image":[{"width":1032,"height":480,"url":"https:\/\/universnews224.com\/wp-content\/uploads\/2025\/03\/IMG-20250310-WA0007.jpg","type":"image\/jpeg"}],"author":"La R\u00e9daction","twitter_misc":{"\u00c9crit par":"La R\u00e9daction","Dur\u00e9e de lecture estim\u00e9e":"2 minutes"},"schema":{"@context":"https:\/\/schema.org","@graph":[{"@type":"Article","@id":"https:\/\/universnews224.com\/index.php\/journee-internationale-de-la-femme-mustafa-levent-adali-dg-alport-conakry-rend-un-vibrant-hommage-aux-femmes-de-son-entreprise\/#article","isPartOf":{"@id":"https:\/\/universnews224.com\/index.php\/journee-internationale-de-la-femme-mustafa-levent-adali-dg-alport-conakry-rend-un-vibrant-hommage-aux-femmes-de-son-entreprise\/"},"author":{"name":"La R\u00e9daction","@id":"https:\/\/universnews224.com\/#\/schema\/person\/a4b7d4f94a4716df60456a491260485e"},"headline":"Journ\u00e9e internationale de la femme: Mustafa Levent ADALI, DG Alport-Conakry rend un vibrant hommage aux femmes de son entreprise.\u00a0","datePublished":"2025-03-10T15:20:00+00:00","dateModified":"2025-03-10T15:20:00+00:00","mainEntityOfPage":{"@id":"https:\/\/universnews224.com\/index.php\/journee-internationale-de-la-femme-mustafa-levent-adali-dg-alport-conakry-rend-un-vibrant-hommage-aux-femmes-de-son-entreprise\/"},"wordCount":248,"publisher":{"@id":"https:\/\/universnews224.com\/#organization"},"keywords":["A la une"],"articleSection":["ACTU","SOCI\u00c9T\u00c9"],"inLanguage":"fr-FR"},{"@type":"WebPage","@id":"https:\/\/universnews224.com\/index.php\/journee-internationale-de-la-femme-mustafa-levent-adali-dg-alport-conakry-rend-un-vibrant-hommage-aux-femmes-de-son-entreprise\/","url":"https:\/\/universnews224.com\/index.php\/journee-internationale-de-la-femme-mustafa-levent-adali-dg-alport-conakry-rend-un-vibrant-hommage-aux-femmes-de-son-entreprise\/","name":"Journ\u00e9e internationale de la femme: Mustafa Levent ADALI, DG Alport-Conakry rend un vibrant hommage aux femmes de son entreprise.\u00a0 - UNIVERSNEWS224","isPartOf":{"@id":"https:\/\/universnews224.com\/#website"},"datePublished":"2025-03-10T15:20:00+00:00","dateModified":"2025-03-10T15:20:00+00:00","inLanguage":"fr-FR","potentialAction":[{"@type":"ReadAction","target":["https:\/\/universnews224.com\/index.php\/journee-internationale-de-la-femme-mustafa-levent-adali-dg-alport-conakry-rend-un-vibrant-hommage-aux-femmes-de-son-entreprise\/"]}]},{"@type":"WebSite","@id":"https:\/\/universnews224.com\/#website","url":"https:\/\/universnews224.com\/","name":"UNIVERSNEWS224","description":"","publisher":{"@id":"https:\/\/universnews224.com\/#organization"},"potentialAction":[{"@type":"SearchAction","target":{"@type":"EntryPoint","urlTemplate":"https:\/\/universnews224.com\/?s={search_term_string}"},"query-input":"required name=search_term_string"}],"inLanguage":"fr-FR"},{"@type":"Organization","@id":"https:\/\/universnews224.com\/#organization","name":"UNIVERSNEWS224","url":"https:\/\/universnews224.com\/","logo":{"@type":"ImageObject","inLanguage":"fr-FR","@id":"https:\/\/universnews224.com\/#\/schema\/logo\/image\/","url":"https:\/\/universnews224.com\/wp-content\/uploads\/2022\/08\/cropped-cropped-logoban.jpg","contentUrl":"https:\/\/universnews224.com\/wp-content\/uploads\/2022\/08\/cropped-cropped-logoban.jpg","width":1080,"height":138,"caption":"UNIVERSNEWS224"},"image":{"@id":"https:\/\/universnews224.com\/#\/schema\/logo\/image\/"}},{"@type":"Person","@id":"https:\/\/universnews224.com\/#\/schema\/person\/a4b7d4f94a4716df60456a491260485e","name":"La R\u00e9daction","image":{"@type":"ImageObject","inLanguage":"fr-FR","@id":"https:\/\/universnews224.com\/#\/schema\/person\/image\/","url":"https:\/\/secure.gravatar.com\/avatar\/edb90acc7752b23e1b3307ad36c14f0d?s=96&d=mm&r=g","contentUrl":"https:\/\/secure.gravatar.com\/avatar\/edb90acc7752b23e1b3307ad36c14f0d?s=96&d=mm&r=g","caption":"La R\u00e9daction"},"sameAs":["https:\/\/universnews224.com"],"url":"https:\/\/universnews224.com\/index.php\/author\/m-camara\/"}]}},"_links":{"self":[{"href":"https:\/\/universnews224.com\/index.php\/wp-json\/wp\/v2\/posts\/7714"}],"collection":[{"href":"https:\/\/universnews224.com\/index.php\/wp-json\/wp\/v2\/posts"}],"about":[{"href":"https:\/\/universnews224.com\/index.php\/wp-json\/wp\/v2\/types\/post"}],"author":[{"embeddable":true,"href":"https:\/\/universnews224.com\/index.php\/wp-json\/wp\/v2\/users\/2"}],"replies":[{"embeddable":true,"href":"https:\/\/universnews224.com\/index.php\/wp-json\/wp\/v2\/comments?post=7714"}],"version-history":[{"count":1,"href":"https:\/\/universnews224.com\/index.php\/wp-json\/wp\/v2\/posts\/7714\/revisions"}],"predecessor-version":[{"id":7715,"href":"https:\/\/universnews224.com\/index.php\/wp-json\/wp\/v2\/posts\/7714\/revisions\/7715"}],"wp:featuredmedia":[{"embeddable":true,"href":"https:\/\/universnews224.com\/index.php\/wp-json\/wp\/v2\/media\/7700"}],"wp:attachment":[{"href":"https:\/\/universnews224.com\/index.php\/wp-json\/wp\/v2\/media?parent=7714"}],"wp:term":[{"taxonomy":"category","embeddable":true,"href":"https:\/\/universnews224.com\/index.php\/wp-json\/wp\/v2\/categories?post=7714"},{"taxonomy":"post_tag","embeddable":true,"href":"https:\/\/universnews224.com\/index.php\/wp-json\/wp\/v2\/tags?post=7714"}],"curies":[{"name":"wp","href":"https:\/\/api.w.org\/{rel}","templated":true}]}}