{"id":7719,"date":"2025-03-10T18:19:14","date_gmt":"2025-03-10T17:19:14","guid":{"rendered":"https:\/\/universnews224.com\/?p=7719"},"modified":"2025-03-10T18:19:14","modified_gmt":"2025-03-10T17:19:14","slug":"conakry-un-protocole-daccord-signe-pour-la-mise-en-place-dun-comite-de-concertation-entre-la-douane-et-le-secteur-prive","status":"publish","type":"post","link":"https:\/\/universnews224.com\/index.php\/conakry-un-protocole-daccord-signe-pour-la-mise-en-place-dun-comite-de-concertation-entre-la-douane-et-le-secteur-prive\/","title":{"rendered":"Conakry: un protocole d\u2019accord sign\u00e9 pour la mise en place d&rsquo;un comit\u00e9 de concertation entre la douane et le secteur priv\u00e9."},"content":{"rendered":"<p id=\"docs-internal-guid-516d5a28-7fff-d207-d95d-895bc73eb026\" dir=\"ltr\" style=\"line-height: 1.38;margin-top: 0.0pt;margin-bottom: 0.0pt\"><span style=\"font-size: 11pt;font-family: Arial, sans-serif;color: #000000;background-color: transparent;vertical-align: baseline\">Le Minist\u00e8re du Budget et le Minist\u00e8re du commerce \u00e0 travers la Direction G\u00e9n\u00e9rale des Douanes et le secteur public-priv\u00e9 ont sign\u00e9 ce lundi 10 mars 2025, un protocole d\u2019accord entre la direction g\u00e9n\u00e9rale de la douane et les secteur priv\u00e9 pour la mise en place d&rsquo;un comit\u00e9 de concertation.\u00a0 La c\u00e9r\u00e9monie de signature a \u00e9t\u00e9 pr\u00e9sid\u00e9e par le Ministre du Budget, Dr. Facinet Sylla et le Ministre de l\u2019\u00c9conomie et des Finances M. Mourana Soumah. <a href=\"https:\/\/universnews224.com\/wp-content\/uploads\/2025\/03\/IMG-20250310-WA0010.jpg\"><img loading=\"lazy\" class=\"alignnone size-medium wp-image-7720\" src=\"https:\/\/universnews224.com\/wp-content\/uploads\/2025\/03\/IMG-20250310-WA0010-300x157.jpg\" alt=\"\" width=\"300\" height=\"157\" srcset=\"https:\/\/universnews224.com\/wp-content\/uploads\/2025\/03\/IMG-20250310-WA0010-300x157.jpg 300w, https:\/\/universnews224.com\/wp-content\/uploads\/2025\/03\/IMG-20250310-WA0010-768x402.jpg 768w, https:\/\/universnews224.com\/wp-content\/uploads\/2025\/03\/IMG-20250310-WA0010.jpg 995w\" sizes=\"(max-width: 300px) 100vw, 300px\" \/><\/a><\/span><\/p>\n<p dir=\"ltr\" style=\"line-height: 1.38;margin-top: 0.0pt;margin-bottom: 0.0pt\"><span style=\"font-size: 11pt;font-family: Arial, sans-serif;color: #000000;background-color: transparent;vertical-align: baseline\">Cette d\u00e9cision \u00e9mane de la volont\u00e9 du Gouvernement de la Transition d\u2019all\u00e9ger le d\u00e9douanement et la n\u00e9cessit\u00e9 en vue de faciliter l\u2019approvisionnement des populations.<a href=\"https:\/\/universnews224.com\/wp-content\/uploads\/2025\/03\/IMG-20250310-WA0013.jpg\"><img loading=\"lazy\" class=\"alignnone size-medium wp-image-7721\" src=\"https:\/\/universnews224.com\/wp-content\/uploads\/2025\/03\/IMG-20250310-WA0013-300x169.jpg\" alt=\"\" width=\"300\" height=\"169\" srcset=\"https:\/\/universnews224.com\/wp-content\/uploads\/2025\/03\/IMG-20250310-WA0013-300x169.jpg 300w, https:\/\/universnews224.com\/wp-content\/uploads\/2025\/03\/IMG-20250310-WA0013-1024x576.jpg 1024w, https:\/\/universnews224.com\/wp-content\/uploads\/2025\/03\/IMG-20250310-WA0013-768x432.jpg 768w, https:\/\/universnews224.com\/wp-content\/uploads\/2025\/03\/IMG-20250310-WA0013-800x450.jpg 800w, https:\/\/universnews224.com\/wp-content\/uploads\/2025\/03\/IMG-20250310-WA0013.jpg 1032w\" sizes=\"(max-width: 300px) 100vw, 300px\" \/><\/a><\/span><\/p>\n<p dir=\"ltr\" style=\"line-height: 1.38;margin-top: 0.0pt;margin-bottom: 0.0pt\"><span style=\"font-size: 11pt;font-family: Arial, sans-serif;color: #000000;background-color: transparent;vertical-align: baseline\">Cheick Gadiri Cond\u00e9, directeur g\u00e9n\u00e9ral par int\u00e9rim de la douane. <a href=\"https:\/\/universnews224.com\/wp-content\/uploads\/2025\/03\/IMG-20250310-WA0012.jpg\"><img loading=\"lazy\" class=\"alignnone size-medium wp-image-7722\" src=\"https:\/\/universnews224.com\/wp-content\/uploads\/2025\/03\/IMG-20250310-WA0012-300x176.jpg\" alt=\"\" width=\"300\" height=\"176\" srcset=\"https:\/\/universnews224.com\/wp-content\/uploads\/2025\/03\/IMG-20250310-WA0012-300x176.jpg 300w, https:\/\/universnews224.com\/wp-content\/uploads\/2025\/03\/IMG-20250310-WA0012-768x452.jpg 768w, https:\/\/universnews224.com\/wp-content\/uploads\/2025\/03\/IMG-20250310-WA0012.jpg 988w\" sizes=\"(max-width: 300px) 100vw, 300px\" \/><\/a>\u00ab Nous sommes r\u00e9unis pour la signature d&rsquo;un protocole relatif \u00e0 la mise en place de ce comit\u00e9 \u00e0 la douane au secteur priv\u00e9. Ce comit\u00e9 permettra de faire face aux d\u00e9fis actuels du commerce international et aux difficult\u00e9s de d\u00e9douanement des marchandises en Guin\u00e9e. Ce comit\u00e9 va \u00eatre un cadre de concertation qui offre l&rsquo;occasion non seulement de sensibiliser les op\u00e9rateurs \u00e9conomiques et de prendre en compte leurs pr\u00e9occupations, mais aussi et surtout d&rsquo;envisager des mesures d&rsquo;am\u00e9lioration, d&rsquo;accompagnement de l&rsquo;administration des douanes dans le cadre de la mobilisation des recettes douani\u00e8res. L&rsquo;am\u00e9lioration des recettes qui constitue un d\u00e9fi permanent pour tout \u00e9tat moderne qui se doit de compter prioritairement sur les ressources afin d&rsquo;amorcer un d\u00e9veloppement harmonieux est une pr\u00e9occupation majeure pour tout Guin\u00e9en patriote \u00bb, a-t-il pr\u00e9cis\u00e9 le DG.\u00a0<\/span><\/p>\n<p>&nbsp;<\/p>\n<p dir=\"ltr\" style=\"line-height: 1.38;margin-top: 0.0pt;margin-bottom: 0.0pt\"><span style=\"font-size: 11pt;font-family: Arial, sans-serif;color: #000000;background-color: transparent;vertical-align: baseline\">Pour sa part, le pr\u00e9sident de la Chambre de commerce de Guin\u00e9e,\u00a0 Elhadj Mamadou Bald\u00e9 \u00e0 au nom de sa structure faciliter et encourager l&rsquo;initiative pour la mise en place de ce comit\u00e9.<\/span><\/p>\n<p>&nbsp;<\/p>\n<p dir=\"ltr\" style=\"line-height: 1.38;margin-top: 0.0pt;margin-bottom: 0.0pt\"><span style=\"font-size: 11pt;font-family: Arial, sans-serif;color: #000000;background-color: transparent;vertical-align: baseline\">\u00abLa signature du protocole d&rsquo;accord qui va consacrer le comit\u00e9 de concertation entre la douane et les acteurs \u00e9conomiques repr\u00e9sent\u00e9s \u00e0 cette concertation, notre ambition est de restaurer la confiance entre la direction g\u00e9n\u00e9rale des douanes et le milieu \u00e9conomique, confiance sans laquelle il serait difficile d&rsquo;une part \u00e0 l&rsquo;\u00c9tat de recouvrir les ressources dont il a besoin pour r\u00e9pondre aux nombreuses attentes des Guin\u00e9ens et de l&rsquo;autre \u00e9galement aux entreprises de d\u00e9rouler leurs affaires dans un environnement d&rsquo;\u00e9quit\u00e9 et dans la s\u00e9r\u00e9nit\u00e9\u00bb, a soulign\u00e9 lepr\u00e9sident.<\/span><\/p>\n<p dir=\"ltr\" style=\"line-height: 1.38;margin-top: 0.0pt;margin-bottom: 0.0pt\"><span style=\"font-size: 11pt;font-family: Arial, sans-serif;color: #000000;background-color: transparent;vertical-align: baseline\">Pour sa part,\u00a0 le ministre du Budget M. Facinet Sylla \u00e0 son tour,\u00a0 a invit\u00e9 les uns et les autres autour de la paix et la qui\u00e9tude sociale.<\/span><\/p>\n<p>&nbsp;<\/p>\n<p dir=\"ltr\" style=\"line-height: 1.38;margin-top: 0.0pt;margin-bottom: 0.0pt\"><span style=\"font-size: 11pt;font-family: Arial, sans-serif;color: #000000;background-color: transparent;vertical-align: baseline\">\u00ab Je voudrais vous exprimer mes remerciements au secteur \u00e9conomique pour le r\u00f4le qu&rsquo;il joue dans la vie \u00e9conomique de notre nation. Je note avec une r\u00e9elle satisfaction les bonnes relations de partenariat douane-secteur priv\u00e9 et vous invit\u00e9 \u00e0 rehausser constamment la qualit\u00e9 de vos prestations en vue de mieux r\u00e9pondre aux attentes des usagers \u00bb, a-t-il invit\u00e9 le ministre.\u00a0<\/span><\/p>\n<p>&nbsp;<\/p>\n<p dir=\"ltr\" style=\"line-height: 1.38;margin-top: 0.0pt;margin-bottom: 0.0pt\"><span style=\"font-size: 11pt;font-family: Arial, sans-serif;color: #000000;background-color: transparent;vertical-align: baseline\">Sana Sylla.<\/span><\/p>\n","protected":false},"excerpt":{"rendered":"<p>Le Minist\u00e8re du Budget et le Minist\u00e8re du commerce \u00e0 travers la Direction G\u00e9n\u00e9rale des<\/p>\n","protected":false},"author":2,"featured_media":7723,"comment_status":"closed","ping_status":"open","sticky":false,"template":"","format":"standard","meta":[],"categories":[3,5],"tags":[237],"yoast_head":"<!-- This site is optimized with the Yoast SEO plugin v19.13 - https:\/\/yoast.com\/wordpress\/plugins\/seo\/ -->\n<title>Conakry: un protocole d\u2019accord sign\u00e9 pour la mise en place d&#039;un comit\u00e9 de concertation entre la douane et le secteur priv\u00e9. - UNIVERSNEWS224<\/title>\n<meta name=\"robots\" content=\"index, follow, max-snippet:-1, max-image-preview:large, max-video-preview:-1\" \/>\n<link rel=\"canonical\" href=\"https:\/\/universnews224.com\/index.php\/conakry-un-protocole-daccord-signe-pour-la-mise-en-place-dun-comite-de-concertation-entre-la-douane-et-le-secteur-prive\/\" \/>\n<meta property=\"og:locale\" content=\"fr_FR\" \/>\n<meta property=\"og:type\" content=\"article\" \/>\n<meta property=\"og:title\" content=\"Conakry: un protocole d\u2019accord sign\u00e9 pour la mise en place d&#039;un comit\u00e9 de concertation entre la douane et le secteur priv\u00e9. - UNIVERSNEWS224\" \/>\n<meta property=\"og:description\" content=\"Le Minist\u00e8re du Budget et le Minist\u00e8re du commerce \u00e0 travers la Direction G\u00e9n\u00e9rale des\" \/>\n<meta property=\"og:url\" content=\"https:\/\/universnews224.com\/index.php\/conakry-un-protocole-daccord-signe-pour-la-mise-en-place-dun-comite-de-concertation-entre-la-douane-et-le-secteur-prive\/\" \/>\n<meta property=\"og:site_name\" content=\"UNIVERSNEWS224\" \/>\n<meta property=\"article:published_time\" content=\"2025-03-10T17:19:14+00:00\" \/>\n<meta property=\"og:image\" content=\"https:\/\/universnews224.com\/wp-content\/uploads\/2025\/03\/IMG-20250310-WA0011.jpg\" \/>\n\t<meta property=\"og:image:width\" content=\"1016\" \/>\n\t<meta property=\"og:image:height\" content=\"631\" \/>\n\t<meta property=\"og:image:type\" content=\"image\/jpeg\" \/>\n<meta name=\"author\" content=\"La R\u00e9daction\" \/>\n<meta name=\"twitter:label1\" content=\"\u00c9crit par\" \/>\n\t<meta name=\"twitter:data1\" content=\"La R\u00e9daction\" \/>\n\t<meta name=\"twitter:label2\" content=\"Dur\u00e9e de lecture estim\u00e9e\" \/>\n\t<meta name=\"twitter:data2\" content=\"3 minutes\" \/>\n<script type=\"application\/ld+json\" class=\"yoast-schema-graph\">{\"@context\":\"https:\/\/schema.org\",\"@graph\":[{\"@type\":\"Article\",\"@id\":\"https:\/\/universnews224.com\/index.php\/conakry-un-protocole-daccord-signe-pour-la-mise-en-place-dun-comite-de-concertation-entre-la-douane-et-le-secteur-prive\/#article\",\"isPartOf\":{\"@id\":\"https:\/\/universnews224.com\/index.php\/conakry-un-protocole-daccord-signe-pour-la-mise-en-place-dun-comite-de-concertation-entre-la-douane-et-le-secteur-prive\/\"},\"author\":{\"name\":\"La R\u00e9daction\",\"@id\":\"https:\/\/universnews224.com\/#\/schema\/person\/a4b7d4f94a4716df60456a491260485e\"},\"headline\":\"Conakry: un protocole d\u2019accord sign\u00e9 pour la mise en place d&rsquo;un comit\u00e9 de concertation entre la douane et le secteur priv\u00e9.\",\"datePublished\":\"2025-03-10T17:19:14+00:00\",\"dateModified\":\"2025-03-10T17:19:14+00:00\",\"mainEntityOfPage\":{\"@id\":\"https:\/\/universnews224.com\/index.php\/conakry-un-protocole-daccord-signe-pour-la-mise-en-place-dun-comite-de-concertation-entre-la-douane-et-le-secteur-prive\/\"},\"wordCount\":516,\"publisher\":{\"@id\":\"https:\/\/universnews224.com\/#organization\"},\"keywords\":[\"A la une\"],\"articleSection\":[\"ACTU\",\"SOCI\u00c9T\u00c9\"],\"inLanguage\":\"fr-FR\"},{\"@type\":\"WebPage\",\"@id\":\"https:\/\/universnews224.com\/index.php\/conakry-un-protocole-daccord-signe-pour-la-mise-en-place-dun-comite-de-concertation-entre-la-douane-et-le-secteur-prive\/\",\"url\":\"https:\/\/universnews224.com\/index.php\/conakry-un-protocole-daccord-signe-pour-la-mise-en-place-dun-comite-de-concertation-entre-la-douane-et-le-secteur-prive\/\",\"name\":\"Conakry: un protocole d\u2019accord sign\u00e9 pour la mise en place d'un comit\u00e9 de concertation entre la douane et le secteur priv\u00e9. - UNIVERSNEWS224\",\"isPartOf\":{\"@id\":\"https:\/\/universnews224.com\/#website\"},\"datePublished\":\"2025-03-10T17:19:14+00:00\",\"dateModified\":\"2025-03-10T17:19:14+00:00\",\"inLanguage\":\"fr-FR\",\"potentialAction\":[{\"@type\":\"ReadAction\",\"target\":[\"https:\/\/universnews224.com\/index.php\/conakry-un-protocole-daccord-signe-pour-la-mise-en-place-dun-comite-de-concertation-entre-la-douane-et-le-secteur-prive\/\"]}]},{\"@type\":\"WebSite\",\"@id\":\"https:\/\/universnews224.com\/#website\",\"url\":\"https:\/\/universnews224.com\/\",\"name\":\"UNIVERSNEWS224\",\"description\":\"\",\"publisher\":{\"@id\":\"https:\/\/universnews224.com\/#organization\"},\"potentialAction\":[{\"@type\":\"SearchAction\",\"target\":{\"@type\":\"EntryPoint\",\"urlTemplate\":\"https:\/\/universnews224.com\/?s={search_term_string}\"},\"query-input\":\"required name=search_term_string\"}],\"inLanguage\":\"fr-FR\"},{\"@type\":\"Organization\",\"@id\":\"https:\/\/universnews224.com\/#organization\",\"name\":\"UNIVERSNEWS224\",\"url\":\"https:\/\/universnews224.com\/\",\"logo\":{\"@type\":\"ImageObject\",\"inLanguage\":\"fr-FR\",\"@id\":\"https:\/\/universnews224.com\/#\/schema\/logo\/image\/\",\"url\":\"https:\/\/universnews224.com\/wp-content\/uploads\/2022\/08\/cropped-cropped-logoban.jpg\",\"contentUrl\":\"https:\/\/universnews224.com\/wp-content\/uploads\/2022\/08\/cropped-cropped-logoban.jpg\",\"width\":1080,\"height\":138,\"caption\":\"UNIVERSNEWS224\"},\"image\":{\"@id\":\"https:\/\/universnews224.com\/#\/schema\/logo\/image\/\"}},{\"@type\":\"Person\",\"@id\":\"https:\/\/universnews224.com\/#\/schema\/person\/a4b7d4f94a4716df60456a491260485e\",\"name\":\"La R\u00e9daction\",\"image\":{\"@type\":\"ImageObject\",\"inLanguage\":\"fr-FR\",\"@id\":\"https:\/\/universnews224.com\/#\/schema\/person\/image\/\",\"url\":\"https:\/\/secure.gravatar.com\/avatar\/edb90acc7752b23e1b3307ad36c14f0d?s=96&d=mm&r=g\",\"contentUrl\":\"https:\/\/secure.gravatar.com\/avatar\/edb90acc7752b23e1b3307ad36c14f0d?s=96&d=mm&r=g\",\"caption\":\"La R\u00e9daction\"},\"sameAs\":[\"https:\/\/universnews224.com\"],\"url\":\"https:\/\/universnews224.com\/index.php\/author\/m-camara\/\"}]}<\/script>\n<!-- \/ Yoast SEO plugin. -->","yoast_head_json":{"title":"Conakry: un protocole d\u2019accord sign\u00e9 pour la mise en place d'un comit\u00e9 de concertation entre la douane et le secteur priv\u00e9. - UNIVERSNEWS224","robots":{"index":"index","follow":"follow","max-snippet":"max-snippet:-1","max-image-preview":"max-image-preview:large","max-video-preview":"max-video-preview:-1"},"canonical":"https:\/\/universnews224.com\/index.php\/conakry-un-protocole-daccord-signe-pour-la-mise-en-place-dun-comite-de-concertation-entre-la-douane-et-le-secteur-prive\/","og_locale":"fr_FR","og_type":"article","og_title":"Conakry: un protocole d\u2019accord sign\u00e9 pour la mise en place d'un comit\u00e9 de concertation entre la douane et le secteur priv\u00e9. - UNIVERSNEWS224","og_description":"Le Minist\u00e8re du Budget et le Minist\u00e8re du commerce \u00e0 travers la Direction G\u00e9n\u00e9rale des","og_url":"https:\/\/universnews224.com\/index.php\/conakry-un-protocole-daccord-signe-pour-la-mise-en-place-dun-comite-de-concertation-entre-la-douane-et-le-secteur-prive\/","og_site_name":"UNIVERSNEWS224","article_published_time":"2025-03-10T17:19:14+00:00","og_image":[{"width":1016,"height":631,"url":"https:\/\/universnews224.com\/wp-content\/uploads\/2025\/03\/IMG-20250310-WA0011.jpg","type":"image\/jpeg"}],"author":"La R\u00e9daction","twitter_misc":{"\u00c9crit par":"La R\u00e9daction","Dur\u00e9e de lecture estim\u00e9e":"3 minutes"},"schema":{"@context":"https:\/\/schema.org","@graph":[{"@type":"Article","@id":"https:\/\/universnews224.com\/index.php\/conakry-un-protocole-daccord-signe-pour-la-mise-en-place-dun-comite-de-concertation-entre-la-douane-et-le-secteur-prive\/#article","isPartOf":{"@id":"https:\/\/universnews224.com\/index.php\/conakry-un-protocole-daccord-signe-pour-la-mise-en-place-dun-comite-de-concertation-entre-la-douane-et-le-secteur-prive\/"},"author":{"name":"La R\u00e9daction","@id":"https:\/\/universnews224.com\/#\/schema\/person\/a4b7d4f94a4716df60456a491260485e"},"headline":"Conakry: un protocole d\u2019accord sign\u00e9 pour la mise en place d&rsquo;un comit\u00e9 de concertation entre la douane et le secteur priv\u00e9.","datePublished":"2025-03-10T17:19:14+00:00","dateModified":"2025-03-10T17:19:14+00:00","mainEntityOfPage":{"@id":"https:\/\/universnews224.com\/index.php\/conakry-un-protocole-daccord-signe-pour-la-mise-en-place-dun-comite-de-concertation-entre-la-douane-et-le-secteur-prive\/"},"wordCount":516,"publisher":{"@id":"https:\/\/universnews224.com\/#organization"},"keywords":["A la une"],"articleSection":["ACTU","SOCI\u00c9T\u00c9"],"inLanguage":"fr-FR"},{"@type":"WebPage","@id":"https:\/\/universnews224.com\/index.php\/conakry-un-protocole-daccord-signe-pour-la-mise-en-place-dun-comite-de-concertation-entre-la-douane-et-le-secteur-prive\/","url":"https:\/\/universnews224.com\/index.php\/conakry-un-protocole-daccord-signe-pour-la-mise-en-place-dun-comite-de-concertation-entre-la-douane-et-le-secteur-prive\/","name":"Conakry: un protocole d\u2019accord sign\u00e9 pour la mise en place d'un comit\u00e9 de concertation entre la douane et le secteur priv\u00e9. - UNIVERSNEWS224","isPartOf":{"@id":"https:\/\/universnews224.com\/#website"},"datePublished":"2025-03-10T17:19:14+00:00","dateModified":"2025-03-10T17:19:14+00:00","inLanguage":"fr-FR","potentialAction":[{"@type":"ReadAction","target":["https:\/\/universnews224.com\/index.php\/conakry-un-protocole-daccord-signe-pour-la-mise-en-place-dun-comite-de-concertation-entre-la-douane-et-le-secteur-prive\/"]}]},{"@type":"WebSite","@id":"https:\/\/universnews224.com\/#website","url":"https:\/\/universnews224.com\/","name":"UNIVERSNEWS224","description":"","publisher":{"@id":"https:\/\/universnews224.com\/#organization"},"potentialAction":[{"@type":"SearchAction","target":{"@type":"EntryPoint","urlTemplate":"https:\/\/universnews224.com\/?s={search_term_string}"},"query-input":"required name=search_term_string"}],"inLanguage":"fr-FR"},{"@type":"Organization","@id":"https:\/\/universnews224.com\/#organization","name":"UNIVERSNEWS224","url":"https:\/\/universnews224.com\/","logo":{"@type":"ImageObject","inLanguage":"fr-FR","@id":"https:\/\/universnews224.com\/#\/schema\/logo\/image\/","url":"https:\/\/universnews224.com\/wp-content\/uploads\/2022\/08\/cropped-cropped-logoban.jpg","contentUrl":"https:\/\/universnews224.com\/wp-content\/uploads\/2022\/08\/cropped-cropped-logoban.jpg","width":1080,"height":138,"caption":"UNIVERSNEWS224"},"image":{"@id":"https:\/\/universnews224.com\/#\/schema\/logo\/image\/"}},{"@type":"Person","@id":"https:\/\/universnews224.com\/#\/schema\/person\/a4b7d4f94a4716df60456a491260485e","name":"La R\u00e9daction","image":{"@type":"ImageObject","inLanguage":"fr-FR","@id":"https:\/\/universnews224.com\/#\/schema\/person\/image\/","url":"https:\/\/secure.gravatar.com\/avatar\/edb90acc7752b23e1b3307ad36c14f0d?s=96&d=mm&r=g","contentUrl":"https:\/\/secure.gravatar.com\/avatar\/edb90acc7752b23e1b3307ad36c14f0d?s=96&d=mm&r=g","caption":"La R\u00e9daction"},"sameAs":["https:\/\/universnews224.com"],"url":"https:\/\/universnews224.com\/index.php\/author\/m-camara\/"}]}},"_links":{"self":[{"href":"https:\/\/universnews224.com\/index.php\/wp-json\/wp\/v2\/posts\/7719"}],"collection":[{"href":"https:\/\/universnews224.com\/index.php\/wp-json\/wp\/v2\/posts"}],"about":[{"href":"https:\/\/universnews224.com\/index.php\/wp-json\/wp\/v2\/types\/post"}],"author":[{"embeddable":true,"href":"https:\/\/universnews224.com\/index.php\/wp-json\/wp\/v2\/users\/2"}],"replies":[{"embeddable":true,"href":"https:\/\/universnews224.com\/index.php\/wp-json\/wp\/v2\/comments?post=7719"}],"version-history":[{"count":1,"href":"https:\/\/universnews224.com\/index.php\/wp-json\/wp\/v2\/posts\/7719\/revisions"}],"predecessor-version":[{"id":7724,"href":"https:\/\/universnews224.com\/index.php\/wp-json\/wp\/v2\/posts\/7719\/revisions\/7724"}],"wp:featuredmedia":[{"embeddable":true,"href":"https:\/\/universnews224.com\/index.php\/wp-json\/wp\/v2\/media\/7723"}],"wp:attachment":[{"href":"https:\/\/universnews224.com\/index.php\/wp-json\/wp\/v2\/media?parent=7719"}],"wp:term":[{"taxonomy":"category","embeddable":true,"href":"https:\/\/universnews224.com\/index.php\/wp-json\/wp\/v2\/categories?post=7719"},{"taxonomy":"post_tag","embeddable":true,"href":"https:\/\/universnews224.com\/index.php\/wp-json\/wp\/v2\/tags?post=7719"}],"curies":[{"name":"wp","href":"https:\/\/api.w.org\/{rel}","templated":true}]}}