{"id":7743,"date":"2025-03-13T22:39:41","date_gmt":"2025-03-13T21:39:41","guid":{"rendered":"https:\/\/universnews224.com\/?p=7743"},"modified":"2025-03-13T22:39:41","modified_gmt":"2025-03-13T21:39:41","slug":"conakry-signature-de-la-convention-tripartite-de-promotion-de-la-propriete-industrielle-en-faveur-du-secteur-prive","status":"publish","type":"post","link":"https:\/\/universnews224.com\/index.php\/conakry-signature-de-la-convention-tripartite-de-promotion-de-la-propriete-industrielle-en-faveur-du-secteur-prive\/","title":{"rendered":"Conakry : signature de la convention tripartite de promotion de la propri\u00e9t\u00e9 industrielle en faveur du secteur priv\u00e9\u00a0"},"content":{"rendered":"<p>Le Minist\u00e8re du Commerce de l\u2019Industrie et des PME\u00a0 et\u00a0 la chambre de commerce de l&rsquo;industrie et d&rsquo;artisanat de Guin\u00e9e ont\u00a0 proc\u00e9d\u00e9 ce jeudi 13 mars 2025 \u00e0 la signature de la convention tripartite de promotion de la propri\u00e9t\u00e9 industrielle en pr\u00e9sence de Madame la Ministre Dr Diaka Sidib\u00e9.<\/p>\n<p>Dans son discours, le pr\u00e9sident du chambre de commerce de Guin\u00e9e, Elhadj Mamadou Bald\u00e9 revient sur les avantages de la signature de cette convention.<a href=\"https:\/\/universnews224.com\/wp-content\/uploads\/2025\/03\/IMG-20250313-WA0030.jpg\"><img loading=\"lazy\" class=\"alignnone size-medium wp-image-7744\" src=\"https:\/\/universnews224.com\/wp-content\/uploads\/2025\/03\/IMG-20250313-WA0030-300x172.jpg\" alt=\"\" width=\"300\" height=\"172\" srcset=\"https:\/\/universnews224.com\/wp-content\/uploads\/2025\/03\/IMG-20250313-WA0030-300x172.jpg 300w, https:\/\/universnews224.com\/wp-content\/uploads\/2025\/03\/IMG-20250313-WA0030-768x439.jpg 768w, https:\/\/universnews224.com\/wp-content\/uploads\/2025\/03\/IMG-20250313-WA0030.jpg 1012w\" sizes=\"(max-width: 300px) 100vw, 300px\" \/><\/a><\/p>\n<p>\u00ab Des avantages et des m\u00e9canismes de la propri\u00e9t\u00e9 intellectuelle que je viens de souligner constitue l&rsquo;une des faiblesses de l&rsquo;\u00e9cosyst\u00e8me des PME dans notre pays. Cette convention va permettre d&rsquo;informer et de sensibiliser les op\u00e9rateurs \u00e9conomiques sur l&rsquo;importance de la compr\u00e9hension, de l&rsquo;appropriation et de l&rsquo;int\u00e9gration de la propri\u00e9t\u00e9 intellectuelle dans le processus de d\u00e9veloppement de leurs activit\u00e9s et de cr\u00e9ation de la richesse nationale, au plan \u00e9conomique, culturel et social. Elle va \u00e9galement permettre de renforcer l&rsquo;efficacit\u00e9 des actions de promotion et d&rsquo;accompagnement denos op\u00e9rateurs \u00e9conomiques par respectives d&rsquo;une part et nos institutions pr\u00e9parer notre secteur priv\u00e9 \u00e0 mieux tirer profit des avantages de la Zone de libre-\u00e9change continentale africaine (Zl\u00e9caf) d&rsquo;autre part. Je suis convaincU que les campagnes d&rsquo;information et de sensibilis ation des op\u00e9rate urs \u00e9conomiques pr\u00e9vues \u00e0 la suite de cette signature vont contribuer \u00e0 sceller une \u00e9tape d\u00e9terminante dans le processus d&rsquo;int\u00e9gration de la propri\u00e9t\u00e9 intellectuelle dans la vie \u00e9conomique de notre pays \u00bb, a-t-il pr\u00e9cis\u00e9 le pr\u00e9sident du chambre.<\/p>\n<p>De son c\u00f4t\u00e9, le directeur de l&rsquo;acad\u00e9mie industrielle aupr\u00e8s de OAPI M. Mahamadi Tassembedo dira que tout pays a besoin de nos jours d&rsquo;un syst\u00e8me de propri\u00e9t\u00e9 intellectuelle harmonieuse, solide et bien appliqu\u00e9e.<\/p>\n<p>\u00ab De par les avantages qui lui sont reconnus, la propri\u00e9t\u00e9 intellectuelle cr\u00e9e non seulement les conditions d&rsquo;\u00e9panouissement des talents cr\u00e9atifs nationaux, mais \u00e9galement les conditions d&rsquo;instauration d&rsquo;un climat d&rsquo;affaire propice, favorable et tr\u00e8s attrayant aux investissements directs \u00e9trangers et au transfert technologique et partant \u00e0 laccroissenment de la comp\u00e9titivit\u00e9 du secteur priv\u00e9 national \u00bb, a-t-il indiqu\u00e9 M. Mahamadi.<\/p>\n<p>Pour sa part, la ministre du Commerce de l\u2019Industrie et des PME Dr Diaka Sidib\u00e9 a tout d&rsquo;abord d\u00e9plor\u00e9 l&rsquo;incident qui vient de se produire au grand march\u00e9 de Madina. Par\u00a0 la m\u00eame occasion apporter \u00e9galement tout son soutien et celui du minist\u00e8re aux op\u00e9rateurs \u00e9conomiques victimes et r\u00e9it\u00e8re l&rsquo;engagement de tout le gouvernement de leur soutenir dans cette dure \u00e9preuve. <a href=\"https:\/\/universnews224.com\/wp-content\/uploads\/2025\/03\/IMG-20250313-WA0029.jpg\"><img loading=\"lazy\" class=\"alignnone size-medium wp-image-7745\" src=\"https:\/\/universnews224.com\/wp-content\/uploads\/2025\/03\/IMG-20250313-WA0029-300x155.jpg\" alt=\"\" width=\"300\" height=\"155\" srcset=\"https:\/\/universnews224.com\/wp-content\/uploads\/2025\/03\/IMG-20250313-WA0029-300x155.jpg 300w, https:\/\/universnews224.com\/wp-content\/uploads\/2025\/03\/IMG-20250313-WA0029-768x397.jpg 768w, https:\/\/universnews224.com\/wp-content\/uploads\/2025\/03\/IMG-20250313-WA0029.jpg 939w\" sizes=\"(max-width: 300px) 100vw, 300px\" \/><\/a><\/p>\n<p>\u00ab Cette convention marque une \u00e9tape d\u00e9cisive d&rsquo;un autre engagement commun \u00e0 renforcer le cadre juridique et institutionnel qui r\u00e9git le d\u00e9veloppement \u00e9conomique de notre pays. Elle illustre la volont\u00e9 de nos institutions de conjuguer leurs efforts pour cr\u00e9er un environnement propice \u00e0 l&rsquo;\u00e9panouissement des entreprises guin\u00e9ennes, en garantissant un cadre plus s\u00e9curis\u00e9 pour l&rsquo;investissement et l&rsquo;innovation. Dans cette optique, la propri\u00e9t\u00e9 intellectuelle occupe une place centrale en assurant la protection et la mise en valeur des cr\u00e9ations nationales\u00bb, a d\u00e9clar\u00e9 Mme la ministre.<\/p>\n<p>Sana Sylla.<\/p>\n","protected":false},"excerpt":{"rendered":"<p>Le Minist\u00e8re du Commerce de l\u2019Industrie et des PME\u00a0 et\u00a0 la chambre de commerce de<\/p>\n","protected":false},"author":2,"featured_media":7745,"comment_status":"closed","ping_status":"open","sticky":false,"template":"","format":"standard","meta":[],"categories":[3,5],"tags":[229],"yoast_head":"<!-- This site is optimized with the Yoast SEO plugin v19.13 - https:\/\/yoast.com\/wordpress\/plugins\/seo\/ -->\n<title>Conakry : signature de la convention tripartite de promotion de la propri\u00e9t\u00e9 industrielle en faveur du secteur priv\u00e9\u00a0 - UNIVERSNEWS224<\/title>\n<meta name=\"robots\" content=\"index, follow, max-snippet:-1, max-image-preview:large, max-video-preview:-1\" \/>\n<link rel=\"canonical\" href=\"https:\/\/universnews224.com\/index.php\/conakry-signature-de-la-convention-tripartite-de-promotion-de-la-propriete-industrielle-en-faveur-du-secteur-prive\/\" \/>\n<meta property=\"og:locale\" content=\"fr_FR\" \/>\n<meta property=\"og:type\" content=\"article\" \/>\n<meta property=\"og:title\" content=\"Conakry : signature de la convention tripartite de promotion de la propri\u00e9t\u00e9 industrielle en faveur du secteur priv\u00e9\u00a0 - UNIVERSNEWS224\" \/>\n<meta property=\"og:description\" content=\"Le Minist\u00e8re du Commerce de l\u2019Industrie et des PME\u00a0 et\u00a0 la chambre de commerce de\" \/>\n<meta property=\"og:url\" content=\"https:\/\/universnews224.com\/index.php\/conakry-signature-de-la-convention-tripartite-de-promotion-de-la-propriete-industrielle-en-faveur-du-secteur-prive\/\" \/>\n<meta property=\"og:site_name\" content=\"UNIVERSNEWS224\" \/>\n<meta property=\"article:published_time\" content=\"2025-03-13T21:39:41+00:00\" \/>\n<meta property=\"og:image\" content=\"https:\/\/universnews224.com\/wp-content\/uploads\/2025\/03\/IMG-20250313-WA0029.jpg\" \/>\n\t<meta property=\"og:image:width\" content=\"939\" \/>\n\t<meta property=\"og:image:height\" content=\"486\" \/>\n\t<meta property=\"og:image:type\" content=\"image\/jpeg\" \/>\n<meta name=\"author\" content=\"La R\u00e9daction\" \/>\n<meta name=\"twitter:label1\" content=\"\u00c9crit par\" \/>\n\t<meta name=\"twitter:data1\" content=\"La R\u00e9daction\" \/>\n\t<meta name=\"twitter:label2\" content=\"Dur\u00e9e de lecture estim\u00e9e\" \/>\n\t<meta name=\"twitter:data2\" content=\"3 minutes\" \/>\n<script type=\"application\/ld+json\" class=\"yoast-schema-graph\">{\"@context\":\"https:\/\/schema.org\",\"@graph\":[{\"@type\":\"Article\",\"@id\":\"https:\/\/universnews224.com\/index.php\/conakry-signature-de-la-convention-tripartite-de-promotion-de-la-propriete-industrielle-en-faveur-du-secteur-prive\/#article\",\"isPartOf\":{\"@id\":\"https:\/\/universnews224.com\/index.php\/conakry-signature-de-la-convention-tripartite-de-promotion-de-la-propriete-industrielle-en-faveur-du-secteur-prive\/\"},\"author\":{\"name\":\"La R\u00e9daction\",\"@id\":\"https:\/\/universnews224.com\/#\/schema\/person\/a4b7d4f94a4716df60456a491260485e\"},\"headline\":\"Conakry : signature de la convention tripartite de promotion de la propri\u00e9t\u00e9 industrielle en faveur du secteur priv\u00e9\u00a0\",\"datePublished\":\"2025-03-13T21:39:41+00:00\",\"dateModified\":\"2025-03-13T21:39:41+00:00\",\"mainEntityOfPage\":{\"@id\":\"https:\/\/universnews224.com\/index.php\/conakry-signature-de-la-convention-tripartite-de-promotion-de-la-propriete-industrielle-en-faveur-du-secteur-prive\/\"},\"wordCount\":541,\"publisher\":{\"@id\":\"https:\/\/universnews224.com\/#organization\"},\"keywords\":[\"La une\"],\"articleSection\":[\"ACTU\",\"SOCI\u00c9T\u00c9\"],\"inLanguage\":\"fr-FR\"},{\"@type\":\"WebPage\",\"@id\":\"https:\/\/universnews224.com\/index.php\/conakry-signature-de-la-convention-tripartite-de-promotion-de-la-propriete-industrielle-en-faveur-du-secteur-prive\/\",\"url\":\"https:\/\/universnews224.com\/index.php\/conakry-signature-de-la-convention-tripartite-de-promotion-de-la-propriete-industrielle-en-faveur-du-secteur-prive\/\",\"name\":\"Conakry : signature de la convention tripartite de promotion de la propri\u00e9t\u00e9 industrielle en faveur du secteur priv\u00e9\u00a0 - UNIVERSNEWS224\",\"isPartOf\":{\"@id\":\"https:\/\/universnews224.com\/#website\"},\"datePublished\":\"2025-03-13T21:39:41+00:00\",\"dateModified\":\"2025-03-13T21:39:41+00:00\",\"inLanguage\":\"fr-FR\",\"potentialAction\":[{\"@type\":\"ReadAction\",\"target\":[\"https:\/\/universnews224.com\/index.php\/conakry-signature-de-la-convention-tripartite-de-promotion-de-la-propriete-industrielle-en-faveur-du-secteur-prive\/\"]}]},{\"@type\":\"WebSite\",\"@id\":\"https:\/\/universnews224.com\/#website\",\"url\":\"https:\/\/universnews224.com\/\",\"name\":\"UNIVERSNEWS224\",\"description\":\"\",\"publisher\":{\"@id\":\"https:\/\/universnews224.com\/#organization\"},\"potentialAction\":[{\"@type\":\"SearchAction\",\"target\":{\"@type\":\"EntryPoint\",\"urlTemplate\":\"https:\/\/universnews224.com\/?s={search_term_string}\"},\"query-input\":\"required name=search_term_string\"}],\"inLanguage\":\"fr-FR\"},{\"@type\":\"Organization\",\"@id\":\"https:\/\/universnews224.com\/#organization\",\"name\":\"UNIVERSNEWS224\",\"url\":\"https:\/\/universnews224.com\/\",\"logo\":{\"@type\":\"ImageObject\",\"inLanguage\":\"fr-FR\",\"@id\":\"https:\/\/universnews224.com\/#\/schema\/logo\/image\/\",\"url\":\"https:\/\/universnews224.com\/wp-content\/uploads\/2022\/08\/cropped-cropped-logoban.jpg\",\"contentUrl\":\"https:\/\/universnews224.com\/wp-content\/uploads\/2022\/08\/cropped-cropped-logoban.jpg\",\"width\":1080,\"height\":138,\"caption\":\"UNIVERSNEWS224\"},\"image\":{\"@id\":\"https:\/\/universnews224.com\/#\/schema\/logo\/image\/\"}},{\"@type\":\"Person\",\"@id\":\"https:\/\/universnews224.com\/#\/schema\/person\/a4b7d4f94a4716df60456a491260485e\",\"name\":\"La R\u00e9daction\",\"image\":{\"@type\":\"ImageObject\",\"inLanguage\":\"fr-FR\",\"@id\":\"https:\/\/universnews224.com\/#\/schema\/person\/image\/\",\"url\":\"https:\/\/secure.gravatar.com\/avatar\/edb90acc7752b23e1b3307ad36c14f0d?s=96&d=mm&r=g\",\"contentUrl\":\"https:\/\/secure.gravatar.com\/avatar\/edb90acc7752b23e1b3307ad36c14f0d?s=96&d=mm&r=g\",\"caption\":\"La R\u00e9daction\"},\"sameAs\":[\"https:\/\/universnews224.com\"],\"url\":\"https:\/\/universnews224.com\/index.php\/author\/m-camara\/\"}]}<\/script>\n<!-- \/ Yoast SEO plugin. -->","yoast_head_json":{"title":"Conakry : signature de la convention tripartite de promotion de la propri\u00e9t\u00e9 industrielle en faveur du secteur priv\u00e9\u00a0 - UNIVERSNEWS224","robots":{"index":"index","follow":"follow","max-snippet":"max-snippet:-1","max-image-preview":"max-image-preview:large","max-video-preview":"max-video-preview:-1"},"canonical":"https:\/\/universnews224.com\/index.php\/conakry-signature-de-la-convention-tripartite-de-promotion-de-la-propriete-industrielle-en-faveur-du-secteur-prive\/","og_locale":"fr_FR","og_type":"article","og_title":"Conakry : signature de la convention tripartite de promotion de la propri\u00e9t\u00e9 industrielle en faveur du secteur priv\u00e9\u00a0 - UNIVERSNEWS224","og_description":"Le Minist\u00e8re du Commerce de l\u2019Industrie et des PME\u00a0 et\u00a0 la chambre de commerce de","og_url":"https:\/\/universnews224.com\/index.php\/conakry-signature-de-la-convention-tripartite-de-promotion-de-la-propriete-industrielle-en-faveur-du-secteur-prive\/","og_site_name":"UNIVERSNEWS224","article_published_time":"2025-03-13T21:39:41+00:00","og_image":[{"width":939,"height":486,"url":"https:\/\/universnews224.com\/wp-content\/uploads\/2025\/03\/IMG-20250313-WA0029.jpg","type":"image\/jpeg"}],"author":"La R\u00e9daction","twitter_misc":{"\u00c9crit par":"La R\u00e9daction","Dur\u00e9e de lecture estim\u00e9e":"3 minutes"},"schema":{"@context":"https:\/\/schema.org","@graph":[{"@type":"Article","@id":"https:\/\/universnews224.com\/index.php\/conakry-signature-de-la-convention-tripartite-de-promotion-de-la-propriete-industrielle-en-faveur-du-secteur-prive\/#article","isPartOf":{"@id":"https:\/\/universnews224.com\/index.php\/conakry-signature-de-la-convention-tripartite-de-promotion-de-la-propriete-industrielle-en-faveur-du-secteur-prive\/"},"author":{"name":"La R\u00e9daction","@id":"https:\/\/universnews224.com\/#\/schema\/person\/a4b7d4f94a4716df60456a491260485e"},"headline":"Conakry : signature de la convention tripartite de promotion de la propri\u00e9t\u00e9 industrielle en faveur du secteur priv\u00e9\u00a0","datePublished":"2025-03-13T21:39:41+00:00","dateModified":"2025-03-13T21:39:41+00:00","mainEntityOfPage":{"@id":"https:\/\/universnews224.com\/index.php\/conakry-signature-de-la-convention-tripartite-de-promotion-de-la-propriete-industrielle-en-faveur-du-secteur-prive\/"},"wordCount":541,"publisher":{"@id":"https:\/\/universnews224.com\/#organization"},"keywords":["La une"],"articleSection":["ACTU","SOCI\u00c9T\u00c9"],"inLanguage":"fr-FR"},{"@type":"WebPage","@id":"https:\/\/universnews224.com\/index.php\/conakry-signature-de-la-convention-tripartite-de-promotion-de-la-propriete-industrielle-en-faveur-du-secteur-prive\/","url":"https:\/\/universnews224.com\/index.php\/conakry-signature-de-la-convention-tripartite-de-promotion-de-la-propriete-industrielle-en-faveur-du-secteur-prive\/","name":"Conakry : signature de la convention tripartite de promotion de la propri\u00e9t\u00e9 industrielle en faveur du secteur priv\u00e9\u00a0 - UNIVERSNEWS224","isPartOf":{"@id":"https:\/\/universnews224.com\/#website"},"datePublished":"2025-03-13T21:39:41+00:00","dateModified":"2025-03-13T21:39:41+00:00","inLanguage":"fr-FR","potentialAction":[{"@type":"ReadAction","target":["https:\/\/universnews224.com\/index.php\/conakry-signature-de-la-convention-tripartite-de-promotion-de-la-propriete-industrielle-en-faveur-du-secteur-prive\/"]}]},{"@type":"WebSite","@id":"https:\/\/universnews224.com\/#website","url":"https:\/\/universnews224.com\/","name":"UNIVERSNEWS224","description":"","publisher":{"@id":"https:\/\/universnews224.com\/#organization"},"potentialAction":[{"@type":"SearchAction","target":{"@type":"EntryPoint","urlTemplate":"https:\/\/universnews224.com\/?s={search_term_string}"},"query-input":"required name=search_term_string"}],"inLanguage":"fr-FR"},{"@type":"Organization","@id":"https:\/\/universnews224.com\/#organization","name":"UNIVERSNEWS224","url":"https:\/\/universnews224.com\/","logo":{"@type":"ImageObject","inLanguage":"fr-FR","@id":"https:\/\/universnews224.com\/#\/schema\/logo\/image\/","url":"https:\/\/universnews224.com\/wp-content\/uploads\/2022\/08\/cropped-cropped-logoban.jpg","contentUrl":"https:\/\/universnews224.com\/wp-content\/uploads\/2022\/08\/cropped-cropped-logoban.jpg","width":1080,"height":138,"caption":"UNIVERSNEWS224"},"image":{"@id":"https:\/\/universnews224.com\/#\/schema\/logo\/image\/"}},{"@type":"Person","@id":"https:\/\/universnews224.com\/#\/schema\/person\/a4b7d4f94a4716df60456a491260485e","name":"La R\u00e9daction","image":{"@type":"ImageObject","inLanguage":"fr-FR","@id":"https:\/\/universnews224.com\/#\/schema\/person\/image\/","url":"https:\/\/secure.gravatar.com\/avatar\/edb90acc7752b23e1b3307ad36c14f0d?s=96&d=mm&r=g","contentUrl":"https:\/\/secure.gravatar.com\/avatar\/edb90acc7752b23e1b3307ad36c14f0d?s=96&d=mm&r=g","caption":"La R\u00e9daction"},"sameAs":["https:\/\/universnews224.com"],"url":"https:\/\/universnews224.com\/index.php\/author\/m-camara\/"}]}},"_links":{"self":[{"href":"https:\/\/universnews224.com\/index.php\/wp-json\/wp\/v2\/posts\/7743"}],"collection":[{"href":"https:\/\/universnews224.com\/index.php\/wp-json\/wp\/v2\/posts"}],"about":[{"href":"https:\/\/universnews224.com\/index.php\/wp-json\/wp\/v2\/types\/post"}],"author":[{"embeddable":true,"href":"https:\/\/universnews224.com\/index.php\/wp-json\/wp\/v2\/users\/2"}],"replies":[{"embeddable":true,"href":"https:\/\/universnews224.com\/index.php\/wp-json\/wp\/v2\/comments?post=7743"}],"version-history":[{"count":1,"href":"https:\/\/universnews224.com\/index.php\/wp-json\/wp\/v2\/posts\/7743\/revisions"}],"predecessor-version":[{"id":7746,"href":"https:\/\/universnews224.com\/index.php\/wp-json\/wp\/v2\/posts\/7743\/revisions\/7746"}],"wp:featuredmedia":[{"embeddable":true,"href":"https:\/\/universnews224.com\/index.php\/wp-json\/wp\/v2\/media\/7745"}],"wp:attachment":[{"href":"https:\/\/universnews224.com\/index.php\/wp-json\/wp\/v2\/media?parent=7743"}],"wp:term":[{"taxonomy":"category","embeddable":true,"href":"https:\/\/universnews224.com\/index.php\/wp-json\/wp\/v2\/categories?post=7743"},{"taxonomy":"post_tag","embeddable":true,"href":"https:\/\/universnews224.com\/index.php\/wp-json\/wp\/v2\/tags?post=7743"}],"curies":[{"name":"wp","href":"https:\/\/api.w.org\/{rel}","templated":true}]}}