{"id":7761,"date":"2025-03-17T14:01:03","date_gmt":"2025-03-17T13:01:03","guid":{"rendered":"https:\/\/universnews224.com\/?p=7761"},"modified":"2025-03-17T14:01:03","modified_gmt":"2025-03-17T13:01:03","slug":"bourse-du-travail-la-cntg-enterine-lexclusion-de-saliou-camara-et-annonce-des-poursuites","status":"publish","type":"post","link":"https:\/\/universnews224.com\/index.php\/bourse-du-travail-la-cntg-enterine-lexclusion-de-saliou-camara-et-annonce-des-poursuites\/","title":{"rendered":"Bourse du travail: la CNTG ent\u00e9rine l\u2019exclusion de Saliou Camara et annonce des poursuites\u00a0"},"content":{"rendered":"<p dir=\"ltr\" style=\"line-height: 1.38;margin-top: 0.0pt;margin-bottom: 0.0pt\"><span style=\"font-size: 11pt;font-family: Arial, sans-serif;color: #000000;background-color: transparent;vertical-align: baseline\">Pr\u00e8s d&rsquo;une semaine apr\u00e8s l\u2019exclusion de Saliou Camara, secr\u00e9taire g\u00e9n\u00e9ral de la FSPE de toutes les instances de la Conf\u00e9d\u00e9ration g\u00e9n\u00e9rale des travailleurs de Guin\u00e9e, les responsables de ladite organisation ont organis\u00e9 ce lundi, 17 mars 2025, \u00e0 la bourse du travail, un point de presse. Un point de presse au cours duquel, les dirigeants de la CNTG sont largement revenus sur les raisons de l\u2019exclusion de Saliou Camara.<\/span><\/p>\n<p dir=\"ltr\" style=\"line-height: 1.38;margin-top: 0.0pt;margin-bottom: 0.0pt\"><span style=\"font-size: 11pt;font-family: Arial, sans-serif;color: #000000;background-color: transparent;vertical-align: baseline\">\u00a0\u00a0\u00a0<\/span><\/p>\n<p dir=\"ltr\" style=\"line-height: 1.38;margin-top: 0.0pt;margin-bottom: 0.0pt\"><span style=\"font-size: 11pt;font-family: Arial, sans-serif;color: #000000;background-color: transparent;vertical-align: baseline\"> Ci-dessous, la d\u00e9claration.<\/span><\/p>\n<p dir=\"ltr\" style=\"line-height: 1.38;margin-top: 0.0pt;margin-bottom: 0.0pt\"><span style=\"font-size: 11pt;font-family: Arial, sans-serif;color: #000000;background-color: transparent;vertical-align: baseline\">\u00a0\u00a0\u00a0\u00a0\u00a0\u00a0\u00a0\u00a0\u00a0\u00a0\u00a0\u00a0\u00a0\u00a0\u00a0\u00a0\u00a0\u00a0\u00a0\u00a0<\/span><\/p>\n<p dir=\"ltr\" style=\"line-height: 1.38;margin-top: 0.0pt;margin-bottom: 0.0pt\"><span style=\"font-size: 11pt;font-family: Arial, sans-serif;color: #000000;background-color: transparent;vertical-align: baseline\">Depuis quelques ann\u00e9es, la CNTG enregistre des tentatives de d\u00e9stabilisation par certains de ses membres parlant au nom de leur structures, visant \u00e0 affaiblir notre institution sur l&rsquo;\u00e9chiquier syndical national et international devant ses partenaires sociaux.<\/span><\/p>\n<p dir=\"ltr\" style=\"line-height: 1.38;margin-top: 0.0pt;margin-bottom: 0.0pt\"><span style=\"font-size: 11pt;font-family: Arial, sans-serif;color: #000000;background-color: transparent;vertical-align: baseline\">Dans cet \u00e9lan, notre 18eme Congr\u00e8s a connu injures et calomnies pour tenter d&rsquo;inverser la tendance \u00e9lectorale du Secr\u00e9taire g\u00e9n\u00e9ral Elhadj Ahmadou DIALLO. Comme toujours, des \u00e9lections apais\u00e9es sont difficiles \u00e0 obtenir dans un contexte de propagande, de contre-v\u00e9rit\u00e9 et de haines.<\/span><\/p>\n<p>&nbsp;<\/p>\n<p dir=\"ltr\" style=\"line-height: 1.38;margin-top: 0.0pt;margin-bottom: 0.0pt\"><span style=\"font-size: 11pt;font-family: Arial, sans-serif;color: #000000;background-color: transparent;vertical-align: baseline\">En d\u00e9pit de tous ces comportements, le camarade a toujours \u00e9t\u00e9 associ\u00e9 \u00e0 toutes les activit\u00e9s syndicales de la CNTG.<\/span><\/p>\n<p>&nbsp;<\/p>\n<p dir=\"ltr\" style=\"line-height: 1.38;margin-top: 0.0pt;margin-bottom: 0.0pt\"><span style=\"font-size: 11pt;font-family: Arial, sans-serif;color: #000000;background-color: transparent;vertical-align: baseline\">Fid\u00e8le \u00e0 sa vision d\u00e9mocratique, le congr\u00e8s de la CNTG s&rsquo;est tenu dans les conditions pr\u00e9vues par ses textes.<\/span><\/p>\n<p dir=\"ltr\" style=\"line-height: 1.38;margin-top: 0.0pt;margin-bottom: 0.0pt\"><span style=\"font-size: 11pt;font-family: Arial, sans-serif;color: #000000;background-color: transparent;vertical-align: baseline\">Depuis ce jour, le Secr\u00e9tariat Ex\u00e9cutif et son Bureau conf\u00e9d\u00e9ral ont r\u00e9guli\u00e8rement subi des attaques, d&rsquo;injures, de calomnies et de conspirations de la part du camarade Salifou CAMARA.<\/span><\/p>\n<p>&nbsp;<\/p>\n<p dir=\"ltr\" style=\"line-height: 1.38;margin-top: 0.0pt;margin-bottom: 0.0pt\"><span style=\"font-size: 11pt;font-family: Arial, sans-serif;color: #000000;background-color: transparent;vertical-align: baseline\">Sur la L\u00e9gitimit\u00e9 de la D\u00e9cision du Bureau Conf\u00e9d\u00e9ral :<\/span><\/p>\n<p dir=\"ltr\" style=\"line-height: 1.38;margin-top: 0.0pt;margin-bottom: 0.0pt\"><span style=\"font-size: 11pt;font-family: Arial, sans-serif;color: #000000;background-color: transparent;vertical-align: baseline\">La d\u00e9cision de qualification et de sanction d\u00e9coule des statuts et r\u00e8glement de la CNTG en ses articles 33, 52 et 53; qui disposent ce qui suit :<\/span><\/p>\n<p>&nbsp;<\/p>\n<p dir=\"ltr\" style=\"line-height: 1.38;margin-top: 0.0pt;margin-bottom: 0.0pt\"><span style=\"font-size: 11pt;font-family: Arial, sans-serif;color: #000000;background-color: transparent;vertical-align: baseline\">Article 33: Quand un membre enfreint aux textes juridiques et aux principes d\u00e9mocratiques, l&rsquo;organisation syndicale a le devoir de l&rsquo;\u00e9duquer. Dans les cas graves, des sanctions peuvent \u00eatre inflig\u00e9es au coupable conform\u00e9ment aux dispositions du r\u00e8glement int\u00e9rieur.<\/span><\/p>\n<p>&nbsp;<\/p>\n<p dir=\"ltr\" style=\"line-height: 1.38;margin-top: 0.0pt;margin-bottom: 0.0pt\"><span style=\"font-size: 11pt;font-family: Arial, sans-serif;color: #000000;background-color: transparent;vertical-align: baseline\">Article 52: Les Infractions aux d\u00e9cisions du Congr\u00e8s, du Conseil conf\u00e9d\u00e9ral syndical national par les organisations syndicales et leurs membres, seront sanctionn\u00e9s par le bureau conf\u00e9d\u00e9ral ou les structures concern\u00e9es de la CNTG, conform\u00e9ment aux dispositions pr\u00e9vues par les textes juridiques de l&rsquo;organisation (la CNTG). Les Sanctions pr\u00e9vues sont :<\/span><\/p>\n<p dir=\"ltr\" style=\"line-height: 1.38;margin-top: 0.0pt;margin-bottom: 0.0pt\"><span style=\"font-size: 11pt;font-family: Arial, sans-serif;color: #000000;background-color: transparent;vertical-align: baseline\">&#8211; L&rsquo;avertissement<\/span><\/p>\n<p dir=\"ltr\" style=\"line-height: 1.38;margin-top: 0.0pt;margin-bottom: 0.0pt\"><span style=\"font-size: 11pt;font-family: Arial, sans-serif;color: #000000;background-color: transparent;vertical-align: baseline\">&#8211; Le Bl\u00e2me,<\/span><\/p>\n<p dir=\"ltr\" style=\"line-height: 1.38;margin-top: 0.0pt;margin-bottom: 0.0pt\"><span style=\"font-size: 11pt;font-family: Arial, sans-serif;color: #000000;background-color: transparent;vertical-align: baseline\">&#8211; La Suspension,<\/span><\/p>\n<p dir=\"ltr\" style=\"line-height: 1.38;margin-top: 0.0pt;margin-bottom: 0.0pt\"><span style=\"font-size: 11pt;font-family: Arial, sans-serif;color: #000000;background-color: transparent;vertical-align: baseline\">&#8211; L&rsquo;Exclusion.<\/span><\/p>\n<p>&nbsp;<\/p>\n<p dir=\"ltr\" style=\"line-height: 1.38;margin-top: 0.0pt;margin-bottom: 0.0pt\"><span style=\"font-size: 11pt;font-family: Arial, sans-serif;color: #000000;background-color: transparent;vertical-align: baseline\">Article 53: Aucune sanction ne peut \u00eatre prononc\u00e9e sans que l&rsquo;auteur de la violation n&rsquo;a \u00e9t\u00e9 entendu. En cas de refus de r\u00e9pondre \u00e0 deux convocations, la sanction est prise en cons\u00e9quence.<\/span><\/p>\n<p>&nbsp;<\/p>\n<p dir=\"ltr\" style=\"line-height: 1.38;margin-top: 0.0pt;margin-bottom: 0.0pt\"><span style=\"font-size: 11pt;font-family: Arial, sans-serif;color: #000000;background-color: transparent;vertical-align: baseline\">* Consid\u00e9rant que le camarade avant exclusion, a \u00e9t\u00e9 invit\u00e9 avec son Bureau Ex\u00e9cutif \u00e0 deux reprises pour \u00eatre entendus,<\/span><\/p>\n<p dir=\"ltr\" style=\"line-height: 1.38;margin-top: 0.0pt;margin-bottom: 0.0pt\"><span style=\"font-size: 11pt;font-family: Arial, sans-serif;color: #000000;background-color: transparent;vertical-align: baseline\">* Consid\u00e9rant que le camarade a d\u00e9j\u00e0 \u00e9t\u00e9 sanctionn\u00e9 par le bureau conf\u00e9d\u00e9ral suite \u00e0 une violation du r\u00e8glement int\u00e9rieur,<\/span><\/p>\n<p dir=\"ltr\" style=\"line-height: 1.38;margin-top: 0.0pt;margin-bottom: 0.0pt\"><span style=\"font-size: 11pt;font-family: Arial, sans-serif;color: #000000;background-color: transparent;vertical-align: baseline\">* Consid\u00e9rant la gravit\u00e9 des accusations et la plainte d\u00e9pos\u00e9e en son encontre au niveau du Bureau Conf\u00e9d\u00e9ral,<\/span><\/p>\n<p dir=\"ltr\" style=\"line-height: 1.38;margin-top: 0.0pt;margin-bottom: 0.0pt\"><span style=\"font-size: 11pt;font-family: Arial, sans-serif;color: #000000;background-color: transparent;vertical-align: baseline\">* Consid\u00e9rant la r\u00e9union extraordinaire du Bureau conf\u00e9d\u00e9ral tenue le 11 Mars 2025 qui en \u00e0 statuer sur la question ;<\/span><\/p>\n<p dir=\"ltr\" style=\"line-height: 1.38;margin-top: 0.0pt;margin-bottom: 0.0pt\"><span style=\"font-size: 11pt;font-family: Arial, sans-serif;color: #000000;background-color: transparent;vertical-align: baseline\">En guise de rappel, le Bureau Conf\u00e9d\u00e9ral de la CNTG dans sa majorit\u00e9 et \u00e0 l&rsquo;unanimit\u00e9 a d\u00e9cid\u00e9 ce qui suit :<\/span><\/p>\n<p dir=\"ltr\" style=\"line-height: 1.38;margin-top: 0.0pt;margin-bottom: 0.0pt\"><span style=\"font-size: 11pt;font-family: Arial, sans-serif;color: #000000;background-color: transparent;vertical-align: baseline\">&#8211; l&rsquo;exclusion pure et simple du camarade de toutes les instances de la<\/span><\/p>\n<p dir=\"ltr\" style=\"line-height: 1.38;margin-top: 0.0pt;margin-bottom: 0.0pt\"><span style=\"font-size: 11pt;font-family: Arial, sans-serif;color: #000000;background-color: transparent;vertical-align: baseline\">CNTG avec effet imm\u00e9diat, La convocation dans un bref d\u00e9lai d&rsquo;un congr\u00e8s partiel pour son remplacement,<\/span><\/p>\n<p>&nbsp;<\/p>\n<p dir=\"ltr\" style=\"line-height: 1.38;margin-top: 0.0pt;margin-bottom: 0.0pt\"><span style=\"font-size: 11pt;font-family: Arial, sans-serif;color: #000000;background-color: transparent;vertical-align: baseline\">&#8211; Le d\u00e9p\u00f4t par les victimes de plaintes en vue de proc\u00e9dures p\u00e9nales.<\/span><\/p>\n<p dir=\"ltr\" style=\"line-height: 1.38;margin-top: 0.0pt;margin-bottom: 0.0pt\"><span style=\"font-size: 11pt;font-family: Arial, sans-serif;color: #000000;background-color: transparent;vertical-align: baseline\">En tout \u00e9tat de cause, la CNTG assume toute sa responsabilit\u00e9 dans le cadre du respect de ses textes juridiques et r\u00e9glementaires<\/span><\/p>\n","protected":false},"excerpt":{"rendered":"<p>Pr\u00e8s d&rsquo;une semaine apr\u00e8s l\u2019exclusion de Saliou Camara, secr\u00e9taire g\u00e9n\u00e9ral de la FSPE de toutes<\/p>\n","protected":false},"author":2,"featured_media":7762,"comment_status":"closed","ping_status":"open","sticky":false,"template":"","format":"standard","meta":[],"categories":[3,5],"tags":[237],"yoast_head":"<!-- This site is optimized with the Yoast SEO plugin v19.13 - https:\/\/yoast.com\/wordpress\/plugins\/seo\/ -->\n<title>Bourse du travail: la CNTG ent\u00e9rine l\u2019exclusion de Saliou Camara et annonce des poursuites\u00a0 - UNIVERSNEWS224<\/title>\n<meta name=\"robots\" content=\"index, follow, max-snippet:-1, max-image-preview:large, max-video-preview:-1\" \/>\n<link rel=\"canonical\" href=\"https:\/\/universnews224.com\/index.php\/bourse-du-travail-la-cntg-enterine-lexclusion-de-saliou-camara-et-annonce-des-poursuites\/\" \/>\n<meta property=\"og:locale\" content=\"fr_FR\" \/>\n<meta property=\"og:type\" content=\"article\" \/>\n<meta property=\"og:title\" content=\"Bourse du travail: la CNTG ent\u00e9rine l\u2019exclusion de Saliou Camara et annonce des poursuites\u00a0 - UNIVERSNEWS224\" \/>\n<meta property=\"og:description\" content=\"Pr\u00e8s d&rsquo;une semaine apr\u00e8s l\u2019exclusion de Saliou Camara, secr\u00e9taire g\u00e9n\u00e9ral de la FSPE de toutes\" \/>\n<meta property=\"og:url\" content=\"https:\/\/universnews224.com\/index.php\/bourse-du-travail-la-cntg-enterine-lexclusion-de-saliou-camara-et-annonce-des-poursuites\/\" \/>\n<meta property=\"og:site_name\" content=\"UNIVERSNEWS224\" \/>\n<meta property=\"article:published_time\" content=\"2025-03-17T13:01:03+00:00\" \/>\n<meta property=\"og:image\" content=\"https:\/\/universnews224.com\/wp-content\/uploads\/2025\/03\/20250317_112436-scaled.jpg\" \/>\n\t<meta property=\"og:image:width\" content=\"2560\" \/>\n\t<meta property=\"og:image:height\" content=\"1441\" \/>\n\t<meta property=\"og:image:type\" content=\"image\/jpeg\" \/>\n<meta name=\"author\" content=\"La R\u00e9daction\" \/>\n<meta name=\"twitter:label1\" content=\"\u00c9crit par\" \/>\n\t<meta name=\"twitter:data1\" content=\"La R\u00e9daction\" \/>\n\t<meta name=\"twitter:label2\" content=\"Dur\u00e9e de lecture estim\u00e9e\" \/>\n\t<meta name=\"twitter:data2\" content=\"3 minutes\" \/>\n<script type=\"application\/ld+json\" class=\"yoast-schema-graph\">{\"@context\":\"https:\/\/schema.org\",\"@graph\":[{\"@type\":\"Article\",\"@id\":\"https:\/\/universnews224.com\/index.php\/bourse-du-travail-la-cntg-enterine-lexclusion-de-saliou-camara-et-annonce-des-poursuites\/#article\",\"isPartOf\":{\"@id\":\"https:\/\/universnews224.com\/index.php\/bourse-du-travail-la-cntg-enterine-lexclusion-de-saliou-camara-et-annonce-des-poursuites\/\"},\"author\":{\"name\":\"La R\u00e9daction\",\"@id\":\"https:\/\/universnews224.com\/#\/schema\/person\/a4b7d4f94a4716df60456a491260485e\"},\"headline\":\"Bourse du travail: la CNTG ent\u00e9rine l\u2019exclusion de Saliou Camara et annonce des poursuites\u00a0\",\"datePublished\":\"2025-03-17T13:01:03+00:00\",\"dateModified\":\"2025-03-17T13:01:03+00:00\",\"mainEntityOfPage\":{\"@id\":\"https:\/\/universnews224.com\/index.php\/bourse-du-travail-la-cntg-enterine-lexclusion-de-saliou-camara-et-annonce-des-poursuites\/\"},\"wordCount\":634,\"publisher\":{\"@id\":\"https:\/\/universnews224.com\/#organization\"},\"keywords\":[\"A la une\"],\"articleSection\":[\"ACTU\",\"SOCI\u00c9T\u00c9\"],\"inLanguage\":\"fr-FR\"},{\"@type\":\"WebPage\",\"@id\":\"https:\/\/universnews224.com\/index.php\/bourse-du-travail-la-cntg-enterine-lexclusion-de-saliou-camara-et-annonce-des-poursuites\/\",\"url\":\"https:\/\/universnews224.com\/index.php\/bourse-du-travail-la-cntg-enterine-lexclusion-de-saliou-camara-et-annonce-des-poursuites\/\",\"name\":\"Bourse du travail: la CNTG ent\u00e9rine l\u2019exclusion de Saliou Camara et annonce des poursuites\u00a0 - UNIVERSNEWS224\",\"isPartOf\":{\"@id\":\"https:\/\/universnews224.com\/#website\"},\"datePublished\":\"2025-03-17T13:01:03+00:00\",\"dateModified\":\"2025-03-17T13:01:03+00:00\",\"inLanguage\":\"fr-FR\",\"potentialAction\":[{\"@type\":\"ReadAction\",\"target\":[\"https:\/\/universnews224.com\/index.php\/bourse-du-travail-la-cntg-enterine-lexclusion-de-saliou-camara-et-annonce-des-poursuites\/\"]}]},{\"@type\":\"WebSite\",\"@id\":\"https:\/\/universnews224.com\/#website\",\"url\":\"https:\/\/universnews224.com\/\",\"name\":\"UNIVERSNEWS224\",\"description\":\"\",\"publisher\":{\"@id\":\"https:\/\/universnews224.com\/#organization\"},\"potentialAction\":[{\"@type\":\"SearchAction\",\"target\":{\"@type\":\"EntryPoint\",\"urlTemplate\":\"https:\/\/universnews224.com\/?s={search_term_string}\"},\"query-input\":\"required name=search_term_string\"}],\"inLanguage\":\"fr-FR\"},{\"@type\":\"Organization\",\"@id\":\"https:\/\/universnews224.com\/#organization\",\"name\":\"UNIVERSNEWS224\",\"url\":\"https:\/\/universnews224.com\/\",\"logo\":{\"@type\":\"ImageObject\",\"inLanguage\":\"fr-FR\",\"@id\":\"https:\/\/universnews224.com\/#\/schema\/logo\/image\/\",\"url\":\"https:\/\/universnews224.com\/wp-content\/uploads\/2022\/08\/cropped-cropped-logoban.jpg\",\"contentUrl\":\"https:\/\/universnews224.com\/wp-content\/uploads\/2022\/08\/cropped-cropped-logoban.jpg\",\"width\":1080,\"height\":138,\"caption\":\"UNIVERSNEWS224\"},\"image\":{\"@id\":\"https:\/\/universnews224.com\/#\/schema\/logo\/image\/\"}},{\"@type\":\"Person\",\"@id\":\"https:\/\/universnews224.com\/#\/schema\/person\/a4b7d4f94a4716df60456a491260485e\",\"name\":\"La R\u00e9daction\",\"image\":{\"@type\":\"ImageObject\",\"inLanguage\":\"fr-FR\",\"@id\":\"https:\/\/universnews224.com\/#\/schema\/person\/image\/\",\"url\":\"https:\/\/secure.gravatar.com\/avatar\/edb90acc7752b23e1b3307ad36c14f0d?s=96&d=mm&r=g\",\"contentUrl\":\"https:\/\/secure.gravatar.com\/avatar\/edb90acc7752b23e1b3307ad36c14f0d?s=96&d=mm&r=g\",\"caption\":\"La R\u00e9daction\"},\"sameAs\":[\"https:\/\/universnews224.com\"],\"url\":\"https:\/\/universnews224.com\/index.php\/author\/m-camara\/\"}]}<\/script>\n<!-- \/ Yoast SEO plugin. -->","yoast_head_json":{"title":"Bourse du travail: la CNTG ent\u00e9rine l\u2019exclusion de Saliou Camara et annonce des poursuites\u00a0 - UNIVERSNEWS224","robots":{"index":"index","follow":"follow","max-snippet":"max-snippet:-1","max-image-preview":"max-image-preview:large","max-video-preview":"max-video-preview:-1"},"canonical":"https:\/\/universnews224.com\/index.php\/bourse-du-travail-la-cntg-enterine-lexclusion-de-saliou-camara-et-annonce-des-poursuites\/","og_locale":"fr_FR","og_type":"article","og_title":"Bourse du travail: la CNTG ent\u00e9rine l\u2019exclusion de Saliou Camara et annonce des poursuites\u00a0 - UNIVERSNEWS224","og_description":"Pr\u00e8s d&rsquo;une semaine apr\u00e8s l\u2019exclusion de Saliou Camara, secr\u00e9taire g\u00e9n\u00e9ral de la FSPE de toutes","og_url":"https:\/\/universnews224.com\/index.php\/bourse-du-travail-la-cntg-enterine-lexclusion-de-saliou-camara-et-annonce-des-poursuites\/","og_site_name":"UNIVERSNEWS224","article_published_time":"2025-03-17T13:01:03+00:00","og_image":[{"width":2560,"height":1441,"url":"https:\/\/universnews224.com\/wp-content\/uploads\/2025\/03\/20250317_112436-scaled.jpg","type":"image\/jpeg"}],"author":"La R\u00e9daction","twitter_misc":{"\u00c9crit par":"La R\u00e9daction","Dur\u00e9e de lecture estim\u00e9e":"3 minutes"},"schema":{"@context":"https:\/\/schema.org","@graph":[{"@type":"Article","@id":"https:\/\/universnews224.com\/index.php\/bourse-du-travail-la-cntg-enterine-lexclusion-de-saliou-camara-et-annonce-des-poursuites\/#article","isPartOf":{"@id":"https:\/\/universnews224.com\/index.php\/bourse-du-travail-la-cntg-enterine-lexclusion-de-saliou-camara-et-annonce-des-poursuites\/"},"author":{"name":"La R\u00e9daction","@id":"https:\/\/universnews224.com\/#\/schema\/person\/a4b7d4f94a4716df60456a491260485e"},"headline":"Bourse du travail: la CNTG ent\u00e9rine l\u2019exclusion de Saliou Camara et annonce des poursuites\u00a0","datePublished":"2025-03-17T13:01:03+00:00","dateModified":"2025-03-17T13:01:03+00:00","mainEntityOfPage":{"@id":"https:\/\/universnews224.com\/index.php\/bourse-du-travail-la-cntg-enterine-lexclusion-de-saliou-camara-et-annonce-des-poursuites\/"},"wordCount":634,"publisher":{"@id":"https:\/\/universnews224.com\/#organization"},"keywords":["A la une"],"articleSection":["ACTU","SOCI\u00c9T\u00c9"],"inLanguage":"fr-FR"},{"@type":"WebPage","@id":"https:\/\/universnews224.com\/index.php\/bourse-du-travail-la-cntg-enterine-lexclusion-de-saliou-camara-et-annonce-des-poursuites\/","url":"https:\/\/universnews224.com\/index.php\/bourse-du-travail-la-cntg-enterine-lexclusion-de-saliou-camara-et-annonce-des-poursuites\/","name":"Bourse du travail: la CNTG ent\u00e9rine l\u2019exclusion de Saliou Camara et annonce des poursuites\u00a0 - UNIVERSNEWS224","isPartOf":{"@id":"https:\/\/universnews224.com\/#website"},"datePublished":"2025-03-17T13:01:03+00:00","dateModified":"2025-03-17T13:01:03+00:00","inLanguage":"fr-FR","potentialAction":[{"@type":"ReadAction","target":["https:\/\/universnews224.com\/index.php\/bourse-du-travail-la-cntg-enterine-lexclusion-de-saliou-camara-et-annonce-des-poursuites\/"]}]},{"@type":"WebSite","@id":"https:\/\/universnews224.com\/#website","url":"https:\/\/universnews224.com\/","name":"UNIVERSNEWS224","description":"","publisher":{"@id":"https:\/\/universnews224.com\/#organization"},"potentialAction":[{"@type":"SearchAction","target":{"@type":"EntryPoint","urlTemplate":"https:\/\/universnews224.com\/?s={search_term_string}"},"query-input":"required name=search_term_string"}],"inLanguage":"fr-FR"},{"@type":"Organization","@id":"https:\/\/universnews224.com\/#organization","name":"UNIVERSNEWS224","url":"https:\/\/universnews224.com\/","logo":{"@type":"ImageObject","inLanguage":"fr-FR","@id":"https:\/\/universnews224.com\/#\/schema\/logo\/image\/","url":"https:\/\/universnews224.com\/wp-content\/uploads\/2022\/08\/cropped-cropped-logoban.jpg","contentUrl":"https:\/\/universnews224.com\/wp-content\/uploads\/2022\/08\/cropped-cropped-logoban.jpg","width":1080,"height":138,"caption":"UNIVERSNEWS224"},"image":{"@id":"https:\/\/universnews224.com\/#\/schema\/logo\/image\/"}},{"@type":"Person","@id":"https:\/\/universnews224.com\/#\/schema\/person\/a4b7d4f94a4716df60456a491260485e","name":"La R\u00e9daction","image":{"@type":"ImageObject","inLanguage":"fr-FR","@id":"https:\/\/universnews224.com\/#\/schema\/person\/image\/","url":"https:\/\/secure.gravatar.com\/avatar\/edb90acc7752b23e1b3307ad36c14f0d?s=96&d=mm&r=g","contentUrl":"https:\/\/secure.gravatar.com\/avatar\/edb90acc7752b23e1b3307ad36c14f0d?s=96&d=mm&r=g","caption":"La R\u00e9daction"},"sameAs":["https:\/\/universnews224.com"],"url":"https:\/\/universnews224.com\/index.php\/author\/m-camara\/"}]}},"_links":{"self":[{"href":"https:\/\/universnews224.com\/index.php\/wp-json\/wp\/v2\/posts\/7761"}],"collection":[{"href":"https:\/\/universnews224.com\/index.php\/wp-json\/wp\/v2\/posts"}],"about":[{"href":"https:\/\/universnews224.com\/index.php\/wp-json\/wp\/v2\/types\/post"}],"author":[{"embeddable":true,"href":"https:\/\/universnews224.com\/index.php\/wp-json\/wp\/v2\/users\/2"}],"replies":[{"embeddable":true,"href":"https:\/\/universnews224.com\/index.php\/wp-json\/wp\/v2\/comments?post=7761"}],"version-history":[{"count":1,"href":"https:\/\/universnews224.com\/index.php\/wp-json\/wp\/v2\/posts\/7761\/revisions"}],"predecessor-version":[{"id":7763,"href":"https:\/\/universnews224.com\/index.php\/wp-json\/wp\/v2\/posts\/7761\/revisions\/7763"}],"wp:featuredmedia":[{"embeddable":true,"href":"https:\/\/universnews224.com\/index.php\/wp-json\/wp\/v2\/media\/7762"}],"wp:attachment":[{"href":"https:\/\/universnews224.com\/index.php\/wp-json\/wp\/v2\/media?parent=7761"}],"wp:term":[{"taxonomy":"category","embeddable":true,"href":"https:\/\/universnews224.com\/index.php\/wp-json\/wp\/v2\/categories?post=7761"},{"taxonomy":"post_tag","embeddable":true,"href":"https:\/\/universnews224.com\/index.php\/wp-json\/wp\/v2\/tags?post=7761"}],"curies":[{"name":"wp","href":"https:\/\/api.w.org\/{rel}","templated":true}]}}