{"id":7768,"date":"2025-03-19T22:36:38","date_gmt":"2025-03-19T21:36:38","guid":{"rendered":"https:\/\/universnews224.com\/?p=7768"},"modified":"2025-03-19T22:36:38","modified_gmt":"2025-03-19T21:36:38","slug":"mohamed-nabe-ce-nest-pas-une-bonne-dans-un-pays-que-les-gens-disparaissent","status":"publish","type":"post","link":"https:\/\/universnews224.com\/index.php\/mohamed-nabe-ce-nest-pas-une-bonne-dans-un-pays-que-les-gens-disparaissent\/","title":{"rendered":"Mohamed Nab\u00e9: \u201cCe n&rsquo;est pas une bonne dans un pays que les gens disparaissent\u201d"},"content":{"rendered":"<p>Lors de son passage chez nos confr\u00e8res de la radio Tropicales Fm dans l\u2019\u00e9mission \u00ables Grosses T\u00eates\u00bb ce mardi, 18 mars 2025, le pr\u00e9sident du parti Alliance pour le Renouveau et le Progr\u00e8s (ARP) a invit\u00e9 le gouvernement guin\u00e9en de faire la lumi\u00e8re sur les cas de disparition des activistes de droits de l\u2019homme. Pour Mohamed Nab\u00e9, ce n&rsquo;est pas une bonne image pour le pays que les gens disparaissent pendant des mois sans qu\u2019ils ne soient retrouv\u00e9s.<\/p>\n<p>\u201cNotre souhait au sein de l&rsquo;ARP et le souhait de tous les guin\u00e9ens aujourd&rsquo;hui qu&rsquo;on puisse rapidement faire la lumi\u00e8re sur ses disparitions. Quiconque vous dit que ce n&rsquo;est pas important, c&rsquo;est que cette personne n&rsquo;est pas un bon guin\u00e9en. Il faut reconna\u00eetre que ce n&rsquo;est pas une bonne dans un pays que les gens disparaissent. Il faut reconna\u00eetre que c\u2019est la responsabilit\u00e9 de l\u2019\u00c9tat de garantir la s\u00e9curit\u00e9 des personnes et leurs biens. Quand il y a des guin\u00e9ens qui disparaissent, il faudrait tout mettre en \u0153uvre, la machine judiciaire et la machine des forces et de s\u00e9curit\u00e9 pour les retrouver. S\u2019ils ont failli \u00e0 la loi qu\u2019ils r\u00e9pondent de leur forfaiture, mais dispara\u00eetre comme \u00e7a sans que leur famille, les femmes et enfants ne sachent o\u00f9 ils se trouve ce n&rsquo;est pas bon\u201d a t-il martel\u00e9.<\/p>\n<p>&nbsp;<\/p>\n","protected":false},"excerpt":{"rendered":"<p>Lors de son passage chez nos confr\u00e8res de la radio Tropicales Fm dans l\u2019\u00e9mission \u00ables<\/p>\n","protected":false},"author":2,"featured_media":7769,"comment_status":"closed","ping_status":"open","sticky":false,"template":"","format":"standard","meta":[],"categories":[3,4],"tags":[237],"yoast_head":"<!-- This site is optimized with the Yoast SEO plugin v19.13 - https:\/\/yoast.com\/wordpress\/plugins\/seo\/ -->\n<title>Mohamed Nab\u00e9: \u201cCe n&#039;est pas une bonne dans un pays que les gens disparaissent\u201d - UNIVERSNEWS224<\/title>\n<meta name=\"robots\" content=\"index, follow, max-snippet:-1, max-image-preview:large, max-video-preview:-1\" \/>\n<link rel=\"canonical\" href=\"https:\/\/universnews224.com\/index.php\/mohamed-nabe-ce-nest-pas-une-bonne-dans-un-pays-que-les-gens-disparaissent\/\" \/>\n<meta property=\"og:locale\" content=\"fr_FR\" \/>\n<meta property=\"og:type\" content=\"article\" \/>\n<meta property=\"og:title\" content=\"Mohamed Nab\u00e9: \u201cCe n&#039;est pas une bonne dans un pays que les gens disparaissent\u201d - UNIVERSNEWS224\" \/>\n<meta property=\"og:description\" content=\"Lors de son passage chez nos confr\u00e8res de la radio Tropicales Fm dans l\u2019\u00e9mission \u00ables\" \/>\n<meta property=\"og:url\" content=\"https:\/\/universnews224.com\/index.php\/mohamed-nabe-ce-nest-pas-une-bonne-dans-un-pays-que-les-gens-disparaissent\/\" \/>\n<meta property=\"og:site_name\" content=\"UNIVERSNEWS224\" \/>\n<meta property=\"article:published_time\" content=\"2025-03-19T21:36:38+00:00\" \/>\n<meta property=\"og:image\" content=\"https:\/\/universnews224.com\/wp-content\/uploads\/2025\/03\/20250314_123226-scaled.jpg\" \/>\n\t<meta property=\"og:image:width\" content=\"2560\" \/>\n\t<meta property=\"og:image:height\" content=\"1441\" \/>\n\t<meta property=\"og:image:type\" content=\"image\/jpeg\" \/>\n<meta name=\"author\" content=\"La R\u00e9daction\" \/>\n<meta name=\"twitter:label1\" content=\"\u00c9crit par\" \/>\n\t<meta name=\"twitter:data1\" content=\"La R\u00e9daction\" \/>\n\t<meta name=\"twitter:label2\" content=\"Dur\u00e9e de lecture estim\u00e9e\" \/>\n\t<meta name=\"twitter:data2\" content=\"2 minutes\" \/>\n<script type=\"application\/ld+json\" class=\"yoast-schema-graph\">{\"@context\":\"https:\/\/schema.org\",\"@graph\":[{\"@type\":\"Article\",\"@id\":\"https:\/\/universnews224.com\/index.php\/mohamed-nabe-ce-nest-pas-une-bonne-dans-un-pays-que-les-gens-disparaissent\/#article\",\"isPartOf\":{\"@id\":\"https:\/\/universnews224.com\/index.php\/mohamed-nabe-ce-nest-pas-une-bonne-dans-un-pays-que-les-gens-disparaissent\/\"},\"author\":{\"name\":\"La R\u00e9daction\",\"@id\":\"https:\/\/universnews224.com\/#\/schema\/person\/a4b7d4f94a4716df60456a491260485e\"},\"headline\":\"Mohamed Nab\u00e9: \u201cCe n&rsquo;est pas une bonne dans un pays que les gens disparaissent\u201d\",\"datePublished\":\"2025-03-19T21:36:38+00:00\",\"dateModified\":\"2025-03-19T21:36:38+00:00\",\"mainEntityOfPage\":{\"@id\":\"https:\/\/universnews224.com\/index.php\/mohamed-nabe-ce-nest-pas-une-bonne-dans-un-pays-que-les-gens-disparaissent\/\"},\"wordCount\":252,\"publisher\":{\"@id\":\"https:\/\/universnews224.com\/#organization\"},\"keywords\":[\"A la une\"],\"articleSection\":[\"ACTU\",\"POLITIQUE\"],\"inLanguage\":\"fr-FR\"},{\"@type\":\"WebPage\",\"@id\":\"https:\/\/universnews224.com\/index.php\/mohamed-nabe-ce-nest-pas-une-bonne-dans-un-pays-que-les-gens-disparaissent\/\",\"url\":\"https:\/\/universnews224.com\/index.php\/mohamed-nabe-ce-nest-pas-une-bonne-dans-un-pays-que-les-gens-disparaissent\/\",\"name\":\"Mohamed Nab\u00e9: \u201cCe n'est pas une bonne dans un pays que les gens disparaissent\u201d - UNIVERSNEWS224\",\"isPartOf\":{\"@id\":\"https:\/\/universnews224.com\/#website\"},\"datePublished\":\"2025-03-19T21:36:38+00:00\",\"dateModified\":\"2025-03-19T21:36:38+00:00\",\"inLanguage\":\"fr-FR\",\"potentialAction\":[{\"@type\":\"ReadAction\",\"target\":[\"https:\/\/universnews224.com\/index.php\/mohamed-nabe-ce-nest-pas-une-bonne-dans-un-pays-que-les-gens-disparaissent\/\"]}]},{\"@type\":\"WebSite\",\"@id\":\"https:\/\/universnews224.com\/#website\",\"url\":\"https:\/\/universnews224.com\/\",\"name\":\"UNIVERSNEWS224\",\"description\":\"\",\"publisher\":{\"@id\":\"https:\/\/universnews224.com\/#organization\"},\"potentialAction\":[{\"@type\":\"SearchAction\",\"target\":{\"@type\":\"EntryPoint\",\"urlTemplate\":\"https:\/\/universnews224.com\/?s={search_term_string}\"},\"query-input\":\"required name=search_term_string\"}],\"inLanguage\":\"fr-FR\"},{\"@type\":\"Organization\",\"@id\":\"https:\/\/universnews224.com\/#organization\",\"name\":\"UNIVERSNEWS224\",\"url\":\"https:\/\/universnews224.com\/\",\"logo\":{\"@type\":\"ImageObject\",\"inLanguage\":\"fr-FR\",\"@id\":\"https:\/\/universnews224.com\/#\/schema\/logo\/image\/\",\"url\":\"https:\/\/universnews224.com\/wp-content\/uploads\/2022\/08\/cropped-cropped-logoban.jpg\",\"contentUrl\":\"https:\/\/universnews224.com\/wp-content\/uploads\/2022\/08\/cropped-cropped-logoban.jpg\",\"width\":1080,\"height\":138,\"caption\":\"UNIVERSNEWS224\"},\"image\":{\"@id\":\"https:\/\/universnews224.com\/#\/schema\/logo\/image\/\"}},{\"@type\":\"Person\",\"@id\":\"https:\/\/universnews224.com\/#\/schema\/person\/a4b7d4f94a4716df60456a491260485e\",\"name\":\"La R\u00e9daction\",\"image\":{\"@type\":\"ImageObject\",\"inLanguage\":\"fr-FR\",\"@id\":\"https:\/\/universnews224.com\/#\/schema\/person\/image\/\",\"url\":\"https:\/\/secure.gravatar.com\/avatar\/edb90acc7752b23e1b3307ad36c14f0d?s=96&d=mm&r=g\",\"contentUrl\":\"https:\/\/secure.gravatar.com\/avatar\/edb90acc7752b23e1b3307ad36c14f0d?s=96&d=mm&r=g\",\"caption\":\"La R\u00e9daction\"},\"sameAs\":[\"https:\/\/universnews224.com\"],\"url\":\"https:\/\/universnews224.com\/index.php\/author\/m-camara\/\"}]}<\/script>\n<!-- \/ Yoast SEO plugin. -->","yoast_head_json":{"title":"Mohamed Nab\u00e9: \u201cCe n'est pas une bonne dans un pays que les gens disparaissent\u201d - UNIVERSNEWS224","robots":{"index":"index","follow":"follow","max-snippet":"max-snippet:-1","max-image-preview":"max-image-preview:large","max-video-preview":"max-video-preview:-1"},"canonical":"https:\/\/universnews224.com\/index.php\/mohamed-nabe-ce-nest-pas-une-bonne-dans-un-pays-que-les-gens-disparaissent\/","og_locale":"fr_FR","og_type":"article","og_title":"Mohamed Nab\u00e9: \u201cCe n'est pas une bonne dans un pays que les gens disparaissent\u201d - UNIVERSNEWS224","og_description":"Lors de son passage chez nos confr\u00e8res de la radio Tropicales Fm dans l\u2019\u00e9mission \u00ables","og_url":"https:\/\/universnews224.com\/index.php\/mohamed-nabe-ce-nest-pas-une-bonne-dans-un-pays-que-les-gens-disparaissent\/","og_site_name":"UNIVERSNEWS224","article_published_time":"2025-03-19T21:36:38+00:00","og_image":[{"width":2560,"height":1441,"url":"https:\/\/universnews224.com\/wp-content\/uploads\/2025\/03\/20250314_123226-scaled.jpg","type":"image\/jpeg"}],"author":"La R\u00e9daction","twitter_misc":{"\u00c9crit par":"La R\u00e9daction","Dur\u00e9e de lecture estim\u00e9e":"2 minutes"},"schema":{"@context":"https:\/\/schema.org","@graph":[{"@type":"Article","@id":"https:\/\/universnews224.com\/index.php\/mohamed-nabe-ce-nest-pas-une-bonne-dans-un-pays-que-les-gens-disparaissent\/#article","isPartOf":{"@id":"https:\/\/universnews224.com\/index.php\/mohamed-nabe-ce-nest-pas-une-bonne-dans-un-pays-que-les-gens-disparaissent\/"},"author":{"name":"La R\u00e9daction","@id":"https:\/\/universnews224.com\/#\/schema\/person\/a4b7d4f94a4716df60456a491260485e"},"headline":"Mohamed Nab\u00e9: \u201cCe n&rsquo;est pas une bonne dans un pays que les gens disparaissent\u201d","datePublished":"2025-03-19T21:36:38+00:00","dateModified":"2025-03-19T21:36:38+00:00","mainEntityOfPage":{"@id":"https:\/\/universnews224.com\/index.php\/mohamed-nabe-ce-nest-pas-une-bonne-dans-un-pays-que-les-gens-disparaissent\/"},"wordCount":252,"publisher":{"@id":"https:\/\/universnews224.com\/#organization"},"keywords":["A la une"],"articleSection":["ACTU","POLITIQUE"],"inLanguage":"fr-FR"},{"@type":"WebPage","@id":"https:\/\/universnews224.com\/index.php\/mohamed-nabe-ce-nest-pas-une-bonne-dans-un-pays-que-les-gens-disparaissent\/","url":"https:\/\/universnews224.com\/index.php\/mohamed-nabe-ce-nest-pas-une-bonne-dans-un-pays-que-les-gens-disparaissent\/","name":"Mohamed Nab\u00e9: \u201cCe n'est pas une bonne dans un pays que les gens disparaissent\u201d - UNIVERSNEWS224","isPartOf":{"@id":"https:\/\/universnews224.com\/#website"},"datePublished":"2025-03-19T21:36:38+00:00","dateModified":"2025-03-19T21:36:38+00:00","inLanguage":"fr-FR","potentialAction":[{"@type":"ReadAction","target":["https:\/\/universnews224.com\/index.php\/mohamed-nabe-ce-nest-pas-une-bonne-dans-un-pays-que-les-gens-disparaissent\/"]}]},{"@type":"WebSite","@id":"https:\/\/universnews224.com\/#website","url":"https:\/\/universnews224.com\/","name":"UNIVERSNEWS224","description":"","publisher":{"@id":"https:\/\/universnews224.com\/#organization"},"potentialAction":[{"@type":"SearchAction","target":{"@type":"EntryPoint","urlTemplate":"https:\/\/universnews224.com\/?s={search_term_string}"},"query-input":"required name=search_term_string"}],"inLanguage":"fr-FR"},{"@type":"Organization","@id":"https:\/\/universnews224.com\/#organization","name":"UNIVERSNEWS224","url":"https:\/\/universnews224.com\/","logo":{"@type":"ImageObject","inLanguage":"fr-FR","@id":"https:\/\/universnews224.com\/#\/schema\/logo\/image\/","url":"https:\/\/universnews224.com\/wp-content\/uploads\/2022\/08\/cropped-cropped-logoban.jpg","contentUrl":"https:\/\/universnews224.com\/wp-content\/uploads\/2022\/08\/cropped-cropped-logoban.jpg","width":1080,"height":138,"caption":"UNIVERSNEWS224"},"image":{"@id":"https:\/\/universnews224.com\/#\/schema\/logo\/image\/"}},{"@type":"Person","@id":"https:\/\/universnews224.com\/#\/schema\/person\/a4b7d4f94a4716df60456a491260485e","name":"La R\u00e9daction","image":{"@type":"ImageObject","inLanguage":"fr-FR","@id":"https:\/\/universnews224.com\/#\/schema\/person\/image\/","url":"https:\/\/secure.gravatar.com\/avatar\/edb90acc7752b23e1b3307ad36c14f0d?s=96&d=mm&r=g","contentUrl":"https:\/\/secure.gravatar.com\/avatar\/edb90acc7752b23e1b3307ad36c14f0d?s=96&d=mm&r=g","caption":"La R\u00e9daction"},"sameAs":["https:\/\/universnews224.com"],"url":"https:\/\/universnews224.com\/index.php\/author\/m-camara\/"}]}},"_links":{"self":[{"href":"https:\/\/universnews224.com\/index.php\/wp-json\/wp\/v2\/posts\/7768"}],"collection":[{"href":"https:\/\/universnews224.com\/index.php\/wp-json\/wp\/v2\/posts"}],"about":[{"href":"https:\/\/universnews224.com\/index.php\/wp-json\/wp\/v2\/types\/post"}],"author":[{"embeddable":true,"href":"https:\/\/universnews224.com\/index.php\/wp-json\/wp\/v2\/users\/2"}],"replies":[{"embeddable":true,"href":"https:\/\/universnews224.com\/index.php\/wp-json\/wp\/v2\/comments?post=7768"}],"version-history":[{"count":1,"href":"https:\/\/universnews224.com\/index.php\/wp-json\/wp\/v2\/posts\/7768\/revisions"}],"predecessor-version":[{"id":7770,"href":"https:\/\/universnews224.com\/index.php\/wp-json\/wp\/v2\/posts\/7768\/revisions\/7770"}],"wp:featuredmedia":[{"embeddable":true,"href":"https:\/\/universnews224.com\/index.php\/wp-json\/wp\/v2\/media\/7769"}],"wp:attachment":[{"href":"https:\/\/universnews224.com\/index.php\/wp-json\/wp\/v2\/media?parent=7768"}],"wp:term":[{"taxonomy":"category","embeddable":true,"href":"https:\/\/universnews224.com\/index.php\/wp-json\/wp\/v2\/categories?post=7768"},{"taxonomy":"post_tag","embeddable":true,"href":"https:\/\/universnews224.com\/index.php\/wp-json\/wp\/v2\/tags?post=7768"}],"curies":[{"name":"wp","href":"https:\/\/api.w.org\/{rel}","templated":true}]}}