{"id":7792,"date":"2025-03-25T23:11:30","date_gmt":"2025-03-25T22:11:30","guid":{"rendered":"https:\/\/universnews224.com\/?p=7792"},"modified":"2025-03-25T23:11:30","modified_gmt":"2025-03-25T22:11:30","slug":"kankan-yaya-kairaba-aupres-de-la-famille-dadama-konate-assassinee-jexige-une-reponse-judiciaire-immediate","status":"publish","type":"post","link":"https:\/\/universnews224.com\/index.php\/kankan-yaya-kairaba-aupres-de-la-famille-dadama-konate-assassinee-jexige-une-reponse-judiciaire-immediate\/","title":{"rendered":"Kankan- Yaya Ka\u00efraba, aupr\u00e8s de la famille d\u2019Adama Konat\u00e9 assassin\u00e9e : \u00ab J\u2019exige une r\u00e9ponse judiciaire imm\u00e9diate \u00bb"},"content":{"rendered":"<p dir=\"ltr\" style=\"line-height: 1.38;margin-top: 0.0pt;margin-bottom: 0.0pt\"><span style=\"font-size: 11pt;font-family: Arial, sans-serif;color: #000000;background-color: transparent;vertical-align: baseline\">Ce mardi 25 mars 2025, la famille d\u2019Adama Konat\u00e9, tragiquement assassin\u00e9e, a re\u00e7u la visite de Yaya Ka\u00efraba Kaba, le ministre de la Justice et garde des Sceaux, venu exprimer ses condol\u00e9ances au nom du pr\u00e9sident de la R\u00e9publique, du gouvernement et de l\u2019ensemble des membres de l\u2019ex\u00e9cutif. C\u2019est avec une profonde \u00e9motion et une grande tristesse que M. Kaba s\u2019est adress\u00e9 \u00e0 la population de Kankan, o\u00f9 le drame s\u2019est produit.<\/span><\/p>\n<p dir=\"ltr\">\n<p dir=\"ltr\" style=\"line-height: 1.38;margin-top: 0.0pt;margin-bottom: 0.0pt\"><span style=\"font-size: 11pt;font-family: Arial, sans-serif;color: #000000;background-color: transparent;vertical-align: baseline\">Dans son allocution, le ministre a d\u2019abord reconnu la douleur et l\u2019\u00e9motion ressenties par tous les membres de la famille et la population pr\u00e9sente. Il a \u00e9galement salu\u00e9 la population de Kankan pour sa r\u00e9action paisible face \u00e0 cet incident tragique.<\/span><\/p>\n<p>&nbsp;<\/p>\n<p dir=\"ltr\" style=\"line-height: 1.38;margin-top: 0.0pt;margin-bottom: 0.0pt\"><span style=\"font-size: 11pt;font-family: Arial, sans-serif;color: #000000;background-color: transparent;vertical-align: baseline\">\u00ab Ici n\u2019est pas un lieu appropri\u00e9 pour un discours. Nous sommes l\u00e0, le c\u0153ur meurtri, nous sommes l\u00e0 avec la douleur dans le c\u0153ur. Quand l\u2019\u00e9motion envahit l\u2019homme, sa poitrine est comprim\u00e9e, sa gorge est serr\u00e9e, la langue devient lourde et, par cons\u00e9quent, son vocabulaire s\u2019affaiblit. Je suis exactement dans cette position pour m\u2019exprimer devant cette population. La d\u00e9l\u00e9gation que je conduis est pr\u00e9sente ici au nom, tout d\u2019abord, du pr\u00e9sident de la R\u00e9publique, le chef supr\u00eame des arm\u00e9es, le g\u00e9n\u00e9ral Mamadi Doumbouya. Cette d\u00e9l\u00e9gation est \u00e9galement repr\u00e9sentante de Monsieur le Premier ministre, chef du gouvernement, et de l\u2019ensemble des membres du gouvernement. \u00c0 l\u2019occasion de cette douloureuse situation, nous sommes le porte-voix pour pr\u00e9senter les condol\u00e9ances, \u00e0 la fois \u00e9mues et attrist\u00e9es, des membres du gouvernement, \u00e0 commencer par le premier responsable de ce pays. Le lendemain du tragique \u00e9v\u00e9nement, nous nous sommes adress\u00e9s au peuple de Guin\u00e9e \u00e0 travers un communiqu\u00e9 que tout le monde a suivi. Apr\u00e8s ce communiqu\u00e9, Monsieur le procureur de la R\u00e9publique a re\u00e7u des instructions fermes de la chancellerie. Depuis la commission des faits jusqu\u2019\u00e0 maintenant, le procureur Marwane est en contact \u00e9troit, \u00e0 la fois avec son procureur g\u00e9n\u00e9ral et avec le garde des Sceaux. Il me remonte les informations en temps r\u00e9el. Mais face \u00e0 ce drame, la premi\u00e8re des choses, c\u2019est l\u2019apaisement des c\u0153urs. C\u2019est pourquoi, au nom du chef de l\u2019\u00c9tat, du chef du gouvernement et de l\u2019ensemble des membres du gouvernement, nous f\u00e9licitons la population de Kankan qui a fait preuve de retenue et de sagesse. Mais cela ne surprend pas, Kankan est une ville religieuse, et lorsqu\u2019une ville est religieuse, l\u2019avantage principal est la pr\u00e9servation de la paix. Population de Kankan, merci pour votre r\u00e9action paisible. \u00bb<\/span><\/p>\n<p dir=\"ltr\">\n<p dir=\"ltr\" style=\"line-height: 1.38;margin-top: 0.0pt;margin-bottom: 0.0pt\"><span style=\"font-size: 11pt;font-family: Arial, sans-serif;color: #000000;background-color: transparent;vertical-align: baseline\">Le ministre a \u00e9galement mis en garde contre toute forme de retard dans le traitement de cette affaire.<\/span><\/p>\n<p dir=\"ltr\">\n<p dir=\"ltr\" style=\"line-height: 1.38;margin-top: 0.0pt;margin-bottom: 0.0pt\"><span style=\"font-size: 11pt;font-family: Arial, sans-serif;color: #000000;background-color: transparent;vertical-align: baseline\">\u00ab Au-del\u00e0 des dures \u00e9preuves accept\u00e9es conform\u00e9ment \u00e0 la volont\u00e9 divine, il y a lieu de faire face \u00e0 la situation. Faire face comment ? Faire face \u00e0 cette situation en tenant compte de ses cons\u00e9quences juridiques. Cet acte a heurt\u00e9 tout le monde. Dans le communiqu\u00e9 qui a \u00e9t\u00e9 diffus\u00e9, nous avons pr\u00e9sent\u00e9 les condol\u00e9ances \u00e0 la population, mais surtout nous avons adress\u00e9 nos condol\u00e9ances aux femmes de ce pays, aux femmes victimes de violences, \u00e0 nos m\u00e8res, nos \u00e9pouses, \u00e0 nos s\u0153urs qui sont quotidiennement victimes de violences de genre. C\u2019est vous, les femmes, qui donnez la vie, nous devons, avec toute responsabilit\u00e9, prot\u00e9ger votre vie, et cette protection sera assur\u00e9e. La proc\u00e9dure judiciaire est engag\u00e9e, que la population se rassure, cette proc\u00e9dure judiciaire est conduite par le procureur de la R\u00e9publique, Marwane Bald\u00e9. Je crois que sa rigueur n\u2019est plus \u00e0 commenter \u00e0 Kankan. Il est l\u00e0, il suit les instructions et il remonte les informations. Il a aujourd\u2019hui comme garde des Sceaux quelqu\u2019un qui a \u00e9t\u00e9 procureur g\u00e9n\u00e9ral ici \u00e0 Kankan pendant quatre ans. Vous savez si je plaisante avec ma langue ou pas. Je suis extr\u00eamement choqu\u00e9 par cet acte, mais en homme de droit, je me conformerai strictement aux prescriptions du code p\u00e9nal et du code de proc\u00e9dure p\u00e9nale. Et j\u2019invite les magistrats d\u2019instance et du parquet g\u00e9n\u00e9ral \u00e0 observer strictement les d\u00e9lais l\u00e9gaux prescrits par le code de proc\u00e9dure p\u00e9nale dans le traitement de ce dossier. Je ne veux pas de retard, quel qu\u2019il soit, dans ce dossier pour \u00e9viter que les faits tombent dans l\u2019oubli collectif. Je veux une r\u00e9ponse judiciaire imm\u00e9diate. \u00bb<\/span><\/p>\n<p dir=\"ltr\">\n<p dir=\"ltr\" style=\"line-height: 1.38;margin-top: 0.0pt;margin-bottom: 0.0pt\"><span style=\"font-size: 11pt;font-family: Arial, sans-serif;color: #000000;background-color: transparent;vertical-align: baseline\">Le ministre Yaya Ka\u00efraba Kaba a conclu son intervention en r\u00e9affirmant son engagement \u00e0 garantir une justice rapide et efficace pour Adama Konat\u00e9 et toutes les victimes de violences.<\/span><\/p>\n<p>&nbsp;<\/p>\n<p dir=\"ltr\" style=\"line-height: 1.38;margin-top: 0.0pt;margin-bottom: 0.0pt\"><span style=\"font-size: 11pt;font-family: Arial, sans-serif;color: #000000;background-color: transparent;vertical-align: baseline\">Mediaguinee\u00a0<\/span><\/p>\n<p>&nbsp;<\/p>\n","protected":false},"excerpt":{"rendered":"<p>Ce mardi 25 mars 2025, la famille d\u2019Adama Konat\u00e9, tragiquement assassin\u00e9e, a re\u00e7u la visite<\/p>\n","protected":false},"author":2,"featured_media":7793,"comment_status":"closed","ping_status":"open","sticky":false,"template":"","format":"standard","meta":[],"categories":[3,5],"tags":[237],"yoast_head":"<!-- This site is optimized with the Yoast SEO plugin v19.13 - https:\/\/yoast.com\/wordpress\/plugins\/seo\/ -->\n<title>Kankan- Yaya Ka\u00efraba, aupr\u00e8s de la famille d\u2019Adama Konat\u00e9 assassin\u00e9e : \u00ab J\u2019exige une r\u00e9ponse judiciaire imm\u00e9diate \u00bb - UNIVERSNEWS224<\/title>\n<meta name=\"robots\" content=\"index, follow, max-snippet:-1, max-image-preview:large, max-video-preview:-1\" \/>\n<link rel=\"canonical\" href=\"https:\/\/universnews224.com\/index.php\/kankan-yaya-kairaba-aupres-de-la-famille-dadama-konate-assassinee-jexige-une-reponse-judiciaire-immediate\/\" \/>\n<meta property=\"og:locale\" content=\"fr_FR\" \/>\n<meta property=\"og:type\" content=\"article\" \/>\n<meta property=\"og:title\" content=\"Kankan- Yaya Ka\u00efraba, aupr\u00e8s de la famille d\u2019Adama Konat\u00e9 assassin\u00e9e : \u00ab J\u2019exige une r\u00e9ponse judiciaire imm\u00e9diate \u00bb - UNIVERSNEWS224\" \/>\n<meta property=\"og:description\" content=\"Ce mardi 25 mars 2025, la famille d\u2019Adama Konat\u00e9, tragiquement assassin\u00e9e, a re\u00e7u la visite\" \/>\n<meta property=\"og:url\" content=\"https:\/\/universnews224.com\/index.php\/kankan-yaya-kairaba-aupres-de-la-famille-dadama-konate-assassinee-jexige-une-reponse-judiciaire-immediate\/\" \/>\n<meta property=\"og:site_name\" content=\"UNIVERSNEWS224\" \/>\n<meta property=\"article:published_time\" content=\"2025-03-25T22:11:30+00:00\" \/>\n<meta property=\"og:image\" content=\"https:\/\/universnews224.com\/wp-content\/uploads\/2025\/03\/IMG_2470.jpg\" \/>\n\t<meta property=\"og:image:width\" content=\"1920\" \/>\n\t<meta property=\"og:image:height\" content=\"1080\" \/>\n\t<meta property=\"og:image:type\" content=\"image\/jpeg\" \/>\n<meta name=\"author\" content=\"La R\u00e9daction\" \/>\n<meta name=\"twitter:label1\" content=\"\u00c9crit par\" \/>\n\t<meta name=\"twitter:data1\" content=\"La R\u00e9daction\" \/>\n\t<meta name=\"twitter:label2\" content=\"Dur\u00e9e de lecture estim\u00e9e\" \/>\n\t<meta name=\"twitter:data2\" content=\"4 minutes\" \/>\n<script type=\"application\/ld+json\" class=\"yoast-schema-graph\">{\"@context\":\"https:\/\/schema.org\",\"@graph\":[{\"@type\":\"Article\",\"@id\":\"https:\/\/universnews224.com\/index.php\/kankan-yaya-kairaba-aupres-de-la-famille-dadama-konate-assassinee-jexige-une-reponse-judiciaire-immediate\/#article\",\"isPartOf\":{\"@id\":\"https:\/\/universnews224.com\/index.php\/kankan-yaya-kairaba-aupres-de-la-famille-dadama-konate-assassinee-jexige-une-reponse-judiciaire-immediate\/\"},\"author\":{\"name\":\"La R\u00e9daction\",\"@id\":\"https:\/\/universnews224.com\/#\/schema\/person\/a4b7d4f94a4716df60456a491260485e\"},\"headline\":\"Kankan- Yaya Ka\u00efraba, aupr\u00e8s de la famille d\u2019Adama Konat\u00e9 assassin\u00e9e : \u00ab J\u2019exige une r\u00e9ponse judiciaire imm\u00e9diate \u00bb\",\"datePublished\":\"2025-03-25T22:11:30+00:00\",\"dateModified\":\"2025-03-25T22:11:30+00:00\",\"mainEntityOfPage\":{\"@id\":\"https:\/\/universnews224.com\/index.php\/kankan-yaya-kairaba-aupres-de-la-famille-dadama-konate-assassinee-jexige-une-reponse-judiciaire-immediate\/\"},\"wordCount\":826,\"publisher\":{\"@id\":\"https:\/\/universnews224.com\/#organization\"},\"keywords\":[\"A la une\"],\"articleSection\":[\"ACTU\",\"SOCI\u00c9T\u00c9\"],\"inLanguage\":\"fr-FR\"},{\"@type\":\"WebPage\",\"@id\":\"https:\/\/universnews224.com\/index.php\/kankan-yaya-kairaba-aupres-de-la-famille-dadama-konate-assassinee-jexige-une-reponse-judiciaire-immediate\/\",\"url\":\"https:\/\/universnews224.com\/index.php\/kankan-yaya-kairaba-aupres-de-la-famille-dadama-konate-assassinee-jexige-une-reponse-judiciaire-immediate\/\",\"name\":\"Kankan- Yaya Ka\u00efraba, aupr\u00e8s de la famille d\u2019Adama Konat\u00e9 assassin\u00e9e : \u00ab J\u2019exige une r\u00e9ponse judiciaire imm\u00e9diate \u00bb - UNIVERSNEWS224\",\"isPartOf\":{\"@id\":\"https:\/\/universnews224.com\/#website\"},\"datePublished\":\"2025-03-25T22:11:30+00:00\",\"dateModified\":\"2025-03-25T22:11:30+00:00\",\"inLanguage\":\"fr-FR\",\"potentialAction\":[{\"@type\":\"ReadAction\",\"target\":[\"https:\/\/universnews224.com\/index.php\/kankan-yaya-kairaba-aupres-de-la-famille-dadama-konate-assassinee-jexige-une-reponse-judiciaire-immediate\/\"]}]},{\"@type\":\"WebSite\",\"@id\":\"https:\/\/universnews224.com\/#website\",\"url\":\"https:\/\/universnews224.com\/\",\"name\":\"UNIVERSNEWS224\",\"description\":\"\",\"publisher\":{\"@id\":\"https:\/\/universnews224.com\/#organization\"},\"potentialAction\":[{\"@type\":\"SearchAction\",\"target\":{\"@type\":\"EntryPoint\",\"urlTemplate\":\"https:\/\/universnews224.com\/?s={search_term_string}\"},\"query-input\":\"required name=search_term_string\"}],\"inLanguage\":\"fr-FR\"},{\"@type\":\"Organization\",\"@id\":\"https:\/\/universnews224.com\/#organization\",\"name\":\"UNIVERSNEWS224\",\"url\":\"https:\/\/universnews224.com\/\",\"logo\":{\"@type\":\"ImageObject\",\"inLanguage\":\"fr-FR\",\"@id\":\"https:\/\/universnews224.com\/#\/schema\/logo\/image\/\",\"url\":\"https:\/\/universnews224.com\/wp-content\/uploads\/2022\/08\/cropped-cropped-logoban.jpg\",\"contentUrl\":\"https:\/\/universnews224.com\/wp-content\/uploads\/2022\/08\/cropped-cropped-logoban.jpg\",\"width\":1080,\"height\":138,\"caption\":\"UNIVERSNEWS224\"},\"image\":{\"@id\":\"https:\/\/universnews224.com\/#\/schema\/logo\/image\/\"}},{\"@type\":\"Person\",\"@id\":\"https:\/\/universnews224.com\/#\/schema\/person\/a4b7d4f94a4716df60456a491260485e\",\"name\":\"La R\u00e9daction\",\"image\":{\"@type\":\"ImageObject\",\"inLanguage\":\"fr-FR\",\"@id\":\"https:\/\/universnews224.com\/#\/schema\/person\/image\/\",\"url\":\"https:\/\/secure.gravatar.com\/avatar\/edb90acc7752b23e1b3307ad36c14f0d?s=96&d=mm&r=g\",\"contentUrl\":\"https:\/\/secure.gravatar.com\/avatar\/edb90acc7752b23e1b3307ad36c14f0d?s=96&d=mm&r=g\",\"caption\":\"La R\u00e9daction\"},\"sameAs\":[\"https:\/\/universnews224.com\"],\"url\":\"https:\/\/universnews224.com\/index.php\/author\/m-camara\/\"}]}<\/script>\n<!-- \/ Yoast SEO plugin. -->","yoast_head_json":{"title":"Kankan- Yaya Ka\u00efraba, aupr\u00e8s de la famille d\u2019Adama Konat\u00e9 assassin\u00e9e : \u00ab J\u2019exige une r\u00e9ponse judiciaire imm\u00e9diate \u00bb - UNIVERSNEWS224","robots":{"index":"index","follow":"follow","max-snippet":"max-snippet:-1","max-image-preview":"max-image-preview:large","max-video-preview":"max-video-preview:-1"},"canonical":"https:\/\/universnews224.com\/index.php\/kankan-yaya-kairaba-aupres-de-la-famille-dadama-konate-assassinee-jexige-une-reponse-judiciaire-immediate\/","og_locale":"fr_FR","og_type":"article","og_title":"Kankan- Yaya Ka\u00efraba, aupr\u00e8s de la famille d\u2019Adama Konat\u00e9 assassin\u00e9e : \u00ab J\u2019exige une r\u00e9ponse judiciaire imm\u00e9diate \u00bb - UNIVERSNEWS224","og_description":"Ce mardi 25 mars 2025, la famille d\u2019Adama Konat\u00e9, tragiquement assassin\u00e9e, a re\u00e7u la visite","og_url":"https:\/\/universnews224.com\/index.php\/kankan-yaya-kairaba-aupres-de-la-famille-dadama-konate-assassinee-jexige-une-reponse-judiciaire-immediate\/","og_site_name":"UNIVERSNEWS224","article_published_time":"2025-03-25T22:11:30+00:00","og_image":[{"width":1920,"height":1080,"url":"https:\/\/universnews224.com\/wp-content\/uploads\/2025\/03\/IMG_2470.jpg","type":"image\/jpeg"}],"author":"La R\u00e9daction","twitter_misc":{"\u00c9crit par":"La R\u00e9daction","Dur\u00e9e de lecture estim\u00e9e":"4 minutes"},"schema":{"@context":"https:\/\/schema.org","@graph":[{"@type":"Article","@id":"https:\/\/universnews224.com\/index.php\/kankan-yaya-kairaba-aupres-de-la-famille-dadama-konate-assassinee-jexige-une-reponse-judiciaire-immediate\/#article","isPartOf":{"@id":"https:\/\/universnews224.com\/index.php\/kankan-yaya-kairaba-aupres-de-la-famille-dadama-konate-assassinee-jexige-une-reponse-judiciaire-immediate\/"},"author":{"name":"La R\u00e9daction","@id":"https:\/\/universnews224.com\/#\/schema\/person\/a4b7d4f94a4716df60456a491260485e"},"headline":"Kankan- Yaya Ka\u00efraba, aupr\u00e8s de la famille d\u2019Adama Konat\u00e9 assassin\u00e9e : \u00ab J\u2019exige une r\u00e9ponse judiciaire imm\u00e9diate \u00bb","datePublished":"2025-03-25T22:11:30+00:00","dateModified":"2025-03-25T22:11:30+00:00","mainEntityOfPage":{"@id":"https:\/\/universnews224.com\/index.php\/kankan-yaya-kairaba-aupres-de-la-famille-dadama-konate-assassinee-jexige-une-reponse-judiciaire-immediate\/"},"wordCount":826,"publisher":{"@id":"https:\/\/universnews224.com\/#organization"},"keywords":["A la une"],"articleSection":["ACTU","SOCI\u00c9T\u00c9"],"inLanguage":"fr-FR"},{"@type":"WebPage","@id":"https:\/\/universnews224.com\/index.php\/kankan-yaya-kairaba-aupres-de-la-famille-dadama-konate-assassinee-jexige-une-reponse-judiciaire-immediate\/","url":"https:\/\/universnews224.com\/index.php\/kankan-yaya-kairaba-aupres-de-la-famille-dadama-konate-assassinee-jexige-une-reponse-judiciaire-immediate\/","name":"Kankan- Yaya Ka\u00efraba, aupr\u00e8s de la famille d\u2019Adama Konat\u00e9 assassin\u00e9e : \u00ab J\u2019exige une r\u00e9ponse judiciaire imm\u00e9diate \u00bb - UNIVERSNEWS224","isPartOf":{"@id":"https:\/\/universnews224.com\/#website"},"datePublished":"2025-03-25T22:11:30+00:00","dateModified":"2025-03-25T22:11:30+00:00","inLanguage":"fr-FR","potentialAction":[{"@type":"ReadAction","target":["https:\/\/universnews224.com\/index.php\/kankan-yaya-kairaba-aupres-de-la-famille-dadama-konate-assassinee-jexige-une-reponse-judiciaire-immediate\/"]}]},{"@type":"WebSite","@id":"https:\/\/universnews224.com\/#website","url":"https:\/\/universnews224.com\/","name":"UNIVERSNEWS224","description":"","publisher":{"@id":"https:\/\/universnews224.com\/#organization"},"potentialAction":[{"@type":"SearchAction","target":{"@type":"EntryPoint","urlTemplate":"https:\/\/universnews224.com\/?s={search_term_string}"},"query-input":"required name=search_term_string"}],"inLanguage":"fr-FR"},{"@type":"Organization","@id":"https:\/\/universnews224.com\/#organization","name":"UNIVERSNEWS224","url":"https:\/\/universnews224.com\/","logo":{"@type":"ImageObject","inLanguage":"fr-FR","@id":"https:\/\/universnews224.com\/#\/schema\/logo\/image\/","url":"https:\/\/universnews224.com\/wp-content\/uploads\/2022\/08\/cropped-cropped-logoban.jpg","contentUrl":"https:\/\/universnews224.com\/wp-content\/uploads\/2022\/08\/cropped-cropped-logoban.jpg","width":1080,"height":138,"caption":"UNIVERSNEWS224"},"image":{"@id":"https:\/\/universnews224.com\/#\/schema\/logo\/image\/"}},{"@type":"Person","@id":"https:\/\/universnews224.com\/#\/schema\/person\/a4b7d4f94a4716df60456a491260485e","name":"La R\u00e9daction","image":{"@type":"ImageObject","inLanguage":"fr-FR","@id":"https:\/\/universnews224.com\/#\/schema\/person\/image\/","url":"https:\/\/secure.gravatar.com\/avatar\/edb90acc7752b23e1b3307ad36c14f0d?s=96&d=mm&r=g","contentUrl":"https:\/\/secure.gravatar.com\/avatar\/edb90acc7752b23e1b3307ad36c14f0d?s=96&d=mm&r=g","caption":"La R\u00e9daction"},"sameAs":["https:\/\/universnews224.com"],"url":"https:\/\/universnews224.com\/index.php\/author\/m-camara\/"}]}},"_links":{"self":[{"href":"https:\/\/universnews224.com\/index.php\/wp-json\/wp\/v2\/posts\/7792"}],"collection":[{"href":"https:\/\/universnews224.com\/index.php\/wp-json\/wp\/v2\/posts"}],"about":[{"href":"https:\/\/universnews224.com\/index.php\/wp-json\/wp\/v2\/types\/post"}],"author":[{"embeddable":true,"href":"https:\/\/universnews224.com\/index.php\/wp-json\/wp\/v2\/users\/2"}],"replies":[{"embeddable":true,"href":"https:\/\/universnews224.com\/index.php\/wp-json\/wp\/v2\/comments?post=7792"}],"version-history":[{"count":1,"href":"https:\/\/universnews224.com\/index.php\/wp-json\/wp\/v2\/posts\/7792\/revisions"}],"predecessor-version":[{"id":7794,"href":"https:\/\/universnews224.com\/index.php\/wp-json\/wp\/v2\/posts\/7792\/revisions\/7794"}],"wp:featuredmedia":[{"embeddable":true,"href":"https:\/\/universnews224.com\/index.php\/wp-json\/wp\/v2\/media\/7793"}],"wp:attachment":[{"href":"https:\/\/universnews224.com\/index.php\/wp-json\/wp\/v2\/media?parent=7792"}],"wp:term":[{"taxonomy":"category","embeddable":true,"href":"https:\/\/universnews224.com\/index.php\/wp-json\/wp\/v2\/categories?post=7792"},{"taxonomy":"post_tag","embeddable":true,"href":"https:\/\/universnews224.com\/index.php\/wp-json\/wp\/v2\/tags?post=7792"}],"curies":[{"name":"wp","href":"https:\/\/api.w.org\/{rel}","templated":true}]}}