{"id":7800,"date":"2025-03-26T14:01:58","date_gmt":"2025-03-26T13:01:58","guid":{"rendered":"https:\/\/universnews224.com\/?p=7800"},"modified":"2025-03-26T14:01:58","modified_gmt":"2025-03-26T13:01:58","slug":"ministrere-de-energie-acquis-et-perspectives-ministre-aboubacar-camara-devant-les-journalistes-en-langue-nationale","status":"publish","type":"post","link":"https:\/\/universnews224.com\/index.php\/ministrere-de-energie-acquis-et-perspectives-ministre-aboubacar-camara-devant-les-journalistes-en-langue-nationale\/","title":{"rendered":"Ministr\u00e8re de \u00c9nergie: Acquis et perspectives\/ Ministre Aboubacar Camara devant les journalistes en langue nationale"},"content":{"rendered":"<p><span style=\"font-size: 11pt;font-family: Arial, sans-serif;color: #000000;background-color: transparent;vertical-align: baseline\">Le Minist\u00e8re de l&rsquo;\u00c9nergie, de l&rsquo;Hydraulique et des Hydrocarbures M. Aboubacar Camara entour\u00e9 de quelques membres de son d\u00e9partement a anim\u00e9\u00a0 ce mercredi 26 mars 2025 \u00e0 Conakry une conf\u00e9rence de presse purement\u00a0 bas\u00e9e en langues nationales dont le th\u00e8me est : D\u00e9fis,\u00a0 avanc\u00e9es et perspectives pour un acc\u00e8s durable \u00e0 l&rsquo;Eau, l&rsquo;Energie et au Gaz Butane. <a href=\"https:\/\/universnews224.com\/wp-content\/uploads\/2025\/03\/IMG-20250326-WA0011.jpg\"><img loading=\"lazy\" class=\"alignnone size-medium wp-image-7801\" src=\"https:\/\/universnews224.com\/wp-content\/uploads\/2025\/03\/IMG-20250326-WA0011-300x169.jpg\" alt=\"\" width=\"300\" height=\"169\" srcset=\"https:\/\/universnews224.com\/wp-content\/uploads\/2025\/03\/IMG-20250326-WA0011-300x169.jpg 300w, https:\/\/universnews224.com\/wp-content\/uploads\/2025\/03\/IMG-20250326-WA0011-1024x576.jpg 1024w, https:\/\/universnews224.com\/wp-content\/uploads\/2025\/03\/IMG-20250326-WA0011-768x432.jpg 768w, https:\/\/universnews224.com\/wp-content\/uploads\/2025\/03\/IMG-20250326-WA0011-800x450.jpg 800w, https:\/\/universnews224.com\/wp-content\/uploads\/2025\/03\/IMG-20250326-WA0011.jpg 1032w\" sizes=\"(max-width: 300px) 100vw, 300px\" \/><\/a><\/span><\/p>\n<p><span style=\"font-size: 11pt;font-family: Arial, sans-serif;color: #000000;background-color: transparent;vertical-align: baseline\">Dans son intervention, le ministre de l&rsquo;\u00e9nergie Aboubacar Camara a fait savoir que son d\u00e9partement joue actuellement un r\u00f4le central dans le cadre de lutte contre la coupure de courant et l&rsquo;acc\u00e8s \u00e0 l&rsquo;eau potable pour nos citoyens. <a href=\"https:\/\/universnews224.com\/wp-content\/uploads\/2025\/03\/IMG-20250326-WA0012.jpg\"><img loading=\"lazy\" class=\"alignnone size-medium wp-image-7802\" src=\"https:\/\/universnews224.com\/wp-content\/uploads\/2025\/03\/IMG-20250326-WA0012-300x169.jpg\" alt=\"\" width=\"300\" height=\"169\" srcset=\"https:\/\/universnews224.com\/wp-content\/uploads\/2025\/03\/IMG-20250326-WA0012-300x169.jpg 300w, https:\/\/universnews224.com\/wp-content\/uploads\/2025\/03\/IMG-20250326-WA0012-1024x576.jpg 1024w, https:\/\/universnews224.com\/wp-content\/uploads\/2025\/03\/IMG-20250326-WA0012-768x432.jpg 768w, https:\/\/universnews224.com\/wp-content\/uploads\/2025\/03\/IMG-20250326-WA0012-800x450.jpg 800w, https:\/\/universnews224.com\/wp-content\/uploads\/2025\/03\/IMG-20250326-WA0012.jpg 1032w\" sizes=\"(max-width: 300px) 100vw, 300px\" \/><\/a><\/span><span style=\"font-size: 11pt;font-family: Arial, sans-serif;color: #000000;background-color: transparent;vertical-align: baseline\">\u00abAujourd&rsquo;hui, nous avons beaucoup de difficult\u00e9s au niveau de notre d\u00e9partement concernant l&rsquo;eau et l&rsquo;\u00e9nergie.\u00a0 Mais, pour le moment, nous sommes entrain de faire de notre mieux pour nous permettre d&rsquo;aller dans la c\u00e9l\u00e9rit\u00e9 et la s\u00e9curit\u00e9 sanitaire de notre maison. L&rsquo;eau c&rsquo;est quelque chose qui est tr\u00e8s important dans la vie de l&rsquo;homme, donc nous devrions prendre tous nos responsabilit\u00e9s pour pr\u00e9server la bonne pratique et utilisation correcte de cette eau. Le Pr\u00e9sident Mamadi Doumbouya est entrain de travailler nuit et jour pour satisfaire la population guin\u00e9enne, mais si cette population ne prend pas soin du travail que le chef de l\u2019\u00c9tat est entrain de faire pour que sa jeunesse puisse \u00eatre heureuse et de savoir s\u2019orienter vers le d\u00e9veloppement durable est-ce que cela va renforcer les engagements envers le gouvernement dans la gestion de cette situation d&rsquo;eau je dit non \u00bb, a-t-il soulign\u00e9 le ministre.\u00a0<\/span><\/p>\n<p>&nbsp;<\/p>\n<p dir=\"ltr\" style=\"line-height: 1.38;margin-top: 0.0pt;margin-bottom: 0.0pt\"><span style=\"font-size: 11pt;font-family: Arial, sans-serif;color: #000000;background-color: transparent;vertical-align: baseline\">Et d&rsquo;ajouter, \u00ab nous demandons au citoyen guin\u00e9ens que l&rsquo;eau c&rsquo;est la vie, il faut vraiment cultiver l&rsquo;esprit de patriotisme et de partage entre les diff\u00e9rentes composantes de notre soci\u00e9t\u00e9 pour la sauvegarde de cette eau. Beaucoup de choses ont \u00e9t\u00e9 faites dans la gouvernance du pr\u00e9sident mais il reste encore beaucoup d\u2019efforts pour atteindre vraiment nos objectifs fondamentaux de tout progr\u00e8s de notre pays en cette p\u00e9riode transitoire et de tous les secteurs d\u2019activit\u00e9s de ce que signifie la mise en place d&rsquo;un plan d&rsquo;action et de d\u00e9veloppement pr\u00f4n\u00e9s par le pr\u00e9sident Mamadi Doumbouya dans le bon sens de la vision qu&rsquo;il a commenc\u00e9 \u00e0 faire autant que possible sans avoir \u00e0 faire de telle mani\u00e8re que le projet soit de fa\u00e7on efficace et repr\u00e9sentative dans la sous-r\u00e9gion\u00bb, a-t-il indiqu\u00e9.\u00a0<\/span><\/p>\n<p>&nbsp;<\/p>\n<p dir=\"ltr\" style=\"line-height: 1.38;margin-top: 0.0pt;margin-bottom: 0.0pt\"><span style=\"font-size: 11pt;font-family: Arial, sans-serif;color: #000000;background-color: transparent;vertical-align: baseline\">Sana Sylla.<\/span><\/p>\n","protected":false},"excerpt":{"rendered":"<p>Le Minist\u00e8re de l&rsquo;\u00c9nergie, de l&rsquo;Hydraulique et des Hydrocarbures M. Aboubacar Camara entour\u00e9 de quelques<\/p>\n","protected":false},"author":2,"featured_media":7801,"comment_status":"closed","ping_status":"open","sticky":false,"template":"","format":"standard","meta":[],"categories":[3,5],"tags":[237],"yoast_head":"<!-- This site is optimized with the Yoast SEO plugin v19.13 - https:\/\/yoast.com\/wordpress\/plugins\/seo\/ -->\n<title>Ministr\u00e8re de \u00c9nergie: Acquis et perspectives\/ Ministre Aboubacar Camara devant les journalistes en langue nationale - UNIVERSNEWS224<\/title>\n<meta name=\"robots\" content=\"index, follow, max-snippet:-1, max-image-preview:large, max-video-preview:-1\" \/>\n<link rel=\"canonical\" href=\"https:\/\/universnews224.com\/index.php\/ministrere-de-energie-acquis-et-perspectives-ministre-aboubacar-camara-devant-les-journalistes-en-langue-nationale\/\" \/>\n<meta property=\"og:locale\" content=\"fr_FR\" \/>\n<meta property=\"og:type\" content=\"article\" \/>\n<meta property=\"og:title\" content=\"Ministr\u00e8re de \u00c9nergie: Acquis et perspectives\/ Ministre Aboubacar Camara devant les journalistes en langue nationale - UNIVERSNEWS224\" \/>\n<meta property=\"og:description\" content=\"Le Minist\u00e8re de l&rsquo;\u00c9nergie, de l&rsquo;Hydraulique et des Hydrocarbures M. Aboubacar Camara entour\u00e9 de quelques\" \/>\n<meta property=\"og:url\" content=\"https:\/\/universnews224.com\/index.php\/ministrere-de-energie-acquis-et-perspectives-ministre-aboubacar-camara-devant-les-journalistes-en-langue-nationale\/\" \/>\n<meta property=\"og:site_name\" content=\"UNIVERSNEWS224\" \/>\n<meta property=\"article:published_time\" content=\"2025-03-26T13:01:58+00:00\" \/>\n<meta property=\"og:image\" content=\"https:\/\/universnews224.com\/wp-content\/uploads\/2025\/03\/IMG-20250326-WA0011.jpg\" \/>\n\t<meta property=\"og:image:width\" content=\"1032\" \/>\n\t<meta property=\"og:image:height\" content=\"581\" \/>\n\t<meta property=\"og:image:type\" content=\"image\/jpeg\" \/>\n<meta name=\"author\" content=\"La R\u00e9daction\" \/>\n<meta name=\"twitter:label1\" content=\"\u00c9crit par\" \/>\n\t<meta name=\"twitter:data1\" content=\"La R\u00e9daction\" \/>\n\t<meta name=\"twitter:label2\" content=\"Dur\u00e9e de lecture estim\u00e9e\" \/>\n\t<meta name=\"twitter:data2\" content=\"3 minutes\" \/>\n<script type=\"application\/ld+json\" class=\"yoast-schema-graph\">{\"@context\":\"https:\/\/schema.org\",\"@graph\":[{\"@type\":\"Article\",\"@id\":\"https:\/\/universnews224.com\/index.php\/ministrere-de-energie-acquis-et-perspectives-ministre-aboubacar-camara-devant-les-journalistes-en-langue-nationale\/#article\",\"isPartOf\":{\"@id\":\"https:\/\/universnews224.com\/index.php\/ministrere-de-energie-acquis-et-perspectives-ministre-aboubacar-camara-devant-les-journalistes-en-langue-nationale\/\"},\"author\":{\"name\":\"La R\u00e9daction\",\"@id\":\"https:\/\/universnews224.com\/#\/schema\/person\/a4b7d4f94a4716df60456a491260485e\"},\"headline\":\"Ministr\u00e8re de \u00c9nergie: Acquis et perspectives\/ Ministre Aboubacar Camara devant les journalistes en langue nationale\",\"datePublished\":\"2025-03-26T13:01:58+00:00\",\"dateModified\":\"2025-03-26T13:01:58+00:00\",\"mainEntityOfPage\":{\"@id\":\"https:\/\/universnews224.com\/index.php\/ministrere-de-energie-acquis-et-perspectives-ministre-aboubacar-camara-devant-les-journalistes-en-langue-nationale\/\"},\"wordCount\":427,\"publisher\":{\"@id\":\"https:\/\/universnews224.com\/#organization\"},\"keywords\":[\"A la une\"],\"articleSection\":[\"ACTU\",\"SOCI\u00c9T\u00c9\"],\"inLanguage\":\"fr-FR\"},{\"@type\":\"WebPage\",\"@id\":\"https:\/\/universnews224.com\/index.php\/ministrere-de-energie-acquis-et-perspectives-ministre-aboubacar-camara-devant-les-journalistes-en-langue-nationale\/\",\"url\":\"https:\/\/universnews224.com\/index.php\/ministrere-de-energie-acquis-et-perspectives-ministre-aboubacar-camara-devant-les-journalistes-en-langue-nationale\/\",\"name\":\"Ministr\u00e8re de \u00c9nergie: Acquis et perspectives\/ Ministre Aboubacar Camara devant les journalistes en langue nationale - UNIVERSNEWS224\",\"isPartOf\":{\"@id\":\"https:\/\/universnews224.com\/#website\"},\"datePublished\":\"2025-03-26T13:01:58+00:00\",\"dateModified\":\"2025-03-26T13:01:58+00:00\",\"inLanguage\":\"fr-FR\",\"potentialAction\":[{\"@type\":\"ReadAction\",\"target\":[\"https:\/\/universnews224.com\/index.php\/ministrere-de-energie-acquis-et-perspectives-ministre-aboubacar-camara-devant-les-journalistes-en-langue-nationale\/\"]}]},{\"@type\":\"WebSite\",\"@id\":\"https:\/\/universnews224.com\/#website\",\"url\":\"https:\/\/universnews224.com\/\",\"name\":\"UNIVERSNEWS224\",\"description\":\"\",\"publisher\":{\"@id\":\"https:\/\/universnews224.com\/#organization\"},\"potentialAction\":[{\"@type\":\"SearchAction\",\"target\":{\"@type\":\"EntryPoint\",\"urlTemplate\":\"https:\/\/universnews224.com\/?s={search_term_string}\"},\"query-input\":\"required name=search_term_string\"}],\"inLanguage\":\"fr-FR\"},{\"@type\":\"Organization\",\"@id\":\"https:\/\/universnews224.com\/#organization\",\"name\":\"UNIVERSNEWS224\",\"url\":\"https:\/\/universnews224.com\/\",\"logo\":{\"@type\":\"ImageObject\",\"inLanguage\":\"fr-FR\",\"@id\":\"https:\/\/universnews224.com\/#\/schema\/logo\/image\/\",\"url\":\"https:\/\/universnews224.com\/wp-content\/uploads\/2022\/08\/cropped-cropped-logoban.jpg\",\"contentUrl\":\"https:\/\/universnews224.com\/wp-content\/uploads\/2022\/08\/cropped-cropped-logoban.jpg\",\"width\":1080,\"height\":138,\"caption\":\"UNIVERSNEWS224\"},\"image\":{\"@id\":\"https:\/\/universnews224.com\/#\/schema\/logo\/image\/\"}},{\"@type\":\"Person\",\"@id\":\"https:\/\/universnews224.com\/#\/schema\/person\/a4b7d4f94a4716df60456a491260485e\",\"name\":\"La R\u00e9daction\",\"image\":{\"@type\":\"ImageObject\",\"inLanguage\":\"fr-FR\",\"@id\":\"https:\/\/universnews224.com\/#\/schema\/person\/image\/\",\"url\":\"https:\/\/secure.gravatar.com\/avatar\/edb90acc7752b23e1b3307ad36c14f0d?s=96&d=mm&r=g\",\"contentUrl\":\"https:\/\/secure.gravatar.com\/avatar\/edb90acc7752b23e1b3307ad36c14f0d?s=96&d=mm&r=g\",\"caption\":\"La R\u00e9daction\"},\"sameAs\":[\"https:\/\/universnews224.com\"],\"url\":\"https:\/\/universnews224.com\/index.php\/author\/m-camara\/\"}]}<\/script>\n<!-- \/ Yoast SEO plugin. -->","yoast_head_json":{"title":"Ministr\u00e8re de \u00c9nergie: Acquis et perspectives\/ Ministre Aboubacar Camara devant les journalistes en langue nationale - UNIVERSNEWS224","robots":{"index":"index","follow":"follow","max-snippet":"max-snippet:-1","max-image-preview":"max-image-preview:large","max-video-preview":"max-video-preview:-1"},"canonical":"https:\/\/universnews224.com\/index.php\/ministrere-de-energie-acquis-et-perspectives-ministre-aboubacar-camara-devant-les-journalistes-en-langue-nationale\/","og_locale":"fr_FR","og_type":"article","og_title":"Ministr\u00e8re de \u00c9nergie: Acquis et perspectives\/ Ministre Aboubacar Camara devant les journalistes en langue nationale - UNIVERSNEWS224","og_description":"Le Minist\u00e8re de l&rsquo;\u00c9nergie, de l&rsquo;Hydraulique et des Hydrocarbures M. Aboubacar Camara entour\u00e9 de quelques","og_url":"https:\/\/universnews224.com\/index.php\/ministrere-de-energie-acquis-et-perspectives-ministre-aboubacar-camara-devant-les-journalistes-en-langue-nationale\/","og_site_name":"UNIVERSNEWS224","article_published_time":"2025-03-26T13:01:58+00:00","og_image":[{"width":1032,"height":581,"url":"https:\/\/universnews224.com\/wp-content\/uploads\/2025\/03\/IMG-20250326-WA0011.jpg","type":"image\/jpeg"}],"author":"La R\u00e9daction","twitter_misc":{"\u00c9crit par":"La R\u00e9daction","Dur\u00e9e de lecture estim\u00e9e":"3 minutes"},"schema":{"@context":"https:\/\/schema.org","@graph":[{"@type":"Article","@id":"https:\/\/universnews224.com\/index.php\/ministrere-de-energie-acquis-et-perspectives-ministre-aboubacar-camara-devant-les-journalistes-en-langue-nationale\/#article","isPartOf":{"@id":"https:\/\/universnews224.com\/index.php\/ministrere-de-energie-acquis-et-perspectives-ministre-aboubacar-camara-devant-les-journalistes-en-langue-nationale\/"},"author":{"name":"La R\u00e9daction","@id":"https:\/\/universnews224.com\/#\/schema\/person\/a4b7d4f94a4716df60456a491260485e"},"headline":"Ministr\u00e8re de \u00c9nergie: Acquis et perspectives\/ Ministre Aboubacar Camara devant les journalistes en langue nationale","datePublished":"2025-03-26T13:01:58+00:00","dateModified":"2025-03-26T13:01:58+00:00","mainEntityOfPage":{"@id":"https:\/\/universnews224.com\/index.php\/ministrere-de-energie-acquis-et-perspectives-ministre-aboubacar-camara-devant-les-journalistes-en-langue-nationale\/"},"wordCount":427,"publisher":{"@id":"https:\/\/universnews224.com\/#organization"},"keywords":["A la une"],"articleSection":["ACTU","SOCI\u00c9T\u00c9"],"inLanguage":"fr-FR"},{"@type":"WebPage","@id":"https:\/\/universnews224.com\/index.php\/ministrere-de-energie-acquis-et-perspectives-ministre-aboubacar-camara-devant-les-journalistes-en-langue-nationale\/","url":"https:\/\/universnews224.com\/index.php\/ministrere-de-energie-acquis-et-perspectives-ministre-aboubacar-camara-devant-les-journalistes-en-langue-nationale\/","name":"Ministr\u00e8re de \u00c9nergie: Acquis et perspectives\/ Ministre Aboubacar Camara devant les journalistes en langue nationale - UNIVERSNEWS224","isPartOf":{"@id":"https:\/\/universnews224.com\/#website"},"datePublished":"2025-03-26T13:01:58+00:00","dateModified":"2025-03-26T13:01:58+00:00","inLanguage":"fr-FR","potentialAction":[{"@type":"ReadAction","target":["https:\/\/universnews224.com\/index.php\/ministrere-de-energie-acquis-et-perspectives-ministre-aboubacar-camara-devant-les-journalistes-en-langue-nationale\/"]}]},{"@type":"WebSite","@id":"https:\/\/universnews224.com\/#website","url":"https:\/\/universnews224.com\/","name":"UNIVERSNEWS224","description":"","publisher":{"@id":"https:\/\/universnews224.com\/#organization"},"potentialAction":[{"@type":"SearchAction","target":{"@type":"EntryPoint","urlTemplate":"https:\/\/universnews224.com\/?s={search_term_string}"},"query-input":"required name=search_term_string"}],"inLanguage":"fr-FR"},{"@type":"Organization","@id":"https:\/\/universnews224.com\/#organization","name":"UNIVERSNEWS224","url":"https:\/\/universnews224.com\/","logo":{"@type":"ImageObject","inLanguage":"fr-FR","@id":"https:\/\/universnews224.com\/#\/schema\/logo\/image\/","url":"https:\/\/universnews224.com\/wp-content\/uploads\/2022\/08\/cropped-cropped-logoban.jpg","contentUrl":"https:\/\/universnews224.com\/wp-content\/uploads\/2022\/08\/cropped-cropped-logoban.jpg","width":1080,"height":138,"caption":"UNIVERSNEWS224"},"image":{"@id":"https:\/\/universnews224.com\/#\/schema\/logo\/image\/"}},{"@type":"Person","@id":"https:\/\/universnews224.com\/#\/schema\/person\/a4b7d4f94a4716df60456a491260485e","name":"La R\u00e9daction","image":{"@type":"ImageObject","inLanguage":"fr-FR","@id":"https:\/\/universnews224.com\/#\/schema\/person\/image\/","url":"https:\/\/secure.gravatar.com\/avatar\/edb90acc7752b23e1b3307ad36c14f0d?s=96&d=mm&r=g","contentUrl":"https:\/\/secure.gravatar.com\/avatar\/edb90acc7752b23e1b3307ad36c14f0d?s=96&d=mm&r=g","caption":"La R\u00e9daction"},"sameAs":["https:\/\/universnews224.com"],"url":"https:\/\/universnews224.com\/index.php\/author\/m-camara\/"}]}},"_links":{"self":[{"href":"https:\/\/universnews224.com\/index.php\/wp-json\/wp\/v2\/posts\/7800"}],"collection":[{"href":"https:\/\/universnews224.com\/index.php\/wp-json\/wp\/v2\/posts"}],"about":[{"href":"https:\/\/universnews224.com\/index.php\/wp-json\/wp\/v2\/types\/post"}],"author":[{"embeddable":true,"href":"https:\/\/universnews224.com\/index.php\/wp-json\/wp\/v2\/users\/2"}],"replies":[{"embeddable":true,"href":"https:\/\/universnews224.com\/index.php\/wp-json\/wp\/v2\/comments?post=7800"}],"version-history":[{"count":2,"href":"https:\/\/universnews224.com\/index.php\/wp-json\/wp\/v2\/posts\/7800\/revisions"}],"predecessor-version":[{"id":7804,"href":"https:\/\/universnews224.com\/index.php\/wp-json\/wp\/v2\/posts\/7800\/revisions\/7804"}],"wp:featuredmedia":[{"embeddable":true,"href":"https:\/\/universnews224.com\/index.php\/wp-json\/wp\/v2\/media\/7801"}],"wp:attachment":[{"href":"https:\/\/universnews224.com\/index.php\/wp-json\/wp\/v2\/media?parent=7800"}],"wp:term":[{"taxonomy":"category","embeddable":true,"href":"https:\/\/universnews224.com\/index.php\/wp-json\/wp\/v2\/categories?post=7800"},{"taxonomy":"post_tag","embeddable":true,"href":"https:\/\/universnews224.com\/index.php\/wp-json\/wp\/v2\/tags?post=7800"}],"curies":[{"name":"wp","href":"https:\/\/api.w.org\/{rel}","templated":true}]}}