{"id":7821,"date":"2025-03-28T23:36:19","date_gmt":"2025-03-28T22:36:19","guid":{"rendered":"https:\/\/universnews224.com\/?p=7821"},"modified":"2025-03-28T23:36:19","modified_gmt":"2025-03-28T22:36:19","slug":"urgent-capitaine-moussa-dadis-camara-gracie","status":"publish","type":"post","link":"https:\/\/universnews224.com\/index.php\/urgent-capitaine-moussa-dadis-camara-gracie\/","title":{"rendered":"Urgent: Capitaine Moussa Dadis Camara graci\u00e9.  \u00a0"},"content":{"rendered":"<p><span style=\"font-weight: 400\">\u00c0 travers un d\u00e9cret lu \u00e0 la t\u00e9l\u00e9vision nationale dans la soir\u00e9e de ce vendredi 28 mars 2025, le pr\u00e9sident de la transition G\u00e9n\u00e9ral Mamadi Doumbouya a accord\u00e9 une gr\u00e2ce pr\u00e9sidentielle \u00e0\u00a0 capitaine Moussa Dadis Camara, l&rsquo;ancien pr\u00e9sident de la transition, pour des raisons de sant\u00e9.<\/span><\/p>\n<p>&nbsp;<\/p>\n<p>&nbsp;<\/p>\n","protected":false},"excerpt":{"rendered":"<p>\u00c0 travers un d\u00e9cret lu \u00e0 la t\u00e9l\u00e9vision nationale dans la soir\u00e9e de ce vendredi<\/p>\n","protected":false},"author":2,"featured_media":7822,"comment_status":"closed","ping_status":"open","sticky":false,"template":"","format":"standard","meta":[],"categories":[3,4],"tags":[237],"yoast_head":"<!-- This site is optimized with the Yoast SEO plugin v19.13 - https:\/\/yoast.com\/wordpress\/plugins\/seo\/ -->\n<title>Urgent: Capitaine Moussa Dadis Camara graci\u00e9. \u00a0 - UNIVERSNEWS224<\/title>\n<meta name=\"robots\" content=\"index, follow, max-snippet:-1, max-image-preview:large, max-video-preview:-1\" \/>\n<link rel=\"canonical\" href=\"https:\/\/universnews224.com\/index.php\/urgent-capitaine-moussa-dadis-camara-gracie\/\" \/>\n<meta property=\"og:locale\" content=\"fr_FR\" \/>\n<meta property=\"og:type\" content=\"article\" \/>\n<meta property=\"og:title\" content=\"Urgent: Capitaine Moussa Dadis Camara graci\u00e9. \u00a0 - UNIVERSNEWS224\" \/>\n<meta property=\"og:description\" content=\"\u00c0 travers un d\u00e9cret lu \u00e0 la t\u00e9l\u00e9vision nationale dans la soir\u00e9e de ce vendredi\" \/>\n<meta property=\"og:url\" content=\"https:\/\/universnews224.com\/index.php\/urgent-capitaine-moussa-dadis-camara-gracie\/\" \/>\n<meta property=\"og:site_name\" content=\"UNIVERSNEWS224\" \/>\n<meta property=\"article:published_time\" content=\"2025-03-28T22:36:19+00:00\" \/>\n<meta property=\"og:image\" content=\"https:\/\/universnews224.com\/wp-content\/uploads\/2025\/03\/Moussa_Dadis_Camara_2009-08-08.jpg\" \/>\n\t<meta property=\"og:image:width\" content=\"960\" \/>\n\t<meta property=\"og:image:height\" content=\"1331\" \/>\n\t<meta property=\"og:image:type\" content=\"image\/jpeg\" \/>\n<meta name=\"author\" content=\"La R\u00e9daction\" \/>\n<meta name=\"twitter:label1\" content=\"\u00c9crit par\" \/>\n\t<meta name=\"twitter:data1\" content=\"La R\u00e9daction\" \/>\n\t<meta name=\"twitter:label2\" content=\"Dur\u00e9e de lecture estim\u00e9e\" \/>\n\t<meta name=\"twitter:data2\" content=\"1 minute\" \/>\n<script type=\"application\/ld+json\" class=\"yoast-schema-graph\">{\"@context\":\"https:\/\/schema.org\",\"@graph\":[{\"@type\":\"Article\",\"@id\":\"https:\/\/universnews224.com\/index.php\/urgent-capitaine-moussa-dadis-camara-gracie\/#article\",\"isPartOf\":{\"@id\":\"https:\/\/universnews224.com\/index.php\/urgent-capitaine-moussa-dadis-camara-gracie\/\"},\"author\":{\"name\":\"La R\u00e9daction\",\"@id\":\"https:\/\/universnews224.com\/#\/schema\/person\/a4b7d4f94a4716df60456a491260485e\"},\"headline\":\"Urgent: Capitaine Moussa Dadis Camara graci\u00e9. \u00a0\",\"datePublished\":\"2025-03-28T22:36:19+00:00\",\"dateModified\":\"2025-03-28T22:36:19+00:00\",\"mainEntityOfPage\":{\"@id\":\"https:\/\/universnews224.com\/index.php\/urgent-capitaine-moussa-dadis-camara-gracie\/\"},\"wordCount\":59,\"publisher\":{\"@id\":\"https:\/\/universnews224.com\/#organization\"},\"keywords\":[\"A la une\"],\"articleSection\":[\"ACTU\",\"POLITIQUE\"],\"inLanguage\":\"fr-FR\"},{\"@type\":\"WebPage\",\"@id\":\"https:\/\/universnews224.com\/index.php\/urgent-capitaine-moussa-dadis-camara-gracie\/\",\"url\":\"https:\/\/universnews224.com\/index.php\/urgent-capitaine-moussa-dadis-camara-gracie\/\",\"name\":\"Urgent: Capitaine Moussa Dadis Camara graci\u00e9. \u00a0 - UNIVERSNEWS224\",\"isPartOf\":{\"@id\":\"https:\/\/universnews224.com\/#website\"},\"datePublished\":\"2025-03-28T22:36:19+00:00\",\"dateModified\":\"2025-03-28T22:36:19+00:00\",\"inLanguage\":\"fr-FR\",\"potentialAction\":[{\"@type\":\"ReadAction\",\"target\":[\"https:\/\/universnews224.com\/index.php\/urgent-capitaine-moussa-dadis-camara-gracie\/\"]}]},{\"@type\":\"WebSite\",\"@id\":\"https:\/\/universnews224.com\/#website\",\"url\":\"https:\/\/universnews224.com\/\",\"name\":\"UNIVERSNEWS224\",\"description\":\"\",\"publisher\":{\"@id\":\"https:\/\/universnews224.com\/#organization\"},\"potentialAction\":[{\"@type\":\"SearchAction\",\"target\":{\"@type\":\"EntryPoint\",\"urlTemplate\":\"https:\/\/universnews224.com\/?s={search_term_string}\"},\"query-input\":\"required name=search_term_string\"}],\"inLanguage\":\"fr-FR\"},{\"@type\":\"Organization\",\"@id\":\"https:\/\/universnews224.com\/#organization\",\"name\":\"UNIVERSNEWS224\",\"url\":\"https:\/\/universnews224.com\/\",\"logo\":{\"@type\":\"ImageObject\",\"inLanguage\":\"fr-FR\",\"@id\":\"https:\/\/universnews224.com\/#\/schema\/logo\/image\/\",\"url\":\"https:\/\/universnews224.com\/wp-content\/uploads\/2022\/08\/cropped-cropped-logoban.jpg\",\"contentUrl\":\"https:\/\/universnews224.com\/wp-content\/uploads\/2022\/08\/cropped-cropped-logoban.jpg\",\"width\":1080,\"height\":138,\"caption\":\"UNIVERSNEWS224\"},\"image\":{\"@id\":\"https:\/\/universnews224.com\/#\/schema\/logo\/image\/\"}},{\"@type\":\"Person\",\"@id\":\"https:\/\/universnews224.com\/#\/schema\/person\/a4b7d4f94a4716df60456a491260485e\",\"name\":\"La R\u00e9daction\",\"image\":{\"@type\":\"ImageObject\",\"inLanguage\":\"fr-FR\",\"@id\":\"https:\/\/universnews224.com\/#\/schema\/person\/image\/\",\"url\":\"https:\/\/secure.gravatar.com\/avatar\/edb90acc7752b23e1b3307ad36c14f0d?s=96&d=mm&r=g\",\"contentUrl\":\"https:\/\/secure.gravatar.com\/avatar\/edb90acc7752b23e1b3307ad36c14f0d?s=96&d=mm&r=g\",\"caption\":\"La R\u00e9daction\"},\"sameAs\":[\"https:\/\/universnews224.com\"],\"url\":\"https:\/\/universnews224.com\/index.php\/author\/m-camara\/\"}]}<\/script>\n<!-- \/ Yoast SEO plugin. -->","yoast_head_json":{"title":"Urgent: Capitaine Moussa Dadis Camara graci\u00e9. \u00a0 - UNIVERSNEWS224","robots":{"index":"index","follow":"follow","max-snippet":"max-snippet:-1","max-image-preview":"max-image-preview:large","max-video-preview":"max-video-preview:-1"},"canonical":"https:\/\/universnews224.com\/index.php\/urgent-capitaine-moussa-dadis-camara-gracie\/","og_locale":"fr_FR","og_type":"article","og_title":"Urgent: Capitaine Moussa Dadis Camara graci\u00e9. \u00a0 - UNIVERSNEWS224","og_description":"\u00c0 travers un d\u00e9cret lu \u00e0 la t\u00e9l\u00e9vision nationale dans la soir\u00e9e de ce vendredi","og_url":"https:\/\/universnews224.com\/index.php\/urgent-capitaine-moussa-dadis-camara-gracie\/","og_site_name":"UNIVERSNEWS224","article_published_time":"2025-03-28T22:36:19+00:00","og_image":[{"width":960,"height":1331,"url":"https:\/\/universnews224.com\/wp-content\/uploads\/2025\/03\/Moussa_Dadis_Camara_2009-08-08.jpg","type":"image\/jpeg"}],"author":"La R\u00e9daction","twitter_misc":{"\u00c9crit par":"La R\u00e9daction","Dur\u00e9e de lecture estim\u00e9e":"1 minute"},"schema":{"@context":"https:\/\/schema.org","@graph":[{"@type":"Article","@id":"https:\/\/universnews224.com\/index.php\/urgent-capitaine-moussa-dadis-camara-gracie\/#article","isPartOf":{"@id":"https:\/\/universnews224.com\/index.php\/urgent-capitaine-moussa-dadis-camara-gracie\/"},"author":{"name":"La R\u00e9daction","@id":"https:\/\/universnews224.com\/#\/schema\/person\/a4b7d4f94a4716df60456a491260485e"},"headline":"Urgent: Capitaine Moussa Dadis Camara graci\u00e9. \u00a0","datePublished":"2025-03-28T22:36:19+00:00","dateModified":"2025-03-28T22:36:19+00:00","mainEntityOfPage":{"@id":"https:\/\/universnews224.com\/index.php\/urgent-capitaine-moussa-dadis-camara-gracie\/"},"wordCount":59,"publisher":{"@id":"https:\/\/universnews224.com\/#organization"},"keywords":["A la une"],"articleSection":["ACTU","POLITIQUE"],"inLanguage":"fr-FR"},{"@type":"WebPage","@id":"https:\/\/universnews224.com\/index.php\/urgent-capitaine-moussa-dadis-camara-gracie\/","url":"https:\/\/universnews224.com\/index.php\/urgent-capitaine-moussa-dadis-camara-gracie\/","name":"Urgent: Capitaine Moussa Dadis Camara graci\u00e9. \u00a0 - UNIVERSNEWS224","isPartOf":{"@id":"https:\/\/universnews224.com\/#website"},"datePublished":"2025-03-28T22:36:19+00:00","dateModified":"2025-03-28T22:36:19+00:00","inLanguage":"fr-FR","potentialAction":[{"@type":"ReadAction","target":["https:\/\/universnews224.com\/index.php\/urgent-capitaine-moussa-dadis-camara-gracie\/"]}]},{"@type":"WebSite","@id":"https:\/\/universnews224.com\/#website","url":"https:\/\/universnews224.com\/","name":"UNIVERSNEWS224","description":"","publisher":{"@id":"https:\/\/universnews224.com\/#organization"},"potentialAction":[{"@type":"SearchAction","target":{"@type":"EntryPoint","urlTemplate":"https:\/\/universnews224.com\/?s={search_term_string}"},"query-input":"required name=search_term_string"}],"inLanguage":"fr-FR"},{"@type":"Organization","@id":"https:\/\/universnews224.com\/#organization","name":"UNIVERSNEWS224","url":"https:\/\/universnews224.com\/","logo":{"@type":"ImageObject","inLanguage":"fr-FR","@id":"https:\/\/universnews224.com\/#\/schema\/logo\/image\/","url":"https:\/\/universnews224.com\/wp-content\/uploads\/2022\/08\/cropped-cropped-logoban.jpg","contentUrl":"https:\/\/universnews224.com\/wp-content\/uploads\/2022\/08\/cropped-cropped-logoban.jpg","width":1080,"height":138,"caption":"UNIVERSNEWS224"},"image":{"@id":"https:\/\/universnews224.com\/#\/schema\/logo\/image\/"}},{"@type":"Person","@id":"https:\/\/universnews224.com\/#\/schema\/person\/a4b7d4f94a4716df60456a491260485e","name":"La R\u00e9daction","image":{"@type":"ImageObject","inLanguage":"fr-FR","@id":"https:\/\/universnews224.com\/#\/schema\/person\/image\/","url":"https:\/\/secure.gravatar.com\/avatar\/edb90acc7752b23e1b3307ad36c14f0d?s=96&d=mm&r=g","contentUrl":"https:\/\/secure.gravatar.com\/avatar\/edb90acc7752b23e1b3307ad36c14f0d?s=96&d=mm&r=g","caption":"La R\u00e9daction"},"sameAs":["https:\/\/universnews224.com"],"url":"https:\/\/universnews224.com\/index.php\/author\/m-camara\/"}]}},"_links":{"self":[{"href":"https:\/\/universnews224.com\/index.php\/wp-json\/wp\/v2\/posts\/7821"}],"collection":[{"href":"https:\/\/universnews224.com\/index.php\/wp-json\/wp\/v2\/posts"}],"about":[{"href":"https:\/\/universnews224.com\/index.php\/wp-json\/wp\/v2\/types\/post"}],"author":[{"embeddable":true,"href":"https:\/\/universnews224.com\/index.php\/wp-json\/wp\/v2\/users\/2"}],"replies":[{"embeddable":true,"href":"https:\/\/universnews224.com\/index.php\/wp-json\/wp\/v2\/comments?post=7821"}],"version-history":[{"count":1,"href":"https:\/\/universnews224.com\/index.php\/wp-json\/wp\/v2\/posts\/7821\/revisions"}],"predecessor-version":[{"id":7823,"href":"https:\/\/universnews224.com\/index.php\/wp-json\/wp\/v2\/posts\/7821\/revisions\/7823"}],"wp:featuredmedia":[{"embeddable":true,"href":"https:\/\/universnews224.com\/index.php\/wp-json\/wp\/v2\/media\/7822"}],"wp:attachment":[{"href":"https:\/\/universnews224.com\/index.php\/wp-json\/wp\/v2\/media?parent=7821"}],"wp:term":[{"taxonomy":"category","embeddable":true,"href":"https:\/\/universnews224.com\/index.php\/wp-json\/wp\/v2\/categories?post=7821"},{"taxonomy":"post_tag","embeddable":true,"href":"https:\/\/universnews224.com\/index.php\/wp-json\/wp\/v2\/tags?post=7821"}],"curies":[{"name":"wp","href":"https:\/\/api.w.org\/{rel}","templated":true}]}}