{"id":7832,"date":"2025-03-29T23:27:40","date_gmt":"2025-03-29T22:27:40","guid":{"rendered":"https:\/\/universnews224.com\/?p=7832"},"modified":"2025-03-29T23:27:40","modified_gmt":"2025-03-29T22:27:40","slug":"urgent-la-guinee-celebre-la-fete-de-ramadan-ce-dimanche","status":"publish","type":"post","link":"https:\/\/universnews224.com\/index.php\/urgent-la-guinee-celebre-la-fete-de-ramadan-ce-dimanche\/","title":{"rendered":"Urgent: La Guin\u00e9e c\u00e9l\u00e8bre la f\u00eate de Ramadan ce dimanche."},"content":{"rendered":"<p>C&rsquo;est officiel! Apr\u00e8s 29 jours de jeune et de pri\u00e8res, les fid\u00e8les musulmans de Guin\u00e9e c\u00e9l\u00e8brent ce dimanche, 30 mars l&rsquo;A\u00efd El Fitr ou la f\u00eate ramadan. L&rsquo;annonce a \u00e9t\u00e9 faite ce samedi, 29 mars 2025 sur les madias d&rsquo;\u00c9tat par le secr\u00e9taire g\u00e9n\u00e9ral des Affaires Religieuses. Il a indiqu\u00e9 que le croissant lunaire \u00e0 \u00e9t\u00e9 observ\u00e9 dans plusieurs localit\u00e9s du pays, notamment Kankan, Bok\u00e9, Mamou et \u00e0 Faranah.<\/p>\n","protected":false},"excerpt":{"rendered":"<p>C&rsquo;est officiel! Apr\u00e8s 29 jours de jeune et de pri\u00e8res, les fid\u00e8les musulmans de Guin\u00e9e<\/p>\n","protected":false},"author":2,"featured_media":7636,"comment_status":"closed","ping_status":"open","sticky":false,"template":"","format":"standard","meta":[],"categories":[3,5],"tags":[237,240],"yoast_head":"<!-- This site is optimized with the Yoast SEO plugin v19.13 - https:\/\/yoast.com\/wordpress\/plugins\/seo\/ -->\n<title>Urgent: La Guin\u00e9e c\u00e9l\u00e8bre la f\u00eate de Ramadan ce dimanche. - UNIVERSNEWS224<\/title>\n<meta name=\"robots\" content=\"index, follow, max-snippet:-1, max-image-preview:large, max-video-preview:-1\" \/>\n<link rel=\"canonical\" href=\"https:\/\/universnews224.com\/index.php\/urgent-la-guinee-celebre-la-fete-de-ramadan-ce-dimanche\/\" \/>\n<meta property=\"og:locale\" content=\"fr_FR\" \/>\n<meta property=\"og:type\" content=\"article\" \/>\n<meta property=\"og:title\" content=\"Urgent: La Guin\u00e9e c\u00e9l\u00e8bre la f\u00eate de Ramadan ce dimanche. - UNIVERSNEWS224\" \/>\n<meta property=\"og:description\" content=\"C&rsquo;est officiel! Apr\u00e8s 29 jours de jeune et de pri\u00e8res, les fid\u00e8les musulmans de Guin\u00e9e\" \/>\n<meta property=\"og:url\" content=\"https:\/\/universnews224.com\/index.php\/urgent-la-guinee-celebre-la-fete-de-ramadan-ce-dimanche\/\" \/>\n<meta property=\"og:site_name\" content=\"UNIVERSNEWS224\" \/>\n<meta property=\"article:published_time\" content=\"2025-03-29T22:27:40+00:00\" \/>\n<meta property=\"og:image\" content=\"https:\/\/universnews224.com\/wp-content\/uploads\/2025\/03\/fb-img-1740775894857-1.jpg\" \/>\n\t<meta property=\"og:image:width\" content=\"698\" \/>\n\t<meta property=\"og:image:height\" content=\"625\" \/>\n\t<meta property=\"og:image:type\" content=\"image\/jpeg\" \/>\n<meta name=\"author\" content=\"La R\u00e9daction\" \/>\n<meta name=\"twitter:label1\" content=\"\u00c9crit par\" \/>\n\t<meta name=\"twitter:data1\" content=\"La R\u00e9daction\" \/>\n\t<meta name=\"twitter:label2\" content=\"Dur\u00e9e de lecture estim\u00e9e\" \/>\n\t<meta name=\"twitter:data2\" content=\"1 minute\" \/>\n<script type=\"application\/ld+json\" class=\"yoast-schema-graph\">{\"@context\":\"https:\/\/schema.org\",\"@graph\":[{\"@type\":\"Article\",\"@id\":\"https:\/\/universnews224.com\/index.php\/urgent-la-guinee-celebre-la-fete-de-ramadan-ce-dimanche\/#article\",\"isPartOf\":{\"@id\":\"https:\/\/universnews224.com\/index.php\/urgent-la-guinee-celebre-la-fete-de-ramadan-ce-dimanche\/\"},\"author\":{\"name\":\"La R\u00e9daction\",\"@id\":\"https:\/\/universnews224.com\/#\/schema\/person\/a4b7d4f94a4716df60456a491260485e\"},\"headline\":\"Urgent: La Guin\u00e9e c\u00e9l\u00e8bre la f\u00eate de Ramadan ce dimanche.\",\"datePublished\":\"2025-03-29T22:27:40+00:00\",\"dateModified\":\"2025-03-29T22:27:40+00:00\",\"mainEntityOfPage\":{\"@id\":\"https:\/\/universnews224.com\/index.php\/urgent-la-guinee-celebre-la-fete-de-ramadan-ce-dimanche\/\"},\"wordCount\":90,\"publisher\":{\"@id\":\"https:\/\/universnews224.com\/#organization\"},\"keywords\":[\"A la une\",\"La unz\"],\"articleSection\":[\"ACTU\",\"SOCI\u00c9T\u00c9\"],\"inLanguage\":\"fr-FR\"},{\"@type\":\"WebPage\",\"@id\":\"https:\/\/universnews224.com\/index.php\/urgent-la-guinee-celebre-la-fete-de-ramadan-ce-dimanche\/\",\"url\":\"https:\/\/universnews224.com\/index.php\/urgent-la-guinee-celebre-la-fete-de-ramadan-ce-dimanche\/\",\"name\":\"Urgent: La Guin\u00e9e c\u00e9l\u00e8bre la f\u00eate de Ramadan ce dimanche. - UNIVERSNEWS224\",\"isPartOf\":{\"@id\":\"https:\/\/universnews224.com\/#website\"},\"datePublished\":\"2025-03-29T22:27:40+00:00\",\"dateModified\":\"2025-03-29T22:27:40+00:00\",\"inLanguage\":\"fr-FR\",\"potentialAction\":[{\"@type\":\"ReadAction\",\"target\":[\"https:\/\/universnews224.com\/index.php\/urgent-la-guinee-celebre-la-fete-de-ramadan-ce-dimanche\/\"]}]},{\"@type\":\"WebSite\",\"@id\":\"https:\/\/universnews224.com\/#website\",\"url\":\"https:\/\/universnews224.com\/\",\"name\":\"UNIVERSNEWS224\",\"description\":\"\",\"publisher\":{\"@id\":\"https:\/\/universnews224.com\/#organization\"},\"potentialAction\":[{\"@type\":\"SearchAction\",\"target\":{\"@type\":\"EntryPoint\",\"urlTemplate\":\"https:\/\/universnews224.com\/?s={search_term_string}\"},\"query-input\":\"required name=search_term_string\"}],\"inLanguage\":\"fr-FR\"},{\"@type\":\"Organization\",\"@id\":\"https:\/\/universnews224.com\/#organization\",\"name\":\"UNIVERSNEWS224\",\"url\":\"https:\/\/universnews224.com\/\",\"logo\":{\"@type\":\"ImageObject\",\"inLanguage\":\"fr-FR\",\"@id\":\"https:\/\/universnews224.com\/#\/schema\/logo\/image\/\",\"url\":\"https:\/\/universnews224.com\/wp-content\/uploads\/2022\/08\/cropped-cropped-logoban.jpg\",\"contentUrl\":\"https:\/\/universnews224.com\/wp-content\/uploads\/2022\/08\/cropped-cropped-logoban.jpg\",\"width\":1080,\"height\":138,\"caption\":\"UNIVERSNEWS224\"},\"image\":{\"@id\":\"https:\/\/universnews224.com\/#\/schema\/logo\/image\/\"}},{\"@type\":\"Person\",\"@id\":\"https:\/\/universnews224.com\/#\/schema\/person\/a4b7d4f94a4716df60456a491260485e\",\"name\":\"La R\u00e9daction\",\"image\":{\"@type\":\"ImageObject\",\"inLanguage\":\"fr-FR\",\"@id\":\"https:\/\/universnews224.com\/#\/schema\/person\/image\/\",\"url\":\"https:\/\/secure.gravatar.com\/avatar\/edb90acc7752b23e1b3307ad36c14f0d?s=96&d=mm&r=g\",\"contentUrl\":\"https:\/\/secure.gravatar.com\/avatar\/edb90acc7752b23e1b3307ad36c14f0d?s=96&d=mm&r=g\",\"caption\":\"La R\u00e9daction\"},\"sameAs\":[\"https:\/\/universnews224.com\"],\"url\":\"https:\/\/universnews224.com\/index.php\/author\/m-camara\/\"}]}<\/script>\n<!-- \/ Yoast SEO plugin. -->","yoast_head_json":{"title":"Urgent: La Guin\u00e9e c\u00e9l\u00e8bre la f\u00eate de Ramadan ce dimanche. - UNIVERSNEWS224","robots":{"index":"index","follow":"follow","max-snippet":"max-snippet:-1","max-image-preview":"max-image-preview:large","max-video-preview":"max-video-preview:-1"},"canonical":"https:\/\/universnews224.com\/index.php\/urgent-la-guinee-celebre-la-fete-de-ramadan-ce-dimanche\/","og_locale":"fr_FR","og_type":"article","og_title":"Urgent: La Guin\u00e9e c\u00e9l\u00e8bre la f\u00eate de Ramadan ce dimanche. - UNIVERSNEWS224","og_description":"C&rsquo;est officiel! Apr\u00e8s 29 jours de jeune et de pri\u00e8res, les fid\u00e8les musulmans de Guin\u00e9e","og_url":"https:\/\/universnews224.com\/index.php\/urgent-la-guinee-celebre-la-fete-de-ramadan-ce-dimanche\/","og_site_name":"UNIVERSNEWS224","article_published_time":"2025-03-29T22:27:40+00:00","og_image":[{"width":698,"height":625,"url":"https:\/\/universnews224.com\/wp-content\/uploads\/2025\/03\/fb-img-1740775894857-1.jpg","type":"image\/jpeg"}],"author":"La R\u00e9daction","twitter_misc":{"\u00c9crit par":"La R\u00e9daction","Dur\u00e9e de lecture estim\u00e9e":"1 minute"},"schema":{"@context":"https:\/\/schema.org","@graph":[{"@type":"Article","@id":"https:\/\/universnews224.com\/index.php\/urgent-la-guinee-celebre-la-fete-de-ramadan-ce-dimanche\/#article","isPartOf":{"@id":"https:\/\/universnews224.com\/index.php\/urgent-la-guinee-celebre-la-fete-de-ramadan-ce-dimanche\/"},"author":{"name":"La R\u00e9daction","@id":"https:\/\/universnews224.com\/#\/schema\/person\/a4b7d4f94a4716df60456a491260485e"},"headline":"Urgent: La Guin\u00e9e c\u00e9l\u00e8bre la f\u00eate de Ramadan ce dimanche.","datePublished":"2025-03-29T22:27:40+00:00","dateModified":"2025-03-29T22:27:40+00:00","mainEntityOfPage":{"@id":"https:\/\/universnews224.com\/index.php\/urgent-la-guinee-celebre-la-fete-de-ramadan-ce-dimanche\/"},"wordCount":90,"publisher":{"@id":"https:\/\/universnews224.com\/#organization"},"keywords":["A la une","La unz"],"articleSection":["ACTU","SOCI\u00c9T\u00c9"],"inLanguage":"fr-FR"},{"@type":"WebPage","@id":"https:\/\/universnews224.com\/index.php\/urgent-la-guinee-celebre-la-fete-de-ramadan-ce-dimanche\/","url":"https:\/\/universnews224.com\/index.php\/urgent-la-guinee-celebre-la-fete-de-ramadan-ce-dimanche\/","name":"Urgent: La Guin\u00e9e c\u00e9l\u00e8bre la f\u00eate de Ramadan ce dimanche. - UNIVERSNEWS224","isPartOf":{"@id":"https:\/\/universnews224.com\/#website"},"datePublished":"2025-03-29T22:27:40+00:00","dateModified":"2025-03-29T22:27:40+00:00","inLanguage":"fr-FR","potentialAction":[{"@type":"ReadAction","target":["https:\/\/universnews224.com\/index.php\/urgent-la-guinee-celebre-la-fete-de-ramadan-ce-dimanche\/"]}]},{"@type":"WebSite","@id":"https:\/\/universnews224.com\/#website","url":"https:\/\/universnews224.com\/","name":"UNIVERSNEWS224","description":"","publisher":{"@id":"https:\/\/universnews224.com\/#organization"},"potentialAction":[{"@type":"SearchAction","target":{"@type":"EntryPoint","urlTemplate":"https:\/\/universnews224.com\/?s={search_term_string}"},"query-input":"required name=search_term_string"}],"inLanguage":"fr-FR"},{"@type":"Organization","@id":"https:\/\/universnews224.com\/#organization","name":"UNIVERSNEWS224","url":"https:\/\/universnews224.com\/","logo":{"@type":"ImageObject","inLanguage":"fr-FR","@id":"https:\/\/universnews224.com\/#\/schema\/logo\/image\/","url":"https:\/\/universnews224.com\/wp-content\/uploads\/2022\/08\/cropped-cropped-logoban.jpg","contentUrl":"https:\/\/universnews224.com\/wp-content\/uploads\/2022\/08\/cropped-cropped-logoban.jpg","width":1080,"height":138,"caption":"UNIVERSNEWS224"},"image":{"@id":"https:\/\/universnews224.com\/#\/schema\/logo\/image\/"}},{"@type":"Person","@id":"https:\/\/universnews224.com\/#\/schema\/person\/a4b7d4f94a4716df60456a491260485e","name":"La R\u00e9daction","image":{"@type":"ImageObject","inLanguage":"fr-FR","@id":"https:\/\/universnews224.com\/#\/schema\/person\/image\/","url":"https:\/\/secure.gravatar.com\/avatar\/edb90acc7752b23e1b3307ad36c14f0d?s=96&d=mm&r=g","contentUrl":"https:\/\/secure.gravatar.com\/avatar\/edb90acc7752b23e1b3307ad36c14f0d?s=96&d=mm&r=g","caption":"La R\u00e9daction"},"sameAs":["https:\/\/universnews224.com"],"url":"https:\/\/universnews224.com\/index.php\/author\/m-camara\/"}]}},"_links":{"self":[{"href":"https:\/\/universnews224.com\/index.php\/wp-json\/wp\/v2\/posts\/7832"}],"collection":[{"href":"https:\/\/universnews224.com\/index.php\/wp-json\/wp\/v2\/posts"}],"about":[{"href":"https:\/\/universnews224.com\/index.php\/wp-json\/wp\/v2\/types\/post"}],"author":[{"embeddable":true,"href":"https:\/\/universnews224.com\/index.php\/wp-json\/wp\/v2\/users\/2"}],"replies":[{"embeddable":true,"href":"https:\/\/universnews224.com\/index.php\/wp-json\/wp\/v2\/comments?post=7832"}],"version-history":[{"count":1,"href":"https:\/\/universnews224.com\/index.php\/wp-json\/wp\/v2\/posts\/7832\/revisions"}],"predecessor-version":[{"id":7833,"href":"https:\/\/universnews224.com\/index.php\/wp-json\/wp\/v2\/posts\/7832\/revisions\/7833"}],"wp:featuredmedia":[{"embeddable":true,"href":"https:\/\/universnews224.com\/index.php\/wp-json\/wp\/v2\/media\/7636"}],"wp:attachment":[{"href":"https:\/\/universnews224.com\/index.php\/wp-json\/wp\/v2\/media?parent=7832"}],"wp:term":[{"taxonomy":"category","embeddable":true,"href":"https:\/\/universnews224.com\/index.php\/wp-json\/wp\/v2\/categories?post=7832"},{"taxonomy":"post_tag","embeddable":true,"href":"https:\/\/universnews224.com\/index.php\/wp-json\/wp\/v2\/tags?post=7832"}],"curies":[{"name":"wp","href":"https:\/\/api.w.org\/{rel}","templated":true}]}}