{"id":7835,"date":"2025-03-30T22:06:45","date_gmt":"2025-03-30T21:06:45","guid":{"rendered":"https:\/\/universnews224.com\/?p=7835"},"modified":"2025-03-30T22:06:45","modified_gmt":"2025-03-30T21:06:45","slug":"fete-de-leid-el-fitr-a-sanoyah-paix-et-unite-nationale-au-coeur-du-sermon-de-limam","status":"publish","type":"post","link":"https:\/\/universnews224.com\/index.php\/fete-de-leid-el-fitr-a-sanoyah-paix-et-unite-nationale-au-coeur-du-sermon-de-limam\/","title":{"rendered":"F\u00eate de l\u2019Eid El Fitr \u00e0 Sanoyah : Paix et unit\u00e9 nationale au c\u0153ur du sermon de l\u2019imam."},"content":{"rendered":"<p id=\"docs-internal-guid-7c0e645d-7fff-b5f9-6495-3bc26da20c91\" dir=\"ltr\" style=\"line-height: 1.38;margin-top: 0.0pt;margin-bottom: 0.0pt\">\n<p dir=\"ltr\" style=\"line-height: 1.38;margin-top: 0.0pt;margin-bottom: 0.0pt\"><span style=\"font-size: 11pt;font-family: Arial, sans-serif;color: #000000;background-color: transparent;vertical-align: baseline\">\u00c0 l\u2019instar des autres pays et plusieurs endroits du monde, les fid\u00e8les musulmans ont c\u00e9l\u00e9br\u00e9 la fin du je\u00fbne du mois saint de Ramadan 2025 ce dimanche 30 mars, c&rsquo;est au grand stade de la commune de Sanoyah textile, qui a servi de cadre \u00e0 cette grande pri\u00e8re d\u2019Eid El Fitr. El-hadj Thierno Tahirou Sow, premier imam de la mosqu\u00e9e, a dirig\u00e9 la pri\u00e8re en pr\u00e9sence des autorit\u00e9s locales et de certaines personnalit\u00e9s et autres\u2026<a href=\"https:\/\/universnews224.com\/wp-content\/uploads\/2025\/03\/IMG-20250330-WA0005.jpg\"><img loading=\"lazy\" class=\"alignnone size-medium wp-image-7836\" src=\"https:\/\/universnews224.com\/wp-content\/uploads\/2025\/03\/IMG-20250330-WA0005-300x169.jpg\" alt=\"\" width=\"300\" height=\"169\" srcset=\"https:\/\/universnews224.com\/wp-content\/uploads\/2025\/03\/IMG-20250330-WA0005-300x169.jpg 300w, https:\/\/universnews224.com\/wp-content\/uploads\/2025\/03\/IMG-20250330-WA0005-1024x576.jpg 1024w, https:\/\/universnews224.com\/wp-content\/uploads\/2025\/03\/IMG-20250330-WA0005-768x432.jpg 768w, https:\/\/universnews224.com\/wp-content\/uploads\/2025\/03\/IMG-20250330-WA0005-800x450.jpg 800w, https:\/\/universnews224.com\/wp-content\/uploads\/2025\/03\/IMG-20250330-WA0005.jpg 1032w\" sizes=\"(max-width: 300px) 100vw, 300px\" \/><\/a><\/span><\/p>\n<p>&nbsp;<\/p>\n<p dir=\"ltr\" style=\"line-height: 1.38;margin-top: 0.0pt;margin-bottom: 0.0pt\"><span style=\"font-size: 11pt;font-family: Arial, sans-serif;color: #000000;background-color: transparent;vertical-align: baseline\">Apr\u00e8s la pri\u00e8re, l\u2019imam ratib a rappel\u00e9 aux fid\u00e8les que : \u00ab Le mois de Ramadan prend fin aujourd\u2019hui, mais les bonnes pratiques doivent perdurer, que ce soit la lecture du Saint Coran, le respect des cinq pri\u00e8res quotidiennes comme pendant le Ramadan, l\u2019accomplissement du sacrifice, ou la continuation des bonnes actions que nous devons adopter et s&rsquo;\u00e9loigner des mauvaises habitudes que nous avons\u00a0 d\u00e9laiss\u00e9s avant l&rsquo;arriv\u00e9e du mois saint. Je mets un l\u2019accent particulier sur la v\u00e9rit\u00e9 et la justice, j&rsquo;appelle la classe dirigeante au respect de la parole donn\u00e9e, comme instruit par Dieu. Nous sommes toujours dans le mois saint, un mois qui permet de nous rapprocher de nous dire les choses plus claires et plus responsables de notre nation au-dessus de tous les secteurs d\u2019activit\u00e9s de la Guin\u00e9e. C&rsquo;est une chance pour ceux qui poss\u00e8dent un meilleur syst\u00e8me de modernisation de nos populations qui ont \u00e9t\u00e9 fa\u00e7onn\u00e9es par plusieurs d\u00e9cennies\u00bb.<a href=\"https:\/\/universnews224.com\/wp-content\/uploads\/2025\/03\/IMG-20250330-WA0006.jpg\"><img loading=\"lazy\" class=\"alignnone size-medium wp-image-7837\" src=\"https:\/\/universnews224.com\/wp-content\/uploads\/2025\/03\/IMG-20250330-WA0006-300x169.jpg\" alt=\"\" width=\"300\" height=\"169\" srcset=\"https:\/\/universnews224.com\/wp-content\/uploads\/2025\/03\/IMG-20250330-WA0006-300x169.jpg 300w, https:\/\/universnews224.com\/wp-content\/uploads\/2025\/03\/IMG-20250330-WA0006-1024x576.jpg 1024w, https:\/\/universnews224.com\/wp-content\/uploads\/2025\/03\/IMG-20250330-WA0006-768x432.jpg 768w, https:\/\/universnews224.com\/wp-content\/uploads\/2025\/03\/IMG-20250330-WA0006-800x450.jpg 800w, https:\/\/universnews224.com\/wp-content\/uploads\/2025\/03\/IMG-20250330-WA0006.jpg 1032w\" sizes=\"(max-width: 300px) 100vw, 300px\" \/><\/a><\/span><\/p>\n<p>&nbsp;<\/p>\n<p dir=\"ltr\" style=\"line-height: 1.38;margin-top: 0.0pt;margin-bottom: 0.0pt\"><span style=\"font-size: 11pt;font-family: Arial, sans-serif;color: #000000;background-color: transparent;vertical-align: baseline\">Et d&rsquo;ajouter : \u00ab La porte est grandement ouverte aujourd&rsquo;hui pour les fid\u00e8les musulmans dans le bon sens et mauvais, donc il faut qu&rsquo;on laisse une fois encore les mauvaises\u00a0 et prendre les bonnes mani\u00e8res. Il faut qu&rsquo;on se pr\u00e9cipite de rentrer dans cette religion musulmans pour avoir\u00a0 la b\u00e9n\u00e9diction et la cl\u00e9mence D&rsquo;Allah car c&rsquo;est notre devoir de le pr\u00e9server j&rsquo;exhorte \u00e0 appliquer scrupuleusement les r\u00e8gles de l\u2019islam et \u00e0 faire preuve d\u2019abn\u00e9gation envers la religion. J&rsquo;appelle au pardon mutuel a la retenti enfin d&rsquo;effacer les ranc\u0153urs et \u00e0 cultiver la paix dans nos diff\u00e9rentes familles\u00bb, a soulign\u00e9 l&rsquo;imam.\u00a0<\/span><\/p>\n<p>&nbsp;<\/p>\n<p dir=\"ltr\" style=\"line-height: 1.38;margin-top: 0.0pt;margin-bottom: 0.0pt\"><span style=\"font-size: 11pt;font-family: Arial, sans-serif;color: #000000;background-color: transparent;vertical-align: baseline\">Et enfin, il a invit\u00e9 le peuple de Guin\u00e9e \u00e0 unir leurs efforts pour renforcer la coh\u00e9sion sociale, l\u2019unit\u00e9 nationale et les ententes entre eux, conform\u00e9ment aux recommandations du Proph\u00e8te \u00e0 ses fid\u00e8les avant sa mort.<\/span><\/p>\n<p>&nbsp;<\/p>\n<p dir=\"ltr\" style=\"line-height: 1.38;margin-top: 0.0pt;margin-bottom: 0.0pt\"><span style=\"font-size: 11pt;font-family: Arial, sans-serif;color: #000000;background-color: transparent;vertical-align: baseline\">Sana Sylla.<\/span><\/p>\n","protected":false},"excerpt":{"rendered":"<p>\u00c0 l\u2019instar des autres pays et plusieurs endroits du monde, les fid\u00e8les musulmans ont c\u00e9l\u00e9br\u00e9<\/p>\n","protected":false},"author":2,"featured_media":7836,"comment_status":"closed","ping_status":"open","sticky":false,"template":"","format":"standard","meta":[],"categories":[3,5],"tags":[237],"yoast_head":"<!-- This site is optimized with the Yoast SEO plugin v19.13 - https:\/\/yoast.com\/wordpress\/plugins\/seo\/ -->\n<title>F\u00eate de l\u2019Eid El Fitr \u00e0 Sanoyah : Paix et unit\u00e9 nationale au c\u0153ur du sermon de l\u2019imam. - UNIVERSNEWS224<\/title>\n<meta name=\"robots\" content=\"index, follow, max-snippet:-1, max-image-preview:large, max-video-preview:-1\" \/>\n<link rel=\"canonical\" href=\"https:\/\/universnews224.com\/index.php\/fete-de-leid-el-fitr-a-sanoyah-paix-et-unite-nationale-au-coeur-du-sermon-de-limam\/\" \/>\n<meta property=\"og:locale\" content=\"fr_FR\" \/>\n<meta property=\"og:type\" content=\"article\" \/>\n<meta property=\"og:title\" content=\"F\u00eate de l\u2019Eid El Fitr \u00e0 Sanoyah : Paix et unit\u00e9 nationale au c\u0153ur du sermon de l\u2019imam. - UNIVERSNEWS224\" \/>\n<meta property=\"og:description\" content=\"\u00c0 l\u2019instar des autres pays et plusieurs endroits du monde, les fid\u00e8les musulmans ont c\u00e9l\u00e9br\u00e9\" \/>\n<meta property=\"og:url\" content=\"https:\/\/universnews224.com\/index.php\/fete-de-leid-el-fitr-a-sanoyah-paix-et-unite-nationale-au-coeur-du-sermon-de-limam\/\" \/>\n<meta property=\"og:site_name\" content=\"UNIVERSNEWS224\" \/>\n<meta property=\"article:published_time\" content=\"2025-03-30T21:06:45+00:00\" \/>\n<meta property=\"og:image\" content=\"https:\/\/universnews224.com\/wp-content\/uploads\/2025\/03\/IMG-20250330-WA0005.jpg\" \/>\n\t<meta property=\"og:image:width\" content=\"1032\" \/>\n\t<meta property=\"og:image:height\" content=\"581\" \/>\n\t<meta property=\"og:image:type\" content=\"image\/jpeg\" \/>\n<meta name=\"author\" content=\"La R\u00e9daction\" \/>\n<meta name=\"twitter:label1\" content=\"\u00c9crit par\" \/>\n\t<meta name=\"twitter:data1\" content=\"La R\u00e9daction\" \/>\n\t<meta name=\"twitter:label2\" content=\"Dur\u00e9e de lecture estim\u00e9e\" \/>\n\t<meta name=\"twitter:data2\" content=\"3 minutes\" \/>\n<script type=\"application\/ld+json\" class=\"yoast-schema-graph\">{\"@context\":\"https:\/\/schema.org\",\"@graph\":[{\"@type\":\"Article\",\"@id\":\"https:\/\/universnews224.com\/index.php\/fete-de-leid-el-fitr-a-sanoyah-paix-et-unite-nationale-au-coeur-du-sermon-de-limam\/#article\",\"isPartOf\":{\"@id\":\"https:\/\/universnews224.com\/index.php\/fete-de-leid-el-fitr-a-sanoyah-paix-et-unite-nationale-au-coeur-du-sermon-de-limam\/\"},\"author\":{\"name\":\"La R\u00e9daction\",\"@id\":\"https:\/\/universnews224.com\/#\/schema\/person\/a4b7d4f94a4716df60456a491260485e\"},\"headline\":\"F\u00eate de l\u2019Eid El Fitr \u00e0 Sanoyah : Paix et unit\u00e9 nationale au c\u0153ur du sermon de l\u2019imam.\",\"datePublished\":\"2025-03-30T21:06:45+00:00\",\"dateModified\":\"2025-03-30T21:06:45+00:00\",\"mainEntityOfPage\":{\"@id\":\"https:\/\/universnews224.com\/index.php\/fete-de-leid-el-fitr-a-sanoyah-paix-et-unite-nationale-au-coeur-du-sermon-de-limam\/\"},\"wordCount\":430,\"publisher\":{\"@id\":\"https:\/\/universnews224.com\/#organization\"},\"keywords\":[\"A la une\"],\"articleSection\":[\"ACTU\",\"SOCI\u00c9T\u00c9\"],\"inLanguage\":\"fr-FR\"},{\"@type\":\"WebPage\",\"@id\":\"https:\/\/universnews224.com\/index.php\/fete-de-leid-el-fitr-a-sanoyah-paix-et-unite-nationale-au-coeur-du-sermon-de-limam\/\",\"url\":\"https:\/\/universnews224.com\/index.php\/fete-de-leid-el-fitr-a-sanoyah-paix-et-unite-nationale-au-coeur-du-sermon-de-limam\/\",\"name\":\"F\u00eate de l\u2019Eid El Fitr \u00e0 Sanoyah : Paix et unit\u00e9 nationale au c\u0153ur du sermon de l\u2019imam. - UNIVERSNEWS224\",\"isPartOf\":{\"@id\":\"https:\/\/universnews224.com\/#website\"},\"datePublished\":\"2025-03-30T21:06:45+00:00\",\"dateModified\":\"2025-03-30T21:06:45+00:00\",\"inLanguage\":\"fr-FR\",\"potentialAction\":[{\"@type\":\"ReadAction\",\"target\":[\"https:\/\/universnews224.com\/index.php\/fete-de-leid-el-fitr-a-sanoyah-paix-et-unite-nationale-au-coeur-du-sermon-de-limam\/\"]}]},{\"@type\":\"WebSite\",\"@id\":\"https:\/\/universnews224.com\/#website\",\"url\":\"https:\/\/universnews224.com\/\",\"name\":\"UNIVERSNEWS224\",\"description\":\"\",\"publisher\":{\"@id\":\"https:\/\/universnews224.com\/#organization\"},\"potentialAction\":[{\"@type\":\"SearchAction\",\"target\":{\"@type\":\"EntryPoint\",\"urlTemplate\":\"https:\/\/universnews224.com\/?s={search_term_string}\"},\"query-input\":\"required name=search_term_string\"}],\"inLanguage\":\"fr-FR\"},{\"@type\":\"Organization\",\"@id\":\"https:\/\/universnews224.com\/#organization\",\"name\":\"UNIVERSNEWS224\",\"url\":\"https:\/\/universnews224.com\/\",\"logo\":{\"@type\":\"ImageObject\",\"inLanguage\":\"fr-FR\",\"@id\":\"https:\/\/universnews224.com\/#\/schema\/logo\/image\/\",\"url\":\"https:\/\/universnews224.com\/wp-content\/uploads\/2022\/08\/cropped-cropped-logoban.jpg\",\"contentUrl\":\"https:\/\/universnews224.com\/wp-content\/uploads\/2022\/08\/cropped-cropped-logoban.jpg\",\"width\":1080,\"height\":138,\"caption\":\"UNIVERSNEWS224\"},\"image\":{\"@id\":\"https:\/\/universnews224.com\/#\/schema\/logo\/image\/\"}},{\"@type\":\"Person\",\"@id\":\"https:\/\/universnews224.com\/#\/schema\/person\/a4b7d4f94a4716df60456a491260485e\",\"name\":\"La R\u00e9daction\",\"image\":{\"@type\":\"ImageObject\",\"inLanguage\":\"fr-FR\",\"@id\":\"https:\/\/universnews224.com\/#\/schema\/person\/image\/\",\"url\":\"https:\/\/secure.gravatar.com\/avatar\/edb90acc7752b23e1b3307ad36c14f0d?s=96&d=mm&r=g\",\"contentUrl\":\"https:\/\/secure.gravatar.com\/avatar\/edb90acc7752b23e1b3307ad36c14f0d?s=96&d=mm&r=g\",\"caption\":\"La R\u00e9daction\"},\"sameAs\":[\"https:\/\/universnews224.com\"],\"url\":\"https:\/\/universnews224.com\/index.php\/author\/m-camara\/\"}]}<\/script>\n<!-- \/ Yoast SEO plugin. -->","yoast_head_json":{"title":"F\u00eate de l\u2019Eid El Fitr \u00e0 Sanoyah : Paix et unit\u00e9 nationale au c\u0153ur du sermon de l\u2019imam. - UNIVERSNEWS224","robots":{"index":"index","follow":"follow","max-snippet":"max-snippet:-1","max-image-preview":"max-image-preview:large","max-video-preview":"max-video-preview:-1"},"canonical":"https:\/\/universnews224.com\/index.php\/fete-de-leid-el-fitr-a-sanoyah-paix-et-unite-nationale-au-coeur-du-sermon-de-limam\/","og_locale":"fr_FR","og_type":"article","og_title":"F\u00eate de l\u2019Eid El Fitr \u00e0 Sanoyah : Paix et unit\u00e9 nationale au c\u0153ur du sermon de l\u2019imam. - UNIVERSNEWS224","og_description":"\u00c0 l\u2019instar des autres pays et plusieurs endroits du monde, les fid\u00e8les musulmans ont c\u00e9l\u00e9br\u00e9","og_url":"https:\/\/universnews224.com\/index.php\/fete-de-leid-el-fitr-a-sanoyah-paix-et-unite-nationale-au-coeur-du-sermon-de-limam\/","og_site_name":"UNIVERSNEWS224","article_published_time":"2025-03-30T21:06:45+00:00","og_image":[{"width":1032,"height":581,"url":"https:\/\/universnews224.com\/wp-content\/uploads\/2025\/03\/IMG-20250330-WA0005.jpg","type":"image\/jpeg"}],"author":"La R\u00e9daction","twitter_misc":{"\u00c9crit par":"La R\u00e9daction","Dur\u00e9e de lecture estim\u00e9e":"3 minutes"},"schema":{"@context":"https:\/\/schema.org","@graph":[{"@type":"Article","@id":"https:\/\/universnews224.com\/index.php\/fete-de-leid-el-fitr-a-sanoyah-paix-et-unite-nationale-au-coeur-du-sermon-de-limam\/#article","isPartOf":{"@id":"https:\/\/universnews224.com\/index.php\/fete-de-leid-el-fitr-a-sanoyah-paix-et-unite-nationale-au-coeur-du-sermon-de-limam\/"},"author":{"name":"La R\u00e9daction","@id":"https:\/\/universnews224.com\/#\/schema\/person\/a4b7d4f94a4716df60456a491260485e"},"headline":"F\u00eate de l\u2019Eid El Fitr \u00e0 Sanoyah : Paix et unit\u00e9 nationale au c\u0153ur du sermon de l\u2019imam.","datePublished":"2025-03-30T21:06:45+00:00","dateModified":"2025-03-30T21:06:45+00:00","mainEntityOfPage":{"@id":"https:\/\/universnews224.com\/index.php\/fete-de-leid-el-fitr-a-sanoyah-paix-et-unite-nationale-au-coeur-du-sermon-de-limam\/"},"wordCount":430,"publisher":{"@id":"https:\/\/universnews224.com\/#organization"},"keywords":["A la une"],"articleSection":["ACTU","SOCI\u00c9T\u00c9"],"inLanguage":"fr-FR"},{"@type":"WebPage","@id":"https:\/\/universnews224.com\/index.php\/fete-de-leid-el-fitr-a-sanoyah-paix-et-unite-nationale-au-coeur-du-sermon-de-limam\/","url":"https:\/\/universnews224.com\/index.php\/fete-de-leid-el-fitr-a-sanoyah-paix-et-unite-nationale-au-coeur-du-sermon-de-limam\/","name":"F\u00eate de l\u2019Eid El Fitr \u00e0 Sanoyah : Paix et unit\u00e9 nationale au c\u0153ur du sermon de l\u2019imam. - UNIVERSNEWS224","isPartOf":{"@id":"https:\/\/universnews224.com\/#website"},"datePublished":"2025-03-30T21:06:45+00:00","dateModified":"2025-03-30T21:06:45+00:00","inLanguage":"fr-FR","potentialAction":[{"@type":"ReadAction","target":["https:\/\/universnews224.com\/index.php\/fete-de-leid-el-fitr-a-sanoyah-paix-et-unite-nationale-au-coeur-du-sermon-de-limam\/"]}]},{"@type":"WebSite","@id":"https:\/\/universnews224.com\/#website","url":"https:\/\/universnews224.com\/","name":"UNIVERSNEWS224","description":"","publisher":{"@id":"https:\/\/universnews224.com\/#organization"},"potentialAction":[{"@type":"SearchAction","target":{"@type":"EntryPoint","urlTemplate":"https:\/\/universnews224.com\/?s={search_term_string}"},"query-input":"required name=search_term_string"}],"inLanguage":"fr-FR"},{"@type":"Organization","@id":"https:\/\/universnews224.com\/#organization","name":"UNIVERSNEWS224","url":"https:\/\/universnews224.com\/","logo":{"@type":"ImageObject","inLanguage":"fr-FR","@id":"https:\/\/universnews224.com\/#\/schema\/logo\/image\/","url":"https:\/\/universnews224.com\/wp-content\/uploads\/2022\/08\/cropped-cropped-logoban.jpg","contentUrl":"https:\/\/universnews224.com\/wp-content\/uploads\/2022\/08\/cropped-cropped-logoban.jpg","width":1080,"height":138,"caption":"UNIVERSNEWS224"},"image":{"@id":"https:\/\/universnews224.com\/#\/schema\/logo\/image\/"}},{"@type":"Person","@id":"https:\/\/universnews224.com\/#\/schema\/person\/a4b7d4f94a4716df60456a491260485e","name":"La R\u00e9daction","image":{"@type":"ImageObject","inLanguage":"fr-FR","@id":"https:\/\/universnews224.com\/#\/schema\/person\/image\/","url":"https:\/\/secure.gravatar.com\/avatar\/edb90acc7752b23e1b3307ad36c14f0d?s=96&d=mm&r=g","contentUrl":"https:\/\/secure.gravatar.com\/avatar\/edb90acc7752b23e1b3307ad36c14f0d?s=96&d=mm&r=g","caption":"La R\u00e9daction"},"sameAs":["https:\/\/universnews224.com"],"url":"https:\/\/universnews224.com\/index.php\/author\/m-camara\/"}]}},"_links":{"self":[{"href":"https:\/\/universnews224.com\/index.php\/wp-json\/wp\/v2\/posts\/7835"}],"collection":[{"href":"https:\/\/universnews224.com\/index.php\/wp-json\/wp\/v2\/posts"}],"about":[{"href":"https:\/\/universnews224.com\/index.php\/wp-json\/wp\/v2\/types\/post"}],"author":[{"embeddable":true,"href":"https:\/\/universnews224.com\/index.php\/wp-json\/wp\/v2\/users\/2"}],"replies":[{"embeddable":true,"href":"https:\/\/universnews224.com\/index.php\/wp-json\/wp\/v2\/comments?post=7835"}],"version-history":[{"count":1,"href":"https:\/\/universnews224.com\/index.php\/wp-json\/wp\/v2\/posts\/7835\/revisions"}],"predecessor-version":[{"id":7838,"href":"https:\/\/universnews224.com\/index.php\/wp-json\/wp\/v2\/posts\/7835\/revisions\/7838"}],"wp:featuredmedia":[{"embeddable":true,"href":"https:\/\/universnews224.com\/index.php\/wp-json\/wp\/v2\/media\/7836"}],"wp:attachment":[{"href":"https:\/\/universnews224.com\/index.php\/wp-json\/wp\/v2\/media?parent=7835"}],"wp:term":[{"taxonomy":"category","embeddable":true,"href":"https:\/\/universnews224.com\/index.php\/wp-json\/wp\/v2\/categories?post=7835"},{"taxonomy":"post_tag","embeddable":true,"href":"https:\/\/universnews224.com\/index.php\/wp-json\/wp\/v2\/tags?post=7835"}],"curies":[{"name":"wp","href":"https:\/\/api.w.org\/{rel}","templated":true}]}}