{"id":7839,"date":"2025-03-30T22:48:43","date_gmt":"2025-03-30T21:48:43","guid":{"rendered":"https:\/\/universnews224.com\/?p=7839"},"modified":"2025-03-30T22:48:43","modified_gmt":"2025-03-30T21:48:43","slug":"celebration-de-laid-el-fitr-2025-general-mamadi-doumbouya-sacquitte-de-son-devoir-religieux-au-palais-mohammed-v","status":"publish","type":"post","link":"https:\/\/universnews224.com\/index.php\/celebration-de-laid-el-fitr-2025-general-mamadi-doumbouya-sacquitte-de-son-devoir-religieux-au-palais-mohammed-v\/","title":{"rendered":"C\u00e9l\u00e9bration de l\u2019A\u00efd el-Fitr 2025 :\u00a0 G\u00e9n\u00e9ral Mamadi Doumbouya s\u2019acquitte de son devoir religieux au Palais Mohammed V"},"content":{"rendered":"<p dir=\"ltr\" style=\"line-height: 1.38;margin-top: 0.0pt;margin-bottom: 0.0pt\"><span style=\"font-size: 11pt;font-family: Arial, sans-serif;color: #000000;background-color: transparent;vertical-align: baseline\">La communaut\u00e9 musulmane de Guin\u00e9e, \u00e0 l\u2019instar des fid\u00e8les \u00e0 travers le monde, a c\u00e9l\u00e9br\u00e9 ce dimanche 30 mars 2025 dans la ferveur l\u2019A\u00efd el-Fitr, marquant la fin du mois b\u00e9ni de Ramadan. \u00c0 cette occasion, le Pr\u00e9sident de la R\u00e9publique, Son Excellence le G\u00e9n\u00e9ral Mamadi DOUMBOUYA, a accompli la pri\u00e8re de l\u2019A\u00efd en compagnie de nombreux fid\u00e8les au Palais Mohammed V, symbole de l\u2019unit\u00e9 et de la coh\u00e9sion nationale.<a href=\"https:\/\/universnews224.com\/wp-content\/uploads\/2025\/03\/FB_IMG_1743367660981.jpg\"><img loading=\"lazy\" class=\"alignnone size-medium wp-image-7840\" src=\"https:\/\/universnews224.com\/wp-content\/uploads\/2025\/03\/FB_IMG_1743367660981-300x200.jpg\" alt=\"\" width=\"300\" height=\"200\" srcset=\"https:\/\/universnews224.com\/wp-content\/uploads\/2025\/03\/FB_IMG_1743367660981-300x200.jpg 300w, https:\/\/universnews224.com\/wp-content\/uploads\/2025\/03\/FB_IMG_1743367660981-768x512.jpg 768w, https:\/\/universnews224.com\/wp-content\/uploads\/2025\/03\/FB_IMG_1743367660981.jpg 960w\" sizes=\"(max-width: 300px) 100vw, 300px\" \/><\/a><\/span><\/p>\n<p dir=\"ltr\" style=\"line-height: 1.38;margin-top: 0.0pt;margin-bottom: 0.0pt\"><span style=\"font-size: 11pt;font-family: Arial, sans-serif;color: #000000;background-color: transparent;vertical-align: baseline\">D\u00e8s les premi\u00e8res heures du matin, plusieurs fid\u00e8les se sont rassembl\u00e9s sur l\u2019esplanade du Palais Mohammed V, anim\u00e9s par une double joie : celle de c\u00e9l\u00e9brer la fin du je\u00fbne et celle de partager ce moment aux c\u00f4t\u00e9s du premier responsable du pays Son Excellence le G\u00e9n\u00e9ral Mamadi DOUMBOUYA.<a href=\"https:\/\/universnews224.com\/wp-content\/uploads\/2025\/03\/FB_IMG_1743367652615.jpg\"><img loading=\"lazy\" class=\"alignnone size-medium wp-image-7841\" src=\"https:\/\/universnews224.com\/wp-content\/uploads\/2025\/03\/FB_IMG_1743367652615-300x200.jpg\" alt=\"\" width=\"300\" height=\"200\" srcset=\"https:\/\/universnews224.com\/wp-content\/uploads\/2025\/03\/FB_IMG_1743367652615-300x200.jpg 300w, https:\/\/universnews224.com\/wp-content\/uploads\/2025\/03\/FB_IMG_1743367652615-768x512.jpg 768w, https:\/\/universnews224.com\/wp-content\/uploads\/2025\/03\/FB_IMG_1743367652615.jpg 960w\" sizes=\"(max-width: 300px) 100vw, 300px\" \/><\/a><\/span><\/p>\n<p dir=\"ltr\" style=\"line-height: 1.38;margin-top: 0.0pt;margin-bottom: 0.0pt\"><span style=\"font-size: 11pt;font-family: Arial, sans-serif;color: #000000;background-color: transparent;vertical-align: baseline\">Entour\u00e9 de proches collaborateurs, notamment le Ministre Secr\u00e9taire G\u00e9n\u00e9ral de la Pr\u00e9sidence, le G\u00e9n\u00e9ral Amara CAMARA, le Ministre Directeur de Cabinet de la Pr\u00e9sidence, Djiba DIAKIT\u00c9, les conseillers \u00e0 la Pr\u00e9sidence ainsi que des membres du gouvernement et de l\u2019administration publique, le Chef de l\u2019\u00c9tat a rejoint la foule vers 9 heures pour s\u2019acquitter de son devoir religieux.<a href=\"https:\/\/universnews224.com\/wp-content\/uploads\/2025\/03\/FB_IMG_1743367660981.jpg\"><img loading=\"lazy\" class=\"alignnone size-medium wp-image-7840\" src=\"https:\/\/universnews224.com\/wp-content\/uploads\/2025\/03\/FB_IMG_1743367660981-300x200.jpg\" alt=\"\" width=\"300\" height=\"200\" srcset=\"https:\/\/universnews224.com\/wp-content\/uploads\/2025\/03\/FB_IMG_1743367660981-300x200.jpg 300w, https:\/\/universnews224.com\/wp-content\/uploads\/2025\/03\/FB_IMG_1743367660981-768x512.jpg 768w, https:\/\/universnews224.com\/wp-content\/uploads\/2025\/03\/FB_IMG_1743367660981.jpg 960w\" sizes=\"(max-width: 300px) 100vw, 300px\" \/><\/a><\/span><\/p>\n<p dir=\"ltr\" style=\"line-height: 1.38;margin-top: 0.0pt;margin-bottom: 0.0pt\"><span style=\"font-size: 11pt;font-family: Arial, sans-serif;color: #000000;background-color: transparent;vertical-align: baseline\">Sous la conduite de l\u2019Imam Ratib Elhadj Mamadou Saliou Camara, la pri\u00e8re s\u2019est d\u00e9roul\u00e9e dans une ambiance de pi\u00e9t\u00e9 et de recueillement. Dans son sermon, l\u2019Imam a rappel\u00e9 la signification profonde de cette journ\u00e9e de l\u2019A\u00efd, qui consacre la fin d\u2019un mois de d\u00e9votion, de pardon et de solidarit\u00e9. Il a soulign\u00e9 l\u2019importance de la Zakat al-Fitr, aum\u00f4ne l\u00e9gale destin\u00e9e aux plus d\u00e9munis, et a implor\u00e9 Allah d\u2019agr\u00e9er les pri\u00e8res et les efforts des fid\u00e8les.<a href=\"https:\/\/universnews224.com\/wp-content\/uploads\/2025\/03\/IMG-20250330-WA0143.jpg\"><img loading=\"lazy\" class=\"alignnone size-medium wp-image-7842\" src=\"https:\/\/universnews224.com\/wp-content\/uploads\/2025\/03\/IMG-20250330-WA0143-300x200.jpg\" alt=\"\" width=\"300\" height=\"200\" srcset=\"https:\/\/universnews224.com\/wp-content\/uploads\/2025\/03\/IMG-20250330-WA0143-300x200.jpg 300w, https:\/\/universnews224.com\/wp-content\/uploads\/2025\/03\/IMG-20250330-WA0143-768x512.jpg 768w, https:\/\/universnews224.com\/wp-content\/uploads\/2025\/03\/IMG-20250330-WA0143.jpg 960w\" sizes=\"(max-width: 300px) 100vw, 300px\" \/><\/a><\/span><\/p>\n<p dir=\"ltr\" style=\"line-height: 1.38;margin-top: 0.0pt;margin-bottom: 0.0pt\"><span style=\"font-size: 11pt;font-family: Arial, sans-serif;color: #000000;background-color: transparent;vertical-align: baseline\">L\u2019Imam a \u00e9galement saisi l\u2019occasion pour saluer l\u2019engagement du Pr\u00e9sident de la R\u00e9publique en faveur de l\u2019unit\u00e9 nationale et du d\u00e9veloppement de la Guin\u00e9e. Il a pri\u00e9 pour la r\u00e9ussite des projets et programmes pr\u00e9sidentiels visant \u00e0 am\u00e9liorer les conditions de vie du peuple de Guin\u00e9e.<a href=\"https:\/\/universnews224.com\/wp-content\/uploads\/2025\/03\/IMG-20250330-WA0150.jpg\"><img loading=\"lazy\" class=\"alignnone size-medium wp-image-7843\" src=\"https:\/\/universnews224.com\/wp-content\/uploads\/2025\/03\/IMG-20250330-WA0150-200x300.jpg\" alt=\"\" width=\"200\" height=\"300\" srcset=\"https:\/\/universnews224.com\/wp-content\/uploads\/2025\/03\/IMG-20250330-WA0150-200x300.jpg 200w, https:\/\/universnews224.com\/wp-content\/uploads\/2025\/03\/IMG-20250330-WA0150-682x1024.jpg 682w, https:\/\/universnews224.com\/wp-content\/uploads\/2025\/03\/IMG-20250330-WA0150-768x1152.jpg 768w, https:\/\/universnews224.com\/wp-content\/uploads\/2025\/03\/IMG-20250330-WA0150.jpg 853w\" sizes=\"(max-width: 200px) 100vw, 200px\" \/><\/a><\/span><\/p>\n<p dir=\"ltr\" style=\"line-height: 1.38;margin-top: 0.0pt;margin-bottom: 0.0pt\"><span style=\"font-size: 11pt;font-family: Arial, sans-serif;color: #000000;background-color: transparent;vertical-align: baseline\">\u00c0 l\u2019issue de la pri\u00e8re, le Chef de l\u2019\u00c9tat salu\u00e9 la foule qui l\u2019a fortement ovation\u00e9 avant de regagner sa r\u00e9sidence, o\u00f9 il a re\u00e7u les v\u0153ux des diff\u00e9rentes personnalit\u00e9s pr\u00e9sentes.<a href=\"https:\/\/universnews224.com\/wp-content\/uploads\/2025\/03\/FB_IMG_1743367614610.jpg\"><img loading=\"lazy\" class=\"alignnone size-medium wp-image-7844\" src=\"https:\/\/universnews224.com\/wp-content\/uploads\/2025\/03\/FB_IMG_1743367614610-300x200.jpg\" alt=\"\" width=\"300\" height=\"200\" srcset=\"https:\/\/universnews224.com\/wp-content\/uploads\/2025\/03\/FB_IMG_1743367614610-300x200.jpg 300w, https:\/\/universnews224.com\/wp-content\/uploads\/2025\/03\/FB_IMG_1743367614610-768x512.jpg 768w, https:\/\/universnews224.com\/wp-content\/uploads\/2025\/03\/FB_IMG_1743367614610.jpg 960w\" sizes=\"(max-width: 300px) 100vw, 300px\" \/><\/a><\/span><\/p>\n<p dir=\"ltr\" style=\"line-height: 1.38;margin-top: 0.0pt;margin-bottom: 0.0pt\"><span style=\"font-size: 11pt;font-family: Arial, sans-serif;color: #000000;background-color: transparent;vertical-align: baseline\">Au nom du Pr\u00e9sident de la R\u00e9publique, le Ministre Secr\u00e9taire G\u00e9n\u00e9ral et Porte-Parole de la Pr\u00e9sidence, le G\u00e9n\u00e9ral Amara CAMARA, a rappel\u00e9 les fondements de la nation guin\u00e9enne, mettant en avant les valeurs de paix, de solidarit\u00e9 et de vivre-ensemble. Il a invit\u00e9 le peuple souverain de Guin\u00e9e \u00e0 pr\u00e9server l\u2019unit\u00e9 et la stabilit\u00e9 du pays, des valeurs essentielles pour le d\u00e9veloppement et le rayonnement de la Guin\u00e9e.<a href=\"https:\/\/universnews224.com\/wp-content\/uploads\/2025\/03\/FB_IMG_1743367673632.jpg\"><img loading=\"lazy\" class=\"alignnone size-medium wp-image-7845\" src=\"https:\/\/universnews224.com\/wp-content\/uploads\/2025\/03\/FB_IMG_1743367673632-300x200.jpg\" alt=\"\" width=\"300\" height=\"200\" srcset=\"https:\/\/universnews224.com\/wp-content\/uploads\/2025\/03\/FB_IMG_1743367673632-300x200.jpg 300w, https:\/\/universnews224.com\/wp-content\/uploads\/2025\/03\/FB_IMG_1743367673632-768x512.jpg 768w, https:\/\/universnews224.com\/wp-content\/uploads\/2025\/03\/FB_IMG_1743367673632.jpg 960w\" sizes=\"(max-width: 300px) 100vw, 300px\" \/><\/a><\/span><\/p>\n<p dir=\"ltr\" style=\"line-height: 1.38;margin-top: 0.0pt;margin-bottom: 0.0pt\"><span style=\"font-size: 11pt;font-family: Arial, sans-serif;color: #000000;background-color: transparent;vertical-align: baseline\">En ce jour b\u00e9ni, la ferveur religieuse et l\u2019esprit de fraternit\u00e9 ont une fois de plus renforc\u00e9 le lien entre les fils et filles de Guin\u00e9e, r\u00e9affirmant ainsi l\u2019engagement du peuple \u00e0 \u0153uvrer pour une nation unie et prosp\u00e8re sous la conduite \u00e9clair\u00e9e du Pr\u00e9sident de la R\u00e9publique Son Excellence le G\u00e9n\u00e9ral Mamadi DOUMBOUYA.<a href=\"https:\/\/universnews224.com\/wp-content\/uploads\/2025\/03\/FB_IMG_1743367660981.jpg\"><img loading=\"lazy\" class=\"alignnone size-medium wp-image-7840\" src=\"https:\/\/universnews224.com\/wp-content\/uploads\/2025\/03\/FB_IMG_1743367660981-300x200.jpg\" alt=\"\" width=\"300\" height=\"200\" srcset=\"https:\/\/universnews224.com\/wp-content\/uploads\/2025\/03\/FB_IMG_1743367660981-300x200.jpg 300w, https:\/\/universnews224.com\/wp-content\/uploads\/2025\/03\/FB_IMG_1743367660981-768x512.jpg 768w, https:\/\/universnews224.com\/wp-content\/uploads\/2025\/03\/FB_IMG_1743367660981.jpg 960w\" sizes=\"(max-width: 300px) 100vw, 300px\" \/><\/a><\/span><\/p>\n<p>&nbsp;<\/p>\n<p dir=\"ltr\" style=\"line-height: 1.38;margin-top: 0.0pt;margin-bottom: 0.0pt\"><span style=\"font-size: 11pt;font-family: Arial, sans-serif;color: #000000;background-color: transparent;vertical-align: baseline\"> DCI-PRG<\/span><\/p>\n","protected":false},"excerpt":{"rendered":"<p>La communaut\u00e9 musulmane de Guin\u00e9e, \u00e0 l\u2019instar des fid\u00e8les \u00e0 travers le monde, a c\u00e9l\u00e9br\u00e9<\/p>\n","protected":false},"author":2,"featured_media":7841,"comment_status":"closed","ping_status":"open","sticky":false,"template":"","format":"standard","meta":[],"categories":[3,4],"tags":[237],"yoast_head":"<!-- This site is optimized with the Yoast SEO plugin v19.13 - https:\/\/yoast.com\/wordpress\/plugins\/seo\/ -->\n<title>C\u00e9l\u00e9bration de l\u2019A\u00efd el-Fitr 2025 :\u00a0 G\u00e9n\u00e9ral Mamadi Doumbouya s\u2019acquitte de son devoir religieux au Palais Mohammed V - UNIVERSNEWS224<\/title>\n<meta name=\"robots\" content=\"index, follow, max-snippet:-1, max-image-preview:large, max-video-preview:-1\" \/>\n<link rel=\"canonical\" href=\"https:\/\/universnews224.com\/index.php\/celebration-de-laid-el-fitr-2025-general-mamadi-doumbouya-sacquitte-de-son-devoir-religieux-au-palais-mohammed-v\/\" \/>\n<meta property=\"og:locale\" content=\"fr_FR\" \/>\n<meta property=\"og:type\" content=\"article\" \/>\n<meta property=\"og:title\" content=\"C\u00e9l\u00e9bration de l\u2019A\u00efd el-Fitr 2025 :\u00a0 G\u00e9n\u00e9ral Mamadi Doumbouya s\u2019acquitte de son devoir religieux au Palais Mohammed V - UNIVERSNEWS224\" \/>\n<meta property=\"og:description\" content=\"La communaut\u00e9 musulmane de Guin\u00e9e, \u00e0 l\u2019instar des fid\u00e8les \u00e0 travers le monde, a c\u00e9l\u00e9br\u00e9\" \/>\n<meta property=\"og:url\" content=\"https:\/\/universnews224.com\/index.php\/celebration-de-laid-el-fitr-2025-general-mamadi-doumbouya-sacquitte-de-son-devoir-religieux-au-palais-mohammed-v\/\" \/>\n<meta property=\"og:site_name\" content=\"UNIVERSNEWS224\" \/>\n<meta property=\"article:published_time\" content=\"2025-03-30T21:48:43+00:00\" \/>\n<meta property=\"og:image\" content=\"https:\/\/universnews224.com\/wp-content\/uploads\/2025\/03\/FB_IMG_1743367652615.jpg\" \/>\n\t<meta property=\"og:image:width\" content=\"960\" \/>\n\t<meta property=\"og:image:height\" content=\"640\" \/>\n\t<meta property=\"og:image:type\" content=\"image\/jpeg\" \/>\n<meta name=\"author\" content=\"La R\u00e9daction\" \/>\n<meta name=\"twitter:label1\" content=\"\u00c9crit par\" \/>\n\t<meta name=\"twitter:data1\" content=\"La R\u00e9daction\" \/>\n\t<meta name=\"twitter:label2\" content=\"Dur\u00e9e de lecture estim\u00e9e\" \/>\n\t<meta name=\"twitter:data2\" content=\"4 minutes\" \/>\n<script type=\"application\/ld+json\" class=\"yoast-schema-graph\">{\"@context\":\"https:\/\/schema.org\",\"@graph\":[{\"@type\":\"Article\",\"@id\":\"https:\/\/universnews224.com\/index.php\/celebration-de-laid-el-fitr-2025-general-mamadi-doumbouya-sacquitte-de-son-devoir-religieux-au-palais-mohammed-v\/#article\",\"isPartOf\":{\"@id\":\"https:\/\/universnews224.com\/index.php\/celebration-de-laid-el-fitr-2025-general-mamadi-doumbouya-sacquitte-de-son-devoir-religieux-au-palais-mohammed-v\/\"},\"author\":{\"name\":\"La R\u00e9daction\",\"@id\":\"https:\/\/universnews224.com\/#\/schema\/person\/a4b7d4f94a4716df60456a491260485e\"},\"headline\":\"C\u00e9l\u00e9bration de l\u2019A\u00efd el-Fitr 2025 :\u00a0 G\u00e9n\u00e9ral Mamadi Doumbouya s\u2019acquitte de son devoir religieux au Palais Mohammed V\",\"datePublished\":\"2025-03-30T21:48:43+00:00\",\"dateModified\":\"2025-03-30T21:48:43+00:00\",\"mainEntityOfPage\":{\"@id\":\"https:\/\/universnews224.com\/index.php\/celebration-de-laid-el-fitr-2025-general-mamadi-doumbouya-sacquitte-de-son-devoir-religieux-au-palais-mohammed-v\/\"},\"wordCount\":574,\"publisher\":{\"@id\":\"https:\/\/universnews224.com\/#organization\"},\"keywords\":[\"A la une\"],\"articleSection\":[\"ACTU\",\"POLITIQUE\"],\"inLanguage\":\"fr-FR\"},{\"@type\":\"WebPage\",\"@id\":\"https:\/\/universnews224.com\/index.php\/celebration-de-laid-el-fitr-2025-general-mamadi-doumbouya-sacquitte-de-son-devoir-religieux-au-palais-mohammed-v\/\",\"url\":\"https:\/\/universnews224.com\/index.php\/celebration-de-laid-el-fitr-2025-general-mamadi-doumbouya-sacquitte-de-son-devoir-religieux-au-palais-mohammed-v\/\",\"name\":\"C\u00e9l\u00e9bration de l\u2019A\u00efd el-Fitr 2025 :\u00a0 G\u00e9n\u00e9ral Mamadi Doumbouya s\u2019acquitte de son devoir religieux au Palais Mohammed V - UNIVERSNEWS224\",\"isPartOf\":{\"@id\":\"https:\/\/universnews224.com\/#website\"},\"datePublished\":\"2025-03-30T21:48:43+00:00\",\"dateModified\":\"2025-03-30T21:48:43+00:00\",\"inLanguage\":\"fr-FR\",\"potentialAction\":[{\"@type\":\"ReadAction\",\"target\":[\"https:\/\/universnews224.com\/index.php\/celebration-de-laid-el-fitr-2025-general-mamadi-doumbouya-sacquitte-de-son-devoir-religieux-au-palais-mohammed-v\/\"]}]},{\"@type\":\"WebSite\",\"@id\":\"https:\/\/universnews224.com\/#website\",\"url\":\"https:\/\/universnews224.com\/\",\"name\":\"UNIVERSNEWS224\",\"description\":\"\",\"publisher\":{\"@id\":\"https:\/\/universnews224.com\/#organization\"},\"potentialAction\":[{\"@type\":\"SearchAction\",\"target\":{\"@type\":\"EntryPoint\",\"urlTemplate\":\"https:\/\/universnews224.com\/?s={search_term_string}\"},\"query-input\":\"required name=search_term_string\"}],\"inLanguage\":\"fr-FR\"},{\"@type\":\"Organization\",\"@id\":\"https:\/\/universnews224.com\/#organization\",\"name\":\"UNIVERSNEWS224\",\"url\":\"https:\/\/universnews224.com\/\",\"logo\":{\"@type\":\"ImageObject\",\"inLanguage\":\"fr-FR\",\"@id\":\"https:\/\/universnews224.com\/#\/schema\/logo\/image\/\",\"url\":\"https:\/\/universnews224.com\/wp-content\/uploads\/2022\/08\/cropped-cropped-logoban.jpg\",\"contentUrl\":\"https:\/\/universnews224.com\/wp-content\/uploads\/2022\/08\/cropped-cropped-logoban.jpg\",\"width\":1080,\"height\":138,\"caption\":\"UNIVERSNEWS224\"},\"image\":{\"@id\":\"https:\/\/universnews224.com\/#\/schema\/logo\/image\/\"}},{\"@type\":\"Person\",\"@id\":\"https:\/\/universnews224.com\/#\/schema\/person\/a4b7d4f94a4716df60456a491260485e\",\"name\":\"La R\u00e9daction\",\"image\":{\"@type\":\"ImageObject\",\"inLanguage\":\"fr-FR\",\"@id\":\"https:\/\/universnews224.com\/#\/schema\/person\/image\/\",\"url\":\"https:\/\/secure.gravatar.com\/avatar\/edb90acc7752b23e1b3307ad36c14f0d?s=96&d=mm&r=g\",\"contentUrl\":\"https:\/\/secure.gravatar.com\/avatar\/edb90acc7752b23e1b3307ad36c14f0d?s=96&d=mm&r=g\",\"caption\":\"La R\u00e9daction\"},\"sameAs\":[\"https:\/\/universnews224.com\"],\"url\":\"https:\/\/universnews224.com\/index.php\/author\/m-camara\/\"}]}<\/script>\n<!-- \/ Yoast SEO plugin. -->","yoast_head_json":{"title":"C\u00e9l\u00e9bration de l\u2019A\u00efd el-Fitr 2025 :\u00a0 G\u00e9n\u00e9ral Mamadi Doumbouya s\u2019acquitte de son devoir religieux au Palais Mohammed V - UNIVERSNEWS224","robots":{"index":"index","follow":"follow","max-snippet":"max-snippet:-1","max-image-preview":"max-image-preview:large","max-video-preview":"max-video-preview:-1"},"canonical":"https:\/\/universnews224.com\/index.php\/celebration-de-laid-el-fitr-2025-general-mamadi-doumbouya-sacquitte-de-son-devoir-religieux-au-palais-mohammed-v\/","og_locale":"fr_FR","og_type":"article","og_title":"C\u00e9l\u00e9bration de l\u2019A\u00efd el-Fitr 2025 :\u00a0 G\u00e9n\u00e9ral Mamadi Doumbouya s\u2019acquitte de son devoir religieux au Palais Mohammed V - UNIVERSNEWS224","og_description":"La communaut\u00e9 musulmane de Guin\u00e9e, \u00e0 l\u2019instar des fid\u00e8les \u00e0 travers le monde, a c\u00e9l\u00e9br\u00e9","og_url":"https:\/\/universnews224.com\/index.php\/celebration-de-laid-el-fitr-2025-general-mamadi-doumbouya-sacquitte-de-son-devoir-religieux-au-palais-mohammed-v\/","og_site_name":"UNIVERSNEWS224","article_published_time":"2025-03-30T21:48:43+00:00","og_image":[{"width":960,"height":640,"url":"https:\/\/universnews224.com\/wp-content\/uploads\/2025\/03\/FB_IMG_1743367652615.jpg","type":"image\/jpeg"}],"author":"La R\u00e9daction","twitter_misc":{"\u00c9crit par":"La R\u00e9daction","Dur\u00e9e de lecture estim\u00e9e":"4 minutes"},"schema":{"@context":"https:\/\/schema.org","@graph":[{"@type":"Article","@id":"https:\/\/universnews224.com\/index.php\/celebration-de-laid-el-fitr-2025-general-mamadi-doumbouya-sacquitte-de-son-devoir-religieux-au-palais-mohammed-v\/#article","isPartOf":{"@id":"https:\/\/universnews224.com\/index.php\/celebration-de-laid-el-fitr-2025-general-mamadi-doumbouya-sacquitte-de-son-devoir-religieux-au-palais-mohammed-v\/"},"author":{"name":"La R\u00e9daction","@id":"https:\/\/universnews224.com\/#\/schema\/person\/a4b7d4f94a4716df60456a491260485e"},"headline":"C\u00e9l\u00e9bration de l\u2019A\u00efd el-Fitr 2025 :\u00a0 G\u00e9n\u00e9ral Mamadi Doumbouya s\u2019acquitte de son devoir religieux au Palais Mohammed V","datePublished":"2025-03-30T21:48:43+00:00","dateModified":"2025-03-30T21:48:43+00:00","mainEntityOfPage":{"@id":"https:\/\/universnews224.com\/index.php\/celebration-de-laid-el-fitr-2025-general-mamadi-doumbouya-sacquitte-de-son-devoir-religieux-au-palais-mohammed-v\/"},"wordCount":574,"publisher":{"@id":"https:\/\/universnews224.com\/#organization"},"keywords":["A la une"],"articleSection":["ACTU","POLITIQUE"],"inLanguage":"fr-FR"},{"@type":"WebPage","@id":"https:\/\/universnews224.com\/index.php\/celebration-de-laid-el-fitr-2025-general-mamadi-doumbouya-sacquitte-de-son-devoir-religieux-au-palais-mohammed-v\/","url":"https:\/\/universnews224.com\/index.php\/celebration-de-laid-el-fitr-2025-general-mamadi-doumbouya-sacquitte-de-son-devoir-religieux-au-palais-mohammed-v\/","name":"C\u00e9l\u00e9bration de l\u2019A\u00efd el-Fitr 2025 :\u00a0 G\u00e9n\u00e9ral Mamadi Doumbouya s\u2019acquitte de son devoir religieux au Palais Mohammed V - UNIVERSNEWS224","isPartOf":{"@id":"https:\/\/universnews224.com\/#website"},"datePublished":"2025-03-30T21:48:43+00:00","dateModified":"2025-03-30T21:48:43+00:00","inLanguage":"fr-FR","potentialAction":[{"@type":"ReadAction","target":["https:\/\/universnews224.com\/index.php\/celebration-de-laid-el-fitr-2025-general-mamadi-doumbouya-sacquitte-de-son-devoir-religieux-au-palais-mohammed-v\/"]}]},{"@type":"WebSite","@id":"https:\/\/universnews224.com\/#website","url":"https:\/\/universnews224.com\/","name":"UNIVERSNEWS224","description":"","publisher":{"@id":"https:\/\/universnews224.com\/#organization"},"potentialAction":[{"@type":"SearchAction","target":{"@type":"EntryPoint","urlTemplate":"https:\/\/universnews224.com\/?s={search_term_string}"},"query-input":"required name=search_term_string"}],"inLanguage":"fr-FR"},{"@type":"Organization","@id":"https:\/\/universnews224.com\/#organization","name":"UNIVERSNEWS224","url":"https:\/\/universnews224.com\/","logo":{"@type":"ImageObject","inLanguage":"fr-FR","@id":"https:\/\/universnews224.com\/#\/schema\/logo\/image\/","url":"https:\/\/universnews224.com\/wp-content\/uploads\/2022\/08\/cropped-cropped-logoban.jpg","contentUrl":"https:\/\/universnews224.com\/wp-content\/uploads\/2022\/08\/cropped-cropped-logoban.jpg","width":1080,"height":138,"caption":"UNIVERSNEWS224"},"image":{"@id":"https:\/\/universnews224.com\/#\/schema\/logo\/image\/"}},{"@type":"Person","@id":"https:\/\/universnews224.com\/#\/schema\/person\/a4b7d4f94a4716df60456a491260485e","name":"La R\u00e9daction","image":{"@type":"ImageObject","inLanguage":"fr-FR","@id":"https:\/\/universnews224.com\/#\/schema\/person\/image\/","url":"https:\/\/secure.gravatar.com\/avatar\/edb90acc7752b23e1b3307ad36c14f0d?s=96&d=mm&r=g","contentUrl":"https:\/\/secure.gravatar.com\/avatar\/edb90acc7752b23e1b3307ad36c14f0d?s=96&d=mm&r=g","caption":"La R\u00e9daction"},"sameAs":["https:\/\/universnews224.com"],"url":"https:\/\/universnews224.com\/index.php\/author\/m-camara\/"}]}},"_links":{"self":[{"href":"https:\/\/universnews224.com\/index.php\/wp-json\/wp\/v2\/posts\/7839"}],"collection":[{"href":"https:\/\/universnews224.com\/index.php\/wp-json\/wp\/v2\/posts"}],"about":[{"href":"https:\/\/universnews224.com\/index.php\/wp-json\/wp\/v2\/types\/post"}],"author":[{"embeddable":true,"href":"https:\/\/universnews224.com\/index.php\/wp-json\/wp\/v2\/users\/2"}],"replies":[{"embeddable":true,"href":"https:\/\/universnews224.com\/index.php\/wp-json\/wp\/v2\/comments?post=7839"}],"version-history":[{"count":1,"href":"https:\/\/universnews224.com\/index.php\/wp-json\/wp\/v2\/posts\/7839\/revisions"}],"predecessor-version":[{"id":7846,"href":"https:\/\/universnews224.com\/index.php\/wp-json\/wp\/v2\/posts\/7839\/revisions\/7846"}],"wp:featuredmedia":[{"embeddable":true,"href":"https:\/\/universnews224.com\/index.php\/wp-json\/wp\/v2\/media\/7841"}],"wp:attachment":[{"href":"https:\/\/universnews224.com\/index.php\/wp-json\/wp\/v2\/media?parent=7839"}],"wp:term":[{"taxonomy":"category","embeddable":true,"href":"https:\/\/universnews224.com\/index.php\/wp-json\/wp\/v2\/categories?post=7839"},{"taxonomy":"post_tag","embeddable":true,"href":"https:\/\/universnews224.com\/index.php\/wp-json\/wp\/v2\/tags?post=7839"}],"curies":[{"name":"wp","href":"https:\/\/api.w.org\/{rel}","templated":true}]}}