{"id":785,"date":"2022-03-24T19:58:09","date_gmt":"2022-03-24T18:58:09","guid":{"rendered":"https:\/\/universnews224.com\/index.php\/dr-ibrahima-kalil-kaba-et-cie-poursuivis-pour-atteinte-a-la-vie-privee-me-traore-pose-des-questions\/"},"modified":"2022-03-24T22:04:49","modified_gmt":"2022-03-24T21:04:49","slug":"dr-ibrahima-kalil-kaba-et-cie-poursuivis-pour-atteinte-a-la-vie-privee-me-traore-pose-des-questions","status":"publish","type":"post","link":"https:\/\/universnews224.com\/index.php\/dr-ibrahima-kalil-kaba-et-cie-poursuivis-pour-atteinte-a-la-vie-privee-me-traore-pose-des-questions\/","title":{"rendered":"Dr Ibrahima Kalil Kaba et Cie poursuivis pour atteinte \u00e0 la vie priv\u00e9e : Me Traor\u00e9 pose des questions"},"content":{"rendered":"<p><\/p>\n<div>\n<p>Le l\u00e9gislateur punit dans les articles 358, 359 et 360 du Code p\u00e9nal, un certain nombre d\u2019actes sous la qualification d\u2019atteintes \u00e0 la vie priv\u00e9e.<\/p>\n<p>Ainsi, aux termes de l\u2019article 358 : \u00ab\u00a0Est puni d\u2019un emprisonnement de 1 \u00e0 2 ans et d\u2019une amende de 1.000.000 \u00e0 3.000.000 de francs guin\u00e9ens ou de lune de ces peines seulement quiconque a volontairement port\u00e9 atteinte \u00e0 la vie priv\u00e9e d\u2019autrui :<\/p>\n<ol>\n<li>en \u00e9coutant, enregistrant ou transmettant au moyen d\u2019un appareil quelconque des paroles prononc\u00e9es dans un lieu priv\u00e9 sans le consentement de celle-ci ;<\/li>\n<li>en fixant, enregistrant ou transmettant au moyen d\u2019un appareil quelconque, l\u2019image d\u2019une personne se trouvant dans un lieu priv\u00e9 sans le consentement de celle-ci. Lorsque les actes pr\u00e9vus au pr\u00e9sent article ont \u00e9t\u00e9 accomplis au cours d\u2019une r\u00e9union ouverte au public au vu et au su de ses participants, le consentement de ceux-ci est pr\u00e9sum\u00e9.\u00a0\u00bb<\/li>\n<\/ol>\n<p>L\u2019article 359 quant \u00e0 lui dispose que : \u00ab\u00a0Est puni des peines pr\u00e9vues \u00e0 l\u2019article pr\u00e9c\u00e9dent, quiconque a sciemment conserv\u00e9 port\u00e9 ou volontairement laiss\u00e9 porter \u00e0 la connaissance du public ou d\u2019un tiers, utilis\u00e9 publiquement ou non, tout enregistrement ou document obtenu \u00e0 l\u2019aide d\u2019un des faits pr\u00e9vus \u00e0 cet article.<\/p>\n<p>En cas de publication, les poursuites sont exerc\u00e9es conform\u00e9ment aux dispositions l\u00e9gales en vigueur relatives \u00e0 la libert\u00e9 de la presse, de la t\u00e9l\u00e9vision et de la communication.<\/p>\n<p>L\u2019infraction est constitu\u00e9e d\u00e8s lors que la publication est faite, re\u00e7ue ou per\u00e7ue en R\u00e9publique de Guin\u00e9e.\u00a0\u00bb<\/p>\n<p><strong>Questions :<\/strong><\/p>\n<p>.1- En cas d\u2019atteinte \u00e0 la vie priv\u00e9e, la plainte de la victime n\u2019est-elle pas n\u00e9cessaire ?<\/p>\n<p>2- Qui peut prouver l\u2019absence de consentement si ce n\u2019est la victime elle-m\u00eame ?<\/p>\n<p>3- La victime n\u2019est-elle pas la mieux plac\u00e9e pour d\u00e9montrer que les faits ont \u00e9t\u00e9 commis dans un lieu priv\u00e9 ?<\/p>\n<p>4- Si les poursuites sont exerc\u00e9es conform\u00e9ment \u00e0 la loi relative \u00e0 la libert\u00e9 de la presse, est-il admis de prendre une mesure privative de libert\u00e9 si ce n\u2019est pas pr\u00e9vu par ce texte ?<\/p>\n<p><strong>Me Mohamed Traor\u00e9<\/strong><\/p>\n<\/div>\n<p><a href=\"https:\/\/liberationinfo.com\/index.php\/dr-ibrahima-kalil-kaba-et-cie-poursuivis-pour-atteinte-a-la-vie-privee-me-traore-pose-des-questions\/\">Source link <\/a><\/p>\n","protected":false},"excerpt":{"rendered":"<p>Le l\u00e9gislateur punit dans les articles 358, 359 et 360 du Code p\u00e9nal, un certain<\/p>\n","protected":false},"author":2,"featured_media":786,"comment_status":"closed","ping_status":"open","sticky":false,"template":"","format":"standard","meta":[],"categories":[3,8,6,7,17,1,4,24,5,9,10],"tags":[],"yoast_head":"<!-- This site is optimized with the Yoast SEO plugin v19.13 - https:\/\/yoast.com\/wordpress\/plugins\/seo\/ -->\n<title>Dr Ibrahima Kalil Kaba et Cie poursuivis pour atteinte \u00e0 la vie priv\u00e9e : Me Traor\u00e9 pose des questions - UNIVERSNEWS224<\/title>\n<meta name=\"robots\" content=\"index, follow, max-snippet:-1, max-image-preview:large, max-video-preview:-1\" \/>\n<link rel=\"canonical\" href=\"https:\/\/universnews224.com\/index.php\/dr-ibrahima-kalil-kaba-et-cie-poursuivis-pour-atteinte-a-la-vie-privee-me-traore-pose-des-questions\/\" \/>\n<meta property=\"og:locale\" content=\"fr_FR\" \/>\n<meta property=\"og:type\" content=\"article\" \/>\n<meta property=\"og:title\" content=\"Dr Ibrahima Kalil Kaba et Cie poursuivis pour atteinte \u00e0 la vie priv\u00e9e : Me Traor\u00e9 pose des questions - UNIVERSNEWS224\" \/>\n<meta property=\"og:description\" content=\"Le l\u00e9gislateur punit dans les articles 358, 359 et 360 du Code p\u00e9nal, un certain\" \/>\n<meta property=\"og:url\" content=\"https:\/\/universnews224.com\/index.php\/dr-ibrahima-kalil-kaba-et-cie-poursuivis-pour-atteinte-a-la-vie-privee-me-traore-pose-des-questions\/\" \/>\n<meta property=\"og:site_name\" content=\"UNIVERSNEWS224\" \/>\n<meta property=\"article:published_time\" content=\"2022-03-24T18:58:09+00:00\" \/>\n<meta property=\"article:modified_time\" content=\"2022-03-24T21:04:49+00:00\" \/>\n<meta property=\"og:image\" content=\"https:\/\/universnews224.com\/wp-content\/uploads\/2022\/03\/Dr-Ibrahima-Kalil-Kaba-et-Cie-poursuivis-pour-atteinte-a.jpeg\" \/>\n\t<meta property=\"og:image:width\" content=\"232\" \/>\n\t<meta property=\"og:image:height\" content=\"217\" \/>\n\t<meta property=\"og:image:type\" content=\"image\/jpeg\" \/>\n<meta name=\"author\" content=\"La R\u00e9daction\" \/>\n<meta name=\"twitter:label1\" content=\"\u00c9crit par\" \/>\n\t<meta name=\"twitter:data1\" content=\"La R\u00e9daction\" \/>\n\t<meta name=\"twitter:label2\" content=\"Dur\u00e9e de lecture estim\u00e9e\" \/>\n\t<meta name=\"twitter:data2\" content=\"2 minutes\" \/>\n<script type=\"application\/ld+json\" class=\"yoast-schema-graph\">{\"@context\":\"https:\/\/schema.org\",\"@graph\":[{\"@type\":\"Article\",\"@id\":\"https:\/\/universnews224.com\/index.php\/dr-ibrahima-kalil-kaba-et-cie-poursuivis-pour-atteinte-a-la-vie-privee-me-traore-pose-des-questions\/#article\",\"isPartOf\":{\"@id\":\"https:\/\/universnews224.com\/index.php\/dr-ibrahima-kalil-kaba-et-cie-poursuivis-pour-atteinte-a-la-vie-privee-me-traore-pose-des-questions\/\"},\"author\":{\"name\":\"La R\u00e9daction\",\"@id\":\"https:\/\/universnews224.com\/#\/schema\/person\/a4b7d4f94a4716df60456a491260485e\"},\"headline\":\"Dr Ibrahima Kalil Kaba et Cie poursuivis pour atteinte \u00e0 la vie priv\u00e9e : Me Traor\u00e9 pose des questions\",\"datePublished\":\"2022-03-24T18:58:09+00:00\",\"dateModified\":\"2022-03-24T21:04:49+00:00\",\"mainEntityOfPage\":{\"@id\":\"https:\/\/universnews224.com\/index.php\/dr-ibrahima-kalil-kaba-et-cie-poursuivis-pour-atteinte-a-la-vie-privee-me-traore-pose-des-questions\/\"},\"wordCount\":380,\"publisher\":{\"@id\":\"https:\/\/universnews224.com\/#organization\"},\"articleSection\":{\"0\":\"ACTU\",\"1\":\"AGRICULTURE\",\"2\":\"CULTURE\",\"3\":\"ENVIRONNEMENT\",\"4\":\"GRANDS DOSSIERS\",\"6\":\"POLITIQUE\",\"7\":\"REPORTAGE\",\"8\":\"SOCI\u00c9T\u00c9\",\"9\":\"SPORT\",\"10\":\"VID\u00c9O\"},\"inLanguage\":\"fr-FR\"},{\"@type\":\"WebPage\",\"@id\":\"https:\/\/universnews224.com\/index.php\/dr-ibrahima-kalil-kaba-et-cie-poursuivis-pour-atteinte-a-la-vie-privee-me-traore-pose-des-questions\/\",\"url\":\"https:\/\/universnews224.com\/index.php\/dr-ibrahima-kalil-kaba-et-cie-poursuivis-pour-atteinte-a-la-vie-privee-me-traore-pose-des-questions\/\",\"name\":\"Dr Ibrahima Kalil Kaba et Cie poursuivis pour atteinte \u00e0 la vie priv\u00e9e : Me Traor\u00e9 pose des questions - UNIVERSNEWS224\",\"isPartOf\":{\"@id\":\"https:\/\/universnews224.com\/#website\"},\"datePublished\":\"2022-03-24T18:58:09+00:00\",\"dateModified\":\"2022-03-24T21:04:49+00:00\",\"inLanguage\":\"fr-FR\",\"potentialAction\":[{\"@type\":\"ReadAction\",\"target\":[\"https:\/\/universnews224.com\/index.php\/dr-ibrahima-kalil-kaba-et-cie-poursuivis-pour-atteinte-a-la-vie-privee-me-traore-pose-des-questions\/\"]}]},{\"@type\":\"WebSite\",\"@id\":\"https:\/\/universnews224.com\/#website\",\"url\":\"https:\/\/universnews224.com\/\",\"name\":\"UNIVERSNEWS224\",\"description\":\"\",\"publisher\":{\"@id\":\"https:\/\/universnews224.com\/#organization\"},\"potentialAction\":[{\"@type\":\"SearchAction\",\"target\":{\"@type\":\"EntryPoint\",\"urlTemplate\":\"https:\/\/universnews224.com\/?s={search_term_string}\"},\"query-input\":\"required name=search_term_string\"}],\"inLanguage\":\"fr-FR\"},{\"@type\":\"Organization\",\"@id\":\"https:\/\/universnews224.com\/#organization\",\"name\":\"UNIVERSNEWS224\",\"url\":\"https:\/\/universnews224.com\/\",\"logo\":{\"@type\":\"ImageObject\",\"inLanguage\":\"fr-FR\",\"@id\":\"https:\/\/universnews224.com\/#\/schema\/logo\/image\/\",\"url\":\"https:\/\/universnews224.com\/wp-content\/uploads\/2022\/08\/cropped-cropped-logoban.jpg\",\"contentUrl\":\"https:\/\/universnews224.com\/wp-content\/uploads\/2022\/08\/cropped-cropped-logoban.jpg\",\"width\":1080,\"height\":138,\"caption\":\"UNIVERSNEWS224\"},\"image\":{\"@id\":\"https:\/\/universnews224.com\/#\/schema\/logo\/image\/\"}},{\"@type\":\"Person\",\"@id\":\"https:\/\/universnews224.com\/#\/schema\/person\/a4b7d4f94a4716df60456a491260485e\",\"name\":\"La R\u00e9daction\",\"image\":{\"@type\":\"ImageObject\",\"inLanguage\":\"fr-FR\",\"@id\":\"https:\/\/universnews224.com\/#\/schema\/person\/image\/\",\"url\":\"https:\/\/secure.gravatar.com\/avatar\/edb90acc7752b23e1b3307ad36c14f0d?s=96&d=mm&r=g\",\"contentUrl\":\"https:\/\/secure.gravatar.com\/avatar\/edb90acc7752b23e1b3307ad36c14f0d?s=96&d=mm&r=g\",\"caption\":\"La R\u00e9daction\"},\"sameAs\":[\"https:\/\/universnews224.com\"],\"url\":\"https:\/\/universnews224.com\/index.php\/author\/m-camara\/\"}]}<\/script>\n<!-- \/ Yoast SEO plugin. -->","yoast_head_json":{"title":"Dr Ibrahima Kalil Kaba et Cie poursuivis pour atteinte \u00e0 la vie priv\u00e9e : Me Traor\u00e9 pose des questions - UNIVERSNEWS224","robots":{"index":"index","follow":"follow","max-snippet":"max-snippet:-1","max-image-preview":"max-image-preview:large","max-video-preview":"max-video-preview:-1"},"canonical":"https:\/\/universnews224.com\/index.php\/dr-ibrahima-kalil-kaba-et-cie-poursuivis-pour-atteinte-a-la-vie-privee-me-traore-pose-des-questions\/","og_locale":"fr_FR","og_type":"article","og_title":"Dr Ibrahima Kalil Kaba et Cie poursuivis pour atteinte \u00e0 la vie priv\u00e9e : Me Traor\u00e9 pose des questions - UNIVERSNEWS224","og_description":"Le l\u00e9gislateur punit dans les articles 358, 359 et 360 du Code p\u00e9nal, un certain","og_url":"https:\/\/universnews224.com\/index.php\/dr-ibrahima-kalil-kaba-et-cie-poursuivis-pour-atteinte-a-la-vie-privee-me-traore-pose-des-questions\/","og_site_name":"UNIVERSNEWS224","article_published_time":"2022-03-24T18:58:09+00:00","article_modified_time":"2022-03-24T21:04:49+00:00","og_image":[{"width":232,"height":217,"url":"https:\/\/universnews224.com\/wp-content\/uploads\/2022\/03\/Dr-Ibrahima-Kalil-Kaba-et-Cie-poursuivis-pour-atteinte-a.jpeg","type":"image\/jpeg"}],"author":"La R\u00e9daction","twitter_misc":{"\u00c9crit par":"La R\u00e9daction","Dur\u00e9e de lecture estim\u00e9e":"2 minutes"},"schema":{"@context":"https:\/\/schema.org","@graph":[{"@type":"Article","@id":"https:\/\/universnews224.com\/index.php\/dr-ibrahima-kalil-kaba-et-cie-poursuivis-pour-atteinte-a-la-vie-privee-me-traore-pose-des-questions\/#article","isPartOf":{"@id":"https:\/\/universnews224.com\/index.php\/dr-ibrahima-kalil-kaba-et-cie-poursuivis-pour-atteinte-a-la-vie-privee-me-traore-pose-des-questions\/"},"author":{"name":"La R\u00e9daction","@id":"https:\/\/universnews224.com\/#\/schema\/person\/a4b7d4f94a4716df60456a491260485e"},"headline":"Dr Ibrahima Kalil Kaba et Cie poursuivis pour atteinte \u00e0 la vie priv\u00e9e : Me Traor\u00e9 pose des questions","datePublished":"2022-03-24T18:58:09+00:00","dateModified":"2022-03-24T21:04:49+00:00","mainEntityOfPage":{"@id":"https:\/\/universnews224.com\/index.php\/dr-ibrahima-kalil-kaba-et-cie-poursuivis-pour-atteinte-a-la-vie-privee-me-traore-pose-des-questions\/"},"wordCount":380,"publisher":{"@id":"https:\/\/universnews224.com\/#organization"},"articleSection":{"0":"ACTU","1":"AGRICULTURE","2":"CULTURE","3":"ENVIRONNEMENT","4":"GRANDS DOSSIERS","6":"POLITIQUE","7":"REPORTAGE","8":"SOCI\u00c9T\u00c9","9":"SPORT","10":"VID\u00c9O"},"inLanguage":"fr-FR"},{"@type":"WebPage","@id":"https:\/\/universnews224.com\/index.php\/dr-ibrahima-kalil-kaba-et-cie-poursuivis-pour-atteinte-a-la-vie-privee-me-traore-pose-des-questions\/","url":"https:\/\/universnews224.com\/index.php\/dr-ibrahima-kalil-kaba-et-cie-poursuivis-pour-atteinte-a-la-vie-privee-me-traore-pose-des-questions\/","name":"Dr Ibrahima Kalil Kaba et Cie poursuivis pour atteinte \u00e0 la vie priv\u00e9e : Me Traor\u00e9 pose des questions - UNIVERSNEWS224","isPartOf":{"@id":"https:\/\/universnews224.com\/#website"},"datePublished":"2022-03-24T18:58:09+00:00","dateModified":"2022-03-24T21:04:49+00:00","inLanguage":"fr-FR","potentialAction":[{"@type":"ReadAction","target":["https:\/\/universnews224.com\/index.php\/dr-ibrahima-kalil-kaba-et-cie-poursuivis-pour-atteinte-a-la-vie-privee-me-traore-pose-des-questions\/"]}]},{"@type":"WebSite","@id":"https:\/\/universnews224.com\/#website","url":"https:\/\/universnews224.com\/","name":"UNIVERSNEWS224","description":"","publisher":{"@id":"https:\/\/universnews224.com\/#organization"},"potentialAction":[{"@type":"SearchAction","target":{"@type":"EntryPoint","urlTemplate":"https:\/\/universnews224.com\/?s={search_term_string}"},"query-input":"required name=search_term_string"}],"inLanguage":"fr-FR"},{"@type":"Organization","@id":"https:\/\/universnews224.com\/#organization","name":"UNIVERSNEWS224","url":"https:\/\/universnews224.com\/","logo":{"@type":"ImageObject","inLanguage":"fr-FR","@id":"https:\/\/universnews224.com\/#\/schema\/logo\/image\/","url":"https:\/\/universnews224.com\/wp-content\/uploads\/2022\/08\/cropped-cropped-logoban.jpg","contentUrl":"https:\/\/universnews224.com\/wp-content\/uploads\/2022\/08\/cropped-cropped-logoban.jpg","width":1080,"height":138,"caption":"UNIVERSNEWS224"},"image":{"@id":"https:\/\/universnews224.com\/#\/schema\/logo\/image\/"}},{"@type":"Person","@id":"https:\/\/universnews224.com\/#\/schema\/person\/a4b7d4f94a4716df60456a491260485e","name":"La R\u00e9daction","image":{"@type":"ImageObject","inLanguage":"fr-FR","@id":"https:\/\/universnews224.com\/#\/schema\/person\/image\/","url":"https:\/\/secure.gravatar.com\/avatar\/edb90acc7752b23e1b3307ad36c14f0d?s=96&d=mm&r=g","contentUrl":"https:\/\/secure.gravatar.com\/avatar\/edb90acc7752b23e1b3307ad36c14f0d?s=96&d=mm&r=g","caption":"La R\u00e9daction"},"sameAs":["https:\/\/universnews224.com"],"url":"https:\/\/universnews224.com\/index.php\/author\/m-camara\/"}]}},"_links":{"self":[{"href":"https:\/\/universnews224.com\/index.php\/wp-json\/wp\/v2\/posts\/785"}],"collection":[{"href":"https:\/\/universnews224.com\/index.php\/wp-json\/wp\/v2\/posts"}],"about":[{"href":"https:\/\/universnews224.com\/index.php\/wp-json\/wp\/v2\/types\/post"}],"author":[{"embeddable":true,"href":"https:\/\/universnews224.com\/index.php\/wp-json\/wp\/v2\/users\/2"}],"replies":[{"embeddable":true,"href":"https:\/\/universnews224.com\/index.php\/wp-json\/wp\/v2\/comments?post=785"}],"version-history":[{"count":1,"href":"https:\/\/universnews224.com\/index.php\/wp-json\/wp\/v2\/posts\/785\/revisions"}],"predecessor-version":[{"id":787,"href":"https:\/\/universnews224.com\/index.php\/wp-json\/wp\/v2\/posts\/785\/revisions\/787"}],"wp:featuredmedia":[{"embeddable":true,"href":"https:\/\/universnews224.com\/index.php\/wp-json\/wp\/v2\/media\/786"}],"wp:attachment":[{"href":"https:\/\/universnews224.com\/index.php\/wp-json\/wp\/v2\/media?parent=785"}],"wp:term":[{"taxonomy":"category","embeddable":true,"href":"https:\/\/universnews224.com\/index.php\/wp-json\/wp\/v2\/categories?post=785"},{"taxonomy":"post_tag","embeddable":true,"href":"https:\/\/universnews224.com\/index.php\/wp-json\/wp\/v2\/tags?post=785"}],"curies":[{"name":"wp","href":"https:\/\/api.w.org\/{rel}","templated":true}]}}