{"id":7859,"date":"2025-04-01T13:43:17","date_gmt":"2025-04-01T12:43:17","guid":{"rendered":"https:\/\/universnews224.com\/?p=7859"},"modified":"2025-04-01T13:43:17","modified_gmt":"2025-04-01T12:43:17","slug":"kankan-bill-conde-redonne-vie-au-fleuve-milo-et-protege-lavenir-de-la-region-3","status":"publish","type":"post","link":"https:\/\/universnews224.com\/index.php\/kankan-bill-conde-redonne-vie-au-fleuve-milo-et-protege-lavenir-de-la-region-3\/","title":{"rendered":"Kankan : Bill Cond\u00e9 redonne vie au fleuve Milo et prot\u00e8ge l\u2019avenir de la r\u00e9gion"},"content":{"rendered":"<p dir=\"ltr\" style=\"line-height: 1.38;margin-top: 0.0pt;margin-bottom: 0.0pt\"><span style=\"font-size: 11pt;font-family: Arial, sans-serif;color: #000000;background-color: transparent;vertical-align: baseline\">\u00c0 Kankan, la renaissance du fleuve Milo est en marche gr\u00e2ce \u00e0 l\u2019engagement exceptionnel de Bill Cond\u00e9, un acteur cl\u00e9 et discret de la r\u00e9gion.<\/span><\/p>\n<p>&nbsp;<\/p>\n<p dir=\"ltr\" style=\"line-height: 1.38;margin-top: 0.0pt;margin-bottom: 0.0pt\"><span style=\"font-size: 11pt;font-family: Arial, sans-serif;color: #000000;background-color: transparent;vertical-align: baseline\">Apr\u00e8s un d\u00e9but symbolique lors du mois saint de Ramadan, marqu\u00e9 par une rupture collective symbolique, le curage du fleuve a enfin \u00e9t\u00e9 lanc\u00e9. Cette initiative a vu la mobilisation d\u2019engins lourds et de machines, marquant un tournant dans un projet qui, pendant de nombreuses ann\u00e9es, n\u2019a cess\u00e9 d\u2019\u00eatre repouss\u00e9.<\/span><\/p>\n<p>&nbsp;<\/p>\n<p dir=\"ltr\" style=\"line-height: 1.38;margin-top: 0.0pt;margin-bottom: 0.0pt\"><span style=\"font-size: 11pt;font-family: Arial, sans-serif;color: #000000;background-color: transparent;vertical-align: baseline\">\u00a0<\/span><\/p>\n<p dir=\"ltr\" style=\"line-height: 1.38;margin-top: 0.0pt;margin-bottom: 0.0pt\"><span style=\"font-size: 11pt;font-family: Arial, sans-serif;color: #000000;background-color: transparent;vertical-align: baseline\">Le fleuve Milo, jadis vital pour la r\u00e9gion, \u00e9tait devenu un symbole de la d\u00e9gradation \u00e9cologique, menac\u00e9 par l\u2019ensablement progressif qui rendait l\u2019acc\u00e8s au fleuve de plus en plus difficile. Avec l\u2019engagement d\u00e9termin\u00e9 de Bill Cond\u00e9 et le soutien des cadres locaux, la promesse longtemps ignor\u00e9e de redonner vie au fleuve se concr\u00e9tise enfin. Gr\u00e2ce \u00e0 la mobilisation des bennes, pelleteuses et autres \u00e9quipements n\u00e9cessaires, ce qui semblait autrefois \u00eatre un r\u00eave lointain prend forme au quotidien.<\/span><\/p>\n<p>&nbsp;<\/p>\n<p dir=\"ltr\" style=\"line-height: 1.38;margin-top: 0.0pt;margin-bottom: 0.0pt\"><span style=\"font-size: 11pt;font-family: Arial, sans-serif;color: #000000;background-color: transparent;vertical-align: baseline\">Si la navigabilit\u00e9 du fleuve n\u2019est pas encore compl\u00e8tement r\u00e9tablie, les habitants de Kankan respirent enfin. La menace imminente de l\u2019extinction du fleuve a \u00e9t\u00e9 \u00e9cart\u00e9e. En effet, l\u2019ensablement avait atteint des niveaux alarmants, mena\u00e7ant d\u2019\u00e9touffer ce cours d\u2019eau embl\u00e9matique pour les g\u00e9n\u00e9rations futures. L\u2019initiative de curage repr\u00e9sente une victoire significative dans la lutte contre la d\u00e9gradation de l\u2019environnement.<\/span><\/p>\n<p>&nbsp;<\/p>\n<p dir=\"ltr\" style=\"line-height: 1.38;margin-top: 0.0pt;margin-bottom: 0.0pt\"><span style=\"font-size: 11pt;font-family: Arial, sans-serif;color: #000000;background-color: transparent;vertical-align: baseline\">Le projet va au-del\u00e0 du simple curage. Une commission de suivi a \u00e9t\u00e9 mise en place pour superviser les travaux, s\u2019assurer de leur bonne ex\u00e9cution et garantir leur p\u00e9rennit\u00e9. Cette commission est compos\u00e9e de techniciens et d\u2019experts locaux qui apportent leurs comp\u00e9tences pour mener \u00e0 bien le plan d\u2019action mis en place. Ce dernier inclut, en plus du curage, des mesures de reboisement autour du fleuve pour \u00e9viter de nouveaux ensablements et restaurer l\u2019\u00e9quilibre \u00e9cologique de la r\u00e9gion. La lutte contre la d\u00e9forestation, un autre fl\u00e9au de la r\u00e9gion, fait \u00e9galement partie du projet. Le reboisement permettra de renforcer la couverture v\u00e9g\u00e9tale le long des rives et d\u2019assurer un sol plus stable.<\/span><\/p>\n<p>&nbsp;<\/p>\n<p dir=\"ltr\" style=\"line-height: 1.38;margin-top: 0.0pt;margin-bottom: 0.0pt\"><span style=\"font-size: 11pt;font-family: Arial, sans-serif;color: #000000;background-color: transparent;vertical-align: baseline\">Gr\u00e2ce \u00e0 cet engagement sans faille et \u00e0 l\u2019implication de tous les acteurs concern\u00e9s, le fleuve Milo, v\u00e9ritable patrimoine naturel de la r\u00e9gion de Kankan, est sur la voie de la r\u00e9habilitation. Les habitants peuvent, enfin, esp\u00e9rer voir un fleuve vivant, riche de promesses et de ressources pour l\u2019avenir, et continuer \u00e0 en profiter pour leurs activit\u00e9s \u00e9conomiques et culturelles. Cette initiative repr\u00e9sente \u00e9galement un mod\u00e8le de r\u00e9silience et d\u2019action communautaire, qui pourrait inspirer d\u2019autres r\u00e9gions confront\u00e9es \u00e0 des d\u00e9fis similaires.<\/span><\/p>\n<p>&nbsp;<\/p>\n<p dir=\"ltr\" style=\"line-height: 1.38;margin-top: 0.0pt;margin-bottom: 0.0pt\"><span style=\"font-size: 11pt;font-family: Arial, sans-serif;color: #000000;background-color: transparent;vertical-align: baseline\">Lamine Mognouma CISS\u00c9<\/span><\/p>\n","protected":false},"excerpt":{"rendered":"<p>\u00c0 Kankan, la renaissance du fleuve Milo est en marche gr\u00e2ce \u00e0 l\u2019engagement exceptionnel de<\/p>\n","protected":false},"author":2,"featured_media":7855,"comment_status":"closed","ping_status":"open","sticky":false,"template":"","format":"standard","meta":[],"categories":[3,5],"tags":[237],"yoast_head":"<!-- This site is optimized with the Yoast SEO plugin v19.13 - https:\/\/yoast.com\/wordpress\/plugins\/seo\/ -->\n<title>Kankan : Bill Cond\u00e9 redonne vie au fleuve Milo et prot\u00e8ge l\u2019avenir de la r\u00e9gion - UNIVERSNEWS224<\/title>\n<meta name=\"robots\" content=\"index, follow, max-snippet:-1, max-image-preview:large, max-video-preview:-1\" \/>\n<link rel=\"canonical\" href=\"https:\/\/universnews224.com\/index.php\/kankan-bill-conde-redonne-vie-au-fleuve-milo-et-protege-lavenir-de-la-region-3\/\" \/>\n<meta property=\"og:locale\" content=\"fr_FR\" \/>\n<meta property=\"og:type\" content=\"article\" \/>\n<meta property=\"og:title\" content=\"Kankan : Bill Cond\u00e9 redonne vie au fleuve Milo et prot\u00e8ge l\u2019avenir de la r\u00e9gion - UNIVERSNEWS224\" \/>\n<meta property=\"og:description\" content=\"\u00c0 Kankan, la renaissance du fleuve Milo est en marche gr\u00e2ce \u00e0 l\u2019engagement exceptionnel de\" \/>\n<meta property=\"og:url\" content=\"https:\/\/universnews224.com\/index.php\/kankan-bill-conde-redonne-vie-au-fleuve-milo-et-protege-lavenir-de-la-region-3\/\" \/>\n<meta property=\"og:site_name\" content=\"UNIVERSNEWS224\" \/>\n<meta property=\"article:published_time\" content=\"2025-04-01T12:43:17+00:00\" \/>\n<meta property=\"og:image\" content=\"https:\/\/universnews224.com\/wp-content\/uploads\/2025\/04\/IMG_2756.jpeg\" \/>\n\t<meta property=\"og:image:width\" content=\"1920\" \/>\n\t<meta property=\"og:image:height\" content=\"1279\" \/>\n\t<meta property=\"og:image:type\" content=\"image\/jpeg\" \/>\n<meta name=\"author\" content=\"La R\u00e9daction\" \/>\n<meta name=\"twitter:label1\" content=\"\u00c9crit par\" \/>\n\t<meta name=\"twitter:data1\" content=\"La R\u00e9daction\" \/>\n\t<meta name=\"twitter:label2\" content=\"Dur\u00e9e de lecture estim\u00e9e\" \/>\n\t<meta name=\"twitter:data2\" content=\"3 minutes\" \/>\n<script type=\"application\/ld+json\" class=\"yoast-schema-graph\">{\"@context\":\"https:\/\/schema.org\",\"@graph\":[{\"@type\":\"Article\",\"@id\":\"https:\/\/universnews224.com\/index.php\/kankan-bill-conde-redonne-vie-au-fleuve-milo-et-protege-lavenir-de-la-region-3\/#article\",\"isPartOf\":{\"@id\":\"https:\/\/universnews224.com\/index.php\/kankan-bill-conde-redonne-vie-au-fleuve-milo-et-protege-lavenir-de-la-region-3\/\"},\"author\":{\"name\":\"La R\u00e9daction\",\"@id\":\"https:\/\/universnews224.com\/#\/schema\/person\/a4b7d4f94a4716df60456a491260485e\"},\"headline\":\"Kankan : Bill Cond\u00e9 redonne vie au fleuve Milo et prot\u00e8ge l\u2019avenir de la r\u00e9gion\",\"datePublished\":\"2025-04-01T12:43:17+00:00\",\"dateModified\":\"2025-04-01T12:43:17+00:00\",\"mainEntityOfPage\":{\"@id\":\"https:\/\/universnews224.com\/index.php\/kankan-bill-conde-redonne-vie-au-fleuve-milo-et-protege-lavenir-de-la-region-3\/\"},\"wordCount\":491,\"publisher\":{\"@id\":\"https:\/\/universnews224.com\/#organization\"},\"keywords\":[\"A la une\"],\"articleSection\":[\"ACTU\",\"SOCI\u00c9T\u00c9\"],\"inLanguage\":\"fr-FR\"},{\"@type\":\"WebPage\",\"@id\":\"https:\/\/universnews224.com\/index.php\/kankan-bill-conde-redonne-vie-au-fleuve-milo-et-protege-lavenir-de-la-region-3\/\",\"url\":\"https:\/\/universnews224.com\/index.php\/kankan-bill-conde-redonne-vie-au-fleuve-milo-et-protege-lavenir-de-la-region-3\/\",\"name\":\"Kankan : Bill Cond\u00e9 redonne vie au fleuve Milo et prot\u00e8ge l\u2019avenir de la r\u00e9gion - UNIVERSNEWS224\",\"isPartOf\":{\"@id\":\"https:\/\/universnews224.com\/#website\"},\"datePublished\":\"2025-04-01T12:43:17+00:00\",\"dateModified\":\"2025-04-01T12:43:17+00:00\",\"inLanguage\":\"fr-FR\",\"potentialAction\":[{\"@type\":\"ReadAction\",\"target\":[\"https:\/\/universnews224.com\/index.php\/kankan-bill-conde-redonne-vie-au-fleuve-milo-et-protege-lavenir-de-la-region-3\/\"]}]},{\"@type\":\"WebSite\",\"@id\":\"https:\/\/universnews224.com\/#website\",\"url\":\"https:\/\/universnews224.com\/\",\"name\":\"UNIVERSNEWS224\",\"description\":\"\",\"publisher\":{\"@id\":\"https:\/\/universnews224.com\/#organization\"},\"potentialAction\":[{\"@type\":\"SearchAction\",\"target\":{\"@type\":\"EntryPoint\",\"urlTemplate\":\"https:\/\/universnews224.com\/?s={search_term_string}\"},\"query-input\":\"required name=search_term_string\"}],\"inLanguage\":\"fr-FR\"},{\"@type\":\"Organization\",\"@id\":\"https:\/\/universnews224.com\/#organization\",\"name\":\"UNIVERSNEWS224\",\"url\":\"https:\/\/universnews224.com\/\",\"logo\":{\"@type\":\"ImageObject\",\"inLanguage\":\"fr-FR\",\"@id\":\"https:\/\/universnews224.com\/#\/schema\/logo\/image\/\",\"url\":\"https:\/\/universnews224.com\/wp-content\/uploads\/2022\/08\/cropped-cropped-logoban.jpg\",\"contentUrl\":\"https:\/\/universnews224.com\/wp-content\/uploads\/2022\/08\/cropped-cropped-logoban.jpg\",\"width\":1080,\"height\":138,\"caption\":\"UNIVERSNEWS224\"},\"image\":{\"@id\":\"https:\/\/universnews224.com\/#\/schema\/logo\/image\/\"}},{\"@type\":\"Person\",\"@id\":\"https:\/\/universnews224.com\/#\/schema\/person\/a4b7d4f94a4716df60456a491260485e\",\"name\":\"La R\u00e9daction\",\"image\":{\"@type\":\"ImageObject\",\"inLanguage\":\"fr-FR\",\"@id\":\"https:\/\/universnews224.com\/#\/schema\/person\/image\/\",\"url\":\"https:\/\/secure.gravatar.com\/avatar\/edb90acc7752b23e1b3307ad36c14f0d?s=96&d=mm&r=g\",\"contentUrl\":\"https:\/\/secure.gravatar.com\/avatar\/edb90acc7752b23e1b3307ad36c14f0d?s=96&d=mm&r=g\",\"caption\":\"La R\u00e9daction\"},\"sameAs\":[\"https:\/\/universnews224.com\"],\"url\":\"https:\/\/universnews224.com\/index.php\/author\/m-camara\/\"}]}<\/script>\n<!-- \/ Yoast SEO plugin. -->","yoast_head_json":{"title":"Kankan : Bill Cond\u00e9 redonne vie au fleuve Milo et prot\u00e8ge l\u2019avenir de la r\u00e9gion - UNIVERSNEWS224","robots":{"index":"index","follow":"follow","max-snippet":"max-snippet:-1","max-image-preview":"max-image-preview:large","max-video-preview":"max-video-preview:-1"},"canonical":"https:\/\/universnews224.com\/index.php\/kankan-bill-conde-redonne-vie-au-fleuve-milo-et-protege-lavenir-de-la-region-3\/","og_locale":"fr_FR","og_type":"article","og_title":"Kankan : Bill Cond\u00e9 redonne vie au fleuve Milo et prot\u00e8ge l\u2019avenir de la r\u00e9gion - UNIVERSNEWS224","og_description":"\u00c0 Kankan, la renaissance du fleuve Milo est en marche gr\u00e2ce \u00e0 l\u2019engagement exceptionnel de","og_url":"https:\/\/universnews224.com\/index.php\/kankan-bill-conde-redonne-vie-au-fleuve-milo-et-protege-lavenir-de-la-region-3\/","og_site_name":"UNIVERSNEWS224","article_published_time":"2025-04-01T12:43:17+00:00","og_image":[{"width":1920,"height":1279,"url":"https:\/\/universnews224.com\/wp-content\/uploads\/2025\/04\/IMG_2756.jpeg","type":"image\/jpeg"}],"author":"La R\u00e9daction","twitter_misc":{"\u00c9crit par":"La R\u00e9daction","Dur\u00e9e de lecture estim\u00e9e":"3 minutes"},"schema":{"@context":"https:\/\/schema.org","@graph":[{"@type":"Article","@id":"https:\/\/universnews224.com\/index.php\/kankan-bill-conde-redonne-vie-au-fleuve-milo-et-protege-lavenir-de-la-region-3\/#article","isPartOf":{"@id":"https:\/\/universnews224.com\/index.php\/kankan-bill-conde-redonne-vie-au-fleuve-milo-et-protege-lavenir-de-la-region-3\/"},"author":{"name":"La R\u00e9daction","@id":"https:\/\/universnews224.com\/#\/schema\/person\/a4b7d4f94a4716df60456a491260485e"},"headline":"Kankan : Bill Cond\u00e9 redonne vie au fleuve Milo et prot\u00e8ge l\u2019avenir de la r\u00e9gion","datePublished":"2025-04-01T12:43:17+00:00","dateModified":"2025-04-01T12:43:17+00:00","mainEntityOfPage":{"@id":"https:\/\/universnews224.com\/index.php\/kankan-bill-conde-redonne-vie-au-fleuve-milo-et-protege-lavenir-de-la-region-3\/"},"wordCount":491,"publisher":{"@id":"https:\/\/universnews224.com\/#organization"},"keywords":["A la une"],"articleSection":["ACTU","SOCI\u00c9T\u00c9"],"inLanguage":"fr-FR"},{"@type":"WebPage","@id":"https:\/\/universnews224.com\/index.php\/kankan-bill-conde-redonne-vie-au-fleuve-milo-et-protege-lavenir-de-la-region-3\/","url":"https:\/\/universnews224.com\/index.php\/kankan-bill-conde-redonne-vie-au-fleuve-milo-et-protege-lavenir-de-la-region-3\/","name":"Kankan : Bill Cond\u00e9 redonne vie au fleuve Milo et prot\u00e8ge l\u2019avenir de la r\u00e9gion - UNIVERSNEWS224","isPartOf":{"@id":"https:\/\/universnews224.com\/#website"},"datePublished":"2025-04-01T12:43:17+00:00","dateModified":"2025-04-01T12:43:17+00:00","inLanguage":"fr-FR","potentialAction":[{"@type":"ReadAction","target":["https:\/\/universnews224.com\/index.php\/kankan-bill-conde-redonne-vie-au-fleuve-milo-et-protege-lavenir-de-la-region-3\/"]}]},{"@type":"WebSite","@id":"https:\/\/universnews224.com\/#website","url":"https:\/\/universnews224.com\/","name":"UNIVERSNEWS224","description":"","publisher":{"@id":"https:\/\/universnews224.com\/#organization"},"potentialAction":[{"@type":"SearchAction","target":{"@type":"EntryPoint","urlTemplate":"https:\/\/universnews224.com\/?s={search_term_string}"},"query-input":"required name=search_term_string"}],"inLanguage":"fr-FR"},{"@type":"Organization","@id":"https:\/\/universnews224.com\/#organization","name":"UNIVERSNEWS224","url":"https:\/\/universnews224.com\/","logo":{"@type":"ImageObject","inLanguage":"fr-FR","@id":"https:\/\/universnews224.com\/#\/schema\/logo\/image\/","url":"https:\/\/universnews224.com\/wp-content\/uploads\/2022\/08\/cropped-cropped-logoban.jpg","contentUrl":"https:\/\/universnews224.com\/wp-content\/uploads\/2022\/08\/cropped-cropped-logoban.jpg","width":1080,"height":138,"caption":"UNIVERSNEWS224"},"image":{"@id":"https:\/\/universnews224.com\/#\/schema\/logo\/image\/"}},{"@type":"Person","@id":"https:\/\/universnews224.com\/#\/schema\/person\/a4b7d4f94a4716df60456a491260485e","name":"La R\u00e9daction","image":{"@type":"ImageObject","inLanguage":"fr-FR","@id":"https:\/\/universnews224.com\/#\/schema\/person\/image\/","url":"https:\/\/secure.gravatar.com\/avatar\/edb90acc7752b23e1b3307ad36c14f0d?s=96&d=mm&r=g","contentUrl":"https:\/\/secure.gravatar.com\/avatar\/edb90acc7752b23e1b3307ad36c14f0d?s=96&d=mm&r=g","caption":"La R\u00e9daction"},"sameAs":["https:\/\/universnews224.com"],"url":"https:\/\/universnews224.com\/index.php\/author\/m-camara\/"}]}},"_links":{"self":[{"href":"https:\/\/universnews224.com\/index.php\/wp-json\/wp\/v2\/posts\/7859"}],"collection":[{"href":"https:\/\/universnews224.com\/index.php\/wp-json\/wp\/v2\/posts"}],"about":[{"href":"https:\/\/universnews224.com\/index.php\/wp-json\/wp\/v2\/types\/post"}],"author":[{"embeddable":true,"href":"https:\/\/universnews224.com\/index.php\/wp-json\/wp\/v2\/users\/2"}],"replies":[{"embeddable":true,"href":"https:\/\/universnews224.com\/index.php\/wp-json\/wp\/v2\/comments?post=7859"}],"version-history":[{"count":1,"href":"https:\/\/universnews224.com\/index.php\/wp-json\/wp\/v2\/posts\/7859\/revisions"}],"predecessor-version":[{"id":7860,"href":"https:\/\/universnews224.com\/index.php\/wp-json\/wp\/v2\/posts\/7859\/revisions\/7860"}],"wp:featuredmedia":[{"embeddable":true,"href":"https:\/\/universnews224.com\/index.php\/wp-json\/wp\/v2\/media\/7855"}],"wp:attachment":[{"href":"https:\/\/universnews224.com\/index.php\/wp-json\/wp\/v2\/media?parent=7859"}],"wp:term":[{"taxonomy":"category","embeddable":true,"href":"https:\/\/universnews224.com\/index.php\/wp-json\/wp\/v2\/categories?post=7859"},{"taxonomy":"post_tag","embeddable":true,"href":"https:\/\/universnews224.com\/index.php\/wp-json\/wp\/v2\/tags?post=7859"}],"curies":[{"name":"wp","href":"https:\/\/api.w.org\/{rel}","templated":true}]}}