{"id":7874,"date":"2025-04-03T20:08:13","date_gmt":"2025-04-03T19:08:13","guid":{"rendered":"https:\/\/universnews224.com\/?p=7874"},"modified":"2025-04-03T20:08:13","modified_gmt":"2025-04-03T19:08:13","slug":"recensement-biometrique-les-administrateurs-territoriaux-guineens-suivent-une-formation-a-conakry","status":"publish","type":"post","link":"https:\/\/universnews224.com\/index.php\/recensement-biometrique-les-administrateurs-territoriaux-guineens-suivent-une-formation-a-conakry\/","title":{"rendered":"Recensement biom\u00e9trique : les administrateurs territoriaux guin\u00e9ens suivent une formation \u00e0 Conakry\u00a0"},"content":{"rendered":"<p dir=\"ltr\" style=\"margin: 0pt 0px;text-align: justify;color: #222222;font-family: 'Open Sans';background-color: #f3f3f3;line-height: 1.38\"><span style=\"font-size: 11pt;font-family: Arial, sans-serif;color: #000000;background-color: transparent;vertical-align: baseline\">Dans le cadre du renforcement des capacit\u00e9s des cadres des administrateurs territoriaux (gouverneurs et pr\u00e9fets) sur la gestion op\u00e9rationnelle du Recensement Biom\u00e9trique et garantir la cr\u00e9dibilit\u00e9 du processus \u00e9lectoral en Guin\u00e9e, le minist\u00e8re de l\u2019Administration du Territoire et de la D\u00e9centralisation a organis\u00e9 ce jeudi 3 avril 2025, dans un r\u00e9ceptif h\u00f4telier de la place, un atelier de formation en administration \u00e9lectorale et en gestion op\u00e9rationnelle du Recensement Biom\u00e9trique \u00e0 l\u2019attention des administrateurs territoriaux (gouverneurs et pr\u00e9fets). <img loading=\"lazy\" class=\"alignnone size-full wp-image-10709 b-loaded\" style=\"border: 0px;vertical-align: middle\" src=\"https:\/\/www.influencesnews.com\/wp-content\/uploads\/2025\/04\/IMG-20250403-WA0023.jpg\" alt=\"\" width=\"1280\" height=\"576\" \/><\/span><\/p>\n<p dir=\"ltr\" style=\"margin: 0pt 0px;text-align: justify;color: #222222;font-family: 'Open Sans';background-color: #f3f3f3;line-height: 1.38\"><span style=\"font-size: 11pt;font-family: Arial, sans-serif;color: #000000;background-color: transparent;vertical-align: baseline\">Cette formation, qui s\u2019\u00e9tend du 3 au 5 avril, regroupe 33 pr\u00e9fets et 8 gouverneurs du pays.<\/span><\/p>\n<p style=\"margin: 0px 0px 17px;text-align: justify;color: #222222;font-family: 'Open Sans';background-color: #f3f3f3\">\n<p dir=\"ltr\" style=\"margin: 0pt 0px;text-align: justify;color: #222222;font-family: 'Open Sans';background-color: #f3f3f3;line-height: 1.38\"><span style=\"font-size: 11pt;font-family: Arial, sans-serif;color: #000000;background-color: transparent;vertical-align: baseline\">Dans son discours de circonstances, G\u00e9n\u00e9ral \u00e0 la retraite Ibrahima Kalil Cond\u00e9 est revenu sur l\u2019objectif de cet atelier. <img loading=\"lazy\" class=\"alignnone size-full wp-image-10710 b-loaded\" style=\"border: 0px;vertical-align: middle\" src=\"https:\/\/www.influencesnews.com\/wp-content\/uploads\/2025\/04\/IMG-20250403-WA0019.jpg\" alt=\"\" width=\"1020\" height=\"459\" \/><\/span><\/p>\n<p dir=\"ltr\" style=\"margin: 0pt 0px;text-align: justify;color: #222222;font-family: 'Open Sans';background-color: #f3f3f3;line-height: 1.38\"><span style=\"font-size: 11pt;font-family: Arial, sans-serif;color: #000000;background-color: transparent;vertical-align: baseline\">\u201c Le minist\u00e8re de l\u2019Administration du Territoire et de la D\u00e9centralisation \u0153uvre \u00e0 renforcer les capacit\u00e9s des cadres et administrateurs du territoire afin de garantir la cr\u00e9dibilit\u00e9 du processus \u00e9lectoral. Pour assurer le bon d\u00e9roulement de ces op\u00e9rations, il est essentiel d\u2019outiller les administrateurs territoriaux sur leurs r\u00f4les et responsabilit\u00e9s\u201d, a-t-il soulign\u00e9.<\/span><\/p>\n<p dir=\"ltr\" style=\"margin: 0pt 0px;text-align: justify;color: #222222;font-family: 'Open Sans';background-color: #f3f3f3;line-height: 1.38\"><span style=\"font-size: 11pt;font-family: Arial, sans-serif;color: #000000;background-color: transparent;vertical-align: baseline\">Poursuivant, le ministre de MATD a indiqu\u00e9 que: \u201cDans la coordination et le suivi des activit\u00e9s du recensement biom\u00e9trique des citoyens guin\u00e9ens \u00e2g\u00e9s de 10 ans et plus, ainsi que de l\u2019administration \u00e9lectorale, dans un contexte o\u00f9 la rigueur et la transparence sont de mise, il est imp\u00e9ratif que chacun d\u2019entre nous assume pleinement ses responsabilit\u00e9s pour la constitution concomitante du registre national des personnes physiques et des fichiers \u00e9lectoraux, qui repr\u00e9sentent une \u00e9tape cruciale pour l\u2019organisation des scrutins r\u00e9f\u00e9rendaires et la tenue des \u00e9lections nationales en 2025\u201d <img loading=\"lazy\" class=\"alignnone size-full wp-image-10714 b-loaded\" style=\"border: 0px;vertical-align: middle\" src=\"https:\/\/www.influencesnews.com\/wp-content\/uploads\/2025\/04\/IMG-20250403-WA0037.jpg\" alt=\"\" width=\"1280\" height=\"576\" \/><\/span><\/p>\n<p dir=\"ltr\" style=\"margin: 0pt 0px;text-align: justify;color: #222222;font-family: 'Open Sans';background-color: #f3f3f3;line-height: 1.38\"><span style=\"font-size: 11pt;font-family: Arial, sans-serif;color: #000000;background-color: transparent;vertical-align: baseline\">Enfin, il a soulign\u00e9 que durant ces trois jours d\u2019\u00e9changes, les participants devaient \u00eatre attentifs sur les diff\u00e9rentes th\u00e9matiques . \u00ab Pendant ces trois jours de partage et d\u2019\u00e9change, vous serez form\u00e9s sur les th\u00e9matiques li\u00e9es au r\u00f4le et aux responsabilit\u00e9s des acteurs intervenant dans le processus de recensement biom\u00e9trique, ainsi que l\u2019organisation et la gestion op\u00e9rationnelle des activit\u00e9s \u00e9lectorales. Ainsi, pour renforcer la coordination entre les diff\u00e9rentes actions, vous serez amen\u00e9s \u00e0 une compr\u00e9hension parfaite des enjeux techniques et op\u00e9rationnels, afin de garantir la cr\u00e9dibilit\u00e9 et la r\u00e9ussite des missions qui vous sont assign\u00e9es. \u00bb<\/span><\/p>\n<p style=\"margin: 0px 0px 17px;text-align: justify;color: #222222;font-family: 'Open Sans';background-color: #f3f3f3\">\n<p dir=\"ltr\" style=\"margin: 0pt 0px;text-align: justify;color: #222222;font-family: 'Open Sans';background-color: #f3f3f3;line-height: 1.38\"><span style=\"font-size: 11pt;font-family: Arial, sans-serif;color: #000000;background-color: transparent;vertical-align: baseline\">Pr\u00e9sidant cette rencontre, le\u00a0 Premier ministre Chef du gouvernement, Bah Oury, a rappel\u00e9 que l\u2019importance de cette op\u00e9ration pour les administrateurs territoriaux.<img loading=\"lazy\" class=\"alignnone size-full wp-image-10715 b-loaded\" style=\"border: 0px;vertical-align: middle\" src=\"https:\/\/www.influencesnews.com\/wp-content\/uploads\/2025\/04\/IMG-20250403-WA0010-1.jpg\" alt=\"\" width=\"1020\" height=\"459\" \/><\/span><\/p>\n<p dir=\"ltr\" style=\"margin: 0pt 0px;text-align: justify;color: #222222;font-family: 'Open Sans';background-color: #f3f3f3;line-height: 1.38\"><span style=\"font-size: 11pt;font-family: Arial, sans-serif;color: #000000;background-color: transparent;vertical-align: baseline\">\u201cC\u2019est une occasion de passer en revue certains aspects qui paraissent, dans la phase actuelle, les plus urgents et les plus pertinents. L\u2019objet de cette rencontre et de ce s\u00e9minaire est l\u2019organisation du recensement administratif biom\u00e9trique \u00e0 vocation \u00e9lectorale, mais aussi \u00e0 vocation d\u2019\u00e9tat civil, puisque les deux sont li\u00e9s. C\u2019est l\u2019une des op\u00e9rations les plus importantes de la p\u00e9riode politique actuelle. Un pays qui ne conna\u00eet pas de mani\u00e8re individualis\u00e9e ses citoyens ne pourra pas cibler ses politiques publiques. C\u2019est comme un pilotage \u00e0 vue. Si on n\u2019a pas les instruments nous permettant de savoir qui nous sommes, combien nous sommes et o\u00f9 nous sommes, nous ne pouvons pas mettre en \u0153uvre des politiques publiques efficaces et durables. La premi\u00e8re \u00e9tape fondamentale du processus de transition consistait \u00e0 doter l\u2019\u00c9tat des moyens d\u2019assurer et d\u2019am\u00e9liorer sa gouvernance de mani\u00e8re substantielle \u00bb, a-t-il indiqu\u00e9.<img loading=\"lazy\" class=\"alignnone size-full wp-image-10716 b-loaded\" style=\"border: 0px;vertical-align: middle\" src=\"https:\/\/www.influencesnews.com\/wp-content\/uploads\/2025\/04\/20250403_111850-scaled.jpg\" alt=\"\" width=\"2560\" height=\"1441\" \/><\/span><\/p>\n<p dir=\"ltr\" style=\"margin: 0pt 0px;text-align: justify;color: #222222;font-family: 'Open Sans';background-color: #f3f3f3;line-height: 1.38\"><span style=\"font-size: 11pt;font-family: Arial, sans-serif;color: #000000;background-color: transparent;vertical-align: baseline\">Et d\u2019ajouter, \u00ab C\u2019est un \u00e9l\u00e9ment important du processus, mais comme nous l\u2019avons dit et r\u00e9p\u00e9t\u00e9, cette transition a une vocation beaucoup plus large, puisqu\u2019il s\u2019agit de la refondation de l\u2019\u00c9tat guin\u00e9en. Imaginez-vous qu\u2019\u00e0 partir de maintenant, avec le fichier d\u2019\u00e9tat civil qui sera mis \u00e0 jour dans les mois \u00e0 venir, le fichier \u00e9lectoral qui est un sous-ensemble de ce fichier d\u2019\u00e9tat civil, et tout le processus que le p\u00e8re Rav\u00e9 poursuivra pour enrichir sa base, la Guin\u00e9e fera un bond qualitatif en mati\u00e8re de gestion des processus \u00e9lectoraux. Pendant plus de trente ans, \u00e0 chaque \u00e9lection, nous avons assist\u00e9 \u00e0 des troubles et des crises. C\u2019est une \u00e9tape cruciale pour la stabilisation du pays et la coh\u00e9sion entre tous les citoyens. Cela fait partie des objectifs majeurs de l\u2019engagement du gendarme Mamadi Doumbouya depuis le 5 septembre 2021. Ainsi, vous avez une responsabilit\u00e9 tr\u00e8s importante : celle de jeter les bases de la consolidation du nouvel \u00c9tat guin\u00e9en \u00bb<\/span><\/p>\n<p dir=\"ltr\" style=\"margin: 0px 0px 17px;text-align: justify;color: #222222;font-family: 'Open Sans';background-color: #f3f3f3\">\n<p dir=\"ltr\" style=\"margin: 0px 0px 17px;text-align: justify;color: #222222;font-family: 'Open Sans';background-color: #f3f3f3\">Sana Sylla<\/p>\n","protected":false},"excerpt":{"rendered":"<p>Dans le cadre du renforcement des capacit\u00e9s des cadres des administrateurs territoriaux (gouverneurs et pr\u00e9fets)<\/p>\n","protected":false},"author":2,"featured_media":7875,"comment_status":"closed","ping_status":"open","sticky":false,"template":"","format":"standard","meta":[],"categories":[1],"tags":[237],"yoast_head":"<!-- This site is optimized with the Yoast SEO plugin v19.13 - https:\/\/yoast.com\/wordpress\/plugins\/seo\/ -->\n<title>Recensement biom\u00e9trique : les administrateurs territoriaux guin\u00e9ens suivent une formation \u00e0 Conakry\u00a0 - UNIVERSNEWS224<\/title>\n<meta name=\"robots\" content=\"index, follow, max-snippet:-1, max-image-preview:large, max-video-preview:-1\" \/>\n<link rel=\"canonical\" href=\"https:\/\/universnews224.com\/index.php\/recensement-biometrique-les-administrateurs-territoriaux-guineens-suivent-une-formation-a-conakry\/\" \/>\n<meta property=\"og:locale\" content=\"fr_FR\" \/>\n<meta property=\"og:type\" content=\"article\" \/>\n<meta property=\"og:title\" content=\"Recensement biom\u00e9trique : les administrateurs territoriaux guin\u00e9ens suivent une formation \u00e0 Conakry\u00a0 - UNIVERSNEWS224\" \/>\n<meta property=\"og:description\" content=\"Dans le cadre du renforcement des capacit\u00e9s des cadres des administrateurs territoriaux (gouverneurs et pr\u00e9fets)\" \/>\n<meta property=\"og:url\" content=\"https:\/\/universnews224.com\/index.php\/recensement-biometrique-les-administrateurs-territoriaux-guineens-suivent-une-formation-a-conakry\/\" \/>\n<meta property=\"og:site_name\" content=\"UNIVERSNEWS224\" \/>\n<meta property=\"article:published_time\" content=\"2025-04-03T19:08:13+00:00\" \/>\n<meta property=\"og:image\" content=\"https:\/\/universnews224.com\/wp-content\/uploads\/2025\/04\/IMG-20250403-WA0003.jpg\" \/>\n\t<meta property=\"og:image:width\" content=\"1280\" \/>\n\t<meta property=\"og:image:height\" content=\"576\" \/>\n\t<meta property=\"og:image:type\" content=\"image\/jpeg\" \/>\n<meta name=\"author\" content=\"La R\u00e9daction\" \/>\n<meta name=\"twitter:label1\" content=\"\u00c9crit par\" \/>\n\t<meta name=\"twitter:data1\" content=\"La R\u00e9daction\" \/>\n\t<meta name=\"twitter:label2\" content=\"Dur\u00e9e de lecture estim\u00e9e\" \/>\n\t<meta name=\"twitter:data2\" content=\"5 minutes\" \/>\n<script type=\"application\/ld+json\" class=\"yoast-schema-graph\">{\"@context\":\"https:\/\/schema.org\",\"@graph\":[{\"@type\":\"Article\",\"@id\":\"https:\/\/universnews224.com\/index.php\/recensement-biometrique-les-administrateurs-territoriaux-guineens-suivent-une-formation-a-conakry\/#article\",\"isPartOf\":{\"@id\":\"https:\/\/universnews224.com\/index.php\/recensement-biometrique-les-administrateurs-territoriaux-guineens-suivent-une-formation-a-conakry\/\"},\"author\":{\"name\":\"La R\u00e9daction\",\"@id\":\"https:\/\/universnews224.com\/#\/schema\/person\/a4b7d4f94a4716df60456a491260485e\"},\"headline\":\"Recensement biom\u00e9trique : les administrateurs territoriaux guin\u00e9ens suivent une formation \u00e0 Conakry\u00a0\",\"datePublished\":\"2025-04-03T19:08:13+00:00\",\"dateModified\":\"2025-04-03T19:08:13+00:00\",\"mainEntityOfPage\":{\"@id\":\"https:\/\/universnews224.com\/index.php\/recensement-biometrique-les-administrateurs-territoriaux-guineens-suivent-une-formation-a-conakry\/\"},\"wordCount\":767,\"publisher\":{\"@id\":\"https:\/\/universnews224.com\/#organization\"},\"keywords\":[\"A la une\"],\"inLanguage\":\"fr-FR\"},{\"@type\":\"WebPage\",\"@id\":\"https:\/\/universnews224.com\/index.php\/recensement-biometrique-les-administrateurs-territoriaux-guineens-suivent-une-formation-a-conakry\/\",\"url\":\"https:\/\/universnews224.com\/index.php\/recensement-biometrique-les-administrateurs-territoriaux-guineens-suivent-une-formation-a-conakry\/\",\"name\":\"Recensement biom\u00e9trique : les administrateurs territoriaux guin\u00e9ens suivent une formation \u00e0 Conakry\u00a0 - UNIVERSNEWS224\",\"isPartOf\":{\"@id\":\"https:\/\/universnews224.com\/#website\"},\"datePublished\":\"2025-04-03T19:08:13+00:00\",\"dateModified\":\"2025-04-03T19:08:13+00:00\",\"inLanguage\":\"fr-FR\",\"potentialAction\":[{\"@type\":\"ReadAction\",\"target\":[\"https:\/\/universnews224.com\/index.php\/recensement-biometrique-les-administrateurs-territoriaux-guineens-suivent-une-formation-a-conakry\/\"]}]},{\"@type\":\"WebSite\",\"@id\":\"https:\/\/universnews224.com\/#website\",\"url\":\"https:\/\/universnews224.com\/\",\"name\":\"UNIVERSNEWS224\",\"description\":\"\",\"publisher\":{\"@id\":\"https:\/\/universnews224.com\/#organization\"},\"potentialAction\":[{\"@type\":\"SearchAction\",\"target\":{\"@type\":\"EntryPoint\",\"urlTemplate\":\"https:\/\/universnews224.com\/?s={search_term_string}\"},\"query-input\":\"required name=search_term_string\"}],\"inLanguage\":\"fr-FR\"},{\"@type\":\"Organization\",\"@id\":\"https:\/\/universnews224.com\/#organization\",\"name\":\"UNIVERSNEWS224\",\"url\":\"https:\/\/universnews224.com\/\",\"logo\":{\"@type\":\"ImageObject\",\"inLanguage\":\"fr-FR\",\"@id\":\"https:\/\/universnews224.com\/#\/schema\/logo\/image\/\",\"url\":\"https:\/\/universnews224.com\/wp-content\/uploads\/2022\/08\/cropped-cropped-logoban.jpg\",\"contentUrl\":\"https:\/\/universnews224.com\/wp-content\/uploads\/2022\/08\/cropped-cropped-logoban.jpg\",\"width\":1080,\"height\":138,\"caption\":\"UNIVERSNEWS224\"},\"image\":{\"@id\":\"https:\/\/universnews224.com\/#\/schema\/logo\/image\/\"}},{\"@type\":\"Person\",\"@id\":\"https:\/\/universnews224.com\/#\/schema\/person\/a4b7d4f94a4716df60456a491260485e\",\"name\":\"La R\u00e9daction\",\"image\":{\"@type\":\"ImageObject\",\"inLanguage\":\"fr-FR\",\"@id\":\"https:\/\/universnews224.com\/#\/schema\/person\/image\/\",\"url\":\"https:\/\/secure.gravatar.com\/avatar\/edb90acc7752b23e1b3307ad36c14f0d?s=96&d=mm&r=g\",\"contentUrl\":\"https:\/\/secure.gravatar.com\/avatar\/edb90acc7752b23e1b3307ad36c14f0d?s=96&d=mm&r=g\",\"caption\":\"La R\u00e9daction\"},\"sameAs\":[\"https:\/\/universnews224.com\"],\"url\":\"https:\/\/universnews224.com\/index.php\/author\/m-camara\/\"}]}<\/script>\n<!-- \/ Yoast SEO plugin. -->","yoast_head_json":{"title":"Recensement biom\u00e9trique : les administrateurs territoriaux guin\u00e9ens suivent une formation \u00e0 Conakry\u00a0 - UNIVERSNEWS224","robots":{"index":"index","follow":"follow","max-snippet":"max-snippet:-1","max-image-preview":"max-image-preview:large","max-video-preview":"max-video-preview:-1"},"canonical":"https:\/\/universnews224.com\/index.php\/recensement-biometrique-les-administrateurs-territoriaux-guineens-suivent-une-formation-a-conakry\/","og_locale":"fr_FR","og_type":"article","og_title":"Recensement biom\u00e9trique : les administrateurs territoriaux guin\u00e9ens suivent une formation \u00e0 Conakry\u00a0 - UNIVERSNEWS224","og_description":"Dans le cadre du renforcement des capacit\u00e9s des cadres des administrateurs territoriaux (gouverneurs et pr\u00e9fets)","og_url":"https:\/\/universnews224.com\/index.php\/recensement-biometrique-les-administrateurs-territoriaux-guineens-suivent-une-formation-a-conakry\/","og_site_name":"UNIVERSNEWS224","article_published_time":"2025-04-03T19:08:13+00:00","og_image":[{"width":1280,"height":576,"url":"https:\/\/universnews224.com\/wp-content\/uploads\/2025\/04\/IMG-20250403-WA0003.jpg","type":"image\/jpeg"}],"author":"La R\u00e9daction","twitter_misc":{"\u00c9crit par":"La R\u00e9daction","Dur\u00e9e de lecture estim\u00e9e":"5 minutes"},"schema":{"@context":"https:\/\/schema.org","@graph":[{"@type":"Article","@id":"https:\/\/universnews224.com\/index.php\/recensement-biometrique-les-administrateurs-territoriaux-guineens-suivent-une-formation-a-conakry\/#article","isPartOf":{"@id":"https:\/\/universnews224.com\/index.php\/recensement-biometrique-les-administrateurs-territoriaux-guineens-suivent-une-formation-a-conakry\/"},"author":{"name":"La R\u00e9daction","@id":"https:\/\/universnews224.com\/#\/schema\/person\/a4b7d4f94a4716df60456a491260485e"},"headline":"Recensement biom\u00e9trique : les administrateurs territoriaux guin\u00e9ens suivent une formation \u00e0 Conakry\u00a0","datePublished":"2025-04-03T19:08:13+00:00","dateModified":"2025-04-03T19:08:13+00:00","mainEntityOfPage":{"@id":"https:\/\/universnews224.com\/index.php\/recensement-biometrique-les-administrateurs-territoriaux-guineens-suivent-une-formation-a-conakry\/"},"wordCount":767,"publisher":{"@id":"https:\/\/universnews224.com\/#organization"},"keywords":["A la une"],"inLanguage":"fr-FR"},{"@type":"WebPage","@id":"https:\/\/universnews224.com\/index.php\/recensement-biometrique-les-administrateurs-territoriaux-guineens-suivent-une-formation-a-conakry\/","url":"https:\/\/universnews224.com\/index.php\/recensement-biometrique-les-administrateurs-territoriaux-guineens-suivent-une-formation-a-conakry\/","name":"Recensement biom\u00e9trique : les administrateurs territoriaux guin\u00e9ens suivent une formation \u00e0 Conakry\u00a0 - UNIVERSNEWS224","isPartOf":{"@id":"https:\/\/universnews224.com\/#website"},"datePublished":"2025-04-03T19:08:13+00:00","dateModified":"2025-04-03T19:08:13+00:00","inLanguage":"fr-FR","potentialAction":[{"@type":"ReadAction","target":["https:\/\/universnews224.com\/index.php\/recensement-biometrique-les-administrateurs-territoriaux-guineens-suivent-une-formation-a-conakry\/"]}]},{"@type":"WebSite","@id":"https:\/\/universnews224.com\/#website","url":"https:\/\/universnews224.com\/","name":"UNIVERSNEWS224","description":"","publisher":{"@id":"https:\/\/universnews224.com\/#organization"},"potentialAction":[{"@type":"SearchAction","target":{"@type":"EntryPoint","urlTemplate":"https:\/\/universnews224.com\/?s={search_term_string}"},"query-input":"required name=search_term_string"}],"inLanguage":"fr-FR"},{"@type":"Organization","@id":"https:\/\/universnews224.com\/#organization","name":"UNIVERSNEWS224","url":"https:\/\/universnews224.com\/","logo":{"@type":"ImageObject","inLanguage":"fr-FR","@id":"https:\/\/universnews224.com\/#\/schema\/logo\/image\/","url":"https:\/\/universnews224.com\/wp-content\/uploads\/2022\/08\/cropped-cropped-logoban.jpg","contentUrl":"https:\/\/universnews224.com\/wp-content\/uploads\/2022\/08\/cropped-cropped-logoban.jpg","width":1080,"height":138,"caption":"UNIVERSNEWS224"},"image":{"@id":"https:\/\/universnews224.com\/#\/schema\/logo\/image\/"}},{"@type":"Person","@id":"https:\/\/universnews224.com\/#\/schema\/person\/a4b7d4f94a4716df60456a491260485e","name":"La R\u00e9daction","image":{"@type":"ImageObject","inLanguage":"fr-FR","@id":"https:\/\/universnews224.com\/#\/schema\/person\/image\/","url":"https:\/\/secure.gravatar.com\/avatar\/edb90acc7752b23e1b3307ad36c14f0d?s=96&d=mm&r=g","contentUrl":"https:\/\/secure.gravatar.com\/avatar\/edb90acc7752b23e1b3307ad36c14f0d?s=96&d=mm&r=g","caption":"La R\u00e9daction"},"sameAs":["https:\/\/universnews224.com"],"url":"https:\/\/universnews224.com\/index.php\/author\/m-camara\/"}]}},"_links":{"self":[{"href":"https:\/\/universnews224.com\/index.php\/wp-json\/wp\/v2\/posts\/7874"}],"collection":[{"href":"https:\/\/universnews224.com\/index.php\/wp-json\/wp\/v2\/posts"}],"about":[{"href":"https:\/\/universnews224.com\/index.php\/wp-json\/wp\/v2\/types\/post"}],"author":[{"embeddable":true,"href":"https:\/\/universnews224.com\/index.php\/wp-json\/wp\/v2\/users\/2"}],"replies":[{"embeddable":true,"href":"https:\/\/universnews224.com\/index.php\/wp-json\/wp\/v2\/comments?post=7874"}],"version-history":[{"count":1,"href":"https:\/\/universnews224.com\/index.php\/wp-json\/wp\/v2\/posts\/7874\/revisions"}],"predecessor-version":[{"id":7876,"href":"https:\/\/universnews224.com\/index.php\/wp-json\/wp\/v2\/posts\/7874\/revisions\/7876"}],"wp:featuredmedia":[{"embeddable":true,"href":"https:\/\/universnews224.com\/index.php\/wp-json\/wp\/v2\/media\/7875"}],"wp:attachment":[{"href":"https:\/\/universnews224.com\/index.php\/wp-json\/wp\/v2\/media?parent=7874"}],"wp:term":[{"taxonomy":"category","embeddable":true,"href":"https:\/\/universnews224.com\/index.php\/wp-json\/wp\/v2\/categories?post=7874"},{"taxonomy":"post_tag","embeddable":true,"href":"https:\/\/universnews224.com\/index.php\/wp-json\/wp\/v2\/tags?post=7874"}],"curies":[{"name":"wp","href":"https:\/\/api.w.org\/{rel}","templated":true}]}}