{"id":7882,"date":"2025-04-05T17:42:03","date_gmt":"2025-04-05T16:42:03","guid":{"rendered":"https:\/\/universnews224.com\/?p=7882"},"modified":"2025-04-05T17:42:03","modified_gmt":"2025-04-05T16:42:03","slug":"violences-conjugales-le-concert-dazaya-au-canada-reporte","status":"publish","type":"post","link":"https:\/\/universnews224.com\/index.php\/violences-conjugales-le-concert-dazaya-au-canada-reporte\/","title":{"rendered":"Violences conjugales:\u00a0 le concert d\u2019Azaya au Canada report\u00e9.\u00a0"},"content":{"rendered":"<p dir=\"ltr\" style=\"margin: 0pt 0px;text-align: justify;color: #222222;font-family: 'Open Sans';background-color: #f3f3f3;line-height: 1.38\"><span style=\"font-size: 11pt;font-family: Arial, sans-serif;color: #000000;background-color: transparent;vertical-align: baseline\">CONCERT LIVE DE AZAYA DU 3 MAI 2025<\/span><\/p>\n<p dir=\"ltr\" style=\"margin: 0pt 0px;text-align: justify;color: #222222;font-family: 'Open Sans';background-color: #f3f3f3;line-height: 1.38\"><span style=\"font-size: 11pt;font-family: Arial, sans-serif;color: #000000;background-color: transparent;vertical-align: baseline\">DANS LA SALLE DU TH\u00c9\u00c2TRE RIALTO<\/span><\/p>\n<p dir=\"ltr\" style=\"margin: 0pt 0px;text-align: justify;color: #222222;font-family: 'Open Sans';background-color: #f3f3f3;line-height: 1.38\"><span style=\"font-size: 11pt;font-family: Arial, sans-serif;color: #000000;background-color: transparent;vertical-align: baseline\">MONTR\u00c9AL 5723 AVENUE DU PARC<\/span><\/p>\n<p dir=\"ltr\" style=\"margin: 0pt 0px;text-align: justify;color: #222222;font-family: 'Open Sans';background-color: #f3f3f3;line-height: 1.38\"><span style=\"font-size: 11pt;font-family: Arial, sans-serif;color: #000000;background-color: transparent;vertical-align: baseline\">Au Canada<\/span><\/p>\n<p style=\"margin: 0px 0px 17px;text-align: justify;color: #222222;font-family: 'Open Sans';background-color: #f3f3f3\">\n<p dir=\"ltr\" style=\"margin: 0pt 0px;text-align: justify;color: #222222;font-family: 'Open Sans';background-color: #f3f3f3;line-height: 1.38\"><span style=\"font-size: 11pt;font-family: Arial, sans-serif;color: #000000;background-color: transparent;vertical-align: baseline\">Urgence \u2013 R\u00e9organisation du Festival Festiraam pour donner suite \u00e0 une crise m\u00e9diatique sur le cas Azaya de la Guin\u00e9e.<\/span><\/p>\n<p style=\"margin: 0px 0px 17px;color: #222222;font-family: 'Open Sans';background-color: #f3f3f3\">\n<p dir=\"ltr\" style=\"margin: 0pt 0px;text-align: justify;color: #222222;font-family: 'Open Sans';background-color: #f3f3f3;line-height: 1.38\"><span style=\"font-size: 11pt;font-family: Arial, sans-serif;color: #000000;background-color: transparent;vertical-align: baseline\">Vendredi 4 avril 2025 :<\/span><\/p>\n<p style=\"margin: 0px 0px 17px;text-align: justify;color: #222222;font-family: 'Open Sans';background-color: #f3f3f3\">\n<p dir=\"ltr\" style=\"margin: 0pt 0px;text-align: justify;color: #222222;font-family: 'Open Sans';background-color: #f3f3f3;line-height: 1.38\"><span style=\"font-size: 11pt;font-family: Arial, sans-serif;color: #000000;background-color: transparent;vertical-align: baseline\">Dans le cadre de la c\u00e9l\u00e9bration du 15eme anniversaire du Festival International Festiraam de Montr\u00e9al, l\u2019artiste Azaya a \u00e9t\u00e9 programm\u00e9 le samedi 3 mai 2025 au Th\u00e9\u00e2tre Rialto de Montr\u00e9al.<\/span><\/p>\n<p style=\"margin: 0px 0px 17px;text-align: justify;color: #222222;font-family: 'Open Sans';background-color: #f3f3f3\">\n<p dir=\"ltr\" style=\"margin: 0pt 0px;text-align: justify;color: #222222;font-family: 'Open Sans';background-color: #f3f3f3;line-height: 1.38\"><span style=\"font-size: 11pt;font-family: Arial, sans-serif;color: #000000;background-color: transparent;vertical-align: baseline\">Depuis le mercredi 2 avril 2025, nous sommes confront\u00e9s \u00e0 une crise majeure ind\u00e9pendament de notre volont\u00e9, qui nous contraint \u00e0 prendre des d\u00e9cisions rapides, responsables, et urgentes apr\u00e8s consultations des partenaires et artistes.<\/span><\/p>\n<p style=\"margin: 0px 0px 17px;text-align: justify;color: #222222;font-family: 'Open Sans';background-color: #f3f3f3\">\n<p dir=\"ltr\" style=\"margin: 0pt 0px;text-align: justify;color: #222222;font-family: 'Open Sans';background-color: #f3f3f3;line-height: 1.38\"><span style=\"font-size: 11pt;font-family: Arial, sans-serif;color: #000000;background-color: transparent;vertical-align: baseline\">En effet, l\u2019artiste Azaya, programm\u00e9 pour le samedi 3 mai 2025, est au c\u0153ur d\u2019une temp\u00eate m\u00e9diatique qui ne permet pas la tenue imm\u00e9diate d\u2019un concert dans la gaiet\u00e9 et la qui\u00e9tude au Canada.<\/span><\/p>\n<p style=\"margin: 0px 0px 17px;text-align: justify;color: #222222;font-family: 'Open Sans';background-color: #f3f3f3\">\n<p dir=\"ltr\" style=\"margin: 0pt 0px;text-align: justify;color: #222222;font-family: 'Open Sans';background-color: #f3f3f3;line-height: 1.38\"><span style=\"font-size: 11pt;font-family: Arial, sans-serif;color: #000000;background-color: transparent;vertical-align: baseline\">La r\u00e9action massive suscit\u00e9e par des r\u00e9v\u00e9lations sur les r\u00e9seaux sociaux, notamment aupr\u00e8s du public f\u00e9minin, constitue une part essentielle de notre audience et des spectateurs de nos concerts.<\/span><\/p>\n<p style=\"margin: 0px 0px 17px;text-align: justify;color: #222222;font-family: 'Open Sans';background-color: #f3f3f3\">\n<p dir=\"ltr\" style=\"margin: 0pt 0px;text-align: justify;color: #222222;font-family: 'Open Sans';background-color: #f3f3f3;line-height: 1.38\"><span style=\"font-size: 11pt;font-family: Arial, sans-serif;color: #000000;background-color: transparent;vertical-align: baseline\">Face \u00e0 ce climat, nous avons pris de grandes d\u00e9cisions :<\/span><\/p>\n<p style=\"margin: 0px 0px 17px;text-align: justify;color: #222222;font-family: 'Open Sans';background-color: #f3f3f3\">\n<p dir=\"ltr\" style=\"margin: 0pt 0px;text-align: justify;color: #222222;font-family: 'Open Sans';background-color: #f3f3f3;line-height: 1.38\"><span style=\"font-size: 11pt;font-family: Arial, sans-serif;color: #000000;background-color: transparent;vertical-align: baseline\">\u25cfReport de la prestation de l\u2019artiste Azaya initialement pr\u00e9vu le 3 mai 2025, en tenant compte de la pr\u00e9somption d\u2019innocence, en attendant une clarification de la crise, pour donner la chance \u00e0 l\u2019\u00e9volution vers une issue honorable \u00e0 la crise familiale au statut priv\u00e9.<\/span><\/p>\n<p style=\"margin: 0px 0px 17px;text-align: justify;color: #222222;font-family: 'Open Sans';background-color: #f3f3f3\">\n<p dir=\"ltr\" style=\"margin: 0pt 0px;text-align: justify;color: #222222;font-family: 'Open Sans';background-color: #f3f3f3;line-height: 1.38\"><span style=\"font-size: 11pt;font-family: Arial, sans-serif;color: #000000;background-color: transparent;vertical-align: baseline\">\u25cfTransfert du concert du 19 avril au 3 mai 2025, avec la confirmation de la programmation de S\u00e9kouba Bambino et Fatim Diabat\u00e9, avec toujours les m\u00eames achats en pr\u00e9vente valable pour la m\u00eame date.<\/span><\/p>\n<p style=\"margin: 0px 0px 17px;text-align: justify;color: #222222;font-family: 'Open Sans';background-color: #f3f3f3\">\u00a0<span style=\"background-color: transparent;color: #000000;font-family: Arial, sans-serif;font-size: 11pt\">Face \u00e0 la crise, nous avons d\u00e9cid\u00e9 de commun accord avec Keyzit Productions et l\u2019artiste Azaya, pour un Report de sa prestation \u00e0 une nouvelle date, qui sera communiqu\u00e9e ult\u00e9rieurement par les 3 parties.<\/span><\/p>\n<p style=\"margin: 0px 0px 17px;text-align: justify;color: #222222;font-family: 'Open Sans';background-color: #f3f3f3\">\n<p dir=\"ltr\" style=\"margin: 0pt 0px;text-align: justify;color: #222222;font-family: 'Open Sans';background-color: #f3f3f3;line-height: 1.38\"><span style=\"font-size: 11pt;font-family: Arial, sans-serif;color: #000000;background-color: transparent;vertical-align: baseline\">En cons\u00e9quence, voici les dispositions prises :<\/span><\/p>\n<p style=\"margin: 0px 0px 17px;text-align: justify;color: #222222;font-family: 'Open Sans';background-color: #f3f3f3\">\n<p dir=\"ltr\" style=\"margin: 0pt 0px;text-align: justify;color: #222222;font-family: 'Open Sans';background-color: #f3f3f3;line-height: 1.38\"><span style=\"font-size: 11pt;font-family: Arial, sans-serif;color: #000000;background-color: transparent;vertical-align: baseline\">1-Le maintien de la date du samedi 3 mai 2025, l\u2019annulation de la date du 19 avril 2025.<\/span><\/p>\n<p style=\"margin: 0px 0px 17px;text-align: justify;color: #222222;font-family: 'Open Sans';background-color: #f3f3f3\">\n<p dir=\"ltr\" style=\"margin: 0pt 0px;text-align: justify;color: #222222;font-family: 'Open Sans';background-color: #f3f3f3;line-height: 1.38\"><span style=\"font-size: 11pt;font-family: Arial, sans-serif;color: #000000;background-color: transparent;vertical-align: baseline\">2- La prestation du Duo Sekouba Bambino et Fatim Diabat\u00e9 \u00e0 partir de 21h \u00e0 1h du matin, qui sera le concert inaugural de l\u2019\u00e9dition sp\u00e9ciale Guin\u00e9e du Festival Festiraam de Montr\u00e9al, qui se tiendra dans la m\u00eame salle du Th\u00e9\u00e2tre Rialto le samedi 3 mai 2025. (Ouvertures des portes 20h)<\/span><\/p>\n<p style=\"margin: 0px 0px 17px;text-align: justify;color: #222222;font-family: 'Open Sans';background-color: #f3f3f3\">\n<p dir=\"ltr\" style=\"margin: 0pt 0px;text-align: justify;color: #222222;font-family: 'Open Sans';background-color: #f3f3f3;line-height: 1.38\"><span style=\"font-size: 11pt;font-family: Arial, sans-serif;color: #000000;background-color: transparent;vertical-align: baseline\">3-Tous les b\u00e9n\u00e9ficiaires des billets des pr\u00e9ventes des deux concerts (19 avril,3 mai) ont automatiquement droit au concert du 3 mai avec le duo Sekouba Bambino de la Guin\u00e9e et Fatim Diabat\u00e9 du Mali.<\/span><\/p>\n<p style=\"margin: 0px 0px 17px;text-align: justify;color: #222222;font-family: 'Open Sans';background-color: #f3f3f3\">\n<p dir=\"ltr\" style=\"margin: 0pt 0px;text-align: justify;color: #222222;font-family: 'Open Sans';background-color: #f3f3f3;line-height: 1.38\"><span style=\"font-size: 11pt;font-family: Arial, sans-serif;color: #000000;background-color: transparent;vertical-align: baseline\">4-Tous ceux qui ont obtenu uniquement les billets du concert Azaya du 3 mai 2025, auront droit, en plus du concert du Duo Bambino Fatim du 3 mai 2025, acc\u00e8s gratuitement \u00e0 la prochaine prestation de Azaya au Canada, une fois qu\u2019une issue sera trouv\u00e9e \u00e0 l\u2019avenir et le plus t\u00f4t que possible.<\/span><\/p>\n<p style=\"margin: 0px 0px 17px;text-align: justify;color: #222222;font-family: 'Open Sans';background-color: #f3f3f3\">\n<p dir=\"ltr\" style=\"margin: 0pt 0px;text-align: justify;color: #222222;font-family: 'Open Sans';background-color: #f3f3f3;line-height: 1.38\"><span style=\"font-size: 11pt;font-family: Arial, sans-serif;color: #000000;background-color: transparent;vertical-align: baseline\">Ce qui implique l\u2019obligation de garder vos billets, apr\u00e8s le concert de Bambino.<\/span><\/p>\n<p style=\"margin: 0px 0px 17px;text-align: justify;color: #222222;font-family: 'Open Sans';background-color: #f3f3f3\">\n<p dir=\"ltr\" style=\"margin: 0pt 0px;text-align: justify;color: #222222;font-family: 'Open Sans';background-color: #f3f3f3;line-height: 1.38\"><span style=\"font-size: 11pt;font-family: Arial, sans-serif;color: #000000;background-color: transparent;vertical-align: baseline\">5-Mais au cas o\u00f9 certains clients d\u00e9tenteurs des tickets du 3 mai pour Azaya , ne veulent pas suivre le concert duo de Bambino Fatim Diabat\u00e9 du 3 mai 2025, les mesures seront prises pour leur remboursement int\u00e9gral avec un calendrier et le protocole qui seront d\u00e9finis, et communiquer \u00e0 temps.<\/span><\/p>\n<p style=\"margin: 0px 0px 17px;text-align: justify;color: #222222;font-family: 'Open Sans';background-color: #f3f3f3\">\n<p dir=\"ltr\" style=\"margin: 0pt 0px;text-align: justify;color: #222222;font-family: 'Open Sans';background-color: #f3f3f3;line-height: 1.38\"><span style=\"font-size: 11pt;font-family: Arial, sans-serif;color: #000000;background-color: transparent;vertical-align: baseline\">Dans l\u2019\u00e9lan de solidarit\u00e9, nous invitons tout le monde \u00e0 se mobiliser dans l\u2019amiti\u00e9, dans le respect, dans la cordialit\u00e9, pour f\u00eater ensemble avec nos grandes stars du Mali, de la Guin\u00e9e, le samedi 3 mai 2025.<\/span><\/p>\n<p style=\"margin: 0px 0px 17px;text-align: justify;color: #222222;font-family: 'Open Sans';background-color: #f3f3f3\">\n<p dir=\"ltr\" style=\"margin: 0pt 0px;text-align: justify;color: #222222;font-family: 'Open Sans';background-color: #f3f3f3;line-height: 1.38\"><span style=\"font-size: 11pt;font-family: Arial, sans-serif;color: #000000;background-color: transparent;vertical-align: baseline\">Dans l\u2019espoir d\u2019une issue ou une r\u00e9paration honorable, pour la sauvegarde des valeurs humaines de vivre ensemble, et surtout, les sacrifices de sauver deux grandes carri\u00e8res de notre culture guin\u00e9enne, face \u00e0 la temp\u00eate actuelle, nous supplions Dieu, de les aider au choix de l\u2019humilit\u00e9, et aux valeurs traditionnelles de nos origines, et de tourner dos \u00e0 toute action de violence verbale et physique dans notre monde de maintenant , et ce v\u0153ux est adress\u00e9 \u00e0 toutes les parties qui sont nos fr\u00e8res , s\u0153urs, de la Guin\u00e9e.<\/span><\/p>\n<p style=\"margin: 0px 0px 17px;text-align: justify;color: #222222;font-family: 'Open Sans';background-color: #f3f3f3\">\n<p dir=\"ltr\" style=\"margin: 0pt 0px;text-align: justify;color: #222222;font-family: 'Open Sans';background-color: #f3f3f3;line-height: 1.38\"><span style=\"font-size: 11pt;font-family: Arial, sans-serif;color: #000000;background-color: transparent;vertical-align: baseline\">Fait \u00e0 Montr\u00e9al le 4 avril 2025<\/span><\/p>\n<p style=\"margin: 0px 0px 17px;text-align: justify;color: #222222;font-family: 'Open Sans';background-color: #f3f3f3\">\n<p dir=\"ltr\" style=\"margin: 0pt 0px;text-align: justify;color: #222222;font-family: 'Open Sans';background-color: #f3f3f3;line-height: 1.38\"><span style=\"font-size: 11pt;font-family: Arial, sans-serif;color: #000000;background-color: transparent;vertical-align: baseline\">Signature : Mohamed Mase Diallo<\/span><\/p>\n<p style=\"margin: 0px 0px 17px;text-align: justify;color: #222222;font-family: 'Open Sans';background-color: #f3f3f3\">\n<p dir=\"ltr\" style=\"margin: 0pt 0px;text-align: justify;color: #222222;font-family: 'Open Sans';background-color: #f3f3f3;line-height: 1.38\"><span style=\"font-size: 11pt;font-family: Arial, sans-serif;color: #000000;background-color: transparent;vertical-align: baseline\">Administrateur des Productions Tidiane World Music au Canada<\/span><\/p>\n<p style=\"margin: 0px 0px 17px;text-align: justify;color: #222222;font-family: 'Open Sans';background-color: #f3f3f3\">\n<p dir=\"ltr\" style=\"margin: 0pt 0px;text-align: justify;color: #222222;font-family: 'Open Sans';background-color: #f3f3f3;line-height: 1.38\"><span style=\"font-size: 11pt;font-family: Arial, sans-serif;color: #000000;background-color: transparent;vertical-align: baseline\">L\u2019\u00c9quipe du Festival International Festiraam de Montr\u00e9al<\/span><\/p>\n<p style=\"margin: 0px 0px 17px;text-align: justify;color: #222222;font-family: 'Open Sans';background-color: #f3f3f3\">\n<p dir=\"ltr\" style=\"margin: 0pt 0px;text-align: justify;color: #222222;font-family: 'Open Sans';background-color: #f3f3f3;line-height: 1.38\"><span style=\"font-size: 11pt;font-family: Arial, sans-serif;color: #000000;background-color: transparent;vertical-align: baseline\">La Foundation Humanitaire Internationale \u00ab les Partages Tidiane Soumah Patisou \u00bb<\/span><\/p>\n<p dir=\"ltr\" style=\"margin: 0pt 0px;text-align: justify;color: #222222;font-family: 'Open Sans';background-color: #f3f3f3;line-height: 1.38\"><span style=\"font-size: 11pt;font-family: Arial, sans-serif;color: #000000;background-color: transparent;vertical-align: baseline\">www.tidianeworldmusic.com<\/span><\/p>\n<p dir=\"ltr\" style=\"margin: 0pt 0px;text-align: justify;color: #222222;font-family: 'Open Sans';background-color: #f3f3f3;line-height: 1.38\"><a style=\"background-color: transparent;color: #1e1e1e !important\" href=\"mailto:tidianeworldmusic@gmail.com\"><span style=\"font-size: 11pt;font-family: Arial, sans-serif;color: #1155cc;background-color: transparent;vertical-align: baseline\">tidianeworldmusic@gmail.com<\/span><\/a><\/p>\n","protected":false},"excerpt":{"rendered":"<p>CONCERT LIVE DE AZAYA DU 3 MAI 2025 DANS LA SALLE DU TH\u00c9\u00c2TRE RIALTO MONTR\u00c9AL<\/p>\n","protected":false},"author":2,"featured_media":7883,"comment_status":"closed","ping_status":"open","sticky":false,"template":"","format":"standard","meta":[],"categories":[3,6],"tags":[237],"yoast_head":"<!-- This site is optimized with the Yoast SEO plugin v19.13 - https:\/\/yoast.com\/wordpress\/plugins\/seo\/ -->\n<title>Violences conjugales:\u00a0 le concert d\u2019Azaya au Canada report\u00e9.\u00a0 - UNIVERSNEWS224<\/title>\n<meta name=\"robots\" content=\"index, follow, max-snippet:-1, max-image-preview:large, max-video-preview:-1\" \/>\n<link rel=\"canonical\" href=\"https:\/\/universnews224.com\/index.php\/violences-conjugales-le-concert-dazaya-au-canada-reporte\/\" \/>\n<meta property=\"og:locale\" content=\"fr_FR\" \/>\n<meta property=\"og:type\" content=\"article\" \/>\n<meta property=\"og:title\" content=\"Violences conjugales:\u00a0 le concert d\u2019Azaya au Canada report\u00e9.\u00a0 - UNIVERSNEWS224\" \/>\n<meta property=\"og:description\" content=\"CONCERT LIVE DE AZAYA DU 3 MAI 2025 DANS LA SALLE DU TH\u00c9\u00c2TRE RIALTO MONTR\u00c9AL\" \/>\n<meta property=\"og:url\" content=\"https:\/\/universnews224.com\/index.php\/violences-conjugales-le-concert-dazaya-au-canada-reporte\/\" \/>\n<meta property=\"og:site_name\" content=\"UNIVERSNEWS224\" \/>\n<meta property=\"article:published_time\" content=\"2025-04-05T16:42:03+00:00\" \/>\n<meta property=\"og:image\" content=\"https:\/\/universnews224.com\/wp-content\/uploads\/2025\/04\/IMG_2812.jpeg\" \/>\n\t<meta property=\"og:image:width\" content=\"645\" \/>\n\t<meta property=\"og:image:height\" content=\"612\" \/>\n\t<meta property=\"og:image:type\" content=\"image\/jpeg\" \/>\n<meta name=\"author\" content=\"La R\u00e9daction\" \/>\n<meta name=\"twitter:label1\" content=\"\u00c9crit par\" \/>\n\t<meta name=\"twitter:data1\" content=\"La R\u00e9daction\" \/>\n\t<meta name=\"twitter:label2\" content=\"Dur\u00e9e de lecture estim\u00e9e\" \/>\n\t<meta name=\"twitter:data2\" content=\"4 minutes\" \/>\n<script type=\"application\/ld+json\" class=\"yoast-schema-graph\">{\"@context\":\"https:\/\/schema.org\",\"@graph\":[{\"@type\":\"Article\",\"@id\":\"https:\/\/universnews224.com\/index.php\/violences-conjugales-le-concert-dazaya-au-canada-reporte\/#article\",\"isPartOf\":{\"@id\":\"https:\/\/universnews224.com\/index.php\/violences-conjugales-le-concert-dazaya-au-canada-reporte\/\"},\"author\":{\"name\":\"La R\u00e9daction\",\"@id\":\"https:\/\/universnews224.com\/#\/schema\/person\/a4b7d4f94a4716df60456a491260485e\"},\"headline\":\"Violences conjugales:\u00a0 le concert d\u2019Azaya au Canada report\u00e9.\u00a0\",\"datePublished\":\"2025-04-05T16:42:03+00:00\",\"dateModified\":\"2025-04-05T16:42:03+00:00\",\"mainEntityOfPage\":{\"@id\":\"https:\/\/universnews224.com\/index.php\/violences-conjugales-le-concert-dazaya-au-canada-reporte\/\"},\"wordCount\":721,\"publisher\":{\"@id\":\"https:\/\/universnews224.com\/#organization\"},\"keywords\":[\"A la une\"],\"articleSection\":[\"ACTU\",\"CULTURE\"],\"inLanguage\":\"fr-FR\"},{\"@type\":\"WebPage\",\"@id\":\"https:\/\/universnews224.com\/index.php\/violences-conjugales-le-concert-dazaya-au-canada-reporte\/\",\"url\":\"https:\/\/universnews224.com\/index.php\/violences-conjugales-le-concert-dazaya-au-canada-reporte\/\",\"name\":\"Violences conjugales:\u00a0 le concert d\u2019Azaya au Canada report\u00e9.\u00a0 - UNIVERSNEWS224\",\"isPartOf\":{\"@id\":\"https:\/\/universnews224.com\/#website\"},\"datePublished\":\"2025-04-05T16:42:03+00:00\",\"dateModified\":\"2025-04-05T16:42:03+00:00\",\"inLanguage\":\"fr-FR\",\"potentialAction\":[{\"@type\":\"ReadAction\",\"target\":[\"https:\/\/universnews224.com\/index.php\/violences-conjugales-le-concert-dazaya-au-canada-reporte\/\"]}]},{\"@type\":\"WebSite\",\"@id\":\"https:\/\/universnews224.com\/#website\",\"url\":\"https:\/\/universnews224.com\/\",\"name\":\"UNIVERSNEWS224\",\"description\":\"\",\"publisher\":{\"@id\":\"https:\/\/universnews224.com\/#organization\"},\"potentialAction\":[{\"@type\":\"SearchAction\",\"target\":{\"@type\":\"EntryPoint\",\"urlTemplate\":\"https:\/\/universnews224.com\/?s={search_term_string}\"},\"query-input\":\"required name=search_term_string\"}],\"inLanguage\":\"fr-FR\"},{\"@type\":\"Organization\",\"@id\":\"https:\/\/universnews224.com\/#organization\",\"name\":\"UNIVERSNEWS224\",\"url\":\"https:\/\/universnews224.com\/\",\"logo\":{\"@type\":\"ImageObject\",\"inLanguage\":\"fr-FR\",\"@id\":\"https:\/\/universnews224.com\/#\/schema\/logo\/image\/\",\"url\":\"https:\/\/universnews224.com\/wp-content\/uploads\/2022\/08\/cropped-cropped-logoban.jpg\",\"contentUrl\":\"https:\/\/universnews224.com\/wp-content\/uploads\/2022\/08\/cropped-cropped-logoban.jpg\",\"width\":1080,\"height\":138,\"caption\":\"UNIVERSNEWS224\"},\"image\":{\"@id\":\"https:\/\/universnews224.com\/#\/schema\/logo\/image\/\"}},{\"@type\":\"Person\",\"@id\":\"https:\/\/universnews224.com\/#\/schema\/person\/a4b7d4f94a4716df60456a491260485e\",\"name\":\"La R\u00e9daction\",\"image\":{\"@type\":\"ImageObject\",\"inLanguage\":\"fr-FR\",\"@id\":\"https:\/\/universnews224.com\/#\/schema\/person\/image\/\",\"url\":\"https:\/\/secure.gravatar.com\/avatar\/edb90acc7752b23e1b3307ad36c14f0d?s=96&d=mm&r=g\",\"contentUrl\":\"https:\/\/secure.gravatar.com\/avatar\/edb90acc7752b23e1b3307ad36c14f0d?s=96&d=mm&r=g\",\"caption\":\"La R\u00e9daction\"},\"sameAs\":[\"https:\/\/universnews224.com\"],\"url\":\"https:\/\/universnews224.com\/index.php\/author\/m-camara\/\"}]}<\/script>\n<!-- \/ Yoast SEO plugin. -->","yoast_head_json":{"title":"Violences conjugales:\u00a0 le concert d\u2019Azaya au Canada report\u00e9.\u00a0 - UNIVERSNEWS224","robots":{"index":"index","follow":"follow","max-snippet":"max-snippet:-1","max-image-preview":"max-image-preview:large","max-video-preview":"max-video-preview:-1"},"canonical":"https:\/\/universnews224.com\/index.php\/violences-conjugales-le-concert-dazaya-au-canada-reporte\/","og_locale":"fr_FR","og_type":"article","og_title":"Violences conjugales:\u00a0 le concert d\u2019Azaya au Canada report\u00e9.\u00a0 - UNIVERSNEWS224","og_description":"CONCERT LIVE DE AZAYA DU 3 MAI 2025 DANS LA SALLE DU TH\u00c9\u00c2TRE RIALTO MONTR\u00c9AL","og_url":"https:\/\/universnews224.com\/index.php\/violences-conjugales-le-concert-dazaya-au-canada-reporte\/","og_site_name":"UNIVERSNEWS224","article_published_time":"2025-04-05T16:42:03+00:00","og_image":[{"width":645,"height":612,"url":"https:\/\/universnews224.com\/wp-content\/uploads\/2025\/04\/IMG_2812.jpeg","type":"image\/jpeg"}],"author":"La R\u00e9daction","twitter_misc":{"\u00c9crit par":"La R\u00e9daction","Dur\u00e9e de lecture estim\u00e9e":"4 minutes"},"schema":{"@context":"https:\/\/schema.org","@graph":[{"@type":"Article","@id":"https:\/\/universnews224.com\/index.php\/violences-conjugales-le-concert-dazaya-au-canada-reporte\/#article","isPartOf":{"@id":"https:\/\/universnews224.com\/index.php\/violences-conjugales-le-concert-dazaya-au-canada-reporte\/"},"author":{"name":"La R\u00e9daction","@id":"https:\/\/universnews224.com\/#\/schema\/person\/a4b7d4f94a4716df60456a491260485e"},"headline":"Violences conjugales:\u00a0 le concert d\u2019Azaya au Canada report\u00e9.\u00a0","datePublished":"2025-04-05T16:42:03+00:00","dateModified":"2025-04-05T16:42:03+00:00","mainEntityOfPage":{"@id":"https:\/\/universnews224.com\/index.php\/violences-conjugales-le-concert-dazaya-au-canada-reporte\/"},"wordCount":721,"publisher":{"@id":"https:\/\/universnews224.com\/#organization"},"keywords":["A la une"],"articleSection":["ACTU","CULTURE"],"inLanguage":"fr-FR"},{"@type":"WebPage","@id":"https:\/\/universnews224.com\/index.php\/violences-conjugales-le-concert-dazaya-au-canada-reporte\/","url":"https:\/\/universnews224.com\/index.php\/violences-conjugales-le-concert-dazaya-au-canada-reporte\/","name":"Violences conjugales:\u00a0 le concert d\u2019Azaya au Canada report\u00e9.\u00a0 - UNIVERSNEWS224","isPartOf":{"@id":"https:\/\/universnews224.com\/#website"},"datePublished":"2025-04-05T16:42:03+00:00","dateModified":"2025-04-05T16:42:03+00:00","inLanguage":"fr-FR","potentialAction":[{"@type":"ReadAction","target":["https:\/\/universnews224.com\/index.php\/violences-conjugales-le-concert-dazaya-au-canada-reporte\/"]}]},{"@type":"WebSite","@id":"https:\/\/universnews224.com\/#website","url":"https:\/\/universnews224.com\/","name":"UNIVERSNEWS224","description":"","publisher":{"@id":"https:\/\/universnews224.com\/#organization"},"potentialAction":[{"@type":"SearchAction","target":{"@type":"EntryPoint","urlTemplate":"https:\/\/universnews224.com\/?s={search_term_string}"},"query-input":"required name=search_term_string"}],"inLanguage":"fr-FR"},{"@type":"Organization","@id":"https:\/\/universnews224.com\/#organization","name":"UNIVERSNEWS224","url":"https:\/\/universnews224.com\/","logo":{"@type":"ImageObject","inLanguage":"fr-FR","@id":"https:\/\/universnews224.com\/#\/schema\/logo\/image\/","url":"https:\/\/universnews224.com\/wp-content\/uploads\/2022\/08\/cropped-cropped-logoban.jpg","contentUrl":"https:\/\/universnews224.com\/wp-content\/uploads\/2022\/08\/cropped-cropped-logoban.jpg","width":1080,"height":138,"caption":"UNIVERSNEWS224"},"image":{"@id":"https:\/\/universnews224.com\/#\/schema\/logo\/image\/"}},{"@type":"Person","@id":"https:\/\/universnews224.com\/#\/schema\/person\/a4b7d4f94a4716df60456a491260485e","name":"La R\u00e9daction","image":{"@type":"ImageObject","inLanguage":"fr-FR","@id":"https:\/\/universnews224.com\/#\/schema\/person\/image\/","url":"https:\/\/secure.gravatar.com\/avatar\/edb90acc7752b23e1b3307ad36c14f0d?s=96&d=mm&r=g","contentUrl":"https:\/\/secure.gravatar.com\/avatar\/edb90acc7752b23e1b3307ad36c14f0d?s=96&d=mm&r=g","caption":"La R\u00e9daction"},"sameAs":["https:\/\/universnews224.com"],"url":"https:\/\/universnews224.com\/index.php\/author\/m-camara\/"}]}},"_links":{"self":[{"href":"https:\/\/universnews224.com\/index.php\/wp-json\/wp\/v2\/posts\/7882"}],"collection":[{"href":"https:\/\/universnews224.com\/index.php\/wp-json\/wp\/v2\/posts"}],"about":[{"href":"https:\/\/universnews224.com\/index.php\/wp-json\/wp\/v2\/types\/post"}],"author":[{"embeddable":true,"href":"https:\/\/universnews224.com\/index.php\/wp-json\/wp\/v2\/users\/2"}],"replies":[{"embeddable":true,"href":"https:\/\/universnews224.com\/index.php\/wp-json\/wp\/v2\/comments?post=7882"}],"version-history":[{"count":1,"href":"https:\/\/universnews224.com\/index.php\/wp-json\/wp\/v2\/posts\/7882\/revisions"}],"predecessor-version":[{"id":7884,"href":"https:\/\/universnews224.com\/index.php\/wp-json\/wp\/v2\/posts\/7882\/revisions\/7884"}],"wp:featuredmedia":[{"embeddable":true,"href":"https:\/\/universnews224.com\/index.php\/wp-json\/wp\/v2\/media\/7883"}],"wp:attachment":[{"href":"https:\/\/universnews224.com\/index.php\/wp-json\/wp\/v2\/media?parent=7882"}],"wp:term":[{"taxonomy":"category","embeddable":true,"href":"https:\/\/universnews224.com\/index.php\/wp-json\/wp\/v2\/categories?post=7882"},{"taxonomy":"post_tag","embeddable":true,"href":"https:\/\/universnews224.com\/index.php\/wp-json\/wp\/v2\/tags?post=7882"}],"curies":[{"name":"wp","href":"https:\/\/api.w.org\/{rel}","templated":true}]}}