{"id":7898,"date":"2025-04-08T22:16:29","date_gmt":"2025-04-08T21:16:29","guid":{"rendered":"https:\/\/universnews224.com\/?p=7898"},"modified":"2025-04-08T22:16:29","modified_gmt":"2025-04-08T21:16:29","slug":"meurtre-dadama-konate-a-kankan-bangaly-traore-condamne-a-la-prison-a-vie","status":"publish","type":"post","link":"https:\/\/universnews224.com\/index.php\/meurtre-dadama-konate-a-kankan-bangaly-traore-condamne-a-la-prison-a-vie\/","title":{"rendered":"Meurtre d\u2019Adama Konat\u00e9 \u00e0 Kankan: Bangaly Traor\u00e9 condamn\u00e9 \u00e0 la prison \u00e0 vie"},"content":{"rendered":"<p dir=\"ltr\" style=\"line-height: 1.38;margin-top: 0.0pt;margin-bottom: 0.0pt\"><span style=\"font-size: 11pt;font-family: Arial, sans-serif;color: #000000;background-color: transparent;vertical-align: baseline\">Justice rendue. Bangaly Traor\u00e9 est d\u00e9clar\u00e9 coupable de l\u2019assassinat de dame Adama Konat\u00e9. Le tribunal de premi\u00e8re instance de Kankan le condamne \u00e0 la r\u00e9clusion criminelle \u00e0 perp\u00e9tuit\u00e9 avec une p\u00e9riode de s\u00fbret\u00e9 de 30 ans et au payement de 3 milliards de francs guin\u00e9ens aux h\u00e9ritiers de la victime, en guise de dommages et int\u00e9r\u00eats. Nous y reviendrons\u2026<\/span><\/p>\n<p>&nbsp;<\/p>\n<p dir=\"ltr\" style=\"line-height: 1.38;margin-top: 0.0pt;margin-bottom: 0.0pt\"><span style=\"font-size: 11pt;font-family: Arial, sans-serif;color: #000000;background-color: transparent;vertical-align: baseline\">Mediaguinee\u00a0<\/span><\/p>\n<p>&nbsp;<\/p>\n","protected":false},"excerpt":{"rendered":"<p>Justice rendue. Bangaly Traor\u00e9 est d\u00e9clar\u00e9 coupable de l\u2019assassinat de dame Adama Konat\u00e9. Le tribunal<\/p>\n","protected":false},"author":2,"featured_media":7899,"comment_status":"closed","ping_status":"open","sticky":false,"template":"","format":"standard","meta":[],"categories":[3,5],"tags":[237],"yoast_head":"<!-- This site is optimized with the Yoast SEO plugin v19.13 - https:\/\/yoast.com\/wordpress\/plugins\/seo\/ -->\n<title>Meurtre d\u2019Adama Konat\u00e9 \u00e0 Kankan: Bangaly Traor\u00e9 condamn\u00e9 \u00e0 la prison \u00e0 vie - UNIVERSNEWS224<\/title>\n<meta name=\"robots\" content=\"index, follow, max-snippet:-1, max-image-preview:large, max-video-preview:-1\" \/>\n<link rel=\"canonical\" href=\"https:\/\/universnews224.com\/index.php\/meurtre-dadama-konate-a-kankan-bangaly-traore-condamne-a-la-prison-a-vie\/\" \/>\n<meta property=\"og:locale\" content=\"fr_FR\" \/>\n<meta property=\"og:type\" content=\"article\" \/>\n<meta property=\"og:title\" content=\"Meurtre d\u2019Adama Konat\u00e9 \u00e0 Kankan: Bangaly Traor\u00e9 condamn\u00e9 \u00e0 la prison \u00e0 vie - UNIVERSNEWS224\" \/>\n<meta property=\"og:description\" content=\"Justice rendue. Bangaly Traor\u00e9 est d\u00e9clar\u00e9 coupable de l\u2019assassinat de dame Adama Konat\u00e9. Le tribunal\" \/>\n<meta property=\"og:url\" content=\"https:\/\/universnews224.com\/index.php\/meurtre-dadama-konate-a-kankan-bangaly-traore-condamne-a-la-prison-a-vie\/\" \/>\n<meta property=\"og:site_name\" content=\"UNIVERSNEWS224\" \/>\n<meta property=\"article:published_time\" content=\"2025-04-08T21:16:29+00:00\" \/>\n<meta property=\"og:image\" content=\"https:\/\/universnews224.com\/wp-content\/uploads\/2025\/04\/IMG_3011.jpeg\" \/>\n\t<meta property=\"og:image:width\" content=\"1920\" \/>\n\t<meta property=\"og:image:height\" content=\"1280\" \/>\n\t<meta property=\"og:image:type\" content=\"image\/jpeg\" \/>\n<meta name=\"author\" content=\"La R\u00e9daction\" \/>\n<meta name=\"twitter:label1\" content=\"\u00c9crit par\" \/>\n\t<meta name=\"twitter:data1\" content=\"La R\u00e9daction\" \/>\n\t<meta name=\"twitter:label2\" content=\"Dur\u00e9e de lecture estim\u00e9e\" \/>\n\t<meta name=\"twitter:data2\" content=\"1 minute\" \/>\n<script type=\"application\/ld+json\" class=\"yoast-schema-graph\">{\"@context\":\"https:\/\/schema.org\",\"@graph\":[{\"@type\":\"Article\",\"@id\":\"https:\/\/universnews224.com\/index.php\/meurtre-dadama-konate-a-kankan-bangaly-traore-condamne-a-la-prison-a-vie\/#article\",\"isPartOf\":{\"@id\":\"https:\/\/universnews224.com\/index.php\/meurtre-dadama-konate-a-kankan-bangaly-traore-condamne-a-la-prison-a-vie\/\"},\"author\":{\"name\":\"La R\u00e9daction\",\"@id\":\"https:\/\/universnews224.com\/#\/schema\/person\/a4b7d4f94a4716df60456a491260485e\"},\"headline\":\"Meurtre d\u2019Adama Konat\u00e9 \u00e0 Kankan: Bangaly Traor\u00e9 condamn\u00e9 \u00e0 la prison \u00e0 vie\",\"datePublished\":\"2025-04-08T21:16:29+00:00\",\"dateModified\":\"2025-04-08T21:16:29+00:00\",\"mainEntityOfPage\":{\"@id\":\"https:\/\/universnews224.com\/index.php\/meurtre-dadama-konate-a-kankan-bangaly-traore-condamne-a-la-prison-a-vie\/\"},\"wordCount\":80,\"publisher\":{\"@id\":\"https:\/\/universnews224.com\/#organization\"},\"keywords\":[\"A la une\"],\"articleSection\":[\"ACTU\",\"SOCI\u00c9T\u00c9\"],\"inLanguage\":\"fr-FR\"},{\"@type\":\"WebPage\",\"@id\":\"https:\/\/universnews224.com\/index.php\/meurtre-dadama-konate-a-kankan-bangaly-traore-condamne-a-la-prison-a-vie\/\",\"url\":\"https:\/\/universnews224.com\/index.php\/meurtre-dadama-konate-a-kankan-bangaly-traore-condamne-a-la-prison-a-vie\/\",\"name\":\"Meurtre d\u2019Adama Konat\u00e9 \u00e0 Kankan: Bangaly Traor\u00e9 condamn\u00e9 \u00e0 la prison \u00e0 vie - UNIVERSNEWS224\",\"isPartOf\":{\"@id\":\"https:\/\/universnews224.com\/#website\"},\"datePublished\":\"2025-04-08T21:16:29+00:00\",\"dateModified\":\"2025-04-08T21:16:29+00:00\",\"inLanguage\":\"fr-FR\",\"potentialAction\":[{\"@type\":\"ReadAction\",\"target\":[\"https:\/\/universnews224.com\/index.php\/meurtre-dadama-konate-a-kankan-bangaly-traore-condamne-a-la-prison-a-vie\/\"]}]},{\"@type\":\"WebSite\",\"@id\":\"https:\/\/universnews224.com\/#website\",\"url\":\"https:\/\/universnews224.com\/\",\"name\":\"UNIVERSNEWS224\",\"description\":\"\",\"publisher\":{\"@id\":\"https:\/\/universnews224.com\/#organization\"},\"potentialAction\":[{\"@type\":\"SearchAction\",\"target\":{\"@type\":\"EntryPoint\",\"urlTemplate\":\"https:\/\/universnews224.com\/?s={search_term_string}\"},\"query-input\":\"required name=search_term_string\"}],\"inLanguage\":\"fr-FR\"},{\"@type\":\"Organization\",\"@id\":\"https:\/\/universnews224.com\/#organization\",\"name\":\"UNIVERSNEWS224\",\"url\":\"https:\/\/universnews224.com\/\",\"logo\":{\"@type\":\"ImageObject\",\"inLanguage\":\"fr-FR\",\"@id\":\"https:\/\/universnews224.com\/#\/schema\/logo\/image\/\",\"url\":\"https:\/\/universnews224.com\/wp-content\/uploads\/2022\/08\/cropped-cropped-logoban.jpg\",\"contentUrl\":\"https:\/\/universnews224.com\/wp-content\/uploads\/2022\/08\/cropped-cropped-logoban.jpg\",\"width\":1080,\"height\":138,\"caption\":\"UNIVERSNEWS224\"},\"image\":{\"@id\":\"https:\/\/universnews224.com\/#\/schema\/logo\/image\/\"}},{\"@type\":\"Person\",\"@id\":\"https:\/\/universnews224.com\/#\/schema\/person\/a4b7d4f94a4716df60456a491260485e\",\"name\":\"La R\u00e9daction\",\"image\":{\"@type\":\"ImageObject\",\"inLanguage\":\"fr-FR\",\"@id\":\"https:\/\/universnews224.com\/#\/schema\/person\/image\/\",\"url\":\"https:\/\/secure.gravatar.com\/avatar\/edb90acc7752b23e1b3307ad36c14f0d?s=96&d=mm&r=g\",\"contentUrl\":\"https:\/\/secure.gravatar.com\/avatar\/edb90acc7752b23e1b3307ad36c14f0d?s=96&d=mm&r=g\",\"caption\":\"La R\u00e9daction\"},\"sameAs\":[\"https:\/\/universnews224.com\"],\"url\":\"https:\/\/universnews224.com\/index.php\/author\/m-camara\/\"}]}<\/script>\n<!-- \/ Yoast SEO plugin. -->","yoast_head_json":{"title":"Meurtre d\u2019Adama Konat\u00e9 \u00e0 Kankan: Bangaly Traor\u00e9 condamn\u00e9 \u00e0 la prison \u00e0 vie - UNIVERSNEWS224","robots":{"index":"index","follow":"follow","max-snippet":"max-snippet:-1","max-image-preview":"max-image-preview:large","max-video-preview":"max-video-preview:-1"},"canonical":"https:\/\/universnews224.com\/index.php\/meurtre-dadama-konate-a-kankan-bangaly-traore-condamne-a-la-prison-a-vie\/","og_locale":"fr_FR","og_type":"article","og_title":"Meurtre d\u2019Adama Konat\u00e9 \u00e0 Kankan: Bangaly Traor\u00e9 condamn\u00e9 \u00e0 la prison \u00e0 vie - UNIVERSNEWS224","og_description":"Justice rendue. Bangaly Traor\u00e9 est d\u00e9clar\u00e9 coupable de l\u2019assassinat de dame Adama Konat\u00e9. Le tribunal","og_url":"https:\/\/universnews224.com\/index.php\/meurtre-dadama-konate-a-kankan-bangaly-traore-condamne-a-la-prison-a-vie\/","og_site_name":"UNIVERSNEWS224","article_published_time":"2025-04-08T21:16:29+00:00","og_image":[{"width":1920,"height":1280,"url":"https:\/\/universnews224.com\/wp-content\/uploads\/2025\/04\/IMG_3011.jpeg","type":"image\/jpeg"}],"author":"La R\u00e9daction","twitter_misc":{"\u00c9crit par":"La R\u00e9daction","Dur\u00e9e de lecture estim\u00e9e":"1 minute"},"schema":{"@context":"https:\/\/schema.org","@graph":[{"@type":"Article","@id":"https:\/\/universnews224.com\/index.php\/meurtre-dadama-konate-a-kankan-bangaly-traore-condamne-a-la-prison-a-vie\/#article","isPartOf":{"@id":"https:\/\/universnews224.com\/index.php\/meurtre-dadama-konate-a-kankan-bangaly-traore-condamne-a-la-prison-a-vie\/"},"author":{"name":"La R\u00e9daction","@id":"https:\/\/universnews224.com\/#\/schema\/person\/a4b7d4f94a4716df60456a491260485e"},"headline":"Meurtre d\u2019Adama Konat\u00e9 \u00e0 Kankan: Bangaly Traor\u00e9 condamn\u00e9 \u00e0 la prison \u00e0 vie","datePublished":"2025-04-08T21:16:29+00:00","dateModified":"2025-04-08T21:16:29+00:00","mainEntityOfPage":{"@id":"https:\/\/universnews224.com\/index.php\/meurtre-dadama-konate-a-kankan-bangaly-traore-condamne-a-la-prison-a-vie\/"},"wordCount":80,"publisher":{"@id":"https:\/\/universnews224.com\/#organization"},"keywords":["A la une"],"articleSection":["ACTU","SOCI\u00c9T\u00c9"],"inLanguage":"fr-FR"},{"@type":"WebPage","@id":"https:\/\/universnews224.com\/index.php\/meurtre-dadama-konate-a-kankan-bangaly-traore-condamne-a-la-prison-a-vie\/","url":"https:\/\/universnews224.com\/index.php\/meurtre-dadama-konate-a-kankan-bangaly-traore-condamne-a-la-prison-a-vie\/","name":"Meurtre d\u2019Adama Konat\u00e9 \u00e0 Kankan: Bangaly Traor\u00e9 condamn\u00e9 \u00e0 la prison \u00e0 vie - UNIVERSNEWS224","isPartOf":{"@id":"https:\/\/universnews224.com\/#website"},"datePublished":"2025-04-08T21:16:29+00:00","dateModified":"2025-04-08T21:16:29+00:00","inLanguage":"fr-FR","potentialAction":[{"@type":"ReadAction","target":["https:\/\/universnews224.com\/index.php\/meurtre-dadama-konate-a-kankan-bangaly-traore-condamne-a-la-prison-a-vie\/"]}]},{"@type":"WebSite","@id":"https:\/\/universnews224.com\/#website","url":"https:\/\/universnews224.com\/","name":"UNIVERSNEWS224","description":"","publisher":{"@id":"https:\/\/universnews224.com\/#organization"},"potentialAction":[{"@type":"SearchAction","target":{"@type":"EntryPoint","urlTemplate":"https:\/\/universnews224.com\/?s={search_term_string}"},"query-input":"required name=search_term_string"}],"inLanguage":"fr-FR"},{"@type":"Organization","@id":"https:\/\/universnews224.com\/#organization","name":"UNIVERSNEWS224","url":"https:\/\/universnews224.com\/","logo":{"@type":"ImageObject","inLanguage":"fr-FR","@id":"https:\/\/universnews224.com\/#\/schema\/logo\/image\/","url":"https:\/\/universnews224.com\/wp-content\/uploads\/2022\/08\/cropped-cropped-logoban.jpg","contentUrl":"https:\/\/universnews224.com\/wp-content\/uploads\/2022\/08\/cropped-cropped-logoban.jpg","width":1080,"height":138,"caption":"UNIVERSNEWS224"},"image":{"@id":"https:\/\/universnews224.com\/#\/schema\/logo\/image\/"}},{"@type":"Person","@id":"https:\/\/universnews224.com\/#\/schema\/person\/a4b7d4f94a4716df60456a491260485e","name":"La R\u00e9daction","image":{"@type":"ImageObject","inLanguage":"fr-FR","@id":"https:\/\/universnews224.com\/#\/schema\/person\/image\/","url":"https:\/\/secure.gravatar.com\/avatar\/edb90acc7752b23e1b3307ad36c14f0d?s=96&d=mm&r=g","contentUrl":"https:\/\/secure.gravatar.com\/avatar\/edb90acc7752b23e1b3307ad36c14f0d?s=96&d=mm&r=g","caption":"La R\u00e9daction"},"sameAs":["https:\/\/universnews224.com"],"url":"https:\/\/universnews224.com\/index.php\/author\/m-camara\/"}]}},"_links":{"self":[{"href":"https:\/\/universnews224.com\/index.php\/wp-json\/wp\/v2\/posts\/7898"}],"collection":[{"href":"https:\/\/universnews224.com\/index.php\/wp-json\/wp\/v2\/posts"}],"about":[{"href":"https:\/\/universnews224.com\/index.php\/wp-json\/wp\/v2\/types\/post"}],"author":[{"embeddable":true,"href":"https:\/\/universnews224.com\/index.php\/wp-json\/wp\/v2\/users\/2"}],"replies":[{"embeddable":true,"href":"https:\/\/universnews224.com\/index.php\/wp-json\/wp\/v2\/comments?post=7898"}],"version-history":[{"count":1,"href":"https:\/\/universnews224.com\/index.php\/wp-json\/wp\/v2\/posts\/7898\/revisions"}],"predecessor-version":[{"id":7900,"href":"https:\/\/universnews224.com\/index.php\/wp-json\/wp\/v2\/posts\/7898\/revisions\/7900"}],"wp:featuredmedia":[{"embeddable":true,"href":"https:\/\/universnews224.com\/index.php\/wp-json\/wp\/v2\/media\/7899"}],"wp:attachment":[{"href":"https:\/\/universnews224.com\/index.php\/wp-json\/wp\/v2\/media?parent=7898"}],"wp:term":[{"taxonomy":"category","embeddable":true,"href":"https:\/\/universnews224.com\/index.php\/wp-json\/wp\/v2\/categories?post=7898"},{"taxonomy":"post_tag","embeddable":true,"href":"https:\/\/universnews224.com\/index.php\/wp-json\/wp\/v2\/tags?post=7898"}],"curies":[{"name":"wp","href":"https:\/\/api.w.org\/{rel}","templated":true}]}}