{"id":7901,"date":"2025-04-08T22:18:41","date_gmt":"2025-04-08T21:18:41","guid":{"rendered":"https:\/\/universnews224.com\/?p=7901"},"modified":"2025-04-08T22:18:41","modified_gmt":"2025-04-08T21:18:41","slug":"urgent-bouba-sampil-revoque-a-la-tete-de-la-feguifoot","status":"publish","type":"post","link":"https:\/\/universnews224.com\/index.php\/urgent-bouba-sampil-revoque-a-la-tete-de-la-feguifoot\/","title":{"rendered":"URGENT : Bouba Sampil r\u00e9voqu\u00e9 \u00e0 la t\u00eate de la F\u00e9guifoot"},"content":{"rendered":"<p style=\"margin: 0px 0px 1em;padding: 0px;border: 0px;line-height: inherit;font-family: 'Helvetica Neue', Helvetica, Roboto, Arial, sans-serif;vertical-align: baseline;text-align: justify\">L\u2019information est tomb\u00e9e dans la soir\u00e9e de ce mardi 8 avril 2025. Le tr\u00e8s controvers\u00e9 Bouba Sampil a \u00e9t\u00e9 r\u00e9voqu\u00e9 de ses fonctions de pr\u00e9sident de la f\u00e9d\u00e9ration guin\u00e9enne de football, apr\u00e8s un vote \u00e0 l\u2019unanimit\u00e9 des 7 membres du Comit\u00e9 Ex\u00e9cutif (Comex) de la F\u00e9guifoot.<\/p>\n<p style=\"margin: 0px 0px 1em;padding: 0px;border: 0px;line-height: inherit;font-family: 'Helvetica Neue', Helvetica, Roboto, Arial, sans-serif;vertical-align: baseline;text-align: justify\">Selon nos informations, Sorel Doumbouya est d\u00e9sormais le pr\u00e9sident par int\u00e9rim de la F\u00e9guifoot. Il a \u00e9t\u00e9 choisi en tant que vice-pr\u00e9sident le plus \u00e2g\u00e9 conform\u00e9ment aux statuts de la FGF.<\/p>\n<div class=\"jeg_ad jeg_ad_article jnews_content_inline_2_ads  \" style=\"margin: 0px 0px 1.25em;padding: 0px;border: 0px;line-height: inherit;font-family: 'Helvetica Neue', Helvetica, Roboto, Arial, sans-serif;vertical-align: baseline;text-align: center\"><\/div>\n<p style=\"margin: 0px 0px 1em;padding: 0px;border: 0px;line-height: inherit;font-family: 'Helvetica Neue', Helvetica, Roboto, Arial, sans-serif;vertical-align: baseline;text-align: justify\">Cette destitution du tr\u00e8s controvers\u00e9 Bouba Sampil intervient quelques apr\u00e8s la demande formul\u00e9 par le Ministre en charge des Sports. Dans une note, Keamou Bogola Haba a sollicit\u00e9 l\u2019intervention de la FIFA dans la crise au sein de l\u2019instance dirigeante du football guin\u00e9en, en y d\u00e9ployant une mission dans ce sens.<\/p>\n<div class=\"jeg_ad jeg_ad_article jnews_content_inline_3_ads  \" style=\"margin: 0px 0px 1.25em;padding: 0px;border: 0px;line-height: inherit;font-family: 'Helvetica Neue', Helvetica, Roboto, Arial, sans-serif;vertical-align: baseline;text-align: center\">\n<div class=\"ads-wrapper align-center \" style=\"margin: 1em 0px;padding: 0px;border: 0px;font: inherit;vertical-align: baseline\"><\/div>\n<\/div>\n<p style=\"margin: 0px 0px 1em;padding: 0px;border: 0px;line-height: inherit;font-family: 'Helvetica Neue', Helvetica, Roboto, Arial, sans-serif;vertical-align: baseline;text-align: justify\">Apr\u00e8s sa destitution, Bouba Sampil a annonc\u00e9 qu\u2019il va saisir la FIFA, pour \u00eatre r\u00e9tabli dans ses droits.<\/p>\n<p>&nbsp;<\/p>\n<p>Lerevelateur224<\/p>\n","protected":false},"excerpt":{"rendered":"<p>L\u2019information est tomb\u00e9e dans la soir\u00e9e de ce mardi 8 avril 2025. Le tr\u00e8s controvers\u00e9<\/p>\n","protected":false},"author":2,"featured_media":7902,"comment_status":"closed","ping_status":"open","sticky":false,"template":"","format":"standard","meta":[],"categories":[3,9],"tags":[237],"yoast_head":"<!-- This site is optimized with the Yoast SEO plugin v19.13 - https:\/\/yoast.com\/wordpress\/plugins\/seo\/ -->\n<title>URGENT : Bouba Sampil r\u00e9voqu\u00e9 \u00e0 la t\u00eate de la F\u00e9guifoot - UNIVERSNEWS224<\/title>\n<meta name=\"robots\" content=\"index, follow, max-snippet:-1, max-image-preview:large, max-video-preview:-1\" \/>\n<link rel=\"canonical\" href=\"https:\/\/universnews224.com\/index.php\/urgent-bouba-sampil-revoque-a-la-tete-de-la-feguifoot\/\" \/>\n<meta property=\"og:locale\" content=\"fr_FR\" \/>\n<meta property=\"og:type\" content=\"article\" \/>\n<meta property=\"og:title\" content=\"URGENT : Bouba Sampil r\u00e9voqu\u00e9 \u00e0 la t\u00eate de la F\u00e9guifoot - UNIVERSNEWS224\" \/>\n<meta property=\"og:description\" content=\"L\u2019information est tomb\u00e9e dans la soir\u00e9e de ce mardi 8 avril 2025. Le tr\u00e8s controvers\u00e9\" \/>\n<meta property=\"og:url\" content=\"https:\/\/universnews224.com\/index.php\/urgent-bouba-sampil-revoque-a-la-tete-de-la-feguifoot\/\" \/>\n<meta property=\"og:site_name\" content=\"UNIVERSNEWS224\" \/>\n<meta property=\"article:published_time\" content=\"2025-04-08T21:18:41+00:00\" \/>\n<meta property=\"og:image\" content=\"https:\/\/universnews224.com\/wp-content\/uploads\/2025\/04\/IMG-20250408-WA0017-720x375-1.jpg\" \/>\n\t<meta property=\"og:image:width\" content=\"720\" \/>\n\t<meta property=\"og:image:height\" content=\"375\" \/>\n\t<meta property=\"og:image:type\" content=\"image\/jpeg\" \/>\n<meta name=\"author\" content=\"La R\u00e9daction\" \/>\n<meta name=\"twitter:label1\" content=\"\u00c9crit par\" \/>\n\t<meta name=\"twitter:data1\" content=\"La R\u00e9daction\" \/>\n\t<meta name=\"twitter:label2\" content=\"Dur\u00e9e de lecture estim\u00e9e\" \/>\n\t<meta name=\"twitter:data2\" content=\"1 minute\" \/>\n<script type=\"application\/ld+json\" class=\"yoast-schema-graph\">{\"@context\":\"https:\/\/schema.org\",\"@graph\":[{\"@type\":\"Article\",\"@id\":\"https:\/\/universnews224.com\/index.php\/urgent-bouba-sampil-revoque-a-la-tete-de-la-feguifoot\/#article\",\"isPartOf\":{\"@id\":\"https:\/\/universnews224.com\/index.php\/urgent-bouba-sampil-revoque-a-la-tete-de-la-feguifoot\/\"},\"author\":{\"name\":\"La R\u00e9daction\",\"@id\":\"https:\/\/universnews224.com\/#\/schema\/person\/a4b7d4f94a4716df60456a491260485e\"},\"headline\":\"URGENT : Bouba Sampil r\u00e9voqu\u00e9 \u00e0 la t\u00eate de la F\u00e9guifoot\",\"datePublished\":\"2025-04-08T21:18:41+00:00\",\"dateModified\":\"2025-04-08T21:18:41+00:00\",\"mainEntityOfPage\":{\"@id\":\"https:\/\/universnews224.com\/index.php\/urgent-bouba-sampil-revoque-a-la-tete-de-la-feguifoot\/\"},\"wordCount\":184,\"publisher\":{\"@id\":\"https:\/\/universnews224.com\/#organization\"},\"keywords\":[\"A la une\"],\"articleSection\":[\"ACTU\",\"SPORT\"],\"inLanguage\":\"fr-FR\"},{\"@type\":\"WebPage\",\"@id\":\"https:\/\/universnews224.com\/index.php\/urgent-bouba-sampil-revoque-a-la-tete-de-la-feguifoot\/\",\"url\":\"https:\/\/universnews224.com\/index.php\/urgent-bouba-sampil-revoque-a-la-tete-de-la-feguifoot\/\",\"name\":\"URGENT : Bouba Sampil r\u00e9voqu\u00e9 \u00e0 la t\u00eate de la F\u00e9guifoot - UNIVERSNEWS224\",\"isPartOf\":{\"@id\":\"https:\/\/universnews224.com\/#website\"},\"datePublished\":\"2025-04-08T21:18:41+00:00\",\"dateModified\":\"2025-04-08T21:18:41+00:00\",\"inLanguage\":\"fr-FR\",\"potentialAction\":[{\"@type\":\"ReadAction\",\"target\":[\"https:\/\/universnews224.com\/index.php\/urgent-bouba-sampil-revoque-a-la-tete-de-la-feguifoot\/\"]}]},{\"@type\":\"WebSite\",\"@id\":\"https:\/\/universnews224.com\/#website\",\"url\":\"https:\/\/universnews224.com\/\",\"name\":\"UNIVERSNEWS224\",\"description\":\"\",\"publisher\":{\"@id\":\"https:\/\/universnews224.com\/#organization\"},\"potentialAction\":[{\"@type\":\"SearchAction\",\"target\":{\"@type\":\"EntryPoint\",\"urlTemplate\":\"https:\/\/universnews224.com\/?s={search_term_string}\"},\"query-input\":\"required name=search_term_string\"}],\"inLanguage\":\"fr-FR\"},{\"@type\":\"Organization\",\"@id\":\"https:\/\/universnews224.com\/#organization\",\"name\":\"UNIVERSNEWS224\",\"url\":\"https:\/\/universnews224.com\/\",\"logo\":{\"@type\":\"ImageObject\",\"inLanguage\":\"fr-FR\",\"@id\":\"https:\/\/universnews224.com\/#\/schema\/logo\/image\/\",\"url\":\"https:\/\/universnews224.com\/wp-content\/uploads\/2022\/08\/cropped-cropped-logoban.jpg\",\"contentUrl\":\"https:\/\/universnews224.com\/wp-content\/uploads\/2022\/08\/cropped-cropped-logoban.jpg\",\"width\":1080,\"height\":138,\"caption\":\"UNIVERSNEWS224\"},\"image\":{\"@id\":\"https:\/\/universnews224.com\/#\/schema\/logo\/image\/\"}},{\"@type\":\"Person\",\"@id\":\"https:\/\/universnews224.com\/#\/schema\/person\/a4b7d4f94a4716df60456a491260485e\",\"name\":\"La R\u00e9daction\",\"image\":{\"@type\":\"ImageObject\",\"inLanguage\":\"fr-FR\",\"@id\":\"https:\/\/universnews224.com\/#\/schema\/person\/image\/\",\"url\":\"https:\/\/secure.gravatar.com\/avatar\/edb90acc7752b23e1b3307ad36c14f0d?s=96&d=mm&r=g\",\"contentUrl\":\"https:\/\/secure.gravatar.com\/avatar\/edb90acc7752b23e1b3307ad36c14f0d?s=96&d=mm&r=g\",\"caption\":\"La R\u00e9daction\"},\"sameAs\":[\"https:\/\/universnews224.com\"],\"url\":\"https:\/\/universnews224.com\/index.php\/author\/m-camara\/\"}]}<\/script>\n<!-- \/ Yoast SEO plugin. -->","yoast_head_json":{"title":"URGENT : Bouba Sampil r\u00e9voqu\u00e9 \u00e0 la t\u00eate de la F\u00e9guifoot - UNIVERSNEWS224","robots":{"index":"index","follow":"follow","max-snippet":"max-snippet:-1","max-image-preview":"max-image-preview:large","max-video-preview":"max-video-preview:-1"},"canonical":"https:\/\/universnews224.com\/index.php\/urgent-bouba-sampil-revoque-a-la-tete-de-la-feguifoot\/","og_locale":"fr_FR","og_type":"article","og_title":"URGENT : Bouba Sampil r\u00e9voqu\u00e9 \u00e0 la t\u00eate de la F\u00e9guifoot - UNIVERSNEWS224","og_description":"L\u2019information est tomb\u00e9e dans la soir\u00e9e de ce mardi 8 avril 2025. Le tr\u00e8s controvers\u00e9","og_url":"https:\/\/universnews224.com\/index.php\/urgent-bouba-sampil-revoque-a-la-tete-de-la-feguifoot\/","og_site_name":"UNIVERSNEWS224","article_published_time":"2025-04-08T21:18:41+00:00","og_image":[{"width":720,"height":375,"url":"https:\/\/universnews224.com\/wp-content\/uploads\/2025\/04\/IMG-20250408-WA0017-720x375-1.jpg","type":"image\/jpeg"}],"author":"La R\u00e9daction","twitter_misc":{"\u00c9crit par":"La R\u00e9daction","Dur\u00e9e de lecture estim\u00e9e":"1 minute"},"schema":{"@context":"https:\/\/schema.org","@graph":[{"@type":"Article","@id":"https:\/\/universnews224.com\/index.php\/urgent-bouba-sampil-revoque-a-la-tete-de-la-feguifoot\/#article","isPartOf":{"@id":"https:\/\/universnews224.com\/index.php\/urgent-bouba-sampil-revoque-a-la-tete-de-la-feguifoot\/"},"author":{"name":"La R\u00e9daction","@id":"https:\/\/universnews224.com\/#\/schema\/person\/a4b7d4f94a4716df60456a491260485e"},"headline":"URGENT : Bouba Sampil r\u00e9voqu\u00e9 \u00e0 la t\u00eate de la F\u00e9guifoot","datePublished":"2025-04-08T21:18:41+00:00","dateModified":"2025-04-08T21:18:41+00:00","mainEntityOfPage":{"@id":"https:\/\/universnews224.com\/index.php\/urgent-bouba-sampil-revoque-a-la-tete-de-la-feguifoot\/"},"wordCount":184,"publisher":{"@id":"https:\/\/universnews224.com\/#organization"},"keywords":["A la une"],"articleSection":["ACTU","SPORT"],"inLanguage":"fr-FR"},{"@type":"WebPage","@id":"https:\/\/universnews224.com\/index.php\/urgent-bouba-sampil-revoque-a-la-tete-de-la-feguifoot\/","url":"https:\/\/universnews224.com\/index.php\/urgent-bouba-sampil-revoque-a-la-tete-de-la-feguifoot\/","name":"URGENT : Bouba Sampil r\u00e9voqu\u00e9 \u00e0 la t\u00eate de la F\u00e9guifoot - UNIVERSNEWS224","isPartOf":{"@id":"https:\/\/universnews224.com\/#website"},"datePublished":"2025-04-08T21:18:41+00:00","dateModified":"2025-04-08T21:18:41+00:00","inLanguage":"fr-FR","potentialAction":[{"@type":"ReadAction","target":["https:\/\/universnews224.com\/index.php\/urgent-bouba-sampil-revoque-a-la-tete-de-la-feguifoot\/"]}]},{"@type":"WebSite","@id":"https:\/\/universnews224.com\/#website","url":"https:\/\/universnews224.com\/","name":"UNIVERSNEWS224","description":"","publisher":{"@id":"https:\/\/universnews224.com\/#organization"},"potentialAction":[{"@type":"SearchAction","target":{"@type":"EntryPoint","urlTemplate":"https:\/\/universnews224.com\/?s={search_term_string}"},"query-input":"required name=search_term_string"}],"inLanguage":"fr-FR"},{"@type":"Organization","@id":"https:\/\/universnews224.com\/#organization","name":"UNIVERSNEWS224","url":"https:\/\/universnews224.com\/","logo":{"@type":"ImageObject","inLanguage":"fr-FR","@id":"https:\/\/universnews224.com\/#\/schema\/logo\/image\/","url":"https:\/\/universnews224.com\/wp-content\/uploads\/2022\/08\/cropped-cropped-logoban.jpg","contentUrl":"https:\/\/universnews224.com\/wp-content\/uploads\/2022\/08\/cropped-cropped-logoban.jpg","width":1080,"height":138,"caption":"UNIVERSNEWS224"},"image":{"@id":"https:\/\/universnews224.com\/#\/schema\/logo\/image\/"}},{"@type":"Person","@id":"https:\/\/universnews224.com\/#\/schema\/person\/a4b7d4f94a4716df60456a491260485e","name":"La R\u00e9daction","image":{"@type":"ImageObject","inLanguage":"fr-FR","@id":"https:\/\/universnews224.com\/#\/schema\/person\/image\/","url":"https:\/\/secure.gravatar.com\/avatar\/edb90acc7752b23e1b3307ad36c14f0d?s=96&d=mm&r=g","contentUrl":"https:\/\/secure.gravatar.com\/avatar\/edb90acc7752b23e1b3307ad36c14f0d?s=96&d=mm&r=g","caption":"La R\u00e9daction"},"sameAs":["https:\/\/universnews224.com"],"url":"https:\/\/universnews224.com\/index.php\/author\/m-camara\/"}]}},"_links":{"self":[{"href":"https:\/\/universnews224.com\/index.php\/wp-json\/wp\/v2\/posts\/7901"}],"collection":[{"href":"https:\/\/universnews224.com\/index.php\/wp-json\/wp\/v2\/posts"}],"about":[{"href":"https:\/\/universnews224.com\/index.php\/wp-json\/wp\/v2\/types\/post"}],"author":[{"embeddable":true,"href":"https:\/\/universnews224.com\/index.php\/wp-json\/wp\/v2\/users\/2"}],"replies":[{"embeddable":true,"href":"https:\/\/universnews224.com\/index.php\/wp-json\/wp\/v2\/comments?post=7901"}],"version-history":[{"count":1,"href":"https:\/\/universnews224.com\/index.php\/wp-json\/wp\/v2\/posts\/7901\/revisions"}],"predecessor-version":[{"id":7903,"href":"https:\/\/universnews224.com\/index.php\/wp-json\/wp\/v2\/posts\/7901\/revisions\/7903"}],"wp:featuredmedia":[{"embeddable":true,"href":"https:\/\/universnews224.com\/index.php\/wp-json\/wp\/v2\/media\/7902"}],"wp:attachment":[{"href":"https:\/\/universnews224.com\/index.php\/wp-json\/wp\/v2\/media?parent=7901"}],"wp:term":[{"taxonomy":"category","embeddable":true,"href":"https:\/\/universnews224.com\/index.php\/wp-json\/wp\/v2\/categories?post=7901"},{"taxonomy":"post_tag","embeddable":true,"href":"https:\/\/universnews224.com\/index.php\/wp-json\/wp\/v2\/tags?post=7901"}],"curies":[{"name":"wp","href":"https:\/\/api.w.org\/{rel}","templated":true}]}}