{"id":792,"date":"2022-03-24T20:01:43","date_gmt":"2022-03-24T19:01:43","guid":{"rendered":"https:\/\/universnews224.com\/index.php\/conakry-le-lancement-de-la-deuxieme-edition-du-salon-de-la-lecture-salec\/"},"modified":"2022-03-24T22:04:49","modified_gmt":"2022-03-24T21:04:49","slug":"conakry-le-lancement-de-la-deuxieme-edition-du-salon-de-la-lecture-salec","status":"publish","type":"post","link":"https:\/\/universnews224.com\/index.php\/conakry-le-lancement-de-la-deuxieme-edition-du-salon-de-la-lecture-salec\/","title":{"rendered":"Conakry : le lancement de la deuxi\u00e8me \u00e9dition du salon de la lecture (SALEC)"},"content":{"rendered":"<p><\/p>\n<div>\n<div class=\"td-post-featured-image\"><a href=\"https:\/\/liberationinfo.com\/wp-content\/uploads\/2022\/03\/received_683092313109655.jpeg\" data-caption=\"\"><\/a><\/div>\n<p>\u00a0<\/p>\n<p><strong>Dans le Cadre de la promotion de la lecture dans les \u00e9tablissements scolaires Guin\u00e9ens, la coordinatrice Kadiatou KABA a lanc\u00e9 les activit\u00e9s de la deuxi\u00e8me \u00e9dition du salon de la lecture (SALEC). <\/strong><\/p>\n<p><strong>C\u2019\u00e9tait,\u00a0 ce mercredi\u00a0 23 Mars 2022, \u00e0 la Bluezone de Kaloum, cette rencontre a connu la pr\u00e9sence de plusieurs personnalit\u00e9s Guin\u00e9ennes et des repr\u00e9sentants de certaines \u00e9coles de la capitale. Cette deuxi\u00e8me \u00e9dition est plac\u00e9e sous le th\u00e8me :\u00a0\u00bble livre au service du D\u00e9veloppement durable\u00a0\u00bb<\/strong><\/p>\n<p><a href=\"https:\/\/liberationinfo.com\/wp-content\/uploads\/2022\/03\/received_653342069281207.jpeg\"><img loading=\"lazy\" width=\"300\" height=\"200\" class=\"alignnone size-medium wp-image-14704\" src=\"https:\/\/liberationinfo.com\/wp-content\/uploads\/2022\/03\/received_653342069281207-300x200.jpeg\" alt=\"\" srcset=\"https:\/\/liberationinfo.com\/wp-content\/uploads\/2022\/03\/received_653342069281207-300x200.jpeg 300w, https:\/\/liberationinfo.com\/wp-content\/uploads\/2022\/03\/received_653342069281207-696x464.jpeg 696w, https:\/\/liberationinfo.com\/wp-content\/uploads\/2022\/03\/received_653342069281207-630x420.jpeg 630w, https:\/\/liberationinfo.com\/wp-content\/uploads\/2022\/03\/received_653342069281207.jpeg 720w\" sizes=\"(max-width: 300px) 100vw, 300px\"\/><\/a><\/p>\n<p><strong>\u00c0 l\u2019entame de son discours devant un parterre d\u2019invit\u00e9s, la coordinatrice g\u00e9n\u00e9rale,\u00a0 Kadiatou Kaba\u00a0 a exprim\u00e9 toute sa joie et sa satisfaction d\u2019accueillir la c\u00e9r\u00e9monie d\u2019ouverture de cette deuxi\u00e8me \u00e9dition du Salon de lecture.\u00a0<\/strong><\/p>\n<p><a href=\"https:\/\/liberationinfo.com\/wp-content\/uploads\/2022\/03\/received_1619736095064867.jpeg\"><img loading=\"lazy\" width=\"300\" height=\"200\" class=\"alignnone size-medium wp-image-14705\" src=\"https:\/\/liberationinfo.com\/wp-content\/uploads\/2022\/03\/received_1619736095064867-300x200.jpeg\" alt=\"\" srcset=\"https:\/\/liberationinfo.com\/wp-content\/uploads\/2022\/03\/received_1619736095064867-300x200.jpeg 300w, https:\/\/liberationinfo.com\/wp-content\/uploads\/2022\/03\/received_1619736095064867-696x464.jpeg 696w, https:\/\/liberationinfo.com\/wp-content\/uploads\/2022\/03\/received_1619736095064867-630x420.jpeg 630w, https:\/\/liberationinfo.com\/wp-content\/uploads\/2022\/03\/received_1619736095064867.jpeg 720w\" sizes=\"(max-width: 300px) 100vw, 300px\"\/><\/a><\/p>\n<p><em>\u00ab Cette deuxi\u00e8me \u00e9dition surtout \u00e0 l\u2019occasion de cette premi\u00e8re journ\u00e9e nous a fait comprendre que ce n\u2019est pas parce que les \u00e9l\u00e8ves et \u00e9tudiants guin\u00e9ens n\u2019aiment pas la lecture. C\u2019est parce que tout simplement ils n\u2019avaient pas ce cr\u00e9neau o\u00f9 exprimer leurs talents de lecteur. On est en train de le comprendre petit \u00e0 petit et gr\u00e2ce au SALEC. Pour la journ\u00e9e d\u2019aujourd\u2019hui, c\u2019est un sentiment de satisfaction<\/em>.\u00bb <strong>a pr\u00e9ciser Kadiatou Kaba, coordinatrice du SALEC et PDG de la structure Kadiak Communication.<\/strong><\/p>\n<p><strong>Parlant les r\u00e9sultats obtenus en deux ans, elle dira ceci<\/strong> : \u00ab <em>Parce qu\u2019on a 178 jeunes qui ont lu un livre, on a au moins 79 jeunes qui ont lu deux livres et pr\u00e8s de 3000 jeunes qui sont rentr\u00e9s chez eux avec un livre. Donc pour nous, c\u2019est salutaire, on ne pouvait pas imaginer cela. En deux ans, on peut vous dire avec exactitude ceux ont qui vraiment lu un livre<\/em>.\u00bb.<strong> A t\u2019elle dit <\/strong><\/p>\n<p><strong>Contrairement \u00e0 l\u2019\u00e9dition pr\u00e9c\u00e9dente, la particularit\u00e9 du SALEC 2022 est que :<\/strong> <em>\u00ab36 candidats ont quitt\u00e9 l\u2019int\u00e9rieur du pays pour Conakry. C\u2019est une premi\u00e8re dans les activit\u00e9s litt\u00e9raires en r\u00e9publique de Guin\u00e9e, parce que n\u2019oubliez pas qu\u2019il y a toujours eu des salons et ils ont \u00e9t\u00e9 d\u00e9plac\u00e9s. Mais faire d\u00e9placer 36 candidats au m\u00eame co\u00fbt, c\u2019est une grande premi\u00e8re. L\u2019ann\u00e9e derni\u00e8re, on a eu \u00e9norm\u00e9ment de remontrances de la part des candidats de l\u2019int\u00e9rieur du pays. Ils pensaient qu\u2019ils \u00e9taient marginalis\u00e9s<strong>\u2026<\/strong><\/em><strong>\u00bb \u00e0 pr\u00e9ciser la coordinatrice <\/strong><\/p>\n<p><strong>\u00c0 noter qu\u2019au compte de cette deuxi\u00e8me \u00e9dition, 114 candidats venus de 21 \u00e9coles et 17 universit\u00e9s publiques et priv\u00e9es de la Guin\u00e9e seront en comp\u00e9tition. Cette ann\u00e9e, le Salon de la Lecture se tiendra du 23 au 26 mars 2022,\u00a0 \u00e0 la Blue Zone de Kaloum et du 31 mars au 1er avril 2022 au Chapiteau de l\u2019esplanade du palais du peuple\u00a0<\/strong><\/p>\n<p><strong>Kerfalla Tour\u00e9 <\/strong><\/p>\n<p><strong>626419288<\/strong><\/p>\n<\/p><\/div>\n<p><a href=\"https:\/\/liberationinfo.com\/index.php\/guinee-le-lancement-de-la-deuxieme-edition-du-salon-de-la-lecture-salec\/\">Source link <\/a><\/p>\n","protected":false},"excerpt":{"rendered":"<p>\u00a0 Dans le Cadre de la promotion de la lecture dans les \u00e9tablissements scolaires Guin\u00e9ens,<\/p>\n","protected":false},"author":2,"featured_media":793,"comment_status":"closed","ping_status":"open","sticky":false,"template":"","format":"standard","meta":[],"categories":[3,8,6,7,17,1,4,24,5,9,10],"tags":[],"yoast_head":"<!-- This site is optimized with the Yoast SEO plugin v19.13 - https:\/\/yoast.com\/wordpress\/plugins\/seo\/ -->\n<title>Conakry : le lancement de la deuxi\u00e8me \u00e9dition du salon de la lecture (SALEC) - UNIVERSNEWS224<\/title>\n<meta name=\"robots\" content=\"index, follow, max-snippet:-1, max-image-preview:large, max-video-preview:-1\" \/>\n<link rel=\"canonical\" href=\"https:\/\/universnews224.com\/index.php\/conakry-le-lancement-de-la-deuxieme-edition-du-salon-de-la-lecture-salec\/\" \/>\n<meta property=\"og:locale\" content=\"fr_FR\" \/>\n<meta property=\"og:type\" content=\"article\" \/>\n<meta property=\"og:title\" content=\"Conakry : le lancement de la deuxi\u00e8me \u00e9dition du salon de la lecture (SALEC) - UNIVERSNEWS224\" \/>\n<meta property=\"og:description\" content=\"\u00a0 Dans le Cadre de la promotion de la lecture dans les \u00e9tablissements scolaires Guin\u00e9ens,\" \/>\n<meta property=\"og:url\" content=\"https:\/\/universnews224.com\/index.php\/conakry-le-lancement-de-la-deuxieme-edition-du-salon-de-la-lecture-salec\/\" \/>\n<meta property=\"og:site_name\" content=\"UNIVERSNEWS224\" \/>\n<meta property=\"article:published_time\" content=\"2022-03-24T19:01:43+00:00\" \/>\n<meta property=\"article:modified_time\" content=\"2022-03-24T21:04:49+00:00\" \/>\n<meta property=\"og:image\" content=\"https:\/\/universnews224.com\/wp-content\/uploads\/2022\/03\/Conakry-le-lancement-de-la-deuxieme-edition-du-salon.jpeg\" \/>\n\t<meta property=\"og:image:width\" content=\"720\" \/>\n\t<meta property=\"og:image:height\" content=\"480\" \/>\n\t<meta property=\"og:image:type\" content=\"image\/jpeg\" \/>\n<meta name=\"author\" content=\"La R\u00e9daction\" \/>\n<meta name=\"twitter:label1\" content=\"\u00c9crit par\" \/>\n\t<meta name=\"twitter:data1\" content=\"La R\u00e9daction\" \/>\n\t<meta name=\"twitter:label2\" content=\"Dur\u00e9e de lecture estim\u00e9e\" \/>\n\t<meta name=\"twitter:data2\" content=\"2 minutes\" \/>\n<script type=\"application\/ld+json\" class=\"yoast-schema-graph\">{\"@context\":\"https:\/\/schema.org\",\"@graph\":[{\"@type\":\"Article\",\"@id\":\"https:\/\/universnews224.com\/index.php\/conakry-le-lancement-de-la-deuxieme-edition-du-salon-de-la-lecture-salec\/#article\",\"isPartOf\":{\"@id\":\"https:\/\/universnews224.com\/index.php\/conakry-le-lancement-de-la-deuxieme-edition-du-salon-de-la-lecture-salec\/\"},\"author\":{\"name\":\"La R\u00e9daction\",\"@id\":\"https:\/\/universnews224.com\/#\/schema\/person\/a4b7d4f94a4716df60456a491260485e\"},\"headline\":\"Conakry : le lancement de la deuxi\u00e8me \u00e9dition du salon de la lecture (SALEC)\",\"datePublished\":\"2022-03-24T19:01:43+00:00\",\"dateModified\":\"2022-03-24T21:04:49+00:00\",\"mainEntityOfPage\":{\"@id\":\"https:\/\/universnews224.com\/index.php\/conakry-le-lancement-de-la-deuxieme-edition-du-salon-de-la-lecture-salec\/\"},\"wordCount\":491,\"publisher\":{\"@id\":\"https:\/\/universnews224.com\/#organization\"},\"articleSection\":{\"0\":\"ACTU\",\"1\":\"AGRICULTURE\",\"2\":\"CULTURE\",\"3\":\"ENVIRONNEMENT\",\"4\":\"GRANDS DOSSIERS\",\"6\":\"POLITIQUE\",\"7\":\"REPORTAGE\",\"8\":\"SOCI\u00c9T\u00c9\",\"9\":\"SPORT\",\"10\":\"VID\u00c9O\"},\"inLanguage\":\"fr-FR\"},{\"@type\":\"WebPage\",\"@id\":\"https:\/\/universnews224.com\/index.php\/conakry-le-lancement-de-la-deuxieme-edition-du-salon-de-la-lecture-salec\/\",\"url\":\"https:\/\/universnews224.com\/index.php\/conakry-le-lancement-de-la-deuxieme-edition-du-salon-de-la-lecture-salec\/\",\"name\":\"Conakry : le lancement de la deuxi\u00e8me \u00e9dition du salon de la lecture (SALEC) - UNIVERSNEWS224\",\"isPartOf\":{\"@id\":\"https:\/\/universnews224.com\/#website\"},\"datePublished\":\"2022-03-24T19:01:43+00:00\",\"dateModified\":\"2022-03-24T21:04:49+00:00\",\"inLanguage\":\"fr-FR\",\"potentialAction\":[{\"@type\":\"ReadAction\",\"target\":[\"https:\/\/universnews224.com\/index.php\/conakry-le-lancement-de-la-deuxieme-edition-du-salon-de-la-lecture-salec\/\"]}]},{\"@type\":\"WebSite\",\"@id\":\"https:\/\/universnews224.com\/#website\",\"url\":\"https:\/\/universnews224.com\/\",\"name\":\"UNIVERSNEWS224\",\"description\":\"\",\"publisher\":{\"@id\":\"https:\/\/universnews224.com\/#organization\"},\"potentialAction\":[{\"@type\":\"SearchAction\",\"target\":{\"@type\":\"EntryPoint\",\"urlTemplate\":\"https:\/\/universnews224.com\/?s={search_term_string}\"},\"query-input\":\"required name=search_term_string\"}],\"inLanguage\":\"fr-FR\"},{\"@type\":\"Organization\",\"@id\":\"https:\/\/universnews224.com\/#organization\",\"name\":\"UNIVERSNEWS224\",\"url\":\"https:\/\/universnews224.com\/\",\"logo\":{\"@type\":\"ImageObject\",\"inLanguage\":\"fr-FR\",\"@id\":\"https:\/\/universnews224.com\/#\/schema\/logo\/image\/\",\"url\":\"https:\/\/universnews224.com\/wp-content\/uploads\/2022\/08\/cropped-cropped-logoban.jpg\",\"contentUrl\":\"https:\/\/universnews224.com\/wp-content\/uploads\/2022\/08\/cropped-cropped-logoban.jpg\",\"width\":1080,\"height\":138,\"caption\":\"UNIVERSNEWS224\"},\"image\":{\"@id\":\"https:\/\/universnews224.com\/#\/schema\/logo\/image\/\"}},{\"@type\":\"Person\",\"@id\":\"https:\/\/universnews224.com\/#\/schema\/person\/a4b7d4f94a4716df60456a491260485e\",\"name\":\"La R\u00e9daction\",\"image\":{\"@type\":\"ImageObject\",\"inLanguage\":\"fr-FR\",\"@id\":\"https:\/\/universnews224.com\/#\/schema\/person\/image\/\",\"url\":\"https:\/\/secure.gravatar.com\/avatar\/edb90acc7752b23e1b3307ad36c14f0d?s=96&d=mm&r=g\",\"contentUrl\":\"https:\/\/secure.gravatar.com\/avatar\/edb90acc7752b23e1b3307ad36c14f0d?s=96&d=mm&r=g\",\"caption\":\"La R\u00e9daction\"},\"sameAs\":[\"https:\/\/universnews224.com\"],\"url\":\"https:\/\/universnews224.com\/index.php\/author\/m-camara\/\"}]}<\/script>\n<!-- \/ Yoast SEO plugin. -->","yoast_head_json":{"title":"Conakry : le lancement de la deuxi\u00e8me \u00e9dition du salon de la lecture (SALEC) - UNIVERSNEWS224","robots":{"index":"index","follow":"follow","max-snippet":"max-snippet:-1","max-image-preview":"max-image-preview:large","max-video-preview":"max-video-preview:-1"},"canonical":"https:\/\/universnews224.com\/index.php\/conakry-le-lancement-de-la-deuxieme-edition-du-salon-de-la-lecture-salec\/","og_locale":"fr_FR","og_type":"article","og_title":"Conakry : le lancement de la deuxi\u00e8me \u00e9dition du salon de la lecture (SALEC) - UNIVERSNEWS224","og_description":"\u00a0 Dans le Cadre de la promotion de la lecture dans les \u00e9tablissements scolaires Guin\u00e9ens,","og_url":"https:\/\/universnews224.com\/index.php\/conakry-le-lancement-de-la-deuxieme-edition-du-salon-de-la-lecture-salec\/","og_site_name":"UNIVERSNEWS224","article_published_time":"2022-03-24T19:01:43+00:00","article_modified_time":"2022-03-24T21:04:49+00:00","og_image":[{"width":720,"height":480,"url":"https:\/\/universnews224.com\/wp-content\/uploads\/2022\/03\/Conakry-le-lancement-de-la-deuxieme-edition-du-salon.jpeg","type":"image\/jpeg"}],"author":"La R\u00e9daction","twitter_misc":{"\u00c9crit par":"La R\u00e9daction","Dur\u00e9e de lecture estim\u00e9e":"2 minutes"},"schema":{"@context":"https:\/\/schema.org","@graph":[{"@type":"Article","@id":"https:\/\/universnews224.com\/index.php\/conakry-le-lancement-de-la-deuxieme-edition-du-salon-de-la-lecture-salec\/#article","isPartOf":{"@id":"https:\/\/universnews224.com\/index.php\/conakry-le-lancement-de-la-deuxieme-edition-du-salon-de-la-lecture-salec\/"},"author":{"name":"La R\u00e9daction","@id":"https:\/\/universnews224.com\/#\/schema\/person\/a4b7d4f94a4716df60456a491260485e"},"headline":"Conakry : le lancement de la deuxi\u00e8me \u00e9dition du salon de la lecture (SALEC)","datePublished":"2022-03-24T19:01:43+00:00","dateModified":"2022-03-24T21:04:49+00:00","mainEntityOfPage":{"@id":"https:\/\/universnews224.com\/index.php\/conakry-le-lancement-de-la-deuxieme-edition-du-salon-de-la-lecture-salec\/"},"wordCount":491,"publisher":{"@id":"https:\/\/universnews224.com\/#organization"},"articleSection":{"0":"ACTU","1":"AGRICULTURE","2":"CULTURE","3":"ENVIRONNEMENT","4":"GRANDS DOSSIERS","6":"POLITIQUE","7":"REPORTAGE","8":"SOCI\u00c9T\u00c9","9":"SPORT","10":"VID\u00c9O"},"inLanguage":"fr-FR"},{"@type":"WebPage","@id":"https:\/\/universnews224.com\/index.php\/conakry-le-lancement-de-la-deuxieme-edition-du-salon-de-la-lecture-salec\/","url":"https:\/\/universnews224.com\/index.php\/conakry-le-lancement-de-la-deuxieme-edition-du-salon-de-la-lecture-salec\/","name":"Conakry : le lancement de la deuxi\u00e8me \u00e9dition du salon de la lecture (SALEC) - UNIVERSNEWS224","isPartOf":{"@id":"https:\/\/universnews224.com\/#website"},"datePublished":"2022-03-24T19:01:43+00:00","dateModified":"2022-03-24T21:04:49+00:00","inLanguage":"fr-FR","potentialAction":[{"@type":"ReadAction","target":["https:\/\/universnews224.com\/index.php\/conakry-le-lancement-de-la-deuxieme-edition-du-salon-de-la-lecture-salec\/"]}]},{"@type":"WebSite","@id":"https:\/\/universnews224.com\/#website","url":"https:\/\/universnews224.com\/","name":"UNIVERSNEWS224","description":"","publisher":{"@id":"https:\/\/universnews224.com\/#organization"},"potentialAction":[{"@type":"SearchAction","target":{"@type":"EntryPoint","urlTemplate":"https:\/\/universnews224.com\/?s={search_term_string}"},"query-input":"required name=search_term_string"}],"inLanguage":"fr-FR"},{"@type":"Organization","@id":"https:\/\/universnews224.com\/#organization","name":"UNIVERSNEWS224","url":"https:\/\/universnews224.com\/","logo":{"@type":"ImageObject","inLanguage":"fr-FR","@id":"https:\/\/universnews224.com\/#\/schema\/logo\/image\/","url":"https:\/\/universnews224.com\/wp-content\/uploads\/2022\/08\/cropped-cropped-logoban.jpg","contentUrl":"https:\/\/universnews224.com\/wp-content\/uploads\/2022\/08\/cropped-cropped-logoban.jpg","width":1080,"height":138,"caption":"UNIVERSNEWS224"},"image":{"@id":"https:\/\/universnews224.com\/#\/schema\/logo\/image\/"}},{"@type":"Person","@id":"https:\/\/universnews224.com\/#\/schema\/person\/a4b7d4f94a4716df60456a491260485e","name":"La R\u00e9daction","image":{"@type":"ImageObject","inLanguage":"fr-FR","@id":"https:\/\/universnews224.com\/#\/schema\/person\/image\/","url":"https:\/\/secure.gravatar.com\/avatar\/edb90acc7752b23e1b3307ad36c14f0d?s=96&d=mm&r=g","contentUrl":"https:\/\/secure.gravatar.com\/avatar\/edb90acc7752b23e1b3307ad36c14f0d?s=96&d=mm&r=g","caption":"La R\u00e9daction"},"sameAs":["https:\/\/universnews224.com"],"url":"https:\/\/universnews224.com\/index.php\/author\/m-camara\/"}]}},"_links":{"self":[{"href":"https:\/\/universnews224.com\/index.php\/wp-json\/wp\/v2\/posts\/792"}],"collection":[{"href":"https:\/\/universnews224.com\/index.php\/wp-json\/wp\/v2\/posts"}],"about":[{"href":"https:\/\/universnews224.com\/index.php\/wp-json\/wp\/v2\/types\/post"}],"author":[{"embeddable":true,"href":"https:\/\/universnews224.com\/index.php\/wp-json\/wp\/v2\/users\/2"}],"replies":[{"embeddable":true,"href":"https:\/\/universnews224.com\/index.php\/wp-json\/wp\/v2\/comments?post=792"}],"version-history":[{"count":1,"href":"https:\/\/universnews224.com\/index.php\/wp-json\/wp\/v2\/posts\/792\/revisions"}],"predecessor-version":[{"id":794,"href":"https:\/\/universnews224.com\/index.php\/wp-json\/wp\/v2\/posts\/792\/revisions\/794"}],"wp:featuredmedia":[{"embeddable":true,"href":"https:\/\/universnews224.com\/index.php\/wp-json\/wp\/v2\/media\/793"}],"wp:attachment":[{"href":"https:\/\/universnews224.com\/index.php\/wp-json\/wp\/v2\/media?parent=792"}],"wp:term":[{"taxonomy":"category","embeddable":true,"href":"https:\/\/universnews224.com\/index.php\/wp-json\/wp\/v2\/categories?post=792"},{"taxonomy":"post_tag","embeddable":true,"href":"https:\/\/universnews224.com\/index.php\/wp-json\/wp\/v2\/tags?post=792"}],"curies":[{"name":"wp","href":"https:\/\/api.w.org\/{rel}","templated":true}]}}