{"id":7954,"date":"2025-04-13T18:12:38","date_gmt":"2025-04-13T17:12:38","guid":{"rendered":"https:\/\/universnews224.com\/?p=7954"},"modified":"2025-04-13T21:37:04","modified_gmt":"2025-04-13T20:37:04","slug":"guinee-le-mouvement-n-o-n-nouvel-ordre-national-demande-au-general-mamadi-doumbouya-de-se-porter-candidateaux-prochaineselectionsdeclaration","status":"publish","type":"post","link":"https:\/\/universnews224.com\/index.php\/guinee-le-mouvement-n-o-n-nouvel-ordre-national-demande-au-general-mamadi-doumbouya-de-se-porter-candidateaux-prochaineselectionsdeclaration\/","title":{"rendered":"Guin\u00e9e : une d\u00e9claration de soutien aux actions du G\u00e9n\u00e9ral Mamadi Doumbouya"},"content":{"rendered":"<p>Le Mouvement \u00ab\u00a0N.O.N\u00a0\u00bb (NOUVEL ORDRE NATIONAL), par la voix de son pr\u00e9sident Ibrahima Sory Keita, lance un appel solennel au G\u00e9n\u00e9ral Pr\u00e9sident Mamadi Doumbouya pour qu\u2019il r\u00e9ponde \u00e0 l\u2019appel constant du peuple souverain de Guin\u00e9e en se portant candidat \u00e0 la prochaine \u00e9lection pr\u00e9sidentielle.<\/p>\n<p>Le Mouvement N.O.N (NOUVEL ORDRE NATIONAL) s\u2019engage pleinement, aux c\u00f4t\u00e9s de l\u2019Alliance des Forces Patriotiques (AFP), pour soutenir la candidature du G\u00e9n\u00e9ral Mamadi Doumbouya.<\/p>\n<p>\u00c0 cet effet, une r\u00e9union d\u2019information s\u2019est tenue le samedi 12 avril 2025, au si\u00e8ge de l\u2019organisation \u00e0 Gbessia Cit\u00e91( kondeboundji), commune de gbessia. Cette rencontre a rassembl\u00e9 l&rsquo;ensemble des membres du N.O.N, afin de leur pr\u00e9senter la nouvelle orientation politique d\u00e9cid\u00e9e par les responsables du mouvement \u00e0 travers les diff\u00e9rentes antennes et d\u00e9membrements sur l&rsquo;ensemble du territoire national. Ces derniers ont ainsi pris l&rsquo;engagement ferme de soutenir les id\u00e9aux des autorit\u00e9s actuelles du pays et d\u2019investir le G\u00e9n\u00e9ral Mamadi Doumbouya comme candidat \u00e0 la prochaine \u00e9lection pr\u00e9sidentielle.<\/p>\n<p>Prenant la parole, le pr\u00e9sident du N.O.N, M. Ibrahima Sory Keita, a officiellement annonc\u00e9 l&rsquo;adh\u00e9sion de son mouvement \u00e0 l&rsquo;Alliance des Forces Patriotiques (AFP). Cette d\u00e9cision historique, act\u00e9e le jeudi 10 avril 2025, marque une \u00e9tape cruciale dans le paysage politique guin\u00e9en \u00e0 l\u2019approche des \u00e9ch\u00e9ances \u00e9lectorales. M. Keita a \u00e9galement pris l&rsquo;engagement de transmettre la liste compl\u00e8te des repr\u00e9sentants du N.O.N \u00e0 travers le pays aux responsables de l&rsquo;AFP, dans le but de f\u00e9d\u00e9rer les actions et de coordonner les strat\u00e9gies de mobilisation sur l\u2019ensemble du territoire national. Tout en lan\u00e7ant un appel fort \u00e0 la jeunesse et aux femmes de Guin\u00e9e pour qu\u2019ils soutiennent sans r\u00e9serve le G\u00e9n\u00e9ral Mamadi Doumbouya. Dont voici quelques extraits de sa d\u00e9claration :<br \/>\n\u00ab Jeunesse de Guin\u00e9e, le G\u00e9n\u00e9ral Pr\u00e9sident Mamadi Doumbouya repr\u00e9sente une v\u00e9ritable opportunit\u00e9 pour notre nation. Saisissons cette chance pour apporter nous-m\u00eames des solutions aux probl\u00e8mes que nous rencontrons au quotidien. Refusons que l\u2019on discute de nos probl\u00e8mes sans nous, car qui mieux que nous conna\u00eet nos r\u00e9alit\u00e9s ? Engageons-nous pleinement dans le d\u00e9bat politique national et dans la gestion de notre pays. En int\u00e9grant les instances de d\u00e9cision, nous pourrons d\u00e9fendre efficacement notre cause. Chers jeunes confr\u00e8res, comme le disait Frantz Fanon : \u00ab\u00a0Chaque g\u00e9n\u00e9ration doit, dans une relative opacit\u00e9, affronter sa mission : la remplir ou la trahir.\u00a0\u00bb Faisons face \u00e0 notre mission avec honneur, sinc\u00e9rit\u00e9 et loyaut\u00e9, pour servir la patrie et d\u00e9fendre l\u2019int\u00e9r\u00eat g\u00e9n\u00e9ral \u00bb, a-t-il d\u00e9clar\u00e9 le pr\u00e9sident.<br \/>\nEt d&rsquo;ajouter, \u00ab aujourd\u2019hui la question de la jeunesse, c\u2019est se confronter \u00e0 un exercice difficile et complexe, surtout au regard de la r\u00e9alit\u00e9 socio-\u00e9conomique et politique de notre pays. Nous risquons de sombrer dans des redites interminables et dans l\u2019apitoiement, pour finir par conclure : \u00ab\u00a0Ce pays ne nous offre rien, nous devons le quitter.\u00a0\u00bb Depuis longtemps, nombreux sont les jeunes Guin\u00e9ens qui r\u00eavent d\u2019ailleurs. Beaucoup ont d\u00e9j\u00e0 quitt\u00e9 le pays, d\u2019autres s\u2019appr\u00eatent \u00e0 le faire. Que ce soit vers les petits pays d\u2019Europe, d\u2019Asie ou d\u2019ailleurs, par voie maritime ou a\u00e9rienne, ils fuient \u00e0 la recherche d\u2019un avenir meilleur. Ce n\u2019est pas n\u00e9cessairement pour des raisons d\u2019\u00e9tudes, mais surtout pour \u00e9chapper \u00e0 des conditions de vie devenues insoutenables. On a toujours appris aux jeunes \u00e0 craindre la politique. Parler de politique en famille ou en soci\u00e9t\u00e9 revient souvent \u00e0 d\u00e9clencher une lev\u00e9e de boucliers. C\u2019est la cons\u00e9quence directe des comportements de certains acteurs politiques qui placent leurs int\u00e9r\u00eats personnels avant ceux du peuple. Les luttes de pouvoir, la corruption, les coups bas, voil\u00e0 autant de fl\u00e9aux qui ont terni l\u2019image de la politique dans notre pays \u00bb, a soulign\u00e9 M. Ibrahima.<\/p>\n<p>Et pour clore, il dira qu&rsquo;il faut aujourd\u2019hui beaucoup d\u2019audace pour s\u2019y engager, pour le meilleur et pour le pire. \u00ab Ce climat suscite des r\u00e9ticences compr\u00e9hensibles chez les jeunes, d\u00e9j\u00e0 vuln\u00e9rables face aux multiples manipulations dont ils font l\u2019objet. Jeunes compatriotes, engageons-nous dans nos diff\u00e9rentes circonscriptions \u00e9lectorales pour soutenir le Pr\u00e9sident Mamadi Doumbouya et l\u2019\u00e9lire d\u00e9mocratiquement \u00e0 la magistrature supr\u00eame. Pour cela, nous irons tr\u00e8s prochainement sur le terrain, au compte de l\u2019AFP, en commen\u00e7ant par la Basse-Guin\u00e9e : Conakry, Coyah, Kindia, Bok\u00e9, For\u00e9cariah, Fria, Boffa, T\u00e9lim\u00e9l\u00e9, pour ne citer que ceux-l\u00e0. Puis, en poursuivant en Moyenne-Guin\u00e9e : Mamou, Lab\u00e9, Pita, Dalaba, Koubia\u2026 En passant par la Haute-Guin\u00e9e : Faranah, Kankan, Kouroussa, Siguiri, Mandiana, K\u00e9rouan\u00e9, Kissidougou&#8230; Et enfin, en Guin\u00e9e foresti\u00e8re : Gu\u00e9ck\u00e9dou, Macenta, Nz\u00e9r\u00e9kor\u00e9, Lola, Beyla, Yomou. Aucun centim\u00e8tre carr\u00e9 du territoire guin\u00e9en ne sera oubli\u00e9 pour parler de l\u2019homme du 5 septembre 2021 \u00bb, a-t-il pr\u00e9cis\u00e9.<\/p>\n<p>Sana Sylla pour Universnews224.com 625.480.252.<\/p>\n","protected":false},"excerpt":{"rendered":"<p>Le Mouvement \u00ab\u00a0N.O.N\u00a0\u00bb (NOUVEL ORDRE NATIONAL), par la voix de son pr\u00e9sident Ibrahima Sory Keita,<\/p>\n","protected":false},"author":2,"featured_media":7955,"comment_status":"closed","ping_status":"open","sticky":false,"template":"","format":"standard","meta":[],"categories":[3,4],"tags":[237],"yoast_head":"<!-- This site is optimized with the Yoast SEO plugin v19.13 - https:\/\/yoast.com\/wordpress\/plugins\/seo\/ -->\n<title>Guin\u00e9e : une d\u00e9claration de soutien aux actions du G\u00e9n\u00e9ral Mamadi Doumbouya - UNIVERSNEWS224<\/title>\n<meta name=\"robots\" content=\"index, follow, max-snippet:-1, max-image-preview:large, max-video-preview:-1\" \/>\n<link rel=\"canonical\" href=\"https:\/\/universnews224.com\/index.php\/guinee-le-mouvement-n-o-n-nouvel-ordre-national-demande-au-general-mamadi-doumbouya-de-se-porter-candidateaux-prochaineselectionsdeclaration\/\" \/>\n<meta property=\"og:locale\" content=\"fr_FR\" \/>\n<meta property=\"og:type\" content=\"article\" \/>\n<meta property=\"og:title\" content=\"Guin\u00e9e : une d\u00e9claration de soutien aux actions du G\u00e9n\u00e9ral Mamadi Doumbouya - UNIVERSNEWS224\" \/>\n<meta property=\"og:description\" content=\"Le Mouvement \u00ab\u00a0N.O.N\u00a0\u00bb (NOUVEL ORDRE NATIONAL), par la voix de son pr\u00e9sident Ibrahima Sory Keita,\" \/>\n<meta property=\"og:url\" content=\"https:\/\/universnews224.com\/index.php\/guinee-le-mouvement-n-o-n-nouvel-ordre-national-demande-au-general-mamadi-doumbouya-de-se-porter-candidateaux-prochaineselectionsdeclaration\/\" \/>\n<meta property=\"og:site_name\" content=\"UNIVERSNEWS224\" \/>\n<meta property=\"article:published_time\" content=\"2025-04-13T17:12:38+00:00\" \/>\n<meta property=\"article:modified_time\" content=\"2025-04-13T20:37:04+00:00\" \/>\n<meta property=\"og:image\" content=\"https:\/\/universnews224.com\/wp-content\/uploads\/2025\/04\/IMG-20250413-WA0001.jpg\" \/>\n\t<meta property=\"og:image:width\" content=\"1008\" \/>\n\t<meta property=\"og:image:height\" content=\"1041\" \/>\n\t<meta property=\"og:image:type\" content=\"image\/jpeg\" \/>\n<meta name=\"author\" content=\"La R\u00e9daction\" \/>\n<meta name=\"twitter:label1\" content=\"\u00c9crit par\" \/>\n\t<meta name=\"twitter:data1\" content=\"La R\u00e9daction\" \/>\n\t<meta name=\"twitter:label2\" content=\"Dur\u00e9e de lecture estim\u00e9e\" \/>\n\t<meta name=\"twitter:data2\" content=\"4 minutes\" \/>\n<script type=\"application\/ld+json\" class=\"yoast-schema-graph\">{\"@context\":\"https:\/\/schema.org\",\"@graph\":[{\"@type\":\"Article\",\"@id\":\"https:\/\/universnews224.com\/index.php\/guinee-le-mouvement-n-o-n-nouvel-ordre-national-demande-au-general-mamadi-doumbouya-de-se-porter-candidateaux-prochaineselectionsdeclaration\/#article\",\"isPartOf\":{\"@id\":\"https:\/\/universnews224.com\/index.php\/guinee-le-mouvement-n-o-n-nouvel-ordre-national-demande-au-general-mamadi-doumbouya-de-se-porter-candidateaux-prochaineselectionsdeclaration\/\"},\"author\":{\"name\":\"La R\u00e9daction\",\"@id\":\"https:\/\/universnews224.com\/#\/schema\/person\/a4b7d4f94a4716df60456a491260485e\"},\"headline\":\"Guin\u00e9e : une d\u00e9claration de soutien aux actions du G\u00e9n\u00e9ral Mamadi Doumbouya\",\"datePublished\":\"2025-04-13T17:12:38+00:00\",\"dateModified\":\"2025-04-13T20:37:04+00:00\",\"mainEntityOfPage\":{\"@id\":\"https:\/\/universnews224.com\/index.php\/guinee-le-mouvement-n-o-n-nouvel-ordre-national-demande-au-general-mamadi-doumbouya-de-se-porter-candidateaux-prochaineselectionsdeclaration\/\"},\"wordCount\":874,\"publisher\":{\"@id\":\"https:\/\/universnews224.com\/#organization\"},\"keywords\":[\"A la une\"],\"articleSection\":[\"ACTU\",\"POLITIQUE\"],\"inLanguage\":\"fr-FR\"},{\"@type\":\"WebPage\",\"@id\":\"https:\/\/universnews224.com\/index.php\/guinee-le-mouvement-n-o-n-nouvel-ordre-national-demande-au-general-mamadi-doumbouya-de-se-porter-candidateaux-prochaineselectionsdeclaration\/\",\"url\":\"https:\/\/universnews224.com\/index.php\/guinee-le-mouvement-n-o-n-nouvel-ordre-national-demande-au-general-mamadi-doumbouya-de-se-porter-candidateaux-prochaineselectionsdeclaration\/\",\"name\":\"Guin\u00e9e : une d\u00e9claration de soutien aux actions du G\u00e9n\u00e9ral Mamadi Doumbouya - UNIVERSNEWS224\",\"isPartOf\":{\"@id\":\"https:\/\/universnews224.com\/#website\"},\"datePublished\":\"2025-04-13T17:12:38+00:00\",\"dateModified\":\"2025-04-13T20:37:04+00:00\",\"inLanguage\":\"fr-FR\",\"potentialAction\":[{\"@type\":\"ReadAction\",\"target\":[\"https:\/\/universnews224.com\/index.php\/guinee-le-mouvement-n-o-n-nouvel-ordre-national-demande-au-general-mamadi-doumbouya-de-se-porter-candidateaux-prochaineselectionsdeclaration\/\"]}]},{\"@type\":\"WebSite\",\"@id\":\"https:\/\/universnews224.com\/#website\",\"url\":\"https:\/\/universnews224.com\/\",\"name\":\"UNIVERSNEWS224\",\"description\":\"\",\"publisher\":{\"@id\":\"https:\/\/universnews224.com\/#organization\"},\"potentialAction\":[{\"@type\":\"SearchAction\",\"target\":{\"@type\":\"EntryPoint\",\"urlTemplate\":\"https:\/\/universnews224.com\/?s={search_term_string}\"},\"query-input\":\"required name=search_term_string\"}],\"inLanguage\":\"fr-FR\"},{\"@type\":\"Organization\",\"@id\":\"https:\/\/universnews224.com\/#organization\",\"name\":\"UNIVERSNEWS224\",\"url\":\"https:\/\/universnews224.com\/\",\"logo\":{\"@type\":\"ImageObject\",\"inLanguage\":\"fr-FR\",\"@id\":\"https:\/\/universnews224.com\/#\/schema\/logo\/image\/\",\"url\":\"https:\/\/universnews224.com\/wp-content\/uploads\/2022\/08\/cropped-cropped-logoban.jpg\",\"contentUrl\":\"https:\/\/universnews224.com\/wp-content\/uploads\/2022\/08\/cropped-cropped-logoban.jpg\",\"width\":1080,\"height\":138,\"caption\":\"UNIVERSNEWS224\"},\"image\":{\"@id\":\"https:\/\/universnews224.com\/#\/schema\/logo\/image\/\"}},{\"@type\":\"Person\",\"@id\":\"https:\/\/universnews224.com\/#\/schema\/person\/a4b7d4f94a4716df60456a491260485e\",\"name\":\"La R\u00e9daction\",\"image\":{\"@type\":\"ImageObject\",\"inLanguage\":\"fr-FR\",\"@id\":\"https:\/\/universnews224.com\/#\/schema\/person\/image\/\",\"url\":\"https:\/\/secure.gravatar.com\/avatar\/edb90acc7752b23e1b3307ad36c14f0d?s=96&d=mm&r=g\",\"contentUrl\":\"https:\/\/secure.gravatar.com\/avatar\/edb90acc7752b23e1b3307ad36c14f0d?s=96&d=mm&r=g\",\"caption\":\"La R\u00e9daction\"},\"sameAs\":[\"https:\/\/universnews224.com\"],\"url\":\"https:\/\/universnews224.com\/index.php\/author\/m-camara\/\"}]}<\/script>\n<!-- \/ Yoast SEO plugin. -->","yoast_head_json":{"title":"Guin\u00e9e : une d\u00e9claration de soutien aux actions du G\u00e9n\u00e9ral Mamadi Doumbouya - UNIVERSNEWS224","robots":{"index":"index","follow":"follow","max-snippet":"max-snippet:-1","max-image-preview":"max-image-preview:large","max-video-preview":"max-video-preview:-1"},"canonical":"https:\/\/universnews224.com\/index.php\/guinee-le-mouvement-n-o-n-nouvel-ordre-national-demande-au-general-mamadi-doumbouya-de-se-porter-candidateaux-prochaineselectionsdeclaration\/","og_locale":"fr_FR","og_type":"article","og_title":"Guin\u00e9e : une d\u00e9claration de soutien aux actions du G\u00e9n\u00e9ral Mamadi Doumbouya - UNIVERSNEWS224","og_description":"Le Mouvement \u00ab\u00a0N.O.N\u00a0\u00bb (NOUVEL ORDRE NATIONAL), par la voix de son pr\u00e9sident Ibrahima Sory Keita,","og_url":"https:\/\/universnews224.com\/index.php\/guinee-le-mouvement-n-o-n-nouvel-ordre-national-demande-au-general-mamadi-doumbouya-de-se-porter-candidateaux-prochaineselectionsdeclaration\/","og_site_name":"UNIVERSNEWS224","article_published_time":"2025-04-13T17:12:38+00:00","article_modified_time":"2025-04-13T20:37:04+00:00","og_image":[{"width":1008,"height":1041,"url":"https:\/\/universnews224.com\/wp-content\/uploads\/2025\/04\/IMG-20250413-WA0001.jpg","type":"image\/jpeg"}],"author":"La R\u00e9daction","twitter_misc":{"\u00c9crit par":"La R\u00e9daction","Dur\u00e9e de lecture estim\u00e9e":"4 minutes"},"schema":{"@context":"https:\/\/schema.org","@graph":[{"@type":"Article","@id":"https:\/\/universnews224.com\/index.php\/guinee-le-mouvement-n-o-n-nouvel-ordre-national-demande-au-general-mamadi-doumbouya-de-se-porter-candidateaux-prochaineselectionsdeclaration\/#article","isPartOf":{"@id":"https:\/\/universnews224.com\/index.php\/guinee-le-mouvement-n-o-n-nouvel-ordre-national-demande-au-general-mamadi-doumbouya-de-se-porter-candidateaux-prochaineselectionsdeclaration\/"},"author":{"name":"La R\u00e9daction","@id":"https:\/\/universnews224.com\/#\/schema\/person\/a4b7d4f94a4716df60456a491260485e"},"headline":"Guin\u00e9e : une d\u00e9claration de soutien aux actions du G\u00e9n\u00e9ral Mamadi Doumbouya","datePublished":"2025-04-13T17:12:38+00:00","dateModified":"2025-04-13T20:37:04+00:00","mainEntityOfPage":{"@id":"https:\/\/universnews224.com\/index.php\/guinee-le-mouvement-n-o-n-nouvel-ordre-national-demande-au-general-mamadi-doumbouya-de-se-porter-candidateaux-prochaineselectionsdeclaration\/"},"wordCount":874,"publisher":{"@id":"https:\/\/universnews224.com\/#organization"},"keywords":["A la une"],"articleSection":["ACTU","POLITIQUE"],"inLanguage":"fr-FR"},{"@type":"WebPage","@id":"https:\/\/universnews224.com\/index.php\/guinee-le-mouvement-n-o-n-nouvel-ordre-national-demande-au-general-mamadi-doumbouya-de-se-porter-candidateaux-prochaineselectionsdeclaration\/","url":"https:\/\/universnews224.com\/index.php\/guinee-le-mouvement-n-o-n-nouvel-ordre-national-demande-au-general-mamadi-doumbouya-de-se-porter-candidateaux-prochaineselectionsdeclaration\/","name":"Guin\u00e9e : une d\u00e9claration de soutien aux actions du G\u00e9n\u00e9ral Mamadi Doumbouya - UNIVERSNEWS224","isPartOf":{"@id":"https:\/\/universnews224.com\/#website"},"datePublished":"2025-04-13T17:12:38+00:00","dateModified":"2025-04-13T20:37:04+00:00","inLanguage":"fr-FR","potentialAction":[{"@type":"ReadAction","target":["https:\/\/universnews224.com\/index.php\/guinee-le-mouvement-n-o-n-nouvel-ordre-national-demande-au-general-mamadi-doumbouya-de-se-porter-candidateaux-prochaineselectionsdeclaration\/"]}]},{"@type":"WebSite","@id":"https:\/\/universnews224.com\/#website","url":"https:\/\/universnews224.com\/","name":"UNIVERSNEWS224","description":"","publisher":{"@id":"https:\/\/universnews224.com\/#organization"},"potentialAction":[{"@type":"SearchAction","target":{"@type":"EntryPoint","urlTemplate":"https:\/\/universnews224.com\/?s={search_term_string}"},"query-input":"required name=search_term_string"}],"inLanguage":"fr-FR"},{"@type":"Organization","@id":"https:\/\/universnews224.com\/#organization","name":"UNIVERSNEWS224","url":"https:\/\/universnews224.com\/","logo":{"@type":"ImageObject","inLanguage":"fr-FR","@id":"https:\/\/universnews224.com\/#\/schema\/logo\/image\/","url":"https:\/\/universnews224.com\/wp-content\/uploads\/2022\/08\/cropped-cropped-logoban.jpg","contentUrl":"https:\/\/universnews224.com\/wp-content\/uploads\/2022\/08\/cropped-cropped-logoban.jpg","width":1080,"height":138,"caption":"UNIVERSNEWS224"},"image":{"@id":"https:\/\/universnews224.com\/#\/schema\/logo\/image\/"}},{"@type":"Person","@id":"https:\/\/universnews224.com\/#\/schema\/person\/a4b7d4f94a4716df60456a491260485e","name":"La R\u00e9daction","image":{"@type":"ImageObject","inLanguage":"fr-FR","@id":"https:\/\/universnews224.com\/#\/schema\/person\/image\/","url":"https:\/\/secure.gravatar.com\/avatar\/edb90acc7752b23e1b3307ad36c14f0d?s=96&d=mm&r=g","contentUrl":"https:\/\/secure.gravatar.com\/avatar\/edb90acc7752b23e1b3307ad36c14f0d?s=96&d=mm&r=g","caption":"La R\u00e9daction"},"sameAs":["https:\/\/universnews224.com"],"url":"https:\/\/universnews224.com\/index.php\/author\/m-camara\/"}]}},"_links":{"self":[{"href":"https:\/\/universnews224.com\/index.php\/wp-json\/wp\/v2\/posts\/7954"}],"collection":[{"href":"https:\/\/universnews224.com\/index.php\/wp-json\/wp\/v2\/posts"}],"about":[{"href":"https:\/\/universnews224.com\/index.php\/wp-json\/wp\/v2\/types\/post"}],"author":[{"embeddable":true,"href":"https:\/\/universnews224.com\/index.php\/wp-json\/wp\/v2\/users\/2"}],"replies":[{"embeddable":true,"href":"https:\/\/universnews224.com\/index.php\/wp-json\/wp\/v2\/comments?post=7954"}],"version-history":[{"count":5,"href":"https:\/\/universnews224.com\/index.php\/wp-json\/wp\/v2\/posts\/7954\/revisions"}],"predecessor-version":[{"id":7961,"href":"https:\/\/universnews224.com\/index.php\/wp-json\/wp\/v2\/posts\/7954\/revisions\/7961"}],"wp:featuredmedia":[{"embeddable":true,"href":"https:\/\/universnews224.com\/index.php\/wp-json\/wp\/v2\/media\/7955"}],"wp:attachment":[{"href":"https:\/\/universnews224.com\/index.php\/wp-json\/wp\/v2\/media?parent=7954"}],"wp:term":[{"taxonomy":"category","embeddable":true,"href":"https:\/\/universnews224.com\/index.php\/wp-json\/wp\/v2\/categories?post=7954"},{"taxonomy":"post_tag","embeddable":true,"href":"https:\/\/universnews224.com\/index.php\/wp-json\/wp\/v2\/tags?post=7954"}],"curies":[{"name":"wp","href":"https:\/\/api.w.org\/{rel}","templated":true}]}}