{"id":799,"date":"2022-03-24T20:15:37","date_gmt":"2022-03-24T19:15:37","guid":{"rendered":"https:\/\/universnews224.com\/index.php\/decret-malick-kone-renvoye-et-plusieurs-autres-nouveaux-directeurs-nommes\/"},"modified":"2022-03-24T22:04:49","modified_gmt":"2022-03-24T21:04:49","slug":"decret-malick-kone-renvoye-et-plusieurs-autres-nouveaux-directeurs-nommes","status":"publish","type":"post","link":"https:\/\/universnews224.com\/index.php\/decret-malick-kone-renvoye-et-plusieurs-autres-nouveaux-directeurs-nommes\/","title":{"rendered":"D\u00e9cret :\u00a0 Malick Kon\u00e9 renvoy\u00e9, et plusieurs autres nouveaux  directeurs nomm\u00e9s."},"content":{"rendered":"<p><\/p>\n<div class=\"main-wrap content-main-wrap\">\n<nav class=\"bf-breadcrumb clearfix bc-top-style\" role=\"navigation\" aria-label=\"Breadcrumbs\">\n<div class=\"container bf-breadcrumb-container\">\n<p>&nbsp;<\/p>\n<\/div>\n<\/nav>\n<div class=\"content-wrap\"><main id=\"content\" class=\"content-container\"><\/p>\n<div class=\"container layout-2-col layout-2-col-1 layout-right-sidebar layout-bc-before post-template-14 bs-lazy wfi\">\n<div class=\"row main-section\">\n<div class=\"col-sm-8 content-column\">\n<div class=\"single-container\">\n<article id=\"post-108288\" class=\"post-108288 post type-post status-publish format-standard has-post-thumbnail  category-a-la-une category-administration category-featured category-news category-politique single-post-content\">\n<div class=\"entry-content clearfix single-post-content\">\n<p>Le pr\u00e9sident de la transition, Colonel Mamadi Doumbouya a proc\u00e9d\u00e9 \u00e0 la nomination de plusieurs nouveaux directeurs g\u00e9n\u00e9raux du minist\u00e8re de la S\u00e9curit\u00e9 et de la protection civile. Malick Kon\u00e9 a \u00e9t\u00e9 renvoy\u00e9 par le Pr\u00e9sident de la R\u00e9publique, pour le moment on y ignore la cause.<\/p>\n<div id=\"m5532\" class=\"mail-message expanded\">\n<div class=\"mail-message-content collapsible zoom-normal mail-show-images\">\n<div>\n<p><b>Directeur g\u00e9n\u00e9ral de la Police nationale<\/b>\u00a0: Abdoulaye Sampil, commissaire divisionnaire de police, pr\u00e9c\u00e9demment Directeur g\u00e9n\u00e9ral du Bureau de strat\u00e9gies et de d\u00e9veloppement du minist\u00e8re de la S\u00e9curit\u00e9 et de la Protection civile<\/p>\n<p><b>Directeur g\u00e9n\u00e9ral adjoint de la Police nationale<\/b>\u00a0: Abdoulaye Charles Diallo, commissaire divisionnaire de police, pr\u00e9c\u00e9demment en service \u00e0 la Direction g\u00e9n\u00e9rale de la Police nationale<\/p>\n<p><b>Inspecteur g\u00e9n\u00e9ral des services de police et de la protection civile<\/b>\u00a0: Siba Koli\u00e9, commissaire divisionnaire de police, pr\u00e9c\u00e9demment commissaire central de police de Kissidougou<\/p>\n<p><b>Inspecteur g\u00e9n\u00e9ral adjoint des services de police et de la protection civile<\/b>\u00a0: Hamady Diakit\u00e9, commissaire divisionnaire de police, pr\u00e9c\u00e9demment Directeur g\u00e9n\u00e9ral adjoint des \u00e9coles de police et de la protection civile<\/p>\n<p><b>Directeur g\u00e9n\u00e9ral des \u00e9coles nationales de police et de la protection civile<\/b>\u00a0: Mohamed Lamine Nab\u00e9, commissaire divisionnaire de police, pr\u00e9c\u00e9demment pr\u00e9sident du Conseil de discipline du minist\u00e8re de la S\u00e9curit\u00e9 et de la protection civile<\/p>\n<p><b>Directeur g\u00e9n\u00e9ral adjoint des \u00e9coles nationales de police et de la protection civile<\/b>\u00a0: Mohamed Fod\u00e9 Laye Bangoura, commissaire principal de police, pr\u00e9c\u00e9demment directeur du centre d\u2019instruction de Kaliyah.<\/p>\n<p><b>Directeur g\u00e9n\u00e9ral de l\u2019Office de protection du genre, de l\u2019enfance et des m\u0153urs\u00a0<\/b>: Marie Gomez, commissaire principale de police, pr\u00e9c\u00e9demment Directrice g\u00e9n\u00e9rale adjointe de l\u2019OPROGEM.<\/p>\n<p><b>Directeur g\u00e9n\u00e9ral adjoint de police de l\u2019OPROGEM<\/b>\u00a0: Amara Sylla, commissaire principal de police, pr\u00e9c\u00e9demment en service \u00e0 la Direction g\u00e9n\u00e9rale de l\u2019OPROGEM.<\/p>\n<p><b>Directeur g\u00e9n\u00e9ral des Renseignements int\u00e9rieurs<\/b>\u00a0: Lamine Komara, commissaire divisionnaire de police, pr\u00e9c\u00e9demment Directeur r\u00e9gional adjoint de police de Conakry.<\/p>\n<p><b>Directeur g\u00e9n\u00e9ral adjoint des Renseignements int\u00e9rieurs<\/b>\u00a0: Saikou Abdrahim Barry, commissaire principal de police, pr\u00e9c\u00e9demment Directeur centrale des contr\u00f4les de l\u2019administration du m\u00eame service.<\/p>\n<p><b>Directeur g\u00e9n\u00e9ral de la Protection civile\u00a0<\/b>: Mohamed Camara, commissaire principal de police, pr\u00e9c\u00e9demment chef service incendie et de secours de Ratoma.<\/p>\n<p><b>Directeur g\u00e9n\u00e9ral adjoint de la Protection civile<\/b>\u00a0: Mohamed Lamine Diakit\u00e9, pr\u00e9c\u00e9demment chef service incendie et de secours de Lab\u00e9.<\/p>\n<p><b>Directeur des services de la transmission<\/b>\u00a0: Abdoul Karim Cont\u00e9, commissaire principal de police, pr\u00e9c\u00e9demment en service \u00e0 la m\u00eame direction.<\/p>\n<p><b>Directeur adjoint des services de la transmission<\/b>\u00a0: Sambayo Camara, commissaire principal de police, pr\u00e9c\u00e9demment en service \u00e0 la m\u00eame direction.<\/p>\n<p><b>Coordinateur g\u00e9n\u00e9ral des Brigades Anti-Criminalit\u00e9<\/b>\u00a0: Zenaba Sory Camara, commissaire divisionnaire de police, pr\u00e9c\u00e9demment commandant de la Brigade de r\u00e9pression du banditisme (BRB).<\/p>\n<p><b>Coordinateur g\u00e9n\u00e9ral des Brigades Anti-Criminalit\u00e9s<\/b>\u00a0: chef d\u2019escadron Salif Sylla, pr\u00e9c\u00e9demment en service \u00e0 la r\u00e9gion de gendarmerie de Kankan.<\/p>\n<p><b>Directeur central de la police judiciaire<\/b>\u00a0: Mohamed Keita, commissaire divisionnaire de police, pr\u00e9c\u00e9demment directeur r\u00e9gional de police de Conakry.<\/p>\n<p><b>Directeur central adjoint de la police judiciaire<\/b>\u00a0: C\u00e9rafin Haba, commissaire divisionnaire, pr\u00e9c\u00e9demment en mission des Nations unies au Congo.<\/p>\n<p><b>Directeur central de la S\u00e9curit\u00e9 publique<\/b>\u00a0: Lance\u00ef Camara, commissaire divisionnaire de police, pr\u00e9c\u00e9demment directeur r\u00e9gional de police de Bok\u00e9.<\/p>\n<p><b>Directeur central adjoint de la S\u00e9curit\u00e9 publique<\/b>\u00a0: Oumar Camara, commissaire divisionnaire de police, pr\u00e9c\u00e9demment directeur central adjoint dudit service.<\/p>\n<p><b>Directeur central de la police de l\u2019air et des fronti\u00e8res<\/b>\u00a0: Mohamed Layba Diarr\u00e9, commissaire divisionnaire de police, pr\u00e9c\u00e9demment chef de la division Contr\u00f4le s\u00e9jour des \u00e9trangers et la lutte contre la migration clandestine.<\/p>\n<p><b>Directeur central adjoint de la police de l\u2019air et des fronti\u00e8res<\/b>\u00a0: M\u2019balou Morgan Sylla, commissaire divisionnaire, pr\u00e9c\u00e9demment chef section administrative \u00e0 la direction centrale \u00e0 la police de l\u2019air et des fronti\u00e8res.<\/p>\n<p><b>Directeur central des unit\u00e9s d\u2019intervention de la police nationale<\/b>\u00a0: Ibrahima Sory Diabat\u00e9, pr\u00e9c\u00e9demment en service \u00e0 la Direction g\u00e9n\u00e9rale \u00e0 la Police nationale.<\/p>\n<p><b>Directeur central adjoint des unit\u00e9s d\u2019intervention de la police nationale<\/b>\u00a0: Nyankoye\u00a0 Kowol\u00e9 Dopavogui, commissaire principal de police, pr\u00e9c\u00e9demment en service \u00e0 la direction \u00a0g\u00e9n\u00e9rale de la police nationale.<\/p>\n<p><b>Directeur central de la police routi\u00e8re<\/b>\u00a0: S\u00e9kou 2 Tour\u00e9, commissaire principal de police, pr\u00e9c\u00e9demment directeur central adjoint du m\u00eame service.<\/p>\n<p><b>Directeur central adjoint de la S\u00e9curit\u00e9 routi\u00e8re<\/b>\u00a0: Martin Kpoghomou, commissaire de police, pr\u00e9c\u00e9demment en service \u00e0 la direction g\u00e9n\u00e9rale de la police nationale.<\/p>\n<p><b>Directeur de l\u2019Office central Anti-drogue<\/b>\u00a0: Souleymane Sylla, commissaire divisionnaire de police, pr\u00e9c\u00e9demment commissaire central de police de Matam.<\/p>\n<p><b>Directeur adjoint de l\u2019Office central Anti-drogue\u00a0<\/b>: Abdoulaye Sangar\u00e9, commissaire divisionnaire, pr\u00e9c\u00e9demment commissaire central de police de Kaporo Rails.<\/p>\n<p><b>Directeur central de police de l\u2019Office de r\u00e9pression des d\u00e9lits \u00e9conomiques et financiers<\/b>\u00a0: Mohamed Ciss\u00e9, commissaire divisionnaire de police, pr\u00e9c\u00e9demment coordinateur de la police de proximit\u00e9.<\/p>\n<p><b>Directeur central adjoint de l\u2019Office de r\u00e9pression des d\u00e9lits \u00e9conomiques et financiers<\/b>\u00a0: Lay Keita, commissaire divisionnaire de police, pr\u00e9c\u00e9demment chef service s\u00e9curit\u00e9 de la Mano River Union bas\u00e9 en Sierra Leone.<\/p>\n<p><b>Directeur r\u00e9gional de la police de Conakry\u00a0<\/b>: Abdoulaye Sanoh, commissaire divisionnaire de police, pr\u00e9c\u00e9demment commissaire central de police de Sonfonia.<\/p>\n<p><b>Directeur r\u00e9gional adjoint de police de Conakry\u00a0<\/b>: Gassimou Soumah, commissaire divisionnaire de police, pr\u00e9c\u00e9demment commissaire central de police de Kaloum.<\/p>\n<p><b>Directeur r\u00e9gional de police de Bok\u00e9<\/b>\u00a0: Moriba Th\u00e9a, commissaire divisionnaire de police, pr\u00e9c\u00e9demment Directeur r\u00e9gional de police de Mamou.<\/p>\n<p><b>Directeur r\u00e9gional adjoint de police de Bok\u00e9<\/b>\u00a0: Bangaly Cond\u00e9, commissaire divisionnaire de police, pr\u00e9c\u00e9demment en service \u00e0 la compagnie mobile d\u2019intervention et de s\u00e9curit\u00e9 de la Tannerie.<\/p>\n<p><b>Directeur r\u00e9gional de la police de Kindia\u00a0<\/b>: Mamadou Yaya Diallo, commissaire divisionnaire de police, pr\u00e9c\u00e9demment en service au commissariat central de police de Dubreka.<\/p>\n<p><b>Directeur r\u00e9gional adjoint de police de Kindia<\/b>\u00a0: Mazo Mansar\u00e9, commissaire principal de police, pr\u00e9c\u00e9demment en service au Secr\u00e9tariat central \u00e0 la Pr\u00e9sidence charge des services sp\u00e9ciaux et de la lutte contre la drogue.<\/p>\n<p><b>Directeur r\u00e9gional de la police de Mamou<\/b>\u00a0: S\u00e9kouba Camara, commissaire divisionnaire de police, pr\u00e9c\u00e9demment commissaire central de police de Mamou.<\/p>\n<p><b>Directeur r\u00e9gional adjoint de la police de Mamou\u00a0<\/b>: Joseph Yakpaboro Haba, commissaire divisionnaire de police, pr\u00e9c\u00e9demment en compagnie mobile d\u2019intervention et de s\u00e9curit\u00e9 n\u00b07 de Kaloum.<\/p>\n<p><b>Directeur r\u00e9gional de police de Lab\u00e9<\/b>\u00a0: Aboubacar Traor\u00e9, commissaire divisionnaire de police, pr\u00e9c\u00e9demment commissaire central de police de Gu\u00e9ckedou.<\/p>\n<p><b>Directeur r\u00e9gional adjoint de la police de Lab\u00e9<\/b>\u00a0: Alain Camara, commissaire divisionnaire de police, pr\u00e9c\u00e9demment en service \u00e0 la Direction centrale des unit\u00e9s d\u2019intervention de la police nationale.<\/p>\n<p><b>Directeur r\u00e9gional de la police de Faranah<\/b>\u00a0: Michel Dopavogui, commissaire divisionnaire de police, pr\u00e9c\u00e9demment chef section police judiciaire au commissariat central de police Sonfonia.<\/p>\n<p><b>Directeur r\u00e9gional adjoint de la police de Faranah\u00a0<\/b>: Amadou Cont\u00e9, commissaire principal de police, pr\u00e9c\u00e9demment chef section police judiciaire au commissariat central de police de Kaloum.<\/p>\n<p><b>Directeur r\u00e9gional de la police de Kankan\u00a0<\/b>: Abdoul Kader Bady Tour\u00e9, commissaire divisionnaire de police, pr\u00e9c\u00e9demment Directeur r\u00e9gional adjoint de la police de Kankan.<\/p>\n<p><b>Directeur r\u00e9gional adjoint de la police de Kankan\u00a0<\/b>: Mamadou Diould\u00e9 Barry, commissaire divisionnaire de police, pr\u00e9c\u00e9demment chef section police judiciaire au commissariat central de police de Matam.<\/p>\n<p><b>Directeur r\u00e9gional de la police de N\u2019Z\u00e9r\u00e9kor\u00e9<\/b>\u00a0: Almamy Balla Cont\u00e9, commissaire divisionnaire de police, pr\u00e9c\u00e9demment en service \u00e0 la Direction centrale de la police judiciaire.<\/p>\n<p><b>Directeur r\u00e9gional adjoint de la police de N\u2019Z\u00e9r\u00e9kor\u00e9\u00a0<\/b>: Abdoulaye Dioubat\u00e9, commissaire principal de police, pr\u00e9c\u00e9demment en service \u00e0 la Direction g\u00e9n\u00e9rale des Renseignements int\u00e9rieurs.<\/p>\n<\/div>\n<\/div>\n<\/div>\n<\/div>\n<\/article>\n<\/div>\n<\/div>\n<\/div>\n<\/div>\n<p><\/main><\/div>\n<\/div>\n<p><a href=\"https:\/\/liberationinfo.com\/index.php\/decret-malick-kone-renvoye-et-plusieurs-autres-nouveaux-directeurs-nommes\/\">Source link <\/a><\/p>\n","protected":false},"excerpt":{"rendered":"<p>&nbsp; Le pr\u00e9sident de la transition, Colonel Mamadi Doumbouya a proc\u00e9d\u00e9 \u00e0 la nomination de<\/p>\n","protected":false},"author":2,"featured_media":800,"comment_status":"closed","ping_status":"open","sticky":false,"template":"","format":"standard","meta":[],"categories":[3,8,6,7,17,1,4,24,5,9,10],"tags":[],"yoast_head":"<!-- This site is optimized with the Yoast SEO plugin v19.13 - https:\/\/yoast.com\/wordpress\/plugins\/seo\/ -->\n<title>D\u00e9cret :\u00a0 Malick Kon\u00e9 renvoy\u00e9, et plusieurs autres nouveaux directeurs nomm\u00e9s. - UNIVERSNEWS224<\/title>\n<meta name=\"robots\" content=\"index, follow, max-snippet:-1, max-image-preview:large, max-video-preview:-1\" \/>\n<link rel=\"canonical\" href=\"https:\/\/universnews224.com\/index.php\/decret-malick-kone-renvoye-et-plusieurs-autres-nouveaux-directeurs-nommes\/\" \/>\n<meta property=\"og:locale\" content=\"fr_FR\" \/>\n<meta property=\"og:type\" content=\"article\" \/>\n<meta property=\"og:title\" content=\"D\u00e9cret :\u00a0 Malick Kon\u00e9 renvoy\u00e9, et plusieurs autres nouveaux directeurs nomm\u00e9s. - UNIVERSNEWS224\" \/>\n<meta property=\"og:description\" content=\"&nbsp; Le pr\u00e9sident de la transition, Colonel Mamadi Doumbouya a proc\u00e9d\u00e9 \u00e0 la nomination de\" \/>\n<meta property=\"og:url\" content=\"https:\/\/universnews224.com\/index.php\/decret-malick-kone-renvoye-et-plusieurs-autres-nouveaux-directeurs-nommes\/\" \/>\n<meta property=\"og:site_name\" content=\"UNIVERSNEWS224\" \/>\n<meta property=\"article:published_time\" content=\"2022-03-24T19:15:37+00:00\" \/>\n<meta property=\"article:modified_time\" content=\"2022-03-24T21:04:49+00:00\" \/>\n<meta property=\"og:image\" content=\"https:\/\/universnews224.com\/wp-content\/uploads\/2022\/03\/Decret-Malick-Kone-renvoye-et-plusieurs-autres-nouveaux-directeurs.jpg\" \/>\n\t<meta property=\"og:image:width\" content=\"800\" \/>\n\t<meta property=\"og:image:height\" content=\"533\" \/>\n\t<meta property=\"og:image:type\" content=\"image\/jpeg\" \/>\n<meta name=\"author\" content=\"La R\u00e9daction\" \/>\n<meta name=\"twitter:label1\" content=\"\u00c9crit par\" \/>\n\t<meta name=\"twitter:data1\" content=\"La R\u00e9daction\" \/>\n\t<meta name=\"twitter:label2\" content=\"Dur\u00e9e de lecture estim\u00e9e\" \/>\n\t<meta name=\"twitter:data2\" content=\"7 minutes\" \/>\n<script type=\"application\/ld+json\" class=\"yoast-schema-graph\">{\"@context\":\"https:\/\/schema.org\",\"@graph\":[{\"@type\":\"Article\",\"@id\":\"https:\/\/universnews224.com\/index.php\/decret-malick-kone-renvoye-et-plusieurs-autres-nouveaux-directeurs-nommes\/#article\",\"isPartOf\":{\"@id\":\"https:\/\/universnews224.com\/index.php\/decret-malick-kone-renvoye-et-plusieurs-autres-nouveaux-directeurs-nommes\/\"},\"author\":{\"name\":\"La R\u00e9daction\",\"@id\":\"https:\/\/universnews224.com\/#\/schema\/person\/a4b7d4f94a4716df60456a491260485e\"},\"headline\":\"D\u00e9cret :\u00a0 Malick Kon\u00e9 renvoy\u00e9, et plusieurs autres nouveaux directeurs nomm\u00e9s.\",\"datePublished\":\"2022-03-24T19:15:37+00:00\",\"dateModified\":\"2022-03-24T21:04:49+00:00\",\"mainEntityOfPage\":{\"@id\":\"https:\/\/universnews224.com\/index.php\/decret-malick-kone-renvoye-et-plusieurs-autres-nouveaux-directeurs-nommes\/\"},\"wordCount\":1384,\"publisher\":{\"@id\":\"https:\/\/universnews224.com\/#organization\"},\"articleSection\":{\"0\":\"ACTU\",\"1\":\"AGRICULTURE\",\"2\":\"CULTURE\",\"3\":\"ENVIRONNEMENT\",\"4\":\"GRANDS DOSSIERS\",\"6\":\"POLITIQUE\",\"7\":\"REPORTAGE\",\"8\":\"SOCI\u00c9T\u00c9\",\"9\":\"SPORT\",\"10\":\"VID\u00c9O\"},\"inLanguage\":\"fr-FR\"},{\"@type\":\"WebPage\",\"@id\":\"https:\/\/universnews224.com\/index.php\/decret-malick-kone-renvoye-et-plusieurs-autres-nouveaux-directeurs-nommes\/\",\"url\":\"https:\/\/universnews224.com\/index.php\/decret-malick-kone-renvoye-et-plusieurs-autres-nouveaux-directeurs-nommes\/\",\"name\":\"D\u00e9cret :\u00a0 Malick Kon\u00e9 renvoy\u00e9, et plusieurs autres nouveaux directeurs nomm\u00e9s. - UNIVERSNEWS224\",\"isPartOf\":{\"@id\":\"https:\/\/universnews224.com\/#website\"},\"datePublished\":\"2022-03-24T19:15:37+00:00\",\"dateModified\":\"2022-03-24T21:04:49+00:00\",\"inLanguage\":\"fr-FR\",\"potentialAction\":[{\"@type\":\"ReadAction\",\"target\":[\"https:\/\/universnews224.com\/index.php\/decret-malick-kone-renvoye-et-plusieurs-autres-nouveaux-directeurs-nommes\/\"]}]},{\"@type\":\"WebSite\",\"@id\":\"https:\/\/universnews224.com\/#website\",\"url\":\"https:\/\/universnews224.com\/\",\"name\":\"UNIVERSNEWS224\",\"description\":\"\",\"publisher\":{\"@id\":\"https:\/\/universnews224.com\/#organization\"},\"potentialAction\":[{\"@type\":\"SearchAction\",\"target\":{\"@type\":\"EntryPoint\",\"urlTemplate\":\"https:\/\/universnews224.com\/?s={search_term_string}\"},\"query-input\":\"required name=search_term_string\"}],\"inLanguage\":\"fr-FR\"},{\"@type\":\"Organization\",\"@id\":\"https:\/\/universnews224.com\/#organization\",\"name\":\"UNIVERSNEWS224\",\"url\":\"https:\/\/universnews224.com\/\",\"logo\":{\"@type\":\"ImageObject\",\"inLanguage\":\"fr-FR\",\"@id\":\"https:\/\/universnews224.com\/#\/schema\/logo\/image\/\",\"url\":\"https:\/\/universnews224.com\/wp-content\/uploads\/2022\/08\/cropped-cropped-logoban.jpg\",\"contentUrl\":\"https:\/\/universnews224.com\/wp-content\/uploads\/2022\/08\/cropped-cropped-logoban.jpg\",\"width\":1080,\"height\":138,\"caption\":\"UNIVERSNEWS224\"},\"image\":{\"@id\":\"https:\/\/universnews224.com\/#\/schema\/logo\/image\/\"}},{\"@type\":\"Person\",\"@id\":\"https:\/\/universnews224.com\/#\/schema\/person\/a4b7d4f94a4716df60456a491260485e\",\"name\":\"La R\u00e9daction\",\"image\":{\"@type\":\"ImageObject\",\"inLanguage\":\"fr-FR\",\"@id\":\"https:\/\/universnews224.com\/#\/schema\/person\/image\/\",\"url\":\"https:\/\/secure.gravatar.com\/avatar\/edb90acc7752b23e1b3307ad36c14f0d?s=96&d=mm&r=g\",\"contentUrl\":\"https:\/\/secure.gravatar.com\/avatar\/edb90acc7752b23e1b3307ad36c14f0d?s=96&d=mm&r=g\",\"caption\":\"La R\u00e9daction\"},\"sameAs\":[\"https:\/\/universnews224.com\"],\"url\":\"https:\/\/universnews224.com\/index.php\/author\/m-camara\/\"}]}<\/script>\n<!-- \/ Yoast SEO plugin. -->","yoast_head_json":{"title":"D\u00e9cret :\u00a0 Malick Kon\u00e9 renvoy\u00e9, et plusieurs autres nouveaux directeurs nomm\u00e9s. - UNIVERSNEWS224","robots":{"index":"index","follow":"follow","max-snippet":"max-snippet:-1","max-image-preview":"max-image-preview:large","max-video-preview":"max-video-preview:-1"},"canonical":"https:\/\/universnews224.com\/index.php\/decret-malick-kone-renvoye-et-plusieurs-autres-nouveaux-directeurs-nommes\/","og_locale":"fr_FR","og_type":"article","og_title":"D\u00e9cret :\u00a0 Malick Kon\u00e9 renvoy\u00e9, et plusieurs autres nouveaux directeurs nomm\u00e9s. - UNIVERSNEWS224","og_description":"&nbsp; Le pr\u00e9sident de la transition, Colonel Mamadi Doumbouya a proc\u00e9d\u00e9 \u00e0 la nomination de","og_url":"https:\/\/universnews224.com\/index.php\/decret-malick-kone-renvoye-et-plusieurs-autres-nouveaux-directeurs-nommes\/","og_site_name":"UNIVERSNEWS224","article_published_time":"2022-03-24T19:15:37+00:00","article_modified_time":"2022-03-24T21:04:49+00:00","og_image":[{"width":800,"height":533,"url":"https:\/\/universnews224.com\/wp-content\/uploads\/2022\/03\/Decret-Malick-Kone-renvoye-et-plusieurs-autres-nouveaux-directeurs.jpg","type":"image\/jpeg"}],"author":"La R\u00e9daction","twitter_misc":{"\u00c9crit par":"La R\u00e9daction","Dur\u00e9e de lecture estim\u00e9e":"7 minutes"},"schema":{"@context":"https:\/\/schema.org","@graph":[{"@type":"Article","@id":"https:\/\/universnews224.com\/index.php\/decret-malick-kone-renvoye-et-plusieurs-autres-nouveaux-directeurs-nommes\/#article","isPartOf":{"@id":"https:\/\/universnews224.com\/index.php\/decret-malick-kone-renvoye-et-plusieurs-autres-nouveaux-directeurs-nommes\/"},"author":{"name":"La R\u00e9daction","@id":"https:\/\/universnews224.com\/#\/schema\/person\/a4b7d4f94a4716df60456a491260485e"},"headline":"D\u00e9cret :\u00a0 Malick Kon\u00e9 renvoy\u00e9, et plusieurs autres nouveaux directeurs nomm\u00e9s.","datePublished":"2022-03-24T19:15:37+00:00","dateModified":"2022-03-24T21:04:49+00:00","mainEntityOfPage":{"@id":"https:\/\/universnews224.com\/index.php\/decret-malick-kone-renvoye-et-plusieurs-autres-nouveaux-directeurs-nommes\/"},"wordCount":1384,"publisher":{"@id":"https:\/\/universnews224.com\/#organization"},"articleSection":{"0":"ACTU","1":"AGRICULTURE","2":"CULTURE","3":"ENVIRONNEMENT","4":"GRANDS DOSSIERS","6":"POLITIQUE","7":"REPORTAGE","8":"SOCI\u00c9T\u00c9","9":"SPORT","10":"VID\u00c9O"},"inLanguage":"fr-FR"},{"@type":"WebPage","@id":"https:\/\/universnews224.com\/index.php\/decret-malick-kone-renvoye-et-plusieurs-autres-nouveaux-directeurs-nommes\/","url":"https:\/\/universnews224.com\/index.php\/decret-malick-kone-renvoye-et-plusieurs-autres-nouveaux-directeurs-nommes\/","name":"D\u00e9cret :\u00a0 Malick Kon\u00e9 renvoy\u00e9, et plusieurs autres nouveaux directeurs nomm\u00e9s. - UNIVERSNEWS224","isPartOf":{"@id":"https:\/\/universnews224.com\/#website"},"datePublished":"2022-03-24T19:15:37+00:00","dateModified":"2022-03-24T21:04:49+00:00","inLanguage":"fr-FR","potentialAction":[{"@type":"ReadAction","target":["https:\/\/universnews224.com\/index.php\/decret-malick-kone-renvoye-et-plusieurs-autres-nouveaux-directeurs-nommes\/"]}]},{"@type":"WebSite","@id":"https:\/\/universnews224.com\/#website","url":"https:\/\/universnews224.com\/","name":"UNIVERSNEWS224","description":"","publisher":{"@id":"https:\/\/universnews224.com\/#organization"},"potentialAction":[{"@type":"SearchAction","target":{"@type":"EntryPoint","urlTemplate":"https:\/\/universnews224.com\/?s={search_term_string}"},"query-input":"required name=search_term_string"}],"inLanguage":"fr-FR"},{"@type":"Organization","@id":"https:\/\/universnews224.com\/#organization","name":"UNIVERSNEWS224","url":"https:\/\/universnews224.com\/","logo":{"@type":"ImageObject","inLanguage":"fr-FR","@id":"https:\/\/universnews224.com\/#\/schema\/logo\/image\/","url":"https:\/\/universnews224.com\/wp-content\/uploads\/2022\/08\/cropped-cropped-logoban.jpg","contentUrl":"https:\/\/universnews224.com\/wp-content\/uploads\/2022\/08\/cropped-cropped-logoban.jpg","width":1080,"height":138,"caption":"UNIVERSNEWS224"},"image":{"@id":"https:\/\/universnews224.com\/#\/schema\/logo\/image\/"}},{"@type":"Person","@id":"https:\/\/universnews224.com\/#\/schema\/person\/a4b7d4f94a4716df60456a491260485e","name":"La R\u00e9daction","image":{"@type":"ImageObject","inLanguage":"fr-FR","@id":"https:\/\/universnews224.com\/#\/schema\/person\/image\/","url":"https:\/\/secure.gravatar.com\/avatar\/edb90acc7752b23e1b3307ad36c14f0d?s=96&d=mm&r=g","contentUrl":"https:\/\/secure.gravatar.com\/avatar\/edb90acc7752b23e1b3307ad36c14f0d?s=96&d=mm&r=g","caption":"La R\u00e9daction"},"sameAs":["https:\/\/universnews224.com"],"url":"https:\/\/universnews224.com\/index.php\/author\/m-camara\/"}]}},"_links":{"self":[{"href":"https:\/\/universnews224.com\/index.php\/wp-json\/wp\/v2\/posts\/799"}],"collection":[{"href":"https:\/\/universnews224.com\/index.php\/wp-json\/wp\/v2\/posts"}],"about":[{"href":"https:\/\/universnews224.com\/index.php\/wp-json\/wp\/v2\/types\/post"}],"author":[{"embeddable":true,"href":"https:\/\/universnews224.com\/index.php\/wp-json\/wp\/v2\/users\/2"}],"replies":[{"embeddable":true,"href":"https:\/\/universnews224.com\/index.php\/wp-json\/wp\/v2\/comments?post=799"}],"version-history":[{"count":1,"href":"https:\/\/universnews224.com\/index.php\/wp-json\/wp\/v2\/posts\/799\/revisions"}],"predecessor-version":[{"id":801,"href":"https:\/\/universnews224.com\/index.php\/wp-json\/wp\/v2\/posts\/799\/revisions\/801"}],"wp:featuredmedia":[{"embeddable":true,"href":"https:\/\/universnews224.com\/index.php\/wp-json\/wp\/v2\/media\/800"}],"wp:attachment":[{"href":"https:\/\/universnews224.com\/index.php\/wp-json\/wp\/v2\/media?parent=799"}],"wp:term":[{"taxonomy":"category","embeddable":true,"href":"https:\/\/universnews224.com\/index.php\/wp-json\/wp\/v2\/categories?post=799"},{"taxonomy":"post_tag","embeddable":true,"href":"https:\/\/universnews224.com\/index.php\/wp-json\/wp\/v2\/tags?post=799"}],"curies":[{"name":"wp","href":"https:\/\/api.w.org\/{rel}","templated":true}]}}