{"id":802,"date":"2022-03-24T20:20:41","date_gmt":"2022-03-24T19:20:41","guid":{"rendered":"https:\/\/universnews224.com\/index.php\/affaire-enregistrement-audio-les-vrais-raisons-de-larrestation-de-lancien-ministre-ibrahima-kalil-kaba-communique\/"},"modified":"2022-03-24T22:04:49","modified_gmt":"2022-03-24T21:04:49","slug":"affaire-enregistrement-audio-les-vrais-raisons-de-larrestation-de-lancien-ministre-ibrahima-kalil-kaba-communique","status":"publish","type":"post","link":"https:\/\/universnews224.com\/index.php\/affaire-enregistrement-audio-les-vrais-raisons-de-larrestation-de-lancien-ministre-ibrahima-kalil-kaba-communique\/","title":{"rendered":"Affaire Enregistrement audio: les vrais raisons de l\u2019arrestation de l\u2019ancien ministre, Ibrahima Kalil Kaba ( Communiqu\u00e9)"},"content":{"rendered":"<p><\/p>\n<div id=\"post-14697\">\n<div class=\"td-post-content\">\n<div class=\"td-post-featured-image\"><a href=\"https:\/\/liberationinfo.com\/wp-content\/uploads\/2022\/03\/Dr._Ibrahima_Khalil_KABA_Ministre_des_affaires_etrangeres_et_des_guineens_de_letranger-1.jpg\" data-caption=\"\"><\/a><\/div>\n<p>\u00a0<\/p>\n<p>On en sait un peu plus sur les raisons de l\u2019arrestation des deux anciens proches collaborateurs de l\u2019ancien pr\u00e9sident d\u00e9chu, Alpha Cond\u00e9 par la gendarmerie nationale.<\/p>\n<p>La pol\u00e9mique cr\u00e9\u00e9e par l\u2019enregistrement audio de l\u2019ancien pr\u00e9sident guin\u00e9en Alpha Cond\u00e9 continue \u00e0 faire des victimes chez ses anciens collaborateurs. Quelques jours apr\u00e8s l\u2019arrestation de l\u2019ancien ministre du affaires \u00e9trang\u00e8res du dernier gouvernement d\u00e9chu Ibrahima Kalil Kaba et son m\u00e9decin personnel Dr M\u2019Bemba Kaba par les hommes du haut commandement de la gendarmerie nationale.<\/p>\n<p>\u00a0<\/p>\n<p>\u00c0 travers un communiqu\u00e9 transmis par la Cellule de Communication du haut commandement de la gendarmerie nationale, \u00e0 notre r\u00e9daction, les raisons auxquelles ses deux personnalit\u00e9s sont accus\u00e9es par les hommes du Colonel Balla Samoura.<\/p>\n<p>\u00a0<\/p>\n<p>\u00a0<\/p>\n<p>\u00a0<\/p>\n<p><a href=\"https:\/\/liberationinfo.com\/wp-content\/uploads\/2022\/03\/IMG-20220323-WA0003.jpg\"><img loading=\"lazy\" width=\"202\" height=\"300\" class=\"alignnone size-medium wp-image-14698\" src=\"https:\/\/liberationinfo.com\/wp-content\/uploads\/2022\/03\/IMG-20220323-WA0003-202x300.jpg\" alt=\"\" srcset=\"https:\/\/liberationinfo.com\/wp-content\/uploads\/2022\/03\/IMG-20220323-WA0003-202x300.jpg 202w, https:\/\/liberationinfo.com\/wp-content\/uploads\/2022\/03\/IMG-20220323-WA0003-282x420.jpg 282w, https:\/\/liberationinfo.com\/wp-content\/uploads\/2022\/03\/IMG-20220323-WA0003.jpg 688w\" sizes=\"(max-width: 202px) 100vw, 202px\"\/><\/a><\/p>\n<\/p><\/div>\n<footer>\n<div class=\"td-block-row td-post-next-prev\">\n<div class=\"td-block-span6 td-post-prev-post\">\n<div class=\"td-post-next-prev-content\"><span>Previous article<\/span><a href=\"https:\/\/liberationinfo.com\/index.php\/cocan-2025-les-nouveaux-membres-installes-par-le-ministre-des-sports\/\">COCAN 2025: les nouveaux membres install\u00e9s par le ministre des sports.<\/a><\/div>\n<\/div>\n<div class=\"td-block-span6 td-post-next-post\">\n<div class=\"td-post-next-prev-content\"><span>Next article<\/span><a href=\"https:\/\/liberationinfo.com\/index.php\/decret-malick-kone-renvoye-et-plusieurs-autres-nouveaux-directeurs-nommes\/\">D\u00e9cret :\u00a0 Malick Kon\u00e9 renvoy\u00e9, et plusieurs autres nouveaux  directeurs nomm\u00e9s.<\/a><\/div>\n<\/div>\n<\/div>\n<div class=\"author-box-wrap\"><a href=\"https:\/\/liberationinfo.com\/index.php\/author\/la-redaction\/\"><img alt=\"\" src=\"https:\/\/secure.gravatar.com\/avatar\/a67eda6fa900ed0f7cf3083942275042?s=96&amp;d=mm&amp;r=g\" srcset=\"https:\/\/secure.gravatar.com\/avatar\/a67eda6fa900ed0f7cf3083942275042?s=192&amp;d=mm&amp;r=g 2x\" class=\"avatar avatar-96 photo\" height=\"96\" width=\"96\" loading=\"lazy\"\/><\/a><\/div>\n<p>\t        <span style=\"display: none;\" itemprop=\"author\" itemscope=\"\" itemtype=\"https:\/\/schema.org\/Person\"><meta itemprop=\"name\" content=\"La R\u00e9daction\"\/><\/span><meta itemprop=\"datePublished\" content=\"2022-03-23T21:43:32+00:00\"\/><meta itemprop=\"dateModified\" content=\"2022-03-23T21:43:32+00:00\"\/><meta itemscope=\"\" itemprop=\"mainEntityOfPage\" itemtype=\"https:\/\/schema.org\/WebPage\" itemid=\"https:\/\/liberationinfo.com\/index.php\/affaire-enregistrement-audio-les-vrais-raisons-de-larrestation-de-lancien-ministre-ibrahima-kalil-kaba-communique\/\"\/><span style=\"display: none;\" itemprop=\"publisher\" itemscope=\"\" itemtype=\"https:\/\/schema.org\/Organization\"><span style=\"display: none;\" itemprop=\"logo\" itemscope=\"\" itemtype=\"https:\/\/schema.org\/ImageObject\"><meta itemprop=\"url\" content=\"https:\/\/liberationinfo.com\/wp-content\/uploads\/2020\/06\/logo-liberationinfo.png\"\/><\/span><meta itemprop=\"name\" content=\"LIBERATIONINFO.COM\"\/><\/span><meta itemprop=\"headline \" content=\"Affaire Enregistrement audio: les vrais raisons de l'arrestation de l'ancien ministre, Ibrahima Kalil Kaba ( Communiqu\u00e9)\"\/><span style=\"display: none;\" itemprop=\"image\" itemscope=\"\" itemtype=\"https:\/\/schema.org\/ImageObject\"><meta itemprop=\"url\" content=\"https:\/\/liberationinfo.com\/wp-content\/uploads\/2022\/03\/Dr._Ibrahima_Khalil_KABA_Ministre_des_affaires_etrangeres_et_des_guineens_de_letranger-1.jpg\"\/><meta itemprop=\"width\" content=\"960\"\/><meta itemprop=\"height\" content=\"540\"\/><\/span>        <\/footer>\n<\/div>\n<p><a href=\"https:\/\/liberationinfo.com\/index.php\/affaire-enregistrement-audio-les-vrais-raisons-de-larrestation-de-lancien-ministre-ibrahima-kalil-kaba-communique\/\">Source link <\/a><\/p>\n","protected":false},"excerpt":{"rendered":"<p>\u00a0 On en sait un peu plus sur les raisons de l\u2019arrestation des deux anciens<\/p>\n","protected":false},"author":2,"featured_media":803,"comment_status":"closed","ping_status":"open","sticky":false,"template":"","format":"standard","meta":[],"categories":[3,8,6,7,17,1,4,24,5,9,10],"tags":[],"yoast_head":"<!-- This site is optimized with the Yoast SEO plugin v19.13 - https:\/\/yoast.com\/wordpress\/plugins\/seo\/ -->\n<title>Affaire Enregistrement audio: les vrais raisons de l\u2019arrestation de l\u2019ancien ministre, Ibrahima Kalil Kaba ( Communiqu\u00e9) - UNIVERSNEWS224<\/title>\n<meta name=\"robots\" content=\"index, follow, max-snippet:-1, max-image-preview:large, max-video-preview:-1\" \/>\n<link rel=\"canonical\" href=\"https:\/\/universnews224.com\/index.php\/affaire-enregistrement-audio-les-vrais-raisons-de-larrestation-de-lancien-ministre-ibrahima-kalil-kaba-communique\/\" \/>\n<meta property=\"og:locale\" content=\"fr_FR\" \/>\n<meta property=\"og:type\" content=\"article\" \/>\n<meta property=\"og:title\" content=\"Affaire Enregistrement audio: les vrais raisons de l\u2019arrestation de l\u2019ancien ministre, Ibrahima Kalil Kaba ( Communiqu\u00e9) - UNIVERSNEWS224\" \/>\n<meta property=\"og:description\" content=\"\u00a0 On en sait un peu plus sur les raisons de l\u2019arrestation des deux anciens\" \/>\n<meta property=\"og:url\" content=\"https:\/\/universnews224.com\/index.php\/affaire-enregistrement-audio-les-vrais-raisons-de-larrestation-de-lancien-ministre-ibrahima-kalil-kaba-communique\/\" \/>\n<meta property=\"og:site_name\" content=\"UNIVERSNEWS224\" \/>\n<meta property=\"article:published_time\" content=\"2022-03-24T19:20:41+00:00\" \/>\n<meta property=\"article:modified_time\" content=\"2022-03-24T21:04:49+00:00\" \/>\n<meta property=\"og:image\" content=\"https:\/\/universnews224.com\/wp-content\/uploads\/2022\/03\/Affaire-Enregistrement-audio-les-vrais-raisons-de-larrestation-de-lancien.jpg\" \/>\n\t<meta property=\"og:image:width\" content=\"960\" \/>\n\t<meta property=\"og:image:height\" content=\"540\" \/>\n\t<meta property=\"og:image:type\" content=\"image\/jpeg\" \/>\n<meta name=\"author\" content=\"La R\u00e9daction\" \/>\n<meta name=\"twitter:label1\" content=\"\u00c9crit par\" \/>\n\t<meta name=\"twitter:data1\" content=\"La R\u00e9daction\" \/>\n\t<meta name=\"twitter:label2\" content=\"Dur\u00e9e de lecture estim\u00e9e\" \/>\n\t<meta name=\"twitter:data2\" content=\"1 minute\" \/>\n<script type=\"application\/ld+json\" class=\"yoast-schema-graph\">{\"@context\":\"https:\/\/schema.org\",\"@graph\":[{\"@type\":\"Article\",\"@id\":\"https:\/\/universnews224.com\/index.php\/affaire-enregistrement-audio-les-vrais-raisons-de-larrestation-de-lancien-ministre-ibrahima-kalil-kaba-communique\/#article\",\"isPartOf\":{\"@id\":\"https:\/\/universnews224.com\/index.php\/affaire-enregistrement-audio-les-vrais-raisons-de-larrestation-de-lancien-ministre-ibrahima-kalil-kaba-communique\/\"},\"author\":{\"name\":\"La R\u00e9daction\",\"@id\":\"https:\/\/universnews224.com\/#\/schema\/person\/a4b7d4f94a4716df60456a491260485e\"},\"headline\":\"Affaire Enregistrement audio: les vrais raisons de l\u2019arrestation de l\u2019ancien ministre, Ibrahima Kalil Kaba ( Communiqu\u00e9)\",\"datePublished\":\"2022-03-24T19:20:41+00:00\",\"dateModified\":\"2022-03-24T21:04:49+00:00\",\"mainEntityOfPage\":{\"@id\":\"https:\/\/universnews224.com\/index.php\/affaire-enregistrement-audio-les-vrais-raisons-de-larrestation-de-lancien-ministre-ibrahima-kalil-kaba-communique\/\"},\"wordCount\":179,\"publisher\":{\"@id\":\"https:\/\/universnews224.com\/#organization\"},\"articleSection\":{\"0\":\"ACTU\",\"1\":\"AGRICULTURE\",\"2\":\"CULTURE\",\"3\":\"ENVIRONNEMENT\",\"4\":\"GRANDS DOSSIERS\",\"6\":\"POLITIQUE\",\"7\":\"REPORTAGE\",\"8\":\"SOCI\u00c9T\u00c9\",\"9\":\"SPORT\",\"10\":\"VID\u00c9O\"},\"inLanguage\":\"fr-FR\"},{\"@type\":\"WebPage\",\"@id\":\"https:\/\/universnews224.com\/index.php\/affaire-enregistrement-audio-les-vrais-raisons-de-larrestation-de-lancien-ministre-ibrahima-kalil-kaba-communique\/\",\"url\":\"https:\/\/universnews224.com\/index.php\/affaire-enregistrement-audio-les-vrais-raisons-de-larrestation-de-lancien-ministre-ibrahima-kalil-kaba-communique\/\",\"name\":\"Affaire Enregistrement audio: les vrais raisons de l\u2019arrestation de l\u2019ancien ministre, Ibrahima Kalil Kaba ( Communiqu\u00e9) - UNIVERSNEWS224\",\"isPartOf\":{\"@id\":\"https:\/\/universnews224.com\/#website\"},\"datePublished\":\"2022-03-24T19:20:41+00:00\",\"dateModified\":\"2022-03-24T21:04:49+00:00\",\"inLanguage\":\"fr-FR\",\"potentialAction\":[{\"@type\":\"ReadAction\",\"target\":[\"https:\/\/universnews224.com\/index.php\/affaire-enregistrement-audio-les-vrais-raisons-de-larrestation-de-lancien-ministre-ibrahima-kalil-kaba-communique\/\"]}]},{\"@type\":\"WebSite\",\"@id\":\"https:\/\/universnews224.com\/#website\",\"url\":\"https:\/\/universnews224.com\/\",\"name\":\"UNIVERSNEWS224\",\"description\":\"\",\"publisher\":{\"@id\":\"https:\/\/universnews224.com\/#organization\"},\"potentialAction\":[{\"@type\":\"SearchAction\",\"target\":{\"@type\":\"EntryPoint\",\"urlTemplate\":\"https:\/\/universnews224.com\/?s={search_term_string}\"},\"query-input\":\"required name=search_term_string\"}],\"inLanguage\":\"fr-FR\"},{\"@type\":\"Organization\",\"@id\":\"https:\/\/universnews224.com\/#organization\",\"name\":\"UNIVERSNEWS224\",\"url\":\"https:\/\/universnews224.com\/\",\"logo\":{\"@type\":\"ImageObject\",\"inLanguage\":\"fr-FR\",\"@id\":\"https:\/\/universnews224.com\/#\/schema\/logo\/image\/\",\"url\":\"https:\/\/universnews224.com\/wp-content\/uploads\/2022\/08\/cropped-cropped-logoban.jpg\",\"contentUrl\":\"https:\/\/universnews224.com\/wp-content\/uploads\/2022\/08\/cropped-cropped-logoban.jpg\",\"width\":1080,\"height\":138,\"caption\":\"UNIVERSNEWS224\"},\"image\":{\"@id\":\"https:\/\/universnews224.com\/#\/schema\/logo\/image\/\"}},{\"@type\":\"Person\",\"@id\":\"https:\/\/universnews224.com\/#\/schema\/person\/a4b7d4f94a4716df60456a491260485e\",\"name\":\"La R\u00e9daction\",\"image\":{\"@type\":\"ImageObject\",\"inLanguage\":\"fr-FR\",\"@id\":\"https:\/\/universnews224.com\/#\/schema\/person\/image\/\",\"url\":\"https:\/\/secure.gravatar.com\/avatar\/edb90acc7752b23e1b3307ad36c14f0d?s=96&d=mm&r=g\",\"contentUrl\":\"https:\/\/secure.gravatar.com\/avatar\/edb90acc7752b23e1b3307ad36c14f0d?s=96&d=mm&r=g\",\"caption\":\"La R\u00e9daction\"},\"sameAs\":[\"https:\/\/universnews224.com\"],\"url\":\"https:\/\/universnews224.com\/index.php\/author\/m-camara\/\"}]}<\/script>\n<!-- \/ Yoast SEO plugin. -->","yoast_head_json":{"title":"Affaire Enregistrement audio: les vrais raisons de l\u2019arrestation de l\u2019ancien ministre, Ibrahima Kalil Kaba ( Communiqu\u00e9) - UNIVERSNEWS224","robots":{"index":"index","follow":"follow","max-snippet":"max-snippet:-1","max-image-preview":"max-image-preview:large","max-video-preview":"max-video-preview:-1"},"canonical":"https:\/\/universnews224.com\/index.php\/affaire-enregistrement-audio-les-vrais-raisons-de-larrestation-de-lancien-ministre-ibrahima-kalil-kaba-communique\/","og_locale":"fr_FR","og_type":"article","og_title":"Affaire Enregistrement audio: les vrais raisons de l\u2019arrestation de l\u2019ancien ministre, Ibrahima Kalil Kaba ( Communiqu\u00e9) - UNIVERSNEWS224","og_description":"\u00a0 On en sait un peu plus sur les raisons de l\u2019arrestation des deux anciens","og_url":"https:\/\/universnews224.com\/index.php\/affaire-enregistrement-audio-les-vrais-raisons-de-larrestation-de-lancien-ministre-ibrahima-kalil-kaba-communique\/","og_site_name":"UNIVERSNEWS224","article_published_time":"2022-03-24T19:20:41+00:00","article_modified_time":"2022-03-24T21:04:49+00:00","og_image":[{"width":960,"height":540,"url":"https:\/\/universnews224.com\/wp-content\/uploads\/2022\/03\/Affaire-Enregistrement-audio-les-vrais-raisons-de-larrestation-de-lancien.jpg","type":"image\/jpeg"}],"author":"La R\u00e9daction","twitter_misc":{"\u00c9crit par":"La R\u00e9daction","Dur\u00e9e de lecture estim\u00e9e":"1 minute"},"schema":{"@context":"https:\/\/schema.org","@graph":[{"@type":"Article","@id":"https:\/\/universnews224.com\/index.php\/affaire-enregistrement-audio-les-vrais-raisons-de-larrestation-de-lancien-ministre-ibrahima-kalil-kaba-communique\/#article","isPartOf":{"@id":"https:\/\/universnews224.com\/index.php\/affaire-enregistrement-audio-les-vrais-raisons-de-larrestation-de-lancien-ministre-ibrahima-kalil-kaba-communique\/"},"author":{"name":"La R\u00e9daction","@id":"https:\/\/universnews224.com\/#\/schema\/person\/a4b7d4f94a4716df60456a491260485e"},"headline":"Affaire Enregistrement audio: les vrais raisons de l\u2019arrestation de l\u2019ancien ministre, Ibrahima Kalil Kaba ( Communiqu\u00e9)","datePublished":"2022-03-24T19:20:41+00:00","dateModified":"2022-03-24T21:04:49+00:00","mainEntityOfPage":{"@id":"https:\/\/universnews224.com\/index.php\/affaire-enregistrement-audio-les-vrais-raisons-de-larrestation-de-lancien-ministre-ibrahima-kalil-kaba-communique\/"},"wordCount":179,"publisher":{"@id":"https:\/\/universnews224.com\/#organization"},"articleSection":{"0":"ACTU","1":"AGRICULTURE","2":"CULTURE","3":"ENVIRONNEMENT","4":"GRANDS DOSSIERS","6":"POLITIQUE","7":"REPORTAGE","8":"SOCI\u00c9T\u00c9","9":"SPORT","10":"VID\u00c9O"},"inLanguage":"fr-FR"},{"@type":"WebPage","@id":"https:\/\/universnews224.com\/index.php\/affaire-enregistrement-audio-les-vrais-raisons-de-larrestation-de-lancien-ministre-ibrahima-kalil-kaba-communique\/","url":"https:\/\/universnews224.com\/index.php\/affaire-enregistrement-audio-les-vrais-raisons-de-larrestation-de-lancien-ministre-ibrahima-kalil-kaba-communique\/","name":"Affaire Enregistrement audio: les vrais raisons de l\u2019arrestation de l\u2019ancien ministre, Ibrahima Kalil Kaba ( Communiqu\u00e9) - UNIVERSNEWS224","isPartOf":{"@id":"https:\/\/universnews224.com\/#website"},"datePublished":"2022-03-24T19:20:41+00:00","dateModified":"2022-03-24T21:04:49+00:00","inLanguage":"fr-FR","potentialAction":[{"@type":"ReadAction","target":["https:\/\/universnews224.com\/index.php\/affaire-enregistrement-audio-les-vrais-raisons-de-larrestation-de-lancien-ministre-ibrahima-kalil-kaba-communique\/"]}]},{"@type":"WebSite","@id":"https:\/\/universnews224.com\/#website","url":"https:\/\/universnews224.com\/","name":"UNIVERSNEWS224","description":"","publisher":{"@id":"https:\/\/universnews224.com\/#organization"},"potentialAction":[{"@type":"SearchAction","target":{"@type":"EntryPoint","urlTemplate":"https:\/\/universnews224.com\/?s={search_term_string}"},"query-input":"required name=search_term_string"}],"inLanguage":"fr-FR"},{"@type":"Organization","@id":"https:\/\/universnews224.com\/#organization","name":"UNIVERSNEWS224","url":"https:\/\/universnews224.com\/","logo":{"@type":"ImageObject","inLanguage":"fr-FR","@id":"https:\/\/universnews224.com\/#\/schema\/logo\/image\/","url":"https:\/\/universnews224.com\/wp-content\/uploads\/2022\/08\/cropped-cropped-logoban.jpg","contentUrl":"https:\/\/universnews224.com\/wp-content\/uploads\/2022\/08\/cropped-cropped-logoban.jpg","width":1080,"height":138,"caption":"UNIVERSNEWS224"},"image":{"@id":"https:\/\/universnews224.com\/#\/schema\/logo\/image\/"}},{"@type":"Person","@id":"https:\/\/universnews224.com\/#\/schema\/person\/a4b7d4f94a4716df60456a491260485e","name":"La R\u00e9daction","image":{"@type":"ImageObject","inLanguage":"fr-FR","@id":"https:\/\/universnews224.com\/#\/schema\/person\/image\/","url":"https:\/\/secure.gravatar.com\/avatar\/edb90acc7752b23e1b3307ad36c14f0d?s=96&d=mm&r=g","contentUrl":"https:\/\/secure.gravatar.com\/avatar\/edb90acc7752b23e1b3307ad36c14f0d?s=96&d=mm&r=g","caption":"La R\u00e9daction"},"sameAs":["https:\/\/universnews224.com"],"url":"https:\/\/universnews224.com\/index.php\/author\/m-camara\/"}]}},"_links":{"self":[{"href":"https:\/\/universnews224.com\/index.php\/wp-json\/wp\/v2\/posts\/802"}],"collection":[{"href":"https:\/\/universnews224.com\/index.php\/wp-json\/wp\/v2\/posts"}],"about":[{"href":"https:\/\/universnews224.com\/index.php\/wp-json\/wp\/v2\/types\/post"}],"author":[{"embeddable":true,"href":"https:\/\/universnews224.com\/index.php\/wp-json\/wp\/v2\/users\/2"}],"replies":[{"embeddable":true,"href":"https:\/\/universnews224.com\/index.php\/wp-json\/wp\/v2\/comments?post=802"}],"version-history":[{"count":1,"href":"https:\/\/universnews224.com\/index.php\/wp-json\/wp\/v2\/posts\/802\/revisions"}],"predecessor-version":[{"id":804,"href":"https:\/\/universnews224.com\/index.php\/wp-json\/wp\/v2\/posts\/802\/revisions\/804"}],"wp:featuredmedia":[{"embeddable":true,"href":"https:\/\/universnews224.com\/index.php\/wp-json\/wp\/v2\/media\/803"}],"wp:attachment":[{"href":"https:\/\/universnews224.com\/index.php\/wp-json\/wp\/v2\/media?parent=802"}],"wp:term":[{"taxonomy":"category","embeddable":true,"href":"https:\/\/universnews224.com\/index.php\/wp-json\/wp\/v2\/categories?post=802"},{"taxonomy":"post_tag","embeddable":true,"href":"https:\/\/universnews224.com\/index.php\/wp-json\/wp\/v2\/tags?post=802"}],"curies":[{"name":"wp","href":"https:\/\/api.w.org\/{rel}","templated":true}]}}