{"id":8154,"date":"2025-05-06T23:38:48","date_gmt":"2025-05-06T22:38:48","guid":{"rendered":"https:\/\/universnews224.com\/?p=8154"},"modified":"2025-05-06T23:38:48","modified_gmt":"2025-05-06T22:38:48","slug":"mamadi-doumbouya-exprime-le-soutien-indefectible-de-la-nation-au-cardinal-robert-sarah","status":"publish","type":"post","link":"https:\/\/universnews224.com\/index.php\/mamadi-doumbouya-exprime-le-soutien-indefectible-de-la-nation-au-cardinal-robert-sarah\/","title":{"rendered":"Mamadi Doumbouya exprime le \u201csoutien ind\u00e9fectible\u201d de la Nation au cardinal Robert Sarah"},"content":{"rendered":"<p>\u00c0 la veille de la r\u00e9union au Vatican devant d\u00e9signer le successeur \u00a0du Pape Fran\u00e7ois, mort le 21 avril dernier \u00e0 l\u2019\u00e2ge de 86 ans, le chef de l\u2019Etat guin\u00e9en a adress\u00e9 mardi un message de soutien au Cardinal Robert Sarah, candidat s\u00e9rieux au pontificat.<img loading=\"lazy\" class=\"alignnone size-full wp-image-10931\" src=\"https:\/\/www.influencesnews.com\/wp-content\/uploads\/2025\/05\/Robert-Sarah.jpg\" alt=\"\" width=\"960\" height=\"638\" \/><\/p>\n<p>\u00ab\u00a0C\u2019est avec \ud835\ude02\ud835\uddfb\ud835\uddf2 \ud835\uddf6\ud835\uddfa\ud835\uddfa\ud835\uddf2\ud835\uddfb\ud835\ude00\ud835\uddf2 \ud835\uddf3\ud835\uddf6\ud835\uddf2\ud835\uddff\ud835\ude01\ud835\uddf2 \ud835\uddf2\ud835\ude01 \ud835\ude02\ud835\uddfb\ud835\uddf2 \ud835\uddfd\ud835\uddff\ud835\uddfc\ud835\uddf3\ud835\uddfc\ud835\uddfb\ud835\uddf1\ud835\uddf2 \ud835\uddff\ud835\uddf2\ud835\uddf0\ud835\uddfc\ud835\uddfb\ud835\uddfb\ud835\uddee\ud835\uddf6\ud835\ude00\ud835\ude00\ud835\uddee\ud835\uddfb\ud835\uddf0\ud835\uddf2 que le peuple souverain de Guin\u00e9e, dans toutes ses composantes, salue la stature exceptionnelle de \ud835\udde6\ud835\uddfc\ud835\uddfb \ud835\uddd8\ud835\uddfa\ud835\uddf6\ud835\uddfb\ud835\uddf2\ud835\uddfb\ud835\uddf0\ud835\uddf2 \ud835\uddf9\ud835\uddf2 \ud835\uddd6\ud835\uddee\ud835\uddff\ud835\uddf1\ud835\uddf6\ud835\uddfb\ud835\uddee\ud835\uddf9 \ud835\udde5\ud835\uddfc\ud835\uddef\ud835\uddf2\ud835\uddff\ud835\ude01 \ud835\udde6\ud835\uddd4\ud835\udde5\ud835\uddd4\ud835\udddb, dont le parcours spirituel, l\u2019humilit\u00e9 remarquable et la fid\u00e9lit\u00e9 in\u00e9branlable aux valeurs de l\u2019\u00c9vangile inspirent respect et admiration au-del\u00e0 des fronti\u00e8res de notre Nation \u00bb, \u00e9crit le g\u00e9n\u00e9ral Mamadi Doumbouya dans un post sur sa page Facebook.<\/p>\n<div class=\"google-auto-placed ap_container\">\n<p>\u00a0<span style=\"text-transform: initial\">\u00ab \u00c0 l\u2019heure o\u00f9 l\u2019\u00c9glise universelle se pr\u00e9pare \u00e0 \u00e9crire une nouvelle page de son histoire, nous, peuple souverain de Guin\u00e9e, unis derri\u00e8re votre personne, vous adressons tout notre soutien fraternel et nos pri\u00e8res ferventes. Que la sagesse, le courage et la foi qui vous habitent guident les c\u0153urs et les esprits vers le choix d\u2019un Pape : juste, fort et profond\u00e9ment attach\u00e9 au service de l\u2019humanit\u00e9 \u00bb, prie le pr\u00e9sident guin\u00e9en qui a particip\u00e9 \u00e0 la Cath\u00e9drale Sainte-Marie de Conakry \u00e0 la messe de No\u00ebl de d\u00e9cembre 2021, trois mois seulement apr\u00e8s son arriv\u00e9e au pouvoir<\/span><\/p>\n<\/div>\n<div class=\"opfecnw opfecnw-post-inline opfecnw-float-center opfecnw-align-center opfecnw-column-1 opfecnw-hide-on-tablet-portrait opfecnw-hide-on-tablet-landscape opfecnw-hide-on-desktop opfecnw-clearfix no-bg-box-model\">\n<div id=\"opfecnw-231298-1480092060\" class=\"opfecnw-container opfecnw-type-custom_code opfecnw-hide-on-desktop opfecnw-hide-on-tablet-portrait opfecnw-hide-on-tablet-landscape\" data-adid=\"231298\" data-type=\"custom_code\">\n<p>\u00a0Plus loin, le dirigeant guin\u00e9en de saluer l\u2019engagement du religieux : \u00ab Votre engagement constant pour la v\u00e9rit\u00e9, votre d\u00e9fense des plus faibles et votre amour pour l\u2019Afrique font de vous un digne fils du continent et un espoir lumineux pour l\u2019\u00c9glise catholique \u00bb.<\/p>\n<\/div>\n<\/div>\n<div class=\"google-auto-placed ap_container\">\n<p>\u00a0\u00bbAu nom de la Nation guin\u00e9enne, je vous exprime notre respect le plus solennel et notre soutien ind\u00e9fectible dans cette mission sacr\u00e9e. Que Dieu vous garde et vous accorde sa lumi\u00e8re sur ce chemin \u00e9lev\u00e9 \u00bb, assure-t-il.<\/p>\n<\/div>\n<p>Connu pour ses critiques acerbes contre les r\u00e9gimes successifs particuli\u00e8rement ceux de S\u00e9kou Tour\u00e9 et Lansana Cont\u00e9, le Cardinal Sarah avait livr\u00e9 un long discours au lendemain du putsch de septembre 2021, dans lequel il a appel\u00e9 \u00e0 une nouvelle Guin\u00e9e.<\/p>\n<p>Mediaguinee.com<\/p>\n<div class=\"google-auto-placed ap_container\" style=\"color: #222222;font-family: Verdana, Geneva, sans-serif;font-size: 25px;width: 354px;height: auto;clear: both;text-align: center\">\n<p>&nbsp;<\/p>\n<\/div>\n","protected":false},"excerpt":{"rendered":"<p>\u00c0 la veille de la r\u00e9union au Vatican devant d\u00e9signer le successeur \u00a0du Pape Fran\u00e7ois,<\/p>\n","protected":false},"author":2,"featured_media":8155,"comment_status":"closed","ping_status":"open","sticky":false,"template":"","format":"standard","meta":[],"categories":[3,5],"tags":[237],"yoast_head":"<!-- This site is optimized with the Yoast SEO plugin v19.13 - https:\/\/yoast.com\/wordpress\/plugins\/seo\/ -->\n<title>Mamadi Doumbouya exprime le \u201csoutien ind\u00e9fectible\u201d de la Nation au cardinal Robert Sarah - UNIVERSNEWS224<\/title>\n<meta name=\"robots\" content=\"index, follow, max-snippet:-1, max-image-preview:large, max-video-preview:-1\" \/>\n<link rel=\"canonical\" href=\"https:\/\/universnews224.com\/index.php\/mamadi-doumbouya-exprime-le-soutien-indefectible-de-la-nation-au-cardinal-robert-sarah\/\" \/>\n<meta property=\"og:locale\" content=\"fr_FR\" \/>\n<meta property=\"og:type\" content=\"article\" \/>\n<meta property=\"og:title\" content=\"Mamadi Doumbouya exprime le \u201csoutien ind\u00e9fectible\u201d de la Nation au cardinal Robert Sarah - UNIVERSNEWS224\" \/>\n<meta property=\"og:description\" content=\"\u00c0 la veille de la r\u00e9union au Vatican devant d\u00e9signer le successeur \u00a0du Pape Fran\u00e7ois,\" \/>\n<meta property=\"og:url\" content=\"https:\/\/universnews224.com\/index.php\/mamadi-doumbouya-exprime-le-soutien-indefectible-de-la-nation-au-cardinal-robert-sarah\/\" \/>\n<meta property=\"og:site_name\" content=\"UNIVERSNEWS224\" \/>\n<meta property=\"article:published_time\" content=\"2025-05-06T22:38:48+00:00\" \/>\n<meta property=\"og:image\" content=\"https:\/\/universnews224.com\/wp-content\/uploads\/2025\/05\/Robert-Sarah.jpg\" \/>\n\t<meta property=\"og:image:width\" content=\"960\" \/>\n\t<meta property=\"og:image:height\" content=\"638\" \/>\n\t<meta property=\"og:image:type\" content=\"image\/jpeg\" \/>\n<meta name=\"author\" content=\"La R\u00e9daction\" \/>\n<meta name=\"twitter:label1\" content=\"\u00c9crit par\" \/>\n\t<meta name=\"twitter:data1\" content=\"La R\u00e9daction\" \/>\n\t<meta name=\"twitter:label2\" content=\"Dur\u00e9e de lecture estim\u00e9e\" \/>\n\t<meta name=\"twitter:data2\" content=\"2 minutes\" \/>\n<script type=\"application\/ld+json\" class=\"yoast-schema-graph\">{\"@context\":\"https:\/\/schema.org\",\"@graph\":[{\"@type\":\"Article\",\"@id\":\"https:\/\/universnews224.com\/index.php\/mamadi-doumbouya-exprime-le-soutien-indefectible-de-la-nation-au-cardinal-robert-sarah\/#article\",\"isPartOf\":{\"@id\":\"https:\/\/universnews224.com\/index.php\/mamadi-doumbouya-exprime-le-soutien-indefectible-de-la-nation-au-cardinal-robert-sarah\/\"},\"author\":{\"name\":\"La R\u00e9daction\",\"@id\":\"https:\/\/universnews224.com\/#\/schema\/person\/a4b7d4f94a4716df60456a491260485e\"},\"headline\":\"Mamadi Doumbouya exprime le \u201csoutien ind\u00e9fectible\u201d de la Nation au cardinal Robert Sarah\",\"datePublished\":\"2025-05-06T22:38:48+00:00\",\"dateModified\":\"2025-05-06T22:38:48+00:00\",\"mainEntityOfPage\":{\"@id\":\"https:\/\/universnews224.com\/index.php\/mamadi-doumbouya-exprime-le-soutien-indefectible-de-la-nation-au-cardinal-robert-sarah\/\"},\"wordCount\":363,\"publisher\":{\"@id\":\"https:\/\/universnews224.com\/#organization\"},\"keywords\":[\"A la une\"],\"articleSection\":[\"ACTU\",\"SOCI\u00c9T\u00c9\"],\"inLanguage\":\"fr-FR\"},{\"@type\":\"WebPage\",\"@id\":\"https:\/\/universnews224.com\/index.php\/mamadi-doumbouya-exprime-le-soutien-indefectible-de-la-nation-au-cardinal-robert-sarah\/\",\"url\":\"https:\/\/universnews224.com\/index.php\/mamadi-doumbouya-exprime-le-soutien-indefectible-de-la-nation-au-cardinal-robert-sarah\/\",\"name\":\"Mamadi Doumbouya exprime le \u201csoutien ind\u00e9fectible\u201d de la Nation au cardinal Robert Sarah - UNIVERSNEWS224\",\"isPartOf\":{\"@id\":\"https:\/\/universnews224.com\/#website\"},\"datePublished\":\"2025-05-06T22:38:48+00:00\",\"dateModified\":\"2025-05-06T22:38:48+00:00\",\"inLanguage\":\"fr-FR\",\"potentialAction\":[{\"@type\":\"ReadAction\",\"target\":[\"https:\/\/universnews224.com\/index.php\/mamadi-doumbouya-exprime-le-soutien-indefectible-de-la-nation-au-cardinal-robert-sarah\/\"]}]},{\"@type\":\"WebSite\",\"@id\":\"https:\/\/universnews224.com\/#website\",\"url\":\"https:\/\/universnews224.com\/\",\"name\":\"UNIVERSNEWS224\",\"description\":\"\",\"publisher\":{\"@id\":\"https:\/\/universnews224.com\/#organization\"},\"potentialAction\":[{\"@type\":\"SearchAction\",\"target\":{\"@type\":\"EntryPoint\",\"urlTemplate\":\"https:\/\/universnews224.com\/?s={search_term_string}\"},\"query-input\":\"required name=search_term_string\"}],\"inLanguage\":\"fr-FR\"},{\"@type\":\"Organization\",\"@id\":\"https:\/\/universnews224.com\/#organization\",\"name\":\"UNIVERSNEWS224\",\"url\":\"https:\/\/universnews224.com\/\",\"logo\":{\"@type\":\"ImageObject\",\"inLanguage\":\"fr-FR\",\"@id\":\"https:\/\/universnews224.com\/#\/schema\/logo\/image\/\",\"url\":\"https:\/\/universnews224.com\/wp-content\/uploads\/2022\/08\/cropped-cropped-logoban.jpg\",\"contentUrl\":\"https:\/\/universnews224.com\/wp-content\/uploads\/2022\/08\/cropped-cropped-logoban.jpg\",\"width\":1080,\"height\":138,\"caption\":\"UNIVERSNEWS224\"},\"image\":{\"@id\":\"https:\/\/universnews224.com\/#\/schema\/logo\/image\/\"}},{\"@type\":\"Person\",\"@id\":\"https:\/\/universnews224.com\/#\/schema\/person\/a4b7d4f94a4716df60456a491260485e\",\"name\":\"La R\u00e9daction\",\"image\":{\"@type\":\"ImageObject\",\"inLanguage\":\"fr-FR\",\"@id\":\"https:\/\/universnews224.com\/#\/schema\/person\/image\/\",\"url\":\"https:\/\/secure.gravatar.com\/avatar\/edb90acc7752b23e1b3307ad36c14f0d?s=96&d=mm&r=g\",\"contentUrl\":\"https:\/\/secure.gravatar.com\/avatar\/edb90acc7752b23e1b3307ad36c14f0d?s=96&d=mm&r=g\",\"caption\":\"La R\u00e9daction\"},\"sameAs\":[\"https:\/\/universnews224.com\"],\"url\":\"https:\/\/universnews224.com\/index.php\/author\/m-camara\/\"}]}<\/script>\n<!-- \/ Yoast SEO plugin. -->","yoast_head_json":{"title":"Mamadi Doumbouya exprime le \u201csoutien ind\u00e9fectible\u201d de la Nation au cardinal Robert Sarah - UNIVERSNEWS224","robots":{"index":"index","follow":"follow","max-snippet":"max-snippet:-1","max-image-preview":"max-image-preview:large","max-video-preview":"max-video-preview:-1"},"canonical":"https:\/\/universnews224.com\/index.php\/mamadi-doumbouya-exprime-le-soutien-indefectible-de-la-nation-au-cardinal-robert-sarah\/","og_locale":"fr_FR","og_type":"article","og_title":"Mamadi Doumbouya exprime le \u201csoutien ind\u00e9fectible\u201d de la Nation au cardinal Robert Sarah - UNIVERSNEWS224","og_description":"\u00c0 la veille de la r\u00e9union au Vatican devant d\u00e9signer le successeur \u00a0du Pape Fran\u00e7ois,","og_url":"https:\/\/universnews224.com\/index.php\/mamadi-doumbouya-exprime-le-soutien-indefectible-de-la-nation-au-cardinal-robert-sarah\/","og_site_name":"UNIVERSNEWS224","article_published_time":"2025-05-06T22:38:48+00:00","og_image":[{"width":960,"height":638,"url":"https:\/\/universnews224.com\/wp-content\/uploads\/2025\/05\/Robert-Sarah.jpg","type":"image\/jpeg"}],"author":"La R\u00e9daction","twitter_misc":{"\u00c9crit par":"La R\u00e9daction","Dur\u00e9e de lecture estim\u00e9e":"2 minutes"},"schema":{"@context":"https:\/\/schema.org","@graph":[{"@type":"Article","@id":"https:\/\/universnews224.com\/index.php\/mamadi-doumbouya-exprime-le-soutien-indefectible-de-la-nation-au-cardinal-robert-sarah\/#article","isPartOf":{"@id":"https:\/\/universnews224.com\/index.php\/mamadi-doumbouya-exprime-le-soutien-indefectible-de-la-nation-au-cardinal-robert-sarah\/"},"author":{"name":"La R\u00e9daction","@id":"https:\/\/universnews224.com\/#\/schema\/person\/a4b7d4f94a4716df60456a491260485e"},"headline":"Mamadi Doumbouya exprime le \u201csoutien ind\u00e9fectible\u201d de la Nation au cardinal Robert Sarah","datePublished":"2025-05-06T22:38:48+00:00","dateModified":"2025-05-06T22:38:48+00:00","mainEntityOfPage":{"@id":"https:\/\/universnews224.com\/index.php\/mamadi-doumbouya-exprime-le-soutien-indefectible-de-la-nation-au-cardinal-robert-sarah\/"},"wordCount":363,"publisher":{"@id":"https:\/\/universnews224.com\/#organization"},"keywords":["A la une"],"articleSection":["ACTU","SOCI\u00c9T\u00c9"],"inLanguage":"fr-FR"},{"@type":"WebPage","@id":"https:\/\/universnews224.com\/index.php\/mamadi-doumbouya-exprime-le-soutien-indefectible-de-la-nation-au-cardinal-robert-sarah\/","url":"https:\/\/universnews224.com\/index.php\/mamadi-doumbouya-exprime-le-soutien-indefectible-de-la-nation-au-cardinal-robert-sarah\/","name":"Mamadi Doumbouya exprime le \u201csoutien ind\u00e9fectible\u201d de la Nation au cardinal Robert Sarah - UNIVERSNEWS224","isPartOf":{"@id":"https:\/\/universnews224.com\/#website"},"datePublished":"2025-05-06T22:38:48+00:00","dateModified":"2025-05-06T22:38:48+00:00","inLanguage":"fr-FR","potentialAction":[{"@type":"ReadAction","target":["https:\/\/universnews224.com\/index.php\/mamadi-doumbouya-exprime-le-soutien-indefectible-de-la-nation-au-cardinal-robert-sarah\/"]}]},{"@type":"WebSite","@id":"https:\/\/universnews224.com\/#website","url":"https:\/\/universnews224.com\/","name":"UNIVERSNEWS224","description":"","publisher":{"@id":"https:\/\/universnews224.com\/#organization"},"potentialAction":[{"@type":"SearchAction","target":{"@type":"EntryPoint","urlTemplate":"https:\/\/universnews224.com\/?s={search_term_string}"},"query-input":"required name=search_term_string"}],"inLanguage":"fr-FR"},{"@type":"Organization","@id":"https:\/\/universnews224.com\/#organization","name":"UNIVERSNEWS224","url":"https:\/\/universnews224.com\/","logo":{"@type":"ImageObject","inLanguage":"fr-FR","@id":"https:\/\/universnews224.com\/#\/schema\/logo\/image\/","url":"https:\/\/universnews224.com\/wp-content\/uploads\/2022\/08\/cropped-cropped-logoban.jpg","contentUrl":"https:\/\/universnews224.com\/wp-content\/uploads\/2022\/08\/cropped-cropped-logoban.jpg","width":1080,"height":138,"caption":"UNIVERSNEWS224"},"image":{"@id":"https:\/\/universnews224.com\/#\/schema\/logo\/image\/"}},{"@type":"Person","@id":"https:\/\/universnews224.com\/#\/schema\/person\/a4b7d4f94a4716df60456a491260485e","name":"La R\u00e9daction","image":{"@type":"ImageObject","inLanguage":"fr-FR","@id":"https:\/\/universnews224.com\/#\/schema\/person\/image\/","url":"https:\/\/secure.gravatar.com\/avatar\/edb90acc7752b23e1b3307ad36c14f0d?s=96&d=mm&r=g","contentUrl":"https:\/\/secure.gravatar.com\/avatar\/edb90acc7752b23e1b3307ad36c14f0d?s=96&d=mm&r=g","caption":"La R\u00e9daction"},"sameAs":["https:\/\/universnews224.com"],"url":"https:\/\/universnews224.com\/index.php\/author\/m-camara\/"}]}},"_links":{"self":[{"href":"https:\/\/universnews224.com\/index.php\/wp-json\/wp\/v2\/posts\/8154"}],"collection":[{"href":"https:\/\/universnews224.com\/index.php\/wp-json\/wp\/v2\/posts"}],"about":[{"href":"https:\/\/universnews224.com\/index.php\/wp-json\/wp\/v2\/types\/post"}],"author":[{"embeddable":true,"href":"https:\/\/universnews224.com\/index.php\/wp-json\/wp\/v2\/users\/2"}],"replies":[{"embeddable":true,"href":"https:\/\/universnews224.com\/index.php\/wp-json\/wp\/v2\/comments?post=8154"}],"version-history":[{"count":1,"href":"https:\/\/universnews224.com\/index.php\/wp-json\/wp\/v2\/posts\/8154\/revisions"}],"predecessor-version":[{"id":8156,"href":"https:\/\/universnews224.com\/index.php\/wp-json\/wp\/v2\/posts\/8154\/revisions\/8156"}],"wp:featuredmedia":[{"embeddable":true,"href":"https:\/\/universnews224.com\/index.php\/wp-json\/wp\/v2\/media\/8155"}],"wp:attachment":[{"href":"https:\/\/universnews224.com\/index.php\/wp-json\/wp\/v2\/media?parent=8154"}],"wp:term":[{"taxonomy":"category","embeddable":true,"href":"https:\/\/universnews224.com\/index.php\/wp-json\/wp\/v2\/categories?post=8154"},{"taxonomy":"post_tag","embeddable":true,"href":"https:\/\/universnews224.com\/index.php\/wp-json\/wp\/v2\/tags?post=8154"}],"curies":[{"name":"wp","href":"https:\/\/api.w.org\/{rel}","templated":true}]}}