{"id":8159,"date":"2025-05-07T14:55:49","date_gmt":"2025-05-07T13:55:49","guid":{"rendered":"https:\/\/universnews224.com\/?p=8159"},"modified":"2025-05-07T14:55:49","modified_gmt":"2025-05-07T13:55:49","slug":"le-general-doumbouya-regagne-conakry-ce-jeudi","status":"publish","type":"post","link":"https:\/\/universnews224.com\/index.php\/le-general-doumbouya-regagne-conakry-ce-jeudi\/","title":{"rendered":"Le G\u00e9n\u00e9ral Doumbouya regagne Conakry ce jeudi"},"content":{"rendered":"<p style=\"margin: 0px 0px 1em;padding: 0px;border: 0px;line-height: inherit;font-family: 'Helvetica Neue', Helvetica, Roboto, Arial, sans-serif;vertical-align: baseline;text-align: justify\">Apr\u00e8s une tourn\u00e9e qui l\u2019a conduit au Rwanda chez Paul Kagame, puis au Gabon, o\u00f9 il a pris part \u00e0 l\u2019investiture du pr\u00e9sident Brice Clotaire Oligui Nguema, le pr\u00e9sident de la transition, le G\u00e9n\u00e9ral Mamadi Doumbouya s\u2019appr\u00eate \u00e0 regagner Conakry. Selon nos informations, le Chef de l\u2019Etat va regagner la capitale guin\u00e9enne le jeudi 8 mai prochain.<\/p>\n<p style=\"margin: 0px 0px 1em;padding: 0px;border: 0px;line-height: inherit;font-family: 'Helvetica Neue', Helvetica, Roboto, Arial, sans-serif;vertical-align: baseline;text-align: justify\">Merci de lire ci-dessous, le communiqu\u00e9 de la DCI\u2026<\/p>\n<p><a href=\"https:\/\/universnews224.com\/wp-content\/uploads\/2025\/05\/IMG-20250507-WA0000.jpg\"><img loading=\"lazy\" class=\"alignnone size-medium wp-image-8160\" src=\"https:\/\/universnews224.com\/wp-content\/uploads\/2025\/05\/IMG-20250507-WA0000-211x300.jpg\" alt=\"\" width=\"211\" height=\"300\" srcset=\"https:\/\/universnews224.com\/wp-content\/uploads\/2025\/05\/IMG-20250507-WA0000-211x300.jpg 211w, https:\/\/universnews224.com\/wp-content\/uploads\/2025\/05\/IMG-20250507-WA0000.jpg 672w\" sizes=\"(max-width: 211px) 100vw, 211px\" \/><\/a><\/p>\n","protected":false},"excerpt":{"rendered":"<p>Apr\u00e8s une tourn\u00e9e qui l\u2019a conduit au Rwanda chez Paul Kagame, puis au Gabon, o\u00f9<\/p>\n","protected":false},"author":2,"featured_media":8161,"comment_status":"closed","ping_status":"open","sticky":false,"template":"","format":"standard","meta":[],"categories":[3,5],"tags":[237],"yoast_head":"<!-- This site is optimized with the Yoast SEO plugin v19.13 - https:\/\/yoast.com\/wordpress\/plugins\/seo\/ -->\n<title>Le G\u00e9n\u00e9ral Doumbouya regagne Conakry ce jeudi - UNIVERSNEWS224<\/title>\n<meta name=\"robots\" content=\"index, follow, max-snippet:-1, max-image-preview:large, max-video-preview:-1\" \/>\n<link rel=\"canonical\" href=\"https:\/\/universnews224.com\/index.php\/le-general-doumbouya-regagne-conakry-ce-jeudi\/\" \/>\n<meta property=\"og:locale\" content=\"fr_FR\" \/>\n<meta property=\"og:type\" content=\"article\" \/>\n<meta property=\"og:title\" content=\"Le G\u00e9n\u00e9ral Doumbouya regagne Conakry ce jeudi - UNIVERSNEWS224\" \/>\n<meta property=\"og:description\" content=\"Apr\u00e8s une tourn\u00e9e qui l\u2019a conduit au Rwanda chez Paul Kagame, puis au Gabon, o\u00f9\" \/>\n<meta property=\"og:url\" content=\"https:\/\/universnews224.com\/index.php\/le-general-doumbouya-regagne-conakry-ce-jeudi\/\" \/>\n<meta property=\"og:site_name\" content=\"UNIVERSNEWS224\" \/>\n<meta property=\"article:published_time\" content=\"2025-05-07T13:55:49+00:00\" \/>\n<meta property=\"og:image\" content=\"https:\/\/universnews224.com\/wp-content\/uploads\/2025\/05\/FB_IMG_1746623167257-750x375-1.jpg\" \/>\n\t<meta property=\"og:image:width\" content=\"750\" \/>\n\t<meta property=\"og:image:height\" content=\"375\" \/>\n\t<meta property=\"og:image:type\" content=\"image\/jpeg\" \/>\n<meta name=\"author\" content=\"La R\u00e9daction\" \/>\n<meta name=\"twitter:label1\" content=\"\u00c9crit par\" \/>\n\t<meta name=\"twitter:data1\" content=\"La R\u00e9daction\" \/>\n\t<meta name=\"twitter:label2\" content=\"Dur\u00e9e de lecture estim\u00e9e\" \/>\n\t<meta name=\"twitter:data2\" content=\"1 minute\" \/>\n<script type=\"application\/ld+json\" class=\"yoast-schema-graph\">{\"@context\":\"https:\/\/schema.org\",\"@graph\":[{\"@type\":\"Article\",\"@id\":\"https:\/\/universnews224.com\/index.php\/le-general-doumbouya-regagne-conakry-ce-jeudi\/#article\",\"isPartOf\":{\"@id\":\"https:\/\/universnews224.com\/index.php\/le-general-doumbouya-regagne-conakry-ce-jeudi\/\"},\"author\":{\"name\":\"La R\u00e9daction\",\"@id\":\"https:\/\/universnews224.com\/#\/schema\/person\/a4b7d4f94a4716df60456a491260485e\"},\"headline\":\"Le G\u00e9n\u00e9ral Doumbouya regagne Conakry ce jeudi\",\"datePublished\":\"2025-05-07T13:55:49+00:00\",\"dateModified\":\"2025-05-07T13:55:49+00:00\",\"mainEntityOfPage\":{\"@id\":\"https:\/\/universnews224.com\/index.php\/le-general-doumbouya-regagne-conakry-ce-jeudi\/\"},\"wordCount\":84,\"publisher\":{\"@id\":\"https:\/\/universnews224.com\/#organization\"},\"keywords\":[\"A la une\"],\"articleSection\":[\"ACTU\",\"SOCI\u00c9T\u00c9\"],\"inLanguage\":\"fr-FR\"},{\"@type\":\"WebPage\",\"@id\":\"https:\/\/universnews224.com\/index.php\/le-general-doumbouya-regagne-conakry-ce-jeudi\/\",\"url\":\"https:\/\/universnews224.com\/index.php\/le-general-doumbouya-regagne-conakry-ce-jeudi\/\",\"name\":\"Le G\u00e9n\u00e9ral Doumbouya regagne Conakry ce jeudi - UNIVERSNEWS224\",\"isPartOf\":{\"@id\":\"https:\/\/universnews224.com\/#website\"},\"datePublished\":\"2025-05-07T13:55:49+00:00\",\"dateModified\":\"2025-05-07T13:55:49+00:00\",\"inLanguage\":\"fr-FR\",\"potentialAction\":[{\"@type\":\"ReadAction\",\"target\":[\"https:\/\/universnews224.com\/index.php\/le-general-doumbouya-regagne-conakry-ce-jeudi\/\"]}]},{\"@type\":\"WebSite\",\"@id\":\"https:\/\/universnews224.com\/#website\",\"url\":\"https:\/\/universnews224.com\/\",\"name\":\"UNIVERSNEWS224\",\"description\":\"\",\"publisher\":{\"@id\":\"https:\/\/universnews224.com\/#organization\"},\"potentialAction\":[{\"@type\":\"SearchAction\",\"target\":{\"@type\":\"EntryPoint\",\"urlTemplate\":\"https:\/\/universnews224.com\/?s={search_term_string}\"},\"query-input\":\"required name=search_term_string\"}],\"inLanguage\":\"fr-FR\"},{\"@type\":\"Organization\",\"@id\":\"https:\/\/universnews224.com\/#organization\",\"name\":\"UNIVERSNEWS224\",\"url\":\"https:\/\/universnews224.com\/\",\"logo\":{\"@type\":\"ImageObject\",\"inLanguage\":\"fr-FR\",\"@id\":\"https:\/\/universnews224.com\/#\/schema\/logo\/image\/\",\"url\":\"https:\/\/universnews224.com\/wp-content\/uploads\/2022\/08\/cropped-cropped-logoban.jpg\",\"contentUrl\":\"https:\/\/universnews224.com\/wp-content\/uploads\/2022\/08\/cropped-cropped-logoban.jpg\",\"width\":1080,\"height\":138,\"caption\":\"UNIVERSNEWS224\"},\"image\":{\"@id\":\"https:\/\/universnews224.com\/#\/schema\/logo\/image\/\"}},{\"@type\":\"Person\",\"@id\":\"https:\/\/universnews224.com\/#\/schema\/person\/a4b7d4f94a4716df60456a491260485e\",\"name\":\"La R\u00e9daction\",\"image\":{\"@type\":\"ImageObject\",\"inLanguage\":\"fr-FR\",\"@id\":\"https:\/\/universnews224.com\/#\/schema\/person\/image\/\",\"url\":\"https:\/\/secure.gravatar.com\/avatar\/edb90acc7752b23e1b3307ad36c14f0d?s=96&d=mm&r=g\",\"contentUrl\":\"https:\/\/secure.gravatar.com\/avatar\/edb90acc7752b23e1b3307ad36c14f0d?s=96&d=mm&r=g\",\"caption\":\"La R\u00e9daction\"},\"sameAs\":[\"https:\/\/universnews224.com\"],\"url\":\"https:\/\/universnews224.com\/index.php\/author\/m-camara\/\"}]}<\/script>\n<!-- \/ Yoast SEO plugin. -->","yoast_head_json":{"title":"Le G\u00e9n\u00e9ral Doumbouya regagne Conakry ce jeudi - UNIVERSNEWS224","robots":{"index":"index","follow":"follow","max-snippet":"max-snippet:-1","max-image-preview":"max-image-preview:large","max-video-preview":"max-video-preview:-1"},"canonical":"https:\/\/universnews224.com\/index.php\/le-general-doumbouya-regagne-conakry-ce-jeudi\/","og_locale":"fr_FR","og_type":"article","og_title":"Le G\u00e9n\u00e9ral Doumbouya regagne Conakry ce jeudi - UNIVERSNEWS224","og_description":"Apr\u00e8s une tourn\u00e9e qui l\u2019a conduit au Rwanda chez Paul Kagame, puis au Gabon, o\u00f9","og_url":"https:\/\/universnews224.com\/index.php\/le-general-doumbouya-regagne-conakry-ce-jeudi\/","og_site_name":"UNIVERSNEWS224","article_published_time":"2025-05-07T13:55:49+00:00","og_image":[{"width":750,"height":375,"url":"https:\/\/universnews224.com\/wp-content\/uploads\/2025\/05\/FB_IMG_1746623167257-750x375-1.jpg","type":"image\/jpeg"}],"author":"La R\u00e9daction","twitter_misc":{"\u00c9crit par":"La R\u00e9daction","Dur\u00e9e de lecture estim\u00e9e":"1 minute"},"schema":{"@context":"https:\/\/schema.org","@graph":[{"@type":"Article","@id":"https:\/\/universnews224.com\/index.php\/le-general-doumbouya-regagne-conakry-ce-jeudi\/#article","isPartOf":{"@id":"https:\/\/universnews224.com\/index.php\/le-general-doumbouya-regagne-conakry-ce-jeudi\/"},"author":{"name":"La R\u00e9daction","@id":"https:\/\/universnews224.com\/#\/schema\/person\/a4b7d4f94a4716df60456a491260485e"},"headline":"Le G\u00e9n\u00e9ral Doumbouya regagne Conakry ce jeudi","datePublished":"2025-05-07T13:55:49+00:00","dateModified":"2025-05-07T13:55:49+00:00","mainEntityOfPage":{"@id":"https:\/\/universnews224.com\/index.php\/le-general-doumbouya-regagne-conakry-ce-jeudi\/"},"wordCount":84,"publisher":{"@id":"https:\/\/universnews224.com\/#organization"},"keywords":["A la une"],"articleSection":["ACTU","SOCI\u00c9T\u00c9"],"inLanguage":"fr-FR"},{"@type":"WebPage","@id":"https:\/\/universnews224.com\/index.php\/le-general-doumbouya-regagne-conakry-ce-jeudi\/","url":"https:\/\/universnews224.com\/index.php\/le-general-doumbouya-regagne-conakry-ce-jeudi\/","name":"Le G\u00e9n\u00e9ral Doumbouya regagne Conakry ce jeudi - UNIVERSNEWS224","isPartOf":{"@id":"https:\/\/universnews224.com\/#website"},"datePublished":"2025-05-07T13:55:49+00:00","dateModified":"2025-05-07T13:55:49+00:00","inLanguage":"fr-FR","potentialAction":[{"@type":"ReadAction","target":["https:\/\/universnews224.com\/index.php\/le-general-doumbouya-regagne-conakry-ce-jeudi\/"]}]},{"@type":"WebSite","@id":"https:\/\/universnews224.com\/#website","url":"https:\/\/universnews224.com\/","name":"UNIVERSNEWS224","description":"","publisher":{"@id":"https:\/\/universnews224.com\/#organization"},"potentialAction":[{"@type":"SearchAction","target":{"@type":"EntryPoint","urlTemplate":"https:\/\/universnews224.com\/?s={search_term_string}"},"query-input":"required name=search_term_string"}],"inLanguage":"fr-FR"},{"@type":"Organization","@id":"https:\/\/universnews224.com\/#organization","name":"UNIVERSNEWS224","url":"https:\/\/universnews224.com\/","logo":{"@type":"ImageObject","inLanguage":"fr-FR","@id":"https:\/\/universnews224.com\/#\/schema\/logo\/image\/","url":"https:\/\/universnews224.com\/wp-content\/uploads\/2022\/08\/cropped-cropped-logoban.jpg","contentUrl":"https:\/\/universnews224.com\/wp-content\/uploads\/2022\/08\/cropped-cropped-logoban.jpg","width":1080,"height":138,"caption":"UNIVERSNEWS224"},"image":{"@id":"https:\/\/universnews224.com\/#\/schema\/logo\/image\/"}},{"@type":"Person","@id":"https:\/\/universnews224.com\/#\/schema\/person\/a4b7d4f94a4716df60456a491260485e","name":"La R\u00e9daction","image":{"@type":"ImageObject","inLanguage":"fr-FR","@id":"https:\/\/universnews224.com\/#\/schema\/person\/image\/","url":"https:\/\/secure.gravatar.com\/avatar\/edb90acc7752b23e1b3307ad36c14f0d?s=96&d=mm&r=g","contentUrl":"https:\/\/secure.gravatar.com\/avatar\/edb90acc7752b23e1b3307ad36c14f0d?s=96&d=mm&r=g","caption":"La R\u00e9daction"},"sameAs":["https:\/\/universnews224.com"],"url":"https:\/\/universnews224.com\/index.php\/author\/m-camara\/"}]}},"_links":{"self":[{"href":"https:\/\/universnews224.com\/index.php\/wp-json\/wp\/v2\/posts\/8159"}],"collection":[{"href":"https:\/\/universnews224.com\/index.php\/wp-json\/wp\/v2\/posts"}],"about":[{"href":"https:\/\/universnews224.com\/index.php\/wp-json\/wp\/v2\/types\/post"}],"author":[{"embeddable":true,"href":"https:\/\/universnews224.com\/index.php\/wp-json\/wp\/v2\/users\/2"}],"replies":[{"embeddable":true,"href":"https:\/\/universnews224.com\/index.php\/wp-json\/wp\/v2\/comments?post=8159"}],"version-history":[{"count":1,"href":"https:\/\/universnews224.com\/index.php\/wp-json\/wp\/v2\/posts\/8159\/revisions"}],"predecessor-version":[{"id":8162,"href":"https:\/\/universnews224.com\/index.php\/wp-json\/wp\/v2\/posts\/8159\/revisions\/8162"}],"wp:featuredmedia":[{"embeddable":true,"href":"https:\/\/universnews224.com\/index.php\/wp-json\/wp\/v2\/media\/8161"}],"wp:attachment":[{"href":"https:\/\/universnews224.com\/index.php\/wp-json\/wp\/v2\/media?parent=8159"}],"wp:term":[{"taxonomy":"category","embeddable":true,"href":"https:\/\/universnews224.com\/index.php\/wp-json\/wp\/v2\/categories?post=8159"},{"taxonomy":"post_tag","embeddable":true,"href":"https:\/\/universnews224.com\/index.php\/wp-json\/wp\/v2\/tags?post=8159"}],"curies":[{"name":"wp","href":"https:\/\/api.w.org\/{rel}","templated":true}]}}