{"id":8163,"date":"2025-05-07T18:58:27","date_gmt":"2025-05-07T17:58:27","guid":{"rendered":"https:\/\/universnews224.com\/?p=8163"},"modified":"2025-05-07T18:58:27","modified_gmt":"2025-05-07T17:58:27","slug":"soutien-aux-acquis-du-cnrd-le-10-mai-prochain-le-secteur-prive-guineen-invite-les-forces-vives-de-la-nation-a-se-mobiliser-massivement-pour-faire-de-cet-evenement-une-reussite-eclatante-ismael-ke","status":"publish","type":"post","link":"https:\/\/universnews224.com\/index.php\/soutien-aux-acquis-du-cnrd-le-10-mai-prochain-le-secteur-prive-guineen-invite-les-forces-vives-de-la-nation-a-se-mobiliser-massivement-pour-faire-de-cet-evenement-une-reussite-eclatante-ismael-ke\/","title":{"rendered":"Soutien aux acquis du CNRD le 10 mai prochain: \u00ab\u00a0le secteur priv\u00e9 guin\u00e9en invite les forces vives de la nation \u00e0 se mobiliser massivement pour faire de cet \u00e9v\u00e9nement une r\u00e9ussite \u00e9clatante\u00a0\u00bb Isma\u00ebl Ke\u00efta."},"content":{"rendered":"<div dir=\"auto\">En pr\u00e9lude de la Journ\u00e9e de reconnaissance et de soutien aux acquis du G\u00e9n\u00e9ral pr\u00e9sident Mamadi Doumbouya, le secteur priv\u00e9 guin\u00e9en, repr\u00e9sent\u00e9 par la Chambre de Commerce, d&rsquo;Industrie et d&rsquo;Artisanat de Guin\u00e9e (CCIAG), la Conf\u00e9d\u00e9ration G\u00e9n\u00e9rale des Entreprises de Guin\u00e9e (CGE-GUI) et le Patronat Guin\u00e9en et la Chambre Nationale d&rsquo;Agriculture (CNA), \u00e9taient devant les hommes de m\u00e9dias pour un point de presse ce mercredi 07 mai 2025 \u00e0 Conakry, afin\u00a0 d&rsquo;annoncer la tenue d&rsquo;une grande organisation de soutien de l&rsquo;ensemble des acteurs \u00e9conomiques le samedi 10 mai 2025, dans la salle des congr\u00e8s du palais du peuple.<\/div>\n<div dir=\"auto\">\n<div dir=\"auto\">\n<div dir=\"auto\"><\/div>\n<div dir=\"auto\">Dans son discours de circonstance, M. Ismael Keita, vice pr\u00e9sident du patronat a, au nom de ses pairs, invit\u00e9 l&rsquo;ensemble du secteur priv\u00e9 \u00e0 venir soutenir le Pr\u00e9sident Mamadi Doumbouya.<\/div>\n<div dir=\"auto\"><\/div>\n<div dir=\"auto\">\u00abCe rendez-vous du samedi constitue pour nous une \u00e9tape essentielle dans le renforcement du partenariat entre l&rsquo;\u00c9tat et le secteur public. Il t\u00e9moigne de notre engagement commun \u00e0 accompagner la vision de d\u00e9veloppement que le Pr\u00e9sident Doumbouya porte pour notre pays, en valorisant les efforts de tous les acteurs \u00e9conomiques et en affirmant notre soutien ind\u00e9fectible. Au nom de cette trilogie, je souhaite exprimer notre gratitude et notre soutien sans r\u00e9serve au chef de l&rsquo;\u00c9tat. Son leadership, sa d\u00e9termination et sa vision strat\u00e9gique ont permis d&rsquo;ouvrir des perspectives nouvelles pour notre \u00e9conomie, de stimuler l&rsquo;investissement, de dynamiser nos secteurs cl\u00e9s et de renforcer la r\u00e9silience de notre tissu entrepreneurial face aux d\u00e9fis nationaux et internationaux \u00bb, a-t-il pr\u00e9cis\u00e9 M. Ismael.<\/div>\n<div dir=\"auto\"><\/div>\n<div dir=\"auto\">Sur la m\u00eame lanc\u00e9e, il dira que cette journ\u00e9e de reconnaissance sera l&rsquo;occasion de valoriser les acquis r\u00e9alis\u00e9s ces derni\u00e8res ann\u00e9es, partager non seulement les succ\u00e8s, mais aussi identifier ensemble des axes d&rsquo;am\u00e9lioration pour b\u00e2tir un avenir prosp\u00e8re pour l&rsquo;acad\u00e9mie.<\/div>\n<div dir=\"auto\"><\/div>\n<div dir=\"auto\">\u00ab Cette journ\u00e9e sera aussi une tribune pour mobiliser l&rsquo;ensemble de la population, de partenaires locaux et internationaux, afin de soutenir la dynamique de croissance engag\u00e9e par notre pays. Nous invitons donc toutes les forces vives de la Nation, toutes les entreprises artisanales, agricoles, partenaires et citoyennes \u00e0 se mobiliser massivement pour faire de cet \u00e9v\u00e9nement une r\u00e9ussite \u00e9clatante. Leur participation active est essentielle pour monter l&rsquo;unit\u00e9, la d\u00e9termination et la confiance du secteur priv\u00e9 dans l&rsquo;avenir de notre pays. je tiens \u00e0 r\u00e9it\u00e9rer l&rsquo;engagement ferme de la CCIAG, de la Conf\u00e9d\u00e9ration G\u00e9n\u00e9rale des Entreprises de Guin\u00e9e, CEGI, patronat guin\u00e9en, ainsi que de la Chambre Nationale d&rsquo;Agriculture \u00e0 accompagner le pr\u00e9sident Mamadi Doumbouya dans sa mission de reconstruction et de d\u00e9veloppement de notre pays \u00bb, le vice pr\u00e9sident du patronat M. Ismael Keita.<\/div>\n<div dir=\"auto\"><\/div>\n<div dir=\"auto\">Sana Sylla.<\/div>\n<\/div>\n<\/div>\n<div dir=\"auto\" style=\"color: #000000;font-family: sans-serif;font-size: large\"><\/div>\n<div dir=\"auto\" style=\"color: #000000;font-family: sans-serif;font-size: large\">\n<div dir=\"auto\">\n<div dir=\"auto\"><\/div>\n<\/div>\n<\/div>\n","protected":false},"excerpt":{"rendered":"<p>En pr\u00e9lude de la Journ\u00e9e de reconnaissance et de soutien aux acquis du G\u00e9n\u00e9ral pr\u00e9sident<\/p>\n","protected":false},"author":2,"featured_media":8164,"comment_status":"closed","ping_status":"open","sticky":false,"template":"","format":"standard","meta":[],"categories":[3,5],"tags":[237],"yoast_head":"<!-- This site is optimized with the Yoast SEO plugin v19.13 - https:\/\/yoast.com\/wordpress\/plugins\/seo\/ -->\n<title>Soutien aux acquis du CNRD le 10 mai prochain: &quot;le secteur priv\u00e9 guin\u00e9en invite les forces vives de la nation \u00e0 se mobiliser massivement pour faire de cet \u00e9v\u00e9nement une r\u00e9ussite \u00e9clatante&quot; Isma\u00ebl Ke\u00efta. - UNIVERSNEWS224<\/title>\n<meta name=\"robots\" content=\"index, follow, max-snippet:-1, max-image-preview:large, max-video-preview:-1\" \/>\n<link rel=\"canonical\" href=\"https:\/\/universnews224.com\/index.php\/soutien-aux-acquis-du-cnrd-le-10-mai-prochain-le-secteur-prive-guineen-invite-les-forces-vives-de-la-nation-a-se-mobiliser-massivement-pour-faire-de-cet-evenement-une-reussite-eclatante-ismael-ke\/\" \/>\n<meta property=\"og:locale\" content=\"fr_FR\" \/>\n<meta property=\"og:type\" content=\"article\" \/>\n<meta property=\"og:title\" content=\"Soutien aux acquis du CNRD le 10 mai prochain: &quot;le secteur priv\u00e9 guin\u00e9en invite les forces vives de la nation \u00e0 se mobiliser massivement pour faire de cet \u00e9v\u00e9nement une r\u00e9ussite \u00e9clatante&quot; Isma\u00ebl Ke\u00efta. - UNIVERSNEWS224\" \/>\n<meta property=\"og:description\" content=\"En pr\u00e9lude de la Journ\u00e9e de reconnaissance et de soutien aux acquis du G\u00e9n\u00e9ral pr\u00e9sident\" \/>\n<meta property=\"og:url\" content=\"https:\/\/universnews224.com\/index.php\/soutien-aux-acquis-du-cnrd-le-10-mai-prochain-le-secteur-prive-guineen-invite-les-forces-vives-de-la-nation-a-se-mobiliser-massivement-pour-faire-de-cet-evenement-une-reussite-eclatante-ismael-ke\/\" \/>\n<meta property=\"og:site_name\" content=\"UNIVERSNEWS224\" \/>\n<meta property=\"article:published_time\" content=\"2025-05-07T17:58:27+00:00\" \/>\n<meta property=\"og:image\" content=\"https:\/\/universnews224.com\/wp-content\/uploads\/2025\/05\/IMG-20250507-WA0006.jpg\" \/>\n\t<meta property=\"og:image:width\" content=\"1032\" \/>\n\t<meta property=\"og:image:height\" content=\"581\" \/>\n\t<meta property=\"og:image:type\" content=\"image\/jpeg\" \/>\n<meta name=\"author\" content=\"La R\u00e9daction\" \/>\n<meta name=\"twitter:label1\" content=\"\u00c9crit par\" \/>\n\t<meta name=\"twitter:data1\" content=\"La R\u00e9daction\" \/>\n\t<meta name=\"twitter:label2\" content=\"Dur\u00e9e de lecture estim\u00e9e\" \/>\n\t<meta name=\"twitter:data2\" content=\"3 minutes\" \/>\n<script type=\"application\/ld+json\" class=\"yoast-schema-graph\">{\"@context\":\"https:\/\/schema.org\",\"@graph\":[{\"@type\":\"Article\",\"@id\":\"https:\/\/universnews224.com\/index.php\/soutien-aux-acquis-du-cnrd-le-10-mai-prochain-le-secteur-prive-guineen-invite-les-forces-vives-de-la-nation-a-se-mobiliser-massivement-pour-faire-de-cet-evenement-une-reussite-eclatante-ismael-ke\/#article\",\"isPartOf\":{\"@id\":\"https:\/\/universnews224.com\/index.php\/soutien-aux-acquis-du-cnrd-le-10-mai-prochain-le-secteur-prive-guineen-invite-les-forces-vives-de-la-nation-a-se-mobiliser-massivement-pour-faire-de-cet-evenement-une-reussite-eclatante-ismael-ke\/\"},\"author\":{\"name\":\"La R\u00e9daction\",\"@id\":\"https:\/\/universnews224.com\/#\/schema\/person\/a4b7d4f94a4716df60456a491260485e\"},\"headline\":\"Soutien aux acquis du CNRD le 10 mai prochain: \u00ab\u00a0le secteur priv\u00e9 guin\u00e9en invite les forces vives de la nation \u00e0 se mobiliser massivement pour faire de cet \u00e9v\u00e9nement une r\u00e9ussite \u00e9clatante\u00a0\u00bb Isma\u00ebl Ke\u00efta.\",\"datePublished\":\"2025-05-07T17:58:27+00:00\",\"dateModified\":\"2025-05-07T17:58:27+00:00\",\"mainEntityOfPage\":{\"@id\":\"https:\/\/universnews224.com\/index.php\/soutien-aux-acquis-du-cnrd-le-10-mai-prochain-le-secteur-prive-guineen-invite-les-forces-vives-de-la-nation-a-se-mobiliser-massivement-pour-faire-de-cet-evenement-une-reussite-eclatante-ismael-ke\/\"},\"wordCount\":505,\"publisher\":{\"@id\":\"https:\/\/universnews224.com\/#organization\"},\"keywords\":[\"A la une\"],\"articleSection\":[\"ACTU\",\"SOCI\u00c9T\u00c9\"],\"inLanguage\":\"fr-FR\"},{\"@type\":\"WebPage\",\"@id\":\"https:\/\/universnews224.com\/index.php\/soutien-aux-acquis-du-cnrd-le-10-mai-prochain-le-secteur-prive-guineen-invite-les-forces-vives-de-la-nation-a-se-mobiliser-massivement-pour-faire-de-cet-evenement-une-reussite-eclatante-ismael-ke\/\",\"url\":\"https:\/\/universnews224.com\/index.php\/soutien-aux-acquis-du-cnrd-le-10-mai-prochain-le-secteur-prive-guineen-invite-les-forces-vives-de-la-nation-a-se-mobiliser-massivement-pour-faire-de-cet-evenement-une-reussite-eclatante-ismael-ke\/\",\"name\":\"Soutien aux acquis du CNRD le 10 mai prochain: \\\"le secteur priv\u00e9 guin\u00e9en invite les forces vives de la nation \u00e0 se mobiliser massivement pour faire de cet \u00e9v\u00e9nement une r\u00e9ussite \u00e9clatante\\\" Isma\u00ebl Ke\u00efta. - UNIVERSNEWS224\",\"isPartOf\":{\"@id\":\"https:\/\/universnews224.com\/#website\"},\"datePublished\":\"2025-05-07T17:58:27+00:00\",\"dateModified\":\"2025-05-07T17:58:27+00:00\",\"inLanguage\":\"fr-FR\",\"potentialAction\":[{\"@type\":\"ReadAction\",\"target\":[\"https:\/\/universnews224.com\/index.php\/soutien-aux-acquis-du-cnrd-le-10-mai-prochain-le-secteur-prive-guineen-invite-les-forces-vives-de-la-nation-a-se-mobiliser-massivement-pour-faire-de-cet-evenement-une-reussite-eclatante-ismael-ke\/\"]}]},{\"@type\":\"WebSite\",\"@id\":\"https:\/\/universnews224.com\/#website\",\"url\":\"https:\/\/universnews224.com\/\",\"name\":\"UNIVERSNEWS224\",\"description\":\"\",\"publisher\":{\"@id\":\"https:\/\/universnews224.com\/#organization\"},\"potentialAction\":[{\"@type\":\"SearchAction\",\"target\":{\"@type\":\"EntryPoint\",\"urlTemplate\":\"https:\/\/universnews224.com\/?s={search_term_string}\"},\"query-input\":\"required name=search_term_string\"}],\"inLanguage\":\"fr-FR\"},{\"@type\":\"Organization\",\"@id\":\"https:\/\/universnews224.com\/#organization\",\"name\":\"UNIVERSNEWS224\",\"url\":\"https:\/\/universnews224.com\/\",\"logo\":{\"@type\":\"ImageObject\",\"inLanguage\":\"fr-FR\",\"@id\":\"https:\/\/universnews224.com\/#\/schema\/logo\/image\/\",\"url\":\"https:\/\/universnews224.com\/wp-content\/uploads\/2022\/08\/cropped-cropped-logoban.jpg\",\"contentUrl\":\"https:\/\/universnews224.com\/wp-content\/uploads\/2022\/08\/cropped-cropped-logoban.jpg\",\"width\":1080,\"height\":138,\"caption\":\"UNIVERSNEWS224\"},\"image\":{\"@id\":\"https:\/\/universnews224.com\/#\/schema\/logo\/image\/\"}},{\"@type\":\"Person\",\"@id\":\"https:\/\/universnews224.com\/#\/schema\/person\/a4b7d4f94a4716df60456a491260485e\",\"name\":\"La R\u00e9daction\",\"image\":{\"@type\":\"ImageObject\",\"inLanguage\":\"fr-FR\",\"@id\":\"https:\/\/universnews224.com\/#\/schema\/person\/image\/\",\"url\":\"https:\/\/secure.gravatar.com\/avatar\/edb90acc7752b23e1b3307ad36c14f0d?s=96&d=mm&r=g\",\"contentUrl\":\"https:\/\/secure.gravatar.com\/avatar\/edb90acc7752b23e1b3307ad36c14f0d?s=96&d=mm&r=g\",\"caption\":\"La R\u00e9daction\"},\"sameAs\":[\"https:\/\/universnews224.com\"],\"url\":\"https:\/\/universnews224.com\/index.php\/author\/m-camara\/\"}]}<\/script>\n<!-- \/ Yoast SEO plugin. -->","yoast_head_json":{"title":"Soutien aux acquis du CNRD le 10 mai prochain: \"le secteur priv\u00e9 guin\u00e9en invite les forces vives de la nation \u00e0 se mobiliser massivement pour faire de cet \u00e9v\u00e9nement une r\u00e9ussite \u00e9clatante\" Isma\u00ebl Ke\u00efta. - UNIVERSNEWS224","robots":{"index":"index","follow":"follow","max-snippet":"max-snippet:-1","max-image-preview":"max-image-preview:large","max-video-preview":"max-video-preview:-1"},"canonical":"https:\/\/universnews224.com\/index.php\/soutien-aux-acquis-du-cnrd-le-10-mai-prochain-le-secteur-prive-guineen-invite-les-forces-vives-de-la-nation-a-se-mobiliser-massivement-pour-faire-de-cet-evenement-une-reussite-eclatante-ismael-ke\/","og_locale":"fr_FR","og_type":"article","og_title":"Soutien aux acquis du CNRD le 10 mai prochain: \"le secteur priv\u00e9 guin\u00e9en invite les forces vives de la nation \u00e0 se mobiliser massivement pour faire de cet \u00e9v\u00e9nement une r\u00e9ussite \u00e9clatante\" Isma\u00ebl Ke\u00efta. - UNIVERSNEWS224","og_description":"En pr\u00e9lude de la Journ\u00e9e de reconnaissance et de soutien aux acquis du G\u00e9n\u00e9ral pr\u00e9sident","og_url":"https:\/\/universnews224.com\/index.php\/soutien-aux-acquis-du-cnrd-le-10-mai-prochain-le-secteur-prive-guineen-invite-les-forces-vives-de-la-nation-a-se-mobiliser-massivement-pour-faire-de-cet-evenement-une-reussite-eclatante-ismael-ke\/","og_site_name":"UNIVERSNEWS224","article_published_time":"2025-05-07T17:58:27+00:00","og_image":[{"width":1032,"height":581,"url":"https:\/\/universnews224.com\/wp-content\/uploads\/2025\/05\/IMG-20250507-WA0006.jpg","type":"image\/jpeg"}],"author":"La R\u00e9daction","twitter_misc":{"\u00c9crit par":"La R\u00e9daction","Dur\u00e9e de lecture estim\u00e9e":"3 minutes"},"schema":{"@context":"https:\/\/schema.org","@graph":[{"@type":"Article","@id":"https:\/\/universnews224.com\/index.php\/soutien-aux-acquis-du-cnrd-le-10-mai-prochain-le-secteur-prive-guineen-invite-les-forces-vives-de-la-nation-a-se-mobiliser-massivement-pour-faire-de-cet-evenement-une-reussite-eclatante-ismael-ke\/#article","isPartOf":{"@id":"https:\/\/universnews224.com\/index.php\/soutien-aux-acquis-du-cnrd-le-10-mai-prochain-le-secteur-prive-guineen-invite-les-forces-vives-de-la-nation-a-se-mobiliser-massivement-pour-faire-de-cet-evenement-une-reussite-eclatante-ismael-ke\/"},"author":{"name":"La R\u00e9daction","@id":"https:\/\/universnews224.com\/#\/schema\/person\/a4b7d4f94a4716df60456a491260485e"},"headline":"Soutien aux acquis du CNRD le 10 mai prochain: \u00ab\u00a0le secteur priv\u00e9 guin\u00e9en invite les forces vives de la nation \u00e0 se mobiliser massivement pour faire de cet \u00e9v\u00e9nement une r\u00e9ussite \u00e9clatante\u00a0\u00bb Isma\u00ebl Ke\u00efta.","datePublished":"2025-05-07T17:58:27+00:00","dateModified":"2025-05-07T17:58:27+00:00","mainEntityOfPage":{"@id":"https:\/\/universnews224.com\/index.php\/soutien-aux-acquis-du-cnrd-le-10-mai-prochain-le-secteur-prive-guineen-invite-les-forces-vives-de-la-nation-a-se-mobiliser-massivement-pour-faire-de-cet-evenement-une-reussite-eclatante-ismael-ke\/"},"wordCount":505,"publisher":{"@id":"https:\/\/universnews224.com\/#organization"},"keywords":["A la une"],"articleSection":["ACTU","SOCI\u00c9T\u00c9"],"inLanguage":"fr-FR"},{"@type":"WebPage","@id":"https:\/\/universnews224.com\/index.php\/soutien-aux-acquis-du-cnrd-le-10-mai-prochain-le-secteur-prive-guineen-invite-les-forces-vives-de-la-nation-a-se-mobiliser-massivement-pour-faire-de-cet-evenement-une-reussite-eclatante-ismael-ke\/","url":"https:\/\/universnews224.com\/index.php\/soutien-aux-acquis-du-cnrd-le-10-mai-prochain-le-secteur-prive-guineen-invite-les-forces-vives-de-la-nation-a-se-mobiliser-massivement-pour-faire-de-cet-evenement-une-reussite-eclatante-ismael-ke\/","name":"Soutien aux acquis du CNRD le 10 mai prochain: \"le secteur priv\u00e9 guin\u00e9en invite les forces vives de la nation \u00e0 se mobiliser massivement pour faire de cet \u00e9v\u00e9nement une r\u00e9ussite \u00e9clatante\" Isma\u00ebl Ke\u00efta. - UNIVERSNEWS224","isPartOf":{"@id":"https:\/\/universnews224.com\/#website"},"datePublished":"2025-05-07T17:58:27+00:00","dateModified":"2025-05-07T17:58:27+00:00","inLanguage":"fr-FR","potentialAction":[{"@type":"ReadAction","target":["https:\/\/universnews224.com\/index.php\/soutien-aux-acquis-du-cnrd-le-10-mai-prochain-le-secteur-prive-guineen-invite-les-forces-vives-de-la-nation-a-se-mobiliser-massivement-pour-faire-de-cet-evenement-une-reussite-eclatante-ismael-ke\/"]}]},{"@type":"WebSite","@id":"https:\/\/universnews224.com\/#website","url":"https:\/\/universnews224.com\/","name":"UNIVERSNEWS224","description":"","publisher":{"@id":"https:\/\/universnews224.com\/#organization"},"potentialAction":[{"@type":"SearchAction","target":{"@type":"EntryPoint","urlTemplate":"https:\/\/universnews224.com\/?s={search_term_string}"},"query-input":"required name=search_term_string"}],"inLanguage":"fr-FR"},{"@type":"Organization","@id":"https:\/\/universnews224.com\/#organization","name":"UNIVERSNEWS224","url":"https:\/\/universnews224.com\/","logo":{"@type":"ImageObject","inLanguage":"fr-FR","@id":"https:\/\/universnews224.com\/#\/schema\/logo\/image\/","url":"https:\/\/universnews224.com\/wp-content\/uploads\/2022\/08\/cropped-cropped-logoban.jpg","contentUrl":"https:\/\/universnews224.com\/wp-content\/uploads\/2022\/08\/cropped-cropped-logoban.jpg","width":1080,"height":138,"caption":"UNIVERSNEWS224"},"image":{"@id":"https:\/\/universnews224.com\/#\/schema\/logo\/image\/"}},{"@type":"Person","@id":"https:\/\/universnews224.com\/#\/schema\/person\/a4b7d4f94a4716df60456a491260485e","name":"La R\u00e9daction","image":{"@type":"ImageObject","inLanguage":"fr-FR","@id":"https:\/\/universnews224.com\/#\/schema\/person\/image\/","url":"https:\/\/secure.gravatar.com\/avatar\/edb90acc7752b23e1b3307ad36c14f0d?s=96&d=mm&r=g","contentUrl":"https:\/\/secure.gravatar.com\/avatar\/edb90acc7752b23e1b3307ad36c14f0d?s=96&d=mm&r=g","caption":"La R\u00e9daction"},"sameAs":["https:\/\/universnews224.com"],"url":"https:\/\/universnews224.com\/index.php\/author\/m-camara\/"}]}},"_links":{"self":[{"href":"https:\/\/universnews224.com\/index.php\/wp-json\/wp\/v2\/posts\/8163"}],"collection":[{"href":"https:\/\/universnews224.com\/index.php\/wp-json\/wp\/v2\/posts"}],"about":[{"href":"https:\/\/universnews224.com\/index.php\/wp-json\/wp\/v2\/types\/post"}],"author":[{"embeddable":true,"href":"https:\/\/universnews224.com\/index.php\/wp-json\/wp\/v2\/users\/2"}],"replies":[{"embeddable":true,"href":"https:\/\/universnews224.com\/index.php\/wp-json\/wp\/v2\/comments?post=8163"}],"version-history":[{"count":1,"href":"https:\/\/universnews224.com\/index.php\/wp-json\/wp\/v2\/posts\/8163\/revisions"}],"predecessor-version":[{"id":8165,"href":"https:\/\/universnews224.com\/index.php\/wp-json\/wp\/v2\/posts\/8163\/revisions\/8165"}],"wp:featuredmedia":[{"embeddable":true,"href":"https:\/\/universnews224.com\/index.php\/wp-json\/wp\/v2\/media\/8164"}],"wp:attachment":[{"href":"https:\/\/universnews224.com\/index.php\/wp-json\/wp\/v2\/media?parent=8163"}],"wp:term":[{"taxonomy":"category","embeddable":true,"href":"https:\/\/universnews224.com\/index.php\/wp-json\/wp\/v2\/categories?post=8163"},{"taxonomy":"post_tag","embeddable":true,"href":"https:\/\/universnews224.com\/index.php\/wp-json\/wp\/v2\/tags?post=8163"}],"curies":[{"name":"wp","href":"https:\/\/api.w.org\/{rel}","templated":true}]}}