{"id":8177,"date":"2025-05-10T17:28:08","date_gmt":"2025-05-10T16:28:08","guid":{"rendered":"https:\/\/universnews224.com\/?p=8177"},"modified":"2025-05-10T17:36:11","modified_gmt":"2025-05-10T16:36:11","slug":"guinee-le-secteur-prive-guineen-soutient-les-acquis-du-president-le-general-mamadi-doumbouya","status":"publish","type":"post","link":"https:\/\/universnews224.com\/index.php\/guinee-le-secteur-prive-guineen-soutient-les-acquis-du-president-le-general-mamadi-doumbouya\/","title":{"rendered":"Guin\u00e9e: le secteur priv\u00e9 guin\u00e9en soutient les acquis du pr\u00e9sident le G\u00e9n\u00e9ral Mamadi Doumbouya."},"content":{"rendered":"<p>Sous la pr\u00e9sidence du premier ministre chef du gouvernement, accompagn\u00e9 des membres du CNRD, le secteur priv\u00e9 guin\u00e9en, compos\u00e9 de la Chambre de Commerce, d&rsquo;lndustrie et d&rsquo;Artisanat de Guin\u00e9e (CCIAG), la Conf\u00e9d\u00e9ration G\u00e9n\u00e9rale des Entreprises de Guin\u00e9e (CGE-GUI) et la Chambre Nationale d&rsquo;Agriculture (CNA), ont organis\u00e9 ce samedi 10 mai 2025, dans la salle des congr\u00e8s du palais du peuple de Conakry, une c\u00e9r\u00e9monie de soutien et de reconnaissance aux acquis du Pr\u00e9sident Mamadi Doumbouya. <a href=\"https:\/\/universnews224.com\/wp-content\/uploads\/2025\/05\/IMG-20250510-WA0041.jpg\"><img loading=\"lazy\" class=\"alignnone size-medium wp-image-8178\" src=\"https:\/\/universnews224.com\/wp-content\/uploads\/2025\/05\/IMG-20250510-WA0041-300x169.jpg\" alt=\"\" width=\"300\" height=\"169\" srcset=\"https:\/\/universnews224.com\/wp-content\/uploads\/2025\/05\/IMG-20250510-WA0041-300x169.jpg 300w, https:\/\/universnews224.com\/wp-content\/uploads\/2025\/05\/IMG-20250510-WA0041-1024x576.jpg 1024w, https:\/\/universnews224.com\/wp-content\/uploads\/2025\/05\/IMG-20250510-WA0041-768x432.jpg 768w, https:\/\/universnews224.com\/wp-content\/uploads\/2025\/05\/IMG-20250510-WA0041-800x450.jpg 800w, https:\/\/universnews224.com\/wp-content\/uploads\/2025\/05\/IMG-20250510-WA0041.jpg 1032w\" sizes=\"(max-width: 300px) 100vw, 300px\" \/><\/a><\/p>\n<p>Cette initiative citoyenne et patriotique vise \u00e0 renforcer la synergie entre les secteurs public et priv\u00e9 en faveur d&rsquo;une croissance \u00e9conomique durable et inclusive. Elle se veut \u00e9galement une manifestation solennelle de soutien \u00e0 la vision de refondation \u00e9conomique port\u00e9e avec d\u00e9termination et clairvoyance par le Chef de I&rsquo;\u00c9tat.<a href=\"https:\/\/universnews224.com\/wp-content\/uploads\/2025\/05\/IMG-20250510-WA0037.jpg\"><img loading=\"lazy\" class=\"alignnone size-medium wp-image-8179\" src=\"https:\/\/universnews224.com\/wp-content\/uploads\/2025\/05\/IMG-20250510-WA0037-300x169.jpg\" alt=\"\" width=\"300\" height=\"169\" srcset=\"https:\/\/universnews224.com\/wp-content\/uploads\/2025\/05\/IMG-20250510-WA0037-300x169.jpg 300w, https:\/\/universnews224.com\/wp-content\/uploads\/2025\/05\/IMG-20250510-WA0037-1024x576.jpg 1024w, https:\/\/universnews224.com\/wp-content\/uploads\/2025\/05\/IMG-20250510-WA0037-768x432.jpg 768w, https:\/\/universnews224.com\/wp-content\/uploads\/2025\/05\/IMG-20250510-WA0037-800x450.jpg 800w, https:\/\/universnews224.com\/wp-content\/uploads\/2025\/05\/IMG-20250510-WA0037.jpg 1032w\" sizes=\"(max-width: 300px) 100vw, 300px\" \/><\/a><\/p>\n<div dir=\"auto\">\n<div dir=\"auto\">\n<div dir=\"auto\">Dans son discours de circonstance, le pr\u00e9sident de la Chambre de commerce, d&rsquo;Industrie et d&rsquo;Artisanat de Guin\u00e9e, Elhadj Mamadou Bald\u00e9 remercie et f\u00e9licite les autorit\u00e9s pour le travail bien fait dans le pays. <a href=\"https:\/\/universnews224.com\/wp-content\/uploads\/2025\/05\/IMG-20250510-WA0041.jpg\"><img loading=\"lazy\" class=\"alignnone size-medium wp-image-8178\" src=\"https:\/\/universnews224.com\/wp-content\/uploads\/2025\/05\/IMG-20250510-WA0041-300x169.jpg\" alt=\"\" width=\"300\" height=\"169\" srcset=\"https:\/\/universnews224.com\/wp-content\/uploads\/2025\/05\/IMG-20250510-WA0041-300x169.jpg 300w, https:\/\/universnews224.com\/wp-content\/uploads\/2025\/05\/IMG-20250510-WA0041-1024x576.jpg 1024w, https:\/\/universnews224.com\/wp-content\/uploads\/2025\/05\/IMG-20250510-WA0041-768x432.jpg 768w, https:\/\/universnews224.com\/wp-content\/uploads\/2025\/05\/IMG-20250510-WA0041-800x450.jpg 800w, https:\/\/universnews224.com\/wp-content\/uploads\/2025\/05\/IMG-20250510-WA0041.jpg 1032w\" sizes=\"(max-width: 300px) 100vw, 300px\" \/><\/a><\/div>\n<div dir=\"auto\">\u00ab Aujourd&rsquo;hui, plus de 80% des emplois cr\u00e9\u00e9s dans les \u00e9conomies africaines sont issus du secteur priv\u00e9. En Guin\u00e9e, notre secteur priv\u00e9 g\u00e9n\u00e8re plus de 60% des emplois non agricoles et contribue \u00e0 pr\u00e8s de 50% du Produit Int\u00e9rieur Brut National. Le potentiel est donc l\u00e0, il est r\u00e9el, et il ne demande qu&rsquo;\u00e0 \u00eatre capitalis\u00e9 par un accompagnement strat\u00e9gique et une vision claire. Le soutien de Monsieur le Pr\u00e9sident de la R\u00e9publique au secteur priv\u00e9 s&rsquo;inscrit exactement dans cette dynamique. C&rsquo;est pour toutes les raisons \u00e9voqu\u00e9es que nous renouvelons aujourd&rsquo;hui, au nom de toutes les composantes socioprofessionnelles du Secteur priv\u00e9, notre reconnaissance profonde et notre soutien ind\u00e9fectible au Chef de l&rsquo;Etat, le G\u00e9n\u00e9ral Mamadi DOUMBOUYA. Nous sommes pr\u00eats \u00e0 vous accompagner dans la poursuite de la mat\u00e9rialisation de votre vision au service de la Guin\u00e9e et du bien-\u00eatre des Guin\u00e9ens \u00bb, a d\u00e9clar\u00e9 le pr\u00e9sident du CCIAG.<\/div>\n<div dir=\"auto\"><\/div>\n<div dir=\"auto\">De son c\u00f4t\u00e9, le pr\u00e9sident de la Conf\u00e9d\u00e9ration G\u00e9n\u00e9rale des Entreprises de Guin\u00e9e M. Kaba Ansoumane tr\u00e8s satisfait des efforts des autorit\u00e9s de la transition en faveur du secteur priv\u00e9 guin\u00e9en \u00e0 aussi d\u00e9cliner les raisons qui l&rsquo;ont pouss\u00e9 \u00e0 soutenir les actions du CNRD et de son pr\u00e9sident, le G\u00e9n\u00e9ral Mamadi Doumbouya. <a href=\"https:\/\/universnews224.com\/wp-content\/uploads\/2025\/05\/IMG-20250510-WA0036.jpg\"><img loading=\"lazy\" class=\"alignnone size-medium wp-image-8180\" src=\"https:\/\/universnews224.com\/wp-content\/uploads\/2025\/05\/IMG-20250510-WA0036-300x169.jpg\" alt=\"\" width=\"300\" height=\"169\" srcset=\"https:\/\/universnews224.com\/wp-content\/uploads\/2025\/05\/IMG-20250510-WA0036-300x169.jpg 300w, https:\/\/universnews224.com\/wp-content\/uploads\/2025\/05\/IMG-20250510-WA0036-1024x576.jpg 1024w, https:\/\/universnews224.com\/wp-content\/uploads\/2025\/05\/IMG-20250510-WA0036-768x432.jpg 768w, https:\/\/universnews224.com\/wp-content\/uploads\/2025\/05\/IMG-20250510-WA0036-800x450.jpg 800w, https:\/\/universnews224.com\/wp-content\/uploads\/2025\/05\/IMG-20250510-WA0036.jpg 1032w\" sizes=\"(max-width: 300px) 100vw, 300px\" \/><\/a><\/div>\n<div dir=\"auto\">\u00ab Apr\u00e8s une ann\u00e9e de collaboration avec le gouvernement la CGE- GUI note avec satisfaction des nombreux progr\u00e8s apport\u00e9s. A titre d&rsquo;illustration permettez-moi de citer la mise en place d&rsquo;une cadre de concertation avec l&rsquo;administration fiscale notamment, \u00e0 travers la direction g\u00e9n\u00e9rale des imp\u00f4ts et la direction g\u00e9n\u00e9rale de la douane, la cr\u00e9ation de cadre national de concertation Etat-secteur priv\u00e9, la r\u00e9vision en cours du code des investissements, l&rsquo;adoption de la loi portant sur le contenu local, le renforcement de la stabilit\u00e9 sociale gr\u00e2ce \u00e0 la signature du pacte de stabilit\u00e9 sociale entre l&rsquo;\u00c9tat, le patronat et le syndicat des travailleurs, la participation de la CGE-GUI au projet strat\u00e9gique Simandou 2040. Ces r\u00e9sultats parmi d&rsquo;autres traduisent le dynamisme de dialogue public priv\u00e9 et renforce la confiance entre le gouvernement et le secteur priv\u00e9. En organisant cette journ\u00e9e de reconnaissance la CGE-GUI, la CCIAG et CNA souhaitent saluer votre politique qui place l&rsquo;entreprise au coeur de votre strat\u00e9gie de d\u00e9veloppement. Sur cette voie, M. le premier ministre je vous demande de rassurer le pr\u00e9sident de la transition de l&rsquo;engagement sans faille des chefs d&rsquo;entreprises guin\u00e9ennes \u00bb, a-t-il soulign\u00e9 M. Kaba.<a href=\"https:\/\/universnews224.com\/wp-content\/uploads\/2025\/05\/IMG-20250510-WA0038.jpg\"><img loading=\"lazy\" class=\"alignnone size-medium wp-image-8181\" src=\"https:\/\/universnews224.com\/wp-content\/uploads\/2025\/05\/IMG-20250510-WA0038-300x169.jpg\" alt=\"\" width=\"300\" height=\"169\" srcset=\"https:\/\/universnews224.com\/wp-content\/uploads\/2025\/05\/IMG-20250510-WA0038-300x169.jpg 300w, https:\/\/universnews224.com\/wp-content\/uploads\/2025\/05\/IMG-20250510-WA0038-1024x576.jpg 1024w, https:\/\/universnews224.com\/wp-content\/uploads\/2025\/05\/IMG-20250510-WA0038-768x432.jpg 768w, https:\/\/universnews224.com\/wp-content\/uploads\/2025\/05\/IMG-20250510-WA0038-800x450.jpg 800w, https:\/\/universnews224.com\/wp-content\/uploads\/2025\/05\/IMG-20250510-WA0038.jpg 1032w\" sizes=\"(max-width: 300px) 100vw, 300px\" \/><\/a><\/div>\n<div dir=\"auto\">Pour sa part, le ministre secr\u00e9taire g\u00e9n\u00e9ral de la pr\u00e9sidence G\u00e9n\u00e9ral Amara Camara r\u00e9it\u00e8re l&rsquo;engagement et le soutien du pr\u00e9sident Mamadi Doumbouya a accompagn\u00e9 le secteur priv\u00e9 guin\u00e9en.<a href=\"https:\/\/universnews224.com\/wp-content\/uploads\/2025\/05\/IMG-20250510-WA0037-1.jpg\"><img loading=\"lazy\" class=\"alignnone size-medium wp-image-8182\" src=\"https:\/\/universnews224.com\/wp-content\/uploads\/2025\/05\/IMG-20250510-WA0037-1-300x169.jpg\" alt=\"\" width=\"300\" height=\"169\" srcset=\"https:\/\/universnews224.com\/wp-content\/uploads\/2025\/05\/IMG-20250510-WA0037-1-300x169.jpg 300w, https:\/\/universnews224.com\/wp-content\/uploads\/2025\/05\/IMG-20250510-WA0037-1-1024x576.jpg 1024w, https:\/\/universnews224.com\/wp-content\/uploads\/2025\/05\/IMG-20250510-WA0037-1-768x432.jpg 768w, https:\/\/universnews224.com\/wp-content\/uploads\/2025\/05\/IMG-20250510-WA0037-1-800x450.jpg 800w, https:\/\/universnews224.com\/wp-content\/uploads\/2025\/05\/IMG-20250510-WA0037-1.jpg 1032w\" sizes=\"(max-width: 300px) 100vw, 300px\" \/><\/a><\/div>\n<div dir=\"auto\"><\/div>\n<div dir=\"auto\">\u00ab\u00a0Le CNRD en prenant ses responsabilit\u00e9s le 05 septembre, il n y avait pas de patronat unifi\u00e9, nous disposions pas de chambre nationale d&rsquo;agriculture, nous ne disposions pas \u00e9galement d&rsquo;une chambre de commerce structur\u00e9e et organis\u00e9e. Tout \u00e7a a \u00e9t\u00e9 rendu possible. Hier ce sont les gouvernants qui invitaient le secteur priv\u00e9, le patronat et la chambre pour leur passer des messages et leur confier des missions. Aujourd&rsquo;hui conform\u00e9ment \u00e0 la vision, aux orientations du chef de l&rsquo;\u00c9tat, les paradigmes ont chang\u00e9s. Aujourd&rsquo;hui ce sont c&rsquo;est trois corporations qui se regroupent pour inviter le pr\u00e9sident pour reconna\u00eetre ces acquis. Nous vous en remercions. Nous voulons encourager chacun de vous puisque vous \u00eates les grands porteurs de notre pays a \u00eatre des grands messager du rassemblement, du vivre ensemble, de la qui\u00e9tude sociale pour que nous puissions briser d\u00e9finitivement dans notre pays les barri\u00e8res de l&rsquo;ethnie, de la r\u00e9gion, de la religion et de la politique. Cela est gage du bien-vivre, et de l&rsquo;harmonie de notre belle Guin\u00e9e. Ceci est \u00e9galement conforme \u00e0 la vision du pr\u00e9sident de la r\u00e9publique \u00bb, a pr\u00e9cis\u00e9 le G\u00e9n\u00e9ral Amara.<\/div>\n<div dir=\"auto\"><\/div>\n<div dir=\"auto\"><\/div>\n<div dir=\"auto\">Sana Sylla.<\/div>\n<\/div>\n<\/div>\n","protected":false},"excerpt":{"rendered":"<p>Sous la pr\u00e9sidence du premier ministre chef du gouvernement, accompagn\u00e9 des membres du CNRD, le<\/p>\n","protected":false},"author":2,"featured_media":8178,"comment_status":"closed","ping_status":"open","sticky":false,"template":"","format":"standard","meta":[],"categories":[1],"tags":[237],"yoast_head":"<!-- This site is optimized with the Yoast SEO plugin v19.13 - https:\/\/yoast.com\/wordpress\/plugins\/seo\/ -->\n<title>Guin\u00e9e: le secteur priv\u00e9 guin\u00e9en soutient les acquis du pr\u00e9sident le G\u00e9n\u00e9ral Mamadi Doumbouya. - UNIVERSNEWS224<\/title>\n<meta name=\"robots\" content=\"index, follow, max-snippet:-1, max-image-preview:large, max-video-preview:-1\" \/>\n<link rel=\"canonical\" href=\"https:\/\/universnews224.com\/index.php\/guinee-le-secteur-prive-guineen-soutient-les-acquis-du-president-le-general-mamadi-doumbouya\/\" \/>\n<meta property=\"og:locale\" content=\"fr_FR\" \/>\n<meta property=\"og:type\" content=\"article\" \/>\n<meta property=\"og:title\" content=\"Guin\u00e9e: le secteur priv\u00e9 guin\u00e9en soutient les acquis du pr\u00e9sident le G\u00e9n\u00e9ral Mamadi Doumbouya. - UNIVERSNEWS224\" \/>\n<meta property=\"og:description\" content=\"Sous la pr\u00e9sidence du premier ministre chef du gouvernement, accompagn\u00e9 des membres du CNRD, le\" \/>\n<meta property=\"og:url\" content=\"https:\/\/universnews224.com\/index.php\/guinee-le-secteur-prive-guineen-soutient-les-acquis-du-president-le-general-mamadi-doumbouya\/\" \/>\n<meta property=\"og:site_name\" content=\"UNIVERSNEWS224\" \/>\n<meta property=\"article:published_time\" content=\"2025-05-10T16:28:08+00:00\" \/>\n<meta property=\"article:modified_time\" content=\"2025-05-10T16:36:11+00:00\" \/>\n<meta property=\"og:image\" content=\"https:\/\/universnews224.com\/wp-content\/uploads\/2025\/05\/IMG-20250510-WA0041.jpg\" \/>\n\t<meta property=\"og:image:width\" content=\"1032\" \/>\n\t<meta property=\"og:image:height\" content=\"581\" \/>\n\t<meta property=\"og:image:type\" content=\"image\/jpeg\" \/>\n<meta name=\"author\" content=\"La R\u00e9daction\" \/>\n<meta name=\"twitter:label1\" content=\"\u00c9crit par\" \/>\n\t<meta name=\"twitter:data1\" content=\"La R\u00e9daction\" \/>\n\t<meta name=\"twitter:label2\" content=\"Dur\u00e9e de lecture estim\u00e9e\" \/>\n\t<meta name=\"twitter:data2\" content=\"6 minutes\" \/>\n<script type=\"application\/ld+json\" class=\"yoast-schema-graph\">{\"@context\":\"https:\/\/schema.org\",\"@graph\":[{\"@type\":\"Article\",\"@id\":\"https:\/\/universnews224.com\/index.php\/guinee-le-secteur-prive-guineen-soutient-les-acquis-du-president-le-general-mamadi-doumbouya\/#article\",\"isPartOf\":{\"@id\":\"https:\/\/universnews224.com\/index.php\/guinee-le-secteur-prive-guineen-soutient-les-acquis-du-president-le-general-mamadi-doumbouya\/\"},\"author\":{\"name\":\"La R\u00e9daction\",\"@id\":\"https:\/\/universnews224.com\/#\/schema\/person\/a4b7d4f94a4716df60456a491260485e\"},\"headline\":\"Guin\u00e9e: le secteur priv\u00e9 guin\u00e9en soutient les acquis du pr\u00e9sident le G\u00e9n\u00e9ral Mamadi Doumbouya.\",\"datePublished\":\"2025-05-10T16:28:08+00:00\",\"dateModified\":\"2025-05-10T16:36:11+00:00\",\"mainEntityOfPage\":{\"@id\":\"https:\/\/universnews224.com\/index.php\/guinee-le-secteur-prive-guineen-soutient-les-acquis-du-president-le-general-mamadi-doumbouya\/\"},\"wordCount\":861,\"publisher\":{\"@id\":\"https:\/\/universnews224.com\/#organization\"},\"keywords\":[\"A la une\"],\"inLanguage\":\"fr-FR\"},{\"@type\":\"WebPage\",\"@id\":\"https:\/\/universnews224.com\/index.php\/guinee-le-secteur-prive-guineen-soutient-les-acquis-du-president-le-general-mamadi-doumbouya\/\",\"url\":\"https:\/\/universnews224.com\/index.php\/guinee-le-secteur-prive-guineen-soutient-les-acquis-du-president-le-general-mamadi-doumbouya\/\",\"name\":\"Guin\u00e9e: le secteur priv\u00e9 guin\u00e9en soutient les acquis du pr\u00e9sident le G\u00e9n\u00e9ral Mamadi Doumbouya. - UNIVERSNEWS224\",\"isPartOf\":{\"@id\":\"https:\/\/universnews224.com\/#website\"},\"datePublished\":\"2025-05-10T16:28:08+00:00\",\"dateModified\":\"2025-05-10T16:36:11+00:00\",\"inLanguage\":\"fr-FR\",\"potentialAction\":[{\"@type\":\"ReadAction\",\"target\":[\"https:\/\/universnews224.com\/index.php\/guinee-le-secteur-prive-guineen-soutient-les-acquis-du-president-le-general-mamadi-doumbouya\/\"]}]},{\"@type\":\"WebSite\",\"@id\":\"https:\/\/universnews224.com\/#website\",\"url\":\"https:\/\/universnews224.com\/\",\"name\":\"UNIVERSNEWS224\",\"description\":\"\",\"publisher\":{\"@id\":\"https:\/\/universnews224.com\/#organization\"},\"potentialAction\":[{\"@type\":\"SearchAction\",\"target\":{\"@type\":\"EntryPoint\",\"urlTemplate\":\"https:\/\/universnews224.com\/?s={search_term_string}\"},\"query-input\":\"required name=search_term_string\"}],\"inLanguage\":\"fr-FR\"},{\"@type\":\"Organization\",\"@id\":\"https:\/\/universnews224.com\/#organization\",\"name\":\"UNIVERSNEWS224\",\"url\":\"https:\/\/universnews224.com\/\",\"logo\":{\"@type\":\"ImageObject\",\"inLanguage\":\"fr-FR\",\"@id\":\"https:\/\/universnews224.com\/#\/schema\/logo\/image\/\",\"url\":\"https:\/\/universnews224.com\/wp-content\/uploads\/2022\/08\/cropped-cropped-logoban.jpg\",\"contentUrl\":\"https:\/\/universnews224.com\/wp-content\/uploads\/2022\/08\/cropped-cropped-logoban.jpg\",\"width\":1080,\"height\":138,\"caption\":\"UNIVERSNEWS224\"},\"image\":{\"@id\":\"https:\/\/universnews224.com\/#\/schema\/logo\/image\/\"}},{\"@type\":\"Person\",\"@id\":\"https:\/\/universnews224.com\/#\/schema\/person\/a4b7d4f94a4716df60456a491260485e\",\"name\":\"La R\u00e9daction\",\"image\":{\"@type\":\"ImageObject\",\"inLanguage\":\"fr-FR\",\"@id\":\"https:\/\/universnews224.com\/#\/schema\/person\/image\/\",\"url\":\"https:\/\/secure.gravatar.com\/avatar\/edb90acc7752b23e1b3307ad36c14f0d?s=96&d=mm&r=g\",\"contentUrl\":\"https:\/\/secure.gravatar.com\/avatar\/edb90acc7752b23e1b3307ad36c14f0d?s=96&d=mm&r=g\",\"caption\":\"La R\u00e9daction\"},\"sameAs\":[\"https:\/\/universnews224.com\"],\"url\":\"https:\/\/universnews224.com\/index.php\/author\/m-camara\/\"}]}<\/script>\n<!-- \/ Yoast SEO plugin. -->","yoast_head_json":{"title":"Guin\u00e9e: le secteur priv\u00e9 guin\u00e9en soutient les acquis du pr\u00e9sident le G\u00e9n\u00e9ral Mamadi Doumbouya. - UNIVERSNEWS224","robots":{"index":"index","follow":"follow","max-snippet":"max-snippet:-1","max-image-preview":"max-image-preview:large","max-video-preview":"max-video-preview:-1"},"canonical":"https:\/\/universnews224.com\/index.php\/guinee-le-secteur-prive-guineen-soutient-les-acquis-du-president-le-general-mamadi-doumbouya\/","og_locale":"fr_FR","og_type":"article","og_title":"Guin\u00e9e: le secteur priv\u00e9 guin\u00e9en soutient les acquis du pr\u00e9sident le G\u00e9n\u00e9ral Mamadi Doumbouya. - UNIVERSNEWS224","og_description":"Sous la pr\u00e9sidence du premier ministre chef du gouvernement, accompagn\u00e9 des membres du CNRD, le","og_url":"https:\/\/universnews224.com\/index.php\/guinee-le-secteur-prive-guineen-soutient-les-acquis-du-president-le-general-mamadi-doumbouya\/","og_site_name":"UNIVERSNEWS224","article_published_time":"2025-05-10T16:28:08+00:00","article_modified_time":"2025-05-10T16:36:11+00:00","og_image":[{"width":1032,"height":581,"url":"https:\/\/universnews224.com\/wp-content\/uploads\/2025\/05\/IMG-20250510-WA0041.jpg","type":"image\/jpeg"}],"author":"La R\u00e9daction","twitter_misc":{"\u00c9crit par":"La R\u00e9daction","Dur\u00e9e de lecture estim\u00e9e":"6 minutes"},"schema":{"@context":"https:\/\/schema.org","@graph":[{"@type":"Article","@id":"https:\/\/universnews224.com\/index.php\/guinee-le-secteur-prive-guineen-soutient-les-acquis-du-president-le-general-mamadi-doumbouya\/#article","isPartOf":{"@id":"https:\/\/universnews224.com\/index.php\/guinee-le-secteur-prive-guineen-soutient-les-acquis-du-president-le-general-mamadi-doumbouya\/"},"author":{"name":"La R\u00e9daction","@id":"https:\/\/universnews224.com\/#\/schema\/person\/a4b7d4f94a4716df60456a491260485e"},"headline":"Guin\u00e9e: le secteur priv\u00e9 guin\u00e9en soutient les acquis du pr\u00e9sident le G\u00e9n\u00e9ral Mamadi Doumbouya.","datePublished":"2025-05-10T16:28:08+00:00","dateModified":"2025-05-10T16:36:11+00:00","mainEntityOfPage":{"@id":"https:\/\/universnews224.com\/index.php\/guinee-le-secteur-prive-guineen-soutient-les-acquis-du-president-le-general-mamadi-doumbouya\/"},"wordCount":861,"publisher":{"@id":"https:\/\/universnews224.com\/#organization"},"keywords":["A la une"],"inLanguage":"fr-FR"},{"@type":"WebPage","@id":"https:\/\/universnews224.com\/index.php\/guinee-le-secteur-prive-guineen-soutient-les-acquis-du-president-le-general-mamadi-doumbouya\/","url":"https:\/\/universnews224.com\/index.php\/guinee-le-secteur-prive-guineen-soutient-les-acquis-du-president-le-general-mamadi-doumbouya\/","name":"Guin\u00e9e: le secteur priv\u00e9 guin\u00e9en soutient les acquis du pr\u00e9sident le G\u00e9n\u00e9ral Mamadi Doumbouya. - UNIVERSNEWS224","isPartOf":{"@id":"https:\/\/universnews224.com\/#website"},"datePublished":"2025-05-10T16:28:08+00:00","dateModified":"2025-05-10T16:36:11+00:00","inLanguage":"fr-FR","potentialAction":[{"@type":"ReadAction","target":["https:\/\/universnews224.com\/index.php\/guinee-le-secteur-prive-guineen-soutient-les-acquis-du-president-le-general-mamadi-doumbouya\/"]}]},{"@type":"WebSite","@id":"https:\/\/universnews224.com\/#website","url":"https:\/\/universnews224.com\/","name":"UNIVERSNEWS224","description":"","publisher":{"@id":"https:\/\/universnews224.com\/#organization"},"potentialAction":[{"@type":"SearchAction","target":{"@type":"EntryPoint","urlTemplate":"https:\/\/universnews224.com\/?s={search_term_string}"},"query-input":"required name=search_term_string"}],"inLanguage":"fr-FR"},{"@type":"Organization","@id":"https:\/\/universnews224.com\/#organization","name":"UNIVERSNEWS224","url":"https:\/\/universnews224.com\/","logo":{"@type":"ImageObject","inLanguage":"fr-FR","@id":"https:\/\/universnews224.com\/#\/schema\/logo\/image\/","url":"https:\/\/universnews224.com\/wp-content\/uploads\/2022\/08\/cropped-cropped-logoban.jpg","contentUrl":"https:\/\/universnews224.com\/wp-content\/uploads\/2022\/08\/cropped-cropped-logoban.jpg","width":1080,"height":138,"caption":"UNIVERSNEWS224"},"image":{"@id":"https:\/\/universnews224.com\/#\/schema\/logo\/image\/"}},{"@type":"Person","@id":"https:\/\/universnews224.com\/#\/schema\/person\/a4b7d4f94a4716df60456a491260485e","name":"La R\u00e9daction","image":{"@type":"ImageObject","inLanguage":"fr-FR","@id":"https:\/\/universnews224.com\/#\/schema\/person\/image\/","url":"https:\/\/secure.gravatar.com\/avatar\/edb90acc7752b23e1b3307ad36c14f0d?s=96&d=mm&r=g","contentUrl":"https:\/\/secure.gravatar.com\/avatar\/edb90acc7752b23e1b3307ad36c14f0d?s=96&d=mm&r=g","caption":"La R\u00e9daction"},"sameAs":["https:\/\/universnews224.com"],"url":"https:\/\/universnews224.com\/index.php\/author\/m-camara\/"}]}},"_links":{"self":[{"href":"https:\/\/universnews224.com\/index.php\/wp-json\/wp\/v2\/posts\/8177"}],"collection":[{"href":"https:\/\/universnews224.com\/index.php\/wp-json\/wp\/v2\/posts"}],"about":[{"href":"https:\/\/universnews224.com\/index.php\/wp-json\/wp\/v2\/types\/post"}],"author":[{"embeddable":true,"href":"https:\/\/universnews224.com\/index.php\/wp-json\/wp\/v2\/users\/2"}],"replies":[{"embeddable":true,"href":"https:\/\/universnews224.com\/index.php\/wp-json\/wp\/v2\/comments?post=8177"}],"version-history":[{"count":2,"href":"https:\/\/universnews224.com\/index.php\/wp-json\/wp\/v2\/posts\/8177\/revisions"}],"predecessor-version":[{"id":8184,"href":"https:\/\/universnews224.com\/index.php\/wp-json\/wp\/v2\/posts\/8177\/revisions\/8184"}],"wp:featuredmedia":[{"embeddable":true,"href":"https:\/\/universnews224.com\/index.php\/wp-json\/wp\/v2\/media\/8178"}],"wp:attachment":[{"href":"https:\/\/universnews224.com\/index.php\/wp-json\/wp\/v2\/media?parent=8177"}],"wp:term":[{"taxonomy":"category","embeddable":true,"href":"https:\/\/universnews224.com\/index.php\/wp-json\/wp\/v2\/categories?post=8177"},{"taxonomy":"post_tag","embeddable":true,"href":"https:\/\/universnews224.com\/index.php\/wp-json\/wp\/v2\/tags?post=8177"}],"curies":[{"name":"wp","href":"https:\/\/api.w.org\/{rel}","templated":true}]}}