{"id":8217,"date":"2025-05-19T23:22:09","date_gmt":"2025-05-19T22:22:09","guid":{"rendered":"https:\/\/universnews224.com\/?p=8217"},"modified":"2025-05-19T23:24:43","modified_gmt":"2025-05-19T22:24:43","slug":"medias-lancement-a-conakry-du-forum-sur-lavenir-de-la-presse-en-guinee","status":"publish","type":"post","link":"https:\/\/universnews224.com\/index.php\/medias-lancement-a-conakry-du-forum-sur-lavenir-de-la-presse-en-guinee\/","title":{"rendered":"M\u00e9dias: Lancement \u00e0 Conakry du forum sur l&rsquo;avenir de la presse en Guin\u00e9e.\u00a0"},"content":{"rendered":"<div dir=\"auto\"><strong>Les travaux du Forum sur l&rsquo;avenir de la presse en Guin\u00e9e ont \u00e9t\u00e9 lanc\u00e9s ce lundi, 19 avril 2025 \u00e0 Conakry. Durant trois (3) jours, les acteurs cl\u00e9s du paysage m\u00e9diatique guin\u00e9en, ainsi que des d\u00e9l\u00e9gations des instances de r\u00e9gulation des m\u00e9dias du Mali, de la C\u00f4te d\u2019ivoire, du Maroc vont dresser l\u2019\u00e9tat des lieux de la presse en Guin\u00e9e, relever les insuffisances et les d\u00e9fis et proposer des solutions appropri\u00e9es<\/strong>.<a href=\"https:\/\/universnews224.com\/wp-content\/uploads\/2025\/05\/IMG-20250519-WA0004.jpg\"><img loading=\"lazy\" class=\"alignnone size-medium wp-image-8218\" src=\"https:\/\/universnews224.com\/wp-content\/uploads\/2025\/05\/IMG-20250519-WA0004-300x169.jpg\" alt=\"\" width=\"300\" height=\"169\" srcset=\"https:\/\/universnews224.com\/wp-content\/uploads\/2025\/05\/IMG-20250519-WA0004-300x169.jpg 300w, https:\/\/universnews224.com\/wp-content\/uploads\/2025\/05\/IMG-20250519-WA0004-1024x576.jpg 1024w, https:\/\/universnews224.com\/wp-content\/uploads\/2025\/05\/IMG-20250519-WA0004-768x432.jpg 768w, https:\/\/universnews224.com\/wp-content\/uploads\/2025\/05\/IMG-20250519-WA0004-800x450.jpg 800w, https:\/\/universnews224.com\/wp-content\/uploads\/2025\/05\/IMG-20250519-WA0004.jpg 1080w\" sizes=\"(max-width: 300px) 100vw, 300px\" \/><\/a><\/div>\n<div dir=\"auto\">Cette c\u00e9r\u00e9monie de lancement a \u00e9t\u00e9 marqu\u00e9e par la pr\u00e9sence du premier ministre chef du gouvernement, Amadou Oury, du pr\u00e9sident du CNT, Dr. Dansa Kourouma, des membres du CNRD et du gouvernement ainsi que les professionnels de m\u00e9dias fortement mobilis\u00e9s.<a href=\"https:\/\/universnews224.com\/wp-content\/uploads\/2025\/05\/IMG-20250519-WA0002.jpg\"><img loading=\"lazy\" class=\"alignnone size-medium wp-image-8219\" src=\"https:\/\/universnews224.com\/wp-content\/uploads\/2025\/05\/IMG-20250519-WA0002-300x169.jpg\" alt=\"\" width=\"300\" height=\"169\" srcset=\"https:\/\/universnews224.com\/wp-content\/uploads\/2025\/05\/IMG-20250519-WA0002-300x169.jpg 300w, https:\/\/universnews224.com\/wp-content\/uploads\/2025\/05\/IMG-20250519-WA0002-1024x576.jpg 1024w, https:\/\/universnews224.com\/wp-content\/uploads\/2025\/05\/IMG-20250519-WA0002-768x432.jpg 768w, https:\/\/universnews224.com\/wp-content\/uploads\/2025\/05\/IMG-20250519-WA0002-800x450.jpg 800w, https:\/\/universnews224.com\/wp-content\/uploads\/2025\/05\/IMG-20250519-WA0002.jpg 1080w\" sizes=\"(max-width: 300px) 100vw, 300px\" \/><\/a><\/div>\n<div dir=\"auto\">Dans sa prise de parole, Boubacar Yacine Diallo, pr\u00e9sident de HAC (haute autorit\u00e9 de la communication) s&rsquo;est r\u00e9joui de la tenue de ce forum qui, selon lui, l&rsquo;a permis de revoir les anciennes figures de la presse guin\u00e9enne. <a href=\"https:\/\/universnews224.com\/wp-content\/uploads\/2025\/05\/IMG-20250519-WA0007-720x375-1.jpg\"><img loading=\"lazy\" class=\"alignnone size-medium wp-image-8220\" src=\"https:\/\/universnews224.com\/wp-content\/uploads\/2025\/05\/IMG-20250519-WA0007-720x375-1-300x156.jpg\" alt=\"\" width=\"300\" height=\"156\" srcset=\"https:\/\/universnews224.com\/wp-content\/uploads\/2025\/05\/IMG-20250519-WA0007-720x375-1-300x156.jpg 300w, https:\/\/universnews224.com\/wp-content\/uploads\/2025\/05\/IMG-20250519-WA0007-720x375-1.jpg 720w\" sizes=\"(max-width: 300px) 100vw, 300px\" \/><\/a><\/div>\n<div dir=\"auto\">\u00ab\u00a0<em>Je suis \u00e9mu ce matin parce que je vois les vrais visages des journalistes. Il y a longtemps que je ne voyais pas ces visages-l\u00e0. Parce que toutes les fois que je suis venu \u00e0 des c\u00e9r\u00e9monies, j&rsquo;ai plut\u00f4t rencontr\u00e9 de jeunes journalistes que je ne connais pas et je me suis toujours pos\u00e9 la question de savoir o\u00f9 sont les journalistes que je connais. Je suis donc heureux de parler avec vous de l&rsquo;avenir de notre presse. L<\/em><em>&lsquo;avenir de la presse en Guin\u00e9e se construit aujourd&rsquo;hui.<\/em>\u00ab\u00a0, a t-il martel\u00e9 avant de d\u00e9noncer l&rsquo;infiltration de la presse guin\u00e9enne par les individus \u00e0 la recherche du gain facile. <a href=\"https:\/\/universnews224.com\/wp-content\/uploads\/2025\/05\/IMG-20250519-WA0007-720x375-1.jpg\"><img loading=\"lazy\" class=\"alignnone size-medium wp-image-8220\" src=\"https:\/\/universnews224.com\/wp-content\/uploads\/2025\/05\/IMG-20250519-WA0007-720x375-1-300x156.jpg\" alt=\"\" width=\"300\" height=\"156\" srcset=\"https:\/\/universnews224.com\/wp-content\/uploads\/2025\/05\/IMG-20250519-WA0007-720x375-1-300x156.jpg 300w, https:\/\/universnews224.com\/wp-content\/uploads\/2025\/05\/IMG-20250519-WA0007-720x375-1.jpg 720w\" sizes=\"(max-width: 300px) 100vw, 300px\" \/><\/a><\/div>\n<div dir=\"auto\"><\/div>\n<div dir=\"auto\">\u00ab\u00a0<em>Et c&rsquo;est pour cette raison que nous avons initi\u00e9, mes coll\u00e8gues et moi, ce forum pour \u00e9voquer fermement les sujets concernant l&rsquo;exercice de la profession. Une profession qui a \u00e9t\u00e9 infiltr\u00e9e, par des individus \u00e0 la recherche du bien facile, parfois dans la malhonn\u00eatet\u00e9. Et, je suis heureux de faire ce constat devant les journalistes qui sont en face de moi et que je respecte<\/em>\u00ab\u00a0, a t-il indiqu\u00e9.<\/div>\n<div dir=\"auto\"><\/div>\n<div dir=\"auto\">Poursuivant Boubacar Yacine Diallo invite les professionnels de m\u00e9dias d&rsquo;expirtiper ces \u00e9l\u00e9ments dans leur rang. <a href=\"https:\/\/universnews224.com\/wp-content\/uploads\/2025\/05\/IMG-20250519-WA0007-720x375-1.jpg\"><img loading=\"lazy\" class=\"alignnone size-medium wp-image-8220\" src=\"https:\/\/universnews224.com\/wp-content\/uploads\/2025\/05\/IMG-20250519-WA0007-720x375-1-300x156.jpg\" alt=\"\" width=\"300\" height=\"156\" srcset=\"https:\/\/universnews224.com\/wp-content\/uploads\/2025\/05\/IMG-20250519-WA0007-720x375-1-300x156.jpg 300w, https:\/\/universnews224.com\/wp-content\/uploads\/2025\/05\/IMG-20250519-WA0007-720x375-1.jpg 720w\" sizes=\"(max-width: 300px) 100vw, 300px\" \/><\/a><\/div>\n<div dir=\"auto\"><\/div>\n<div dir=\"auto\">\u00ab\u00a0<em>Je voudrais donc m&rsquo;adresser \u00e0 vous, journalistes, professionnels, avis\u00e9s.<\/em><\/div>\n<div dir=\"auto\"><em>Je voudrais vous demander de sortir de nos rangs ces individus v\u00e9reux qui sont venus int\u00e9grer la corruption dans nos rangs alors qu&rsquo;ils pr\u00e9tendent d\u00e9noncer cette corruption. Ce sont les premiers corrompus. Nous devons les sortir de nos rangs.Nous devons assainir nos rangs pour nous faire respecter, pour nous faire \u00e9couter, pour nous faire entendre\u00a0\u00bb, a t-il lanc\u00e9.<\/em><\/div>\n<div dir=\"auto\"><\/div>\n<div dir=\"auto\">Pour sa part, Bah Oury a tout d&rsquo;abord salu\u00e9 cette initiative de la Haute Autorit\u00e9 de la Communication, avant de rappeler l&rsquo;importance de la presse dans cette p\u00e9riode de refondation. Selon le locataire du palais de la colombe, la refondation a n\u00e9cessairement besoin de contre-pouvoirs efficaces\u00bb<em>.<a href=\"https:\/\/universnews224.com\/wp-content\/uploads\/2025\/05\/IMG-20250519-WA0005.jpg\"><img loading=\"lazy\" class=\"alignnone size-medium wp-image-8221\" src=\"https:\/\/universnews224.com\/wp-content\/uploads\/2025\/05\/IMG-20250519-WA0005-300x209.jpg\" alt=\"\" width=\"300\" height=\"209\" srcset=\"https:\/\/universnews224.com\/wp-content\/uploads\/2025\/05\/IMG-20250519-WA0005-300x209.jpg 300w, https:\/\/universnews224.com\/wp-content\/uploads\/2025\/05\/IMG-20250519-WA0005-1024x713.jpg 1024w, https:\/\/universnews224.com\/wp-content\/uploads\/2025\/05\/IMG-20250519-WA0005-768x535.jpg 768w, https:\/\/universnews224.com\/wp-content\/uploads\/2025\/05\/IMG-20250519-WA0005.jpg 1280w\" sizes=\"(max-width: 300px) 100vw, 300px\" \/><\/a><\/em><\/div>\n<div dir=\"auto\"><\/div>\n<div dir=\"auto\"><em>\u00ab\u00a0L&rsquo;int\u00e9r\u00eat du pouvoir, c&rsquo;est d&rsquo;avoir des contre-pouvoirs efficaces parce que c&rsquo;est cela qui permet au pouvoir de ne pas aller dans les d\u00e9rives. Mais si les contre-pouvoirs sont inefficaces, le pouvoir m\u00eame ressentira cette inefficacit\u00e9 par le fait que son action n&rsquo;est pas jug\u00e9e avec objectivit\u00e9 pour lui permettre d&rsquo;appr\u00e9cier si on va dans la bonne direction ou pas\u00a0\u00bb,<\/em> a t-il soulign\u00e9.<\/div>\n<div dir=\"auto\"><\/div>\n<div dir=\"auto\">D&rsquo;o\u00f9 la n\u00e9cessit\u00e9 selon Bah Oury d&rsquo;avoir des contre-pouvoirs dans tous les domaines sociopolitiques du pays. <a href=\"https:\/\/universnews224.com\/wp-content\/uploads\/2025\/05\/IMG-20250519-WA0010.jpg\"><img loading=\"lazy\" class=\"alignnone size-medium wp-image-8222\" src=\"https:\/\/universnews224.com\/wp-content\/uploads\/2025\/05\/IMG-20250519-WA0010-300x169.jpg\" alt=\"\" width=\"300\" height=\"169\" srcset=\"https:\/\/universnews224.com\/wp-content\/uploads\/2025\/05\/IMG-20250519-WA0010-300x169.jpg 300w, https:\/\/universnews224.com\/wp-content\/uploads\/2025\/05\/IMG-20250519-WA0010-1024x576.jpg 1024w, https:\/\/universnews224.com\/wp-content\/uploads\/2025\/05\/IMG-20250519-WA0010-768x432.jpg 768w, https:\/\/universnews224.com\/wp-content\/uploads\/2025\/05\/IMG-20250519-WA0010-800x450.jpg 800w, https:\/\/universnews224.com\/wp-content\/uploads\/2025\/05\/IMG-20250519-WA0010.jpg 1080w\" sizes=\"(max-width: 300px) 100vw, 300px\" \/><\/a><\/div>\n<div dir=\"auto\"><\/div>\n<div dir=\"auto\">\u00ab\u00a0<em>C&rsquo;est un principe fondateur de la refondation, de savoir qu&rsquo;en toute chose nous avons besoin de contre-pouvoirs efficaces. Il en va des partis politiques, il en va des institutions, il en va de la presse puisque vous \u00eates le m\u00e9diateur par excellence entre les diff\u00e9rentes institutions et la population. Si ce n&rsquo;est pas le cas, surtout dans ce monde troubl\u00e9 avec la multiplication des moyens de communication sans filtre, les soci\u00e9t\u00e9s seront menac\u00e9es<\/em>\u00ab\u00a0, a t-il martel\u00e9.<\/div>\n<div dir=\"auto\"><\/div>\n<div dir=\"auto\">Kamara<\/div>\n<div dir=\"auto\"><\/div>\n","protected":false},"excerpt":{"rendered":"<p>Les travaux du Forum sur l&rsquo;avenir de la presse en Guin\u00e9e ont \u00e9t\u00e9 lanc\u00e9s ce<\/p>\n","protected":false},"author":2,"featured_media":8219,"comment_status":"closed","ping_status":"open","sticky":false,"template":"","format":"standard","meta":[],"categories":[3,5],"tags":[237],"yoast_head":"<!-- This site is optimized with the Yoast SEO plugin v19.13 - https:\/\/yoast.com\/wordpress\/plugins\/seo\/ -->\n<title>M\u00e9dias: Lancement \u00e0 Conakry du forum sur l&#039;avenir de la presse en Guin\u00e9e.\u00a0 - UNIVERSNEWS224<\/title>\n<meta name=\"robots\" content=\"index, follow, max-snippet:-1, max-image-preview:large, max-video-preview:-1\" \/>\n<link rel=\"canonical\" href=\"https:\/\/universnews224.com\/index.php\/medias-lancement-a-conakry-du-forum-sur-lavenir-de-la-presse-en-guinee\/\" \/>\n<meta property=\"og:locale\" content=\"fr_FR\" \/>\n<meta property=\"og:type\" content=\"article\" \/>\n<meta property=\"og:title\" content=\"M\u00e9dias: Lancement \u00e0 Conakry du forum sur l&#039;avenir de la presse en Guin\u00e9e.\u00a0 - UNIVERSNEWS224\" \/>\n<meta property=\"og:description\" content=\"Les travaux du Forum sur l&rsquo;avenir de la presse en Guin\u00e9e ont \u00e9t\u00e9 lanc\u00e9s ce\" \/>\n<meta property=\"og:url\" content=\"https:\/\/universnews224.com\/index.php\/medias-lancement-a-conakry-du-forum-sur-lavenir-de-la-presse-en-guinee\/\" \/>\n<meta property=\"og:site_name\" content=\"UNIVERSNEWS224\" \/>\n<meta property=\"article:published_time\" content=\"2025-05-19T22:22:09+00:00\" \/>\n<meta property=\"article:modified_time\" content=\"2025-05-19T22:24:43+00:00\" \/>\n<meta property=\"og:image\" content=\"https:\/\/universnews224.com\/wp-content\/uploads\/2025\/05\/IMG-20250519-WA0002.jpg\" \/>\n\t<meta property=\"og:image:width\" content=\"1080\" \/>\n\t<meta property=\"og:image:height\" content=\"607\" \/>\n\t<meta property=\"og:image:type\" content=\"image\/jpeg\" \/>\n<meta name=\"author\" content=\"La R\u00e9daction\" \/>\n<meta name=\"twitter:label1\" content=\"\u00c9crit par\" \/>\n\t<meta name=\"twitter:data1\" content=\"La R\u00e9daction\" \/>\n\t<meta name=\"twitter:label2\" content=\"Dur\u00e9e de lecture estim\u00e9e\" \/>\n\t<meta name=\"twitter:data2\" content=\"5 minutes\" \/>\n<script type=\"application\/ld+json\" class=\"yoast-schema-graph\">{\"@context\":\"https:\/\/schema.org\",\"@graph\":[{\"@type\":\"Article\",\"@id\":\"https:\/\/universnews224.com\/index.php\/medias-lancement-a-conakry-du-forum-sur-lavenir-de-la-presse-en-guinee\/#article\",\"isPartOf\":{\"@id\":\"https:\/\/universnews224.com\/index.php\/medias-lancement-a-conakry-du-forum-sur-lavenir-de-la-presse-en-guinee\/\"},\"author\":{\"name\":\"La R\u00e9daction\",\"@id\":\"https:\/\/universnews224.com\/#\/schema\/person\/a4b7d4f94a4716df60456a491260485e\"},\"headline\":\"M\u00e9dias: Lancement \u00e0 Conakry du forum sur l&rsquo;avenir de la presse en Guin\u00e9e.\u00a0\",\"datePublished\":\"2025-05-19T22:22:09+00:00\",\"dateModified\":\"2025-05-19T22:24:43+00:00\",\"mainEntityOfPage\":{\"@id\":\"https:\/\/universnews224.com\/index.php\/medias-lancement-a-conakry-du-forum-sur-lavenir-de-la-presse-en-guinee\/\"},\"wordCount\":670,\"publisher\":{\"@id\":\"https:\/\/universnews224.com\/#organization\"},\"keywords\":[\"A la une\"],\"articleSection\":[\"ACTU\",\"SOCI\u00c9T\u00c9\"],\"inLanguage\":\"fr-FR\"},{\"@type\":\"WebPage\",\"@id\":\"https:\/\/universnews224.com\/index.php\/medias-lancement-a-conakry-du-forum-sur-lavenir-de-la-presse-en-guinee\/\",\"url\":\"https:\/\/universnews224.com\/index.php\/medias-lancement-a-conakry-du-forum-sur-lavenir-de-la-presse-en-guinee\/\",\"name\":\"M\u00e9dias: Lancement \u00e0 Conakry du forum sur l'avenir de la presse en Guin\u00e9e.\u00a0 - UNIVERSNEWS224\",\"isPartOf\":{\"@id\":\"https:\/\/universnews224.com\/#website\"},\"datePublished\":\"2025-05-19T22:22:09+00:00\",\"dateModified\":\"2025-05-19T22:24:43+00:00\",\"inLanguage\":\"fr-FR\",\"potentialAction\":[{\"@type\":\"ReadAction\",\"target\":[\"https:\/\/universnews224.com\/index.php\/medias-lancement-a-conakry-du-forum-sur-lavenir-de-la-presse-en-guinee\/\"]}]},{\"@type\":\"WebSite\",\"@id\":\"https:\/\/universnews224.com\/#website\",\"url\":\"https:\/\/universnews224.com\/\",\"name\":\"UNIVERSNEWS224\",\"description\":\"\",\"publisher\":{\"@id\":\"https:\/\/universnews224.com\/#organization\"},\"potentialAction\":[{\"@type\":\"SearchAction\",\"target\":{\"@type\":\"EntryPoint\",\"urlTemplate\":\"https:\/\/universnews224.com\/?s={search_term_string}\"},\"query-input\":\"required name=search_term_string\"}],\"inLanguage\":\"fr-FR\"},{\"@type\":\"Organization\",\"@id\":\"https:\/\/universnews224.com\/#organization\",\"name\":\"UNIVERSNEWS224\",\"url\":\"https:\/\/universnews224.com\/\",\"logo\":{\"@type\":\"ImageObject\",\"inLanguage\":\"fr-FR\",\"@id\":\"https:\/\/universnews224.com\/#\/schema\/logo\/image\/\",\"url\":\"https:\/\/universnews224.com\/wp-content\/uploads\/2022\/08\/cropped-cropped-logoban.jpg\",\"contentUrl\":\"https:\/\/universnews224.com\/wp-content\/uploads\/2022\/08\/cropped-cropped-logoban.jpg\",\"width\":1080,\"height\":138,\"caption\":\"UNIVERSNEWS224\"},\"image\":{\"@id\":\"https:\/\/universnews224.com\/#\/schema\/logo\/image\/\"}},{\"@type\":\"Person\",\"@id\":\"https:\/\/universnews224.com\/#\/schema\/person\/a4b7d4f94a4716df60456a491260485e\",\"name\":\"La R\u00e9daction\",\"image\":{\"@type\":\"ImageObject\",\"inLanguage\":\"fr-FR\",\"@id\":\"https:\/\/universnews224.com\/#\/schema\/person\/image\/\",\"url\":\"https:\/\/secure.gravatar.com\/avatar\/edb90acc7752b23e1b3307ad36c14f0d?s=96&d=mm&r=g\",\"contentUrl\":\"https:\/\/secure.gravatar.com\/avatar\/edb90acc7752b23e1b3307ad36c14f0d?s=96&d=mm&r=g\",\"caption\":\"La R\u00e9daction\"},\"sameAs\":[\"https:\/\/universnews224.com\"],\"url\":\"https:\/\/universnews224.com\/index.php\/author\/m-camara\/\"}]}<\/script>\n<!-- \/ Yoast SEO plugin. -->","yoast_head_json":{"title":"M\u00e9dias: Lancement \u00e0 Conakry du forum sur l'avenir de la presse en Guin\u00e9e.\u00a0 - UNIVERSNEWS224","robots":{"index":"index","follow":"follow","max-snippet":"max-snippet:-1","max-image-preview":"max-image-preview:large","max-video-preview":"max-video-preview:-1"},"canonical":"https:\/\/universnews224.com\/index.php\/medias-lancement-a-conakry-du-forum-sur-lavenir-de-la-presse-en-guinee\/","og_locale":"fr_FR","og_type":"article","og_title":"M\u00e9dias: Lancement \u00e0 Conakry du forum sur l'avenir de la presse en Guin\u00e9e.\u00a0 - UNIVERSNEWS224","og_description":"Les travaux du Forum sur l&rsquo;avenir de la presse en Guin\u00e9e ont \u00e9t\u00e9 lanc\u00e9s ce","og_url":"https:\/\/universnews224.com\/index.php\/medias-lancement-a-conakry-du-forum-sur-lavenir-de-la-presse-en-guinee\/","og_site_name":"UNIVERSNEWS224","article_published_time":"2025-05-19T22:22:09+00:00","article_modified_time":"2025-05-19T22:24:43+00:00","og_image":[{"width":1080,"height":607,"url":"https:\/\/universnews224.com\/wp-content\/uploads\/2025\/05\/IMG-20250519-WA0002.jpg","type":"image\/jpeg"}],"author":"La R\u00e9daction","twitter_misc":{"\u00c9crit par":"La R\u00e9daction","Dur\u00e9e de lecture estim\u00e9e":"5 minutes"},"schema":{"@context":"https:\/\/schema.org","@graph":[{"@type":"Article","@id":"https:\/\/universnews224.com\/index.php\/medias-lancement-a-conakry-du-forum-sur-lavenir-de-la-presse-en-guinee\/#article","isPartOf":{"@id":"https:\/\/universnews224.com\/index.php\/medias-lancement-a-conakry-du-forum-sur-lavenir-de-la-presse-en-guinee\/"},"author":{"name":"La R\u00e9daction","@id":"https:\/\/universnews224.com\/#\/schema\/person\/a4b7d4f94a4716df60456a491260485e"},"headline":"M\u00e9dias: Lancement \u00e0 Conakry du forum sur l&rsquo;avenir de la presse en Guin\u00e9e.\u00a0","datePublished":"2025-05-19T22:22:09+00:00","dateModified":"2025-05-19T22:24:43+00:00","mainEntityOfPage":{"@id":"https:\/\/universnews224.com\/index.php\/medias-lancement-a-conakry-du-forum-sur-lavenir-de-la-presse-en-guinee\/"},"wordCount":670,"publisher":{"@id":"https:\/\/universnews224.com\/#organization"},"keywords":["A la une"],"articleSection":["ACTU","SOCI\u00c9T\u00c9"],"inLanguage":"fr-FR"},{"@type":"WebPage","@id":"https:\/\/universnews224.com\/index.php\/medias-lancement-a-conakry-du-forum-sur-lavenir-de-la-presse-en-guinee\/","url":"https:\/\/universnews224.com\/index.php\/medias-lancement-a-conakry-du-forum-sur-lavenir-de-la-presse-en-guinee\/","name":"M\u00e9dias: Lancement \u00e0 Conakry du forum sur l'avenir de la presse en Guin\u00e9e.\u00a0 - UNIVERSNEWS224","isPartOf":{"@id":"https:\/\/universnews224.com\/#website"},"datePublished":"2025-05-19T22:22:09+00:00","dateModified":"2025-05-19T22:24:43+00:00","inLanguage":"fr-FR","potentialAction":[{"@type":"ReadAction","target":["https:\/\/universnews224.com\/index.php\/medias-lancement-a-conakry-du-forum-sur-lavenir-de-la-presse-en-guinee\/"]}]},{"@type":"WebSite","@id":"https:\/\/universnews224.com\/#website","url":"https:\/\/universnews224.com\/","name":"UNIVERSNEWS224","description":"","publisher":{"@id":"https:\/\/universnews224.com\/#organization"},"potentialAction":[{"@type":"SearchAction","target":{"@type":"EntryPoint","urlTemplate":"https:\/\/universnews224.com\/?s={search_term_string}"},"query-input":"required name=search_term_string"}],"inLanguage":"fr-FR"},{"@type":"Organization","@id":"https:\/\/universnews224.com\/#organization","name":"UNIVERSNEWS224","url":"https:\/\/universnews224.com\/","logo":{"@type":"ImageObject","inLanguage":"fr-FR","@id":"https:\/\/universnews224.com\/#\/schema\/logo\/image\/","url":"https:\/\/universnews224.com\/wp-content\/uploads\/2022\/08\/cropped-cropped-logoban.jpg","contentUrl":"https:\/\/universnews224.com\/wp-content\/uploads\/2022\/08\/cropped-cropped-logoban.jpg","width":1080,"height":138,"caption":"UNIVERSNEWS224"},"image":{"@id":"https:\/\/universnews224.com\/#\/schema\/logo\/image\/"}},{"@type":"Person","@id":"https:\/\/universnews224.com\/#\/schema\/person\/a4b7d4f94a4716df60456a491260485e","name":"La R\u00e9daction","image":{"@type":"ImageObject","inLanguage":"fr-FR","@id":"https:\/\/universnews224.com\/#\/schema\/person\/image\/","url":"https:\/\/secure.gravatar.com\/avatar\/edb90acc7752b23e1b3307ad36c14f0d?s=96&d=mm&r=g","contentUrl":"https:\/\/secure.gravatar.com\/avatar\/edb90acc7752b23e1b3307ad36c14f0d?s=96&d=mm&r=g","caption":"La R\u00e9daction"},"sameAs":["https:\/\/universnews224.com"],"url":"https:\/\/universnews224.com\/index.php\/author\/m-camara\/"}]}},"_links":{"self":[{"href":"https:\/\/universnews224.com\/index.php\/wp-json\/wp\/v2\/posts\/8217"}],"collection":[{"href":"https:\/\/universnews224.com\/index.php\/wp-json\/wp\/v2\/posts"}],"about":[{"href":"https:\/\/universnews224.com\/index.php\/wp-json\/wp\/v2\/types\/post"}],"author":[{"embeddable":true,"href":"https:\/\/universnews224.com\/index.php\/wp-json\/wp\/v2\/users\/2"}],"replies":[{"embeddable":true,"href":"https:\/\/universnews224.com\/index.php\/wp-json\/wp\/v2\/comments?post=8217"}],"version-history":[{"count":4,"href":"https:\/\/universnews224.com\/index.php\/wp-json\/wp\/v2\/posts\/8217\/revisions"}],"predecessor-version":[{"id":8226,"href":"https:\/\/universnews224.com\/index.php\/wp-json\/wp\/v2\/posts\/8217\/revisions\/8226"}],"wp:featuredmedia":[{"embeddable":true,"href":"https:\/\/universnews224.com\/index.php\/wp-json\/wp\/v2\/media\/8219"}],"wp:attachment":[{"href":"https:\/\/universnews224.com\/index.php\/wp-json\/wp\/v2\/media?parent=8217"}],"wp:term":[{"taxonomy":"category","embeddable":true,"href":"https:\/\/universnews224.com\/index.php\/wp-json\/wp\/v2\/categories?post=8217"},{"taxonomy":"post_tag","embeddable":true,"href":"https:\/\/universnews224.com\/index.php\/wp-json\/wp\/v2\/tags?post=8217"}],"curies":[{"name":"wp","href":"https:\/\/api.w.org\/{rel}","templated":true}]}}