{"id":8373,"date":"2025-06-07T22:20:09","date_gmt":"2025-06-07T21:20:09","guid":{"rendered":"https:\/\/universnews224.com\/?p=8373"},"modified":"2025-06-07T22:20:09","modified_gmt":"2025-06-07T21:20:09","slug":"mamaya-2025-moussa-moise-sylla-donne-le-coup-denvoi-au-stade-mballou-mady-diakite-de-kankan","status":"publish","type":"post","link":"https:\/\/universnews224.com\/index.php\/mamaya-2025-moussa-moise-sylla-donne-le-coup-denvoi-au-stade-mballou-mady-diakite-de-kankan\/","title":{"rendered":"Mamaya 2025 : Moussa Mo\u00efse Sylla donne le coup d\u2019envoi au stade M\u2019ballou Mady Diakit\u00e9 de Kankan\u00a0"},"content":{"rendered":"<div dir=\"auto\">Comme \u00e0 l\u2019accoutum\u00e9e, au lendemain de chaque f\u00eate de Tabaski \u00e0 Kankan, se tient un \u00e9v\u00e8nement traditionnel d\u00e9nomm\u00e9 \u00abla\u00a0 Mamaya\u00bb. Ainsi, ce samedi 07 juin 2025, s\u2019est tenue dans la ville de Kankan Nabaya plus pr\u00e9cis\u00e9ment au stade M\u2019ballou Mady Diakit\u00e9, la 3\u00e8me\u00a0 \u00e9dition de cette haute rencontre et retrouvailles culturelles des hommes forts.<a href=\"https:\/\/universnews224.com\/wp-content\/uploads\/2025\/06\/IMG-20250607-WA0011.jpg\"><img loading=\"lazy\" class=\"alignnone size-medium wp-image-8374\" src=\"https:\/\/universnews224.com\/wp-content\/uploads\/2025\/06\/IMG-20250607-WA0011-300x169.jpg\" alt=\"\" width=\"300\" height=\"169\" srcset=\"https:\/\/universnews224.com\/wp-content\/uploads\/2025\/06\/IMG-20250607-WA0011-300x169.jpg 300w, https:\/\/universnews224.com\/wp-content\/uploads\/2025\/06\/IMG-20250607-WA0011-768x432.jpg 768w, https:\/\/universnews224.com\/wp-content\/uploads\/2025\/06\/IMG-20250607-WA0011-800x450.jpg 800w, https:\/\/universnews224.com\/wp-content\/uploads\/2025\/06\/IMG-20250607-WA0011.jpg 1008w\" sizes=\"(max-width: 300px) 100vw, 300px\" \/><\/a><\/div>\n<div dir=\"auto\">Un symbole national de rencontre, une identit\u00e9 culturelle, une marque d\u00e9pos\u00e9e qui fait de la ville de Kankan particuli\u00e8re. Cette ann\u00e9e, la Mamaya a mis l\u2019honneur \u00e0 la r\u00e9gion de la Basse Guin\u00e9e. Le pr\u00e9sident de la coordination Elhadj Mamoudou, a \u00e9t\u00e9 d\u00e9sign\u00e9 invit\u00e9 de prestige et parrain des festivit\u00e9s. Mais aussi notre pays fr\u00e8re la C\u00f4te d&rsquo;Ivoire repr\u00e9sent\u00e9e par sa ministre de la famille et de l&rsquo;enfance Mme Nasseneba Tour\u00e9, tous accompagn\u00e9es d\u2019une d\u00e9l\u00e9gation imposantes.<a href=\"https:\/\/universnews224.com\/wp-content\/uploads\/2025\/06\/IMG-20250607-WA0012.jpg\"><img loading=\"lazy\" class=\"alignnone size-medium wp-image-8375\" src=\"https:\/\/universnews224.com\/wp-content\/uploads\/2025\/06\/IMG-20250607-WA0012-300x138.jpg\" alt=\"\" width=\"300\" height=\"138\" srcset=\"https:\/\/universnews224.com\/wp-content\/uploads\/2025\/06\/IMG-20250607-WA0012-300x138.jpg 300w, https:\/\/universnews224.com\/wp-content\/uploads\/2025\/06\/IMG-20250607-WA0012-768x354.jpg 768w, https:\/\/universnews224.com\/wp-content\/uploads\/2025\/06\/IMG-20250607-WA0012.jpg 1008w\" sizes=\"(max-width: 300px) 100vw, 300px\" \/><\/a><\/div>\n<div dir=\"auto\"><\/div>\n<div dir=\"auto\">La c\u00e9r\u00e9monie a \u00e9t\u00e9 officiellement lanc\u00e9e par le ministre de la Culture et de l\u2019Artisanat Moussa Mo\u00efse Sylla, au nom du chef de l\u2019\u00c9tat le G\u00e9n\u00e9ral Mamadi Doumbouya.<a href=\"https:\/\/universnews224.com\/wp-content\/uploads\/2025\/06\/IMG-20250607-WA0013.jpg\"><img loading=\"lazy\" class=\"alignnone size-medium wp-image-8376\" src=\"https:\/\/universnews224.com\/wp-content\/uploads\/2025\/06\/IMG-20250607-WA0013-300x202.jpg\" alt=\"\" width=\"300\" height=\"202\" srcset=\"https:\/\/universnews224.com\/wp-content\/uploads\/2025\/06\/IMG-20250607-WA0013-300x202.jpg 300w, https:\/\/universnews224.com\/wp-content\/uploads\/2025\/06\/IMG-20250607-WA0013-1024x689.jpg 1024w, https:\/\/universnews224.com\/wp-content\/uploads\/2025\/06\/IMG-20250607-WA0013-768x517.jpg 768w, https:\/\/universnews224.com\/wp-content\/uploads\/2025\/06\/IMG-20250607-WA0013.jpg 1080w\" sizes=\"(max-width: 300px) 100vw, 300px\" \/><\/a><\/div>\n<div dir=\"auto\"><\/div>\n<div dir=\"auto\">Pendant trois jours de festivit\u00e9s les 07, 08 et 09, la ville de Kankan, vibrera au rythme des riches symphonies culturelles du pays, dans une ambiance de paix et la coh\u00e9sion sociale le tout organis\u00e9e par l\u2019Association S\u00e8d\u00e8 Dandiya N\u00b04, conform\u00e9ment \u00e0 la tradition.<\/div>\n<div dir=\"auto\"><\/div>\n<div dir=\"auto\">Pour ce premier jour, la couleur consign\u00e9e est le bleu ciel. Et c\u2019est aux environs de 17 heures que le Pr\u00e9sident Mamadi Doumbouya a fait son entr\u00e9e dans le stade, en compagnie de la Premi\u00e8re Dame tous habill\u00e9s aux couleurs officielles de la c\u00e9r\u00e9monie.<a href=\"https:\/\/universnews224.com\/wp-content\/uploads\/2025\/06\/IMG-20250607-WA0013.jpg\"><img loading=\"lazy\" class=\"alignnone size-medium wp-image-8376\" src=\"https:\/\/universnews224.com\/wp-content\/uploads\/2025\/06\/IMG-20250607-WA0013-300x202.jpg\" alt=\"\" width=\"300\" height=\"202\" srcset=\"https:\/\/universnews224.com\/wp-content\/uploads\/2025\/06\/IMG-20250607-WA0013-300x202.jpg 300w, https:\/\/universnews224.com\/wp-content\/uploads\/2025\/06\/IMG-20250607-WA0013-1024x689.jpg 1024w, https:\/\/universnews224.com\/wp-content\/uploads\/2025\/06\/IMG-20250607-WA0013-768x517.jpg 768w, https:\/\/universnews224.com\/wp-content\/uploads\/2025\/06\/IMG-20250607-WA0013.jpg 1080w\" sizes=\"(max-width: 300px) 100vw, 300px\" \/><\/a><\/div>\n<div dir=\"auto\">Au cours de la c\u00e9r\u00e9monie, les mythiques pas de danse effectu\u00e9s lors de toutes les Mamaya ont \u00e9t\u00e9 d\u00e9montr\u00e9s. Cette danse pr\u00e9sente des hommes tenant une canne et des femmes dansant au rythme de la musique. Au-del\u00e0 de ces festivit\u00e9s, d\u2019autres activit\u00e9s parall\u00e8les ont \u00e9t\u00e9 enregistr\u00e9es, notamment l\u2019organisation de la foire artisanale dans l&rsquo;enceinte du grand stade M\u2019ballou Mady Diakit\u00e9. <a href=\"https:\/\/universnews224.com\/wp-content\/uploads\/2025\/06\/IMG-20250607-WA0014.jpg\"><img loading=\"lazy\" class=\"alignnone size-medium wp-image-8377\" src=\"https:\/\/universnews224.com\/wp-content\/uploads\/2025\/06\/IMG-20250607-WA0014-300x203.jpg\" alt=\"\" width=\"300\" height=\"203\" srcset=\"https:\/\/universnews224.com\/wp-content\/uploads\/2025\/06\/IMG-20250607-WA0014-300x203.jpg 300w, https:\/\/universnews224.com\/wp-content\/uploads\/2025\/06\/IMG-20250607-WA0014-768x519.jpg 768w, https:\/\/universnews224.com\/wp-content\/uploads\/2025\/06\/IMG-20250607-WA0014.jpg 900w\" sizes=\"(max-width: 300px) 100vw, 300px\" \/><\/a><\/div>\n<div dir=\"auto\"><\/div>\n<div dir=\"auto\">\u00abCette ann\u00e9e, le pr\u00e9sident Mamadi Doumbouya a tenu \u00e0 ce que la Mamaya soit un espace d&rsquo;ouverture, de reconnaissance mutuelle et de circulation de la fraternit\u00e9.<\/div>\n<div dir=\"auto\">Apr\u00e8s la moyenne Guin\u00e9e, c&rsquo;est aujourd&rsquo;hui la Basse-C\u00f4te qui est \u00e0 l&rsquo;honneur. Quelle belle id\u00e9e que d&rsquo;inviter nos fr\u00e8res et s\u0153urs de cette r\u00e9gion \u00e0 venir marcher au rythme du manding. Mais cette ann\u00e9e, une nouvelle page s&rsquo;ouvre, pour la premi\u00e8re fois de son histoire, la Mamaya s&rsquo;ouvre au monde et c&rsquo;est la C\u00f4te d&rsquo;Ivoire, pays ami et partenaire culturel d&rsquo;envergure, qui est le premier pays invit\u00e9 d&rsquo;honneur. C&rsquo;est un symbole fort, un prolongement naturel d&rsquo;une relation ancienne. Demain, nous aurons encore une nouvelle page de notre histoire commune \u00e0 \u00e9crire. Nous avons cette ambition et nous avons cette capacit\u00e9. Car la Guin\u00e9e est un Carrefour, un berceau, un continent en miniature. En cette 85\u00e8me \u00e9dition, nous ne f\u00eatons pas seulement une tradition. Nous affirmons une vision, celle du chef de l&rsquo;\u00c9tat.<\/div>\n<div dir=\"auto\">Une vision d&rsquo;un pays r\u00e9concili\u00e9 avec lui-m\u00eame, fier de ses racines, tourn\u00e9 vers l&rsquo;avenir. Une vision port\u00e9e par un leadership courageux, un peuple mobilis\u00e9, une jeunesse avide de sens derri\u00e8re le g\u00e9n\u00e9ral\u00bb, dit-il le ministre Moussa Mo\u00efse Sylla.<\/div>\n<div dir=\"auto\"><\/div>\n<div dir=\"auto\"><\/div>\n<div dir=\"auto\">Sana Sylla<\/div>\n","protected":false},"excerpt":{"rendered":"<p>Comme \u00e0 l\u2019accoutum\u00e9e, au lendemain de chaque f\u00eate de Tabaski \u00e0 Kankan, se tient un<\/p>\n","protected":false},"author":2,"featured_media":8374,"comment_status":"closed","ping_status":"open","sticky":false,"template":"","format":"standard","meta":[],"categories":[3,6],"tags":[229],"yoast_head":"<!-- This site is optimized with the Yoast SEO plugin v19.13 - https:\/\/yoast.com\/wordpress\/plugins\/seo\/ -->\n<title>Mamaya 2025 : Moussa Mo\u00efse Sylla donne le coup d\u2019envoi au stade M\u2019ballou Mady Diakit\u00e9 de Kankan\u00a0 - UNIVERSNEWS224<\/title>\n<meta name=\"robots\" content=\"index, follow, max-snippet:-1, max-image-preview:large, max-video-preview:-1\" \/>\n<link rel=\"canonical\" href=\"https:\/\/universnews224.com\/index.php\/mamaya-2025-moussa-moise-sylla-donne-le-coup-denvoi-au-stade-mballou-mady-diakite-de-kankan\/\" \/>\n<meta property=\"og:locale\" content=\"fr_FR\" \/>\n<meta property=\"og:type\" content=\"article\" \/>\n<meta property=\"og:title\" content=\"Mamaya 2025 : Moussa Mo\u00efse Sylla donne le coup d\u2019envoi au stade M\u2019ballou Mady Diakit\u00e9 de Kankan\u00a0 - UNIVERSNEWS224\" \/>\n<meta property=\"og:description\" content=\"Comme \u00e0 l\u2019accoutum\u00e9e, au lendemain de chaque f\u00eate de Tabaski \u00e0 Kankan, se tient un\" \/>\n<meta property=\"og:url\" content=\"https:\/\/universnews224.com\/index.php\/mamaya-2025-moussa-moise-sylla-donne-le-coup-denvoi-au-stade-mballou-mady-diakite-de-kankan\/\" \/>\n<meta property=\"og:site_name\" content=\"UNIVERSNEWS224\" \/>\n<meta property=\"article:published_time\" content=\"2025-06-07T21:20:09+00:00\" \/>\n<meta property=\"og:image\" content=\"https:\/\/universnews224.com\/wp-content\/uploads\/2025\/06\/IMG-20250607-WA0011.jpg\" \/>\n\t<meta property=\"og:image:width\" content=\"1008\" \/>\n\t<meta property=\"og:image:height\" content=\"567\" \/>\n\t<meta property=\"og:image:type\" content=\"image\/jpeg\" \/>\n<meta name=\"author\" content=\"La R\u00e9daction\" \/>\n<meta name=\"twitter:label1\" content=\"\u00c9crit par\" \/>\n\t<meta name=\"twitter:data1\" content=\"La R\u00e9daction\" \/>\n\t<meta name=\"twitter:label2\" content=\"Dur\u00e9e de lecture estim\u00e9e\" \/>\n\t<meta name=\"twitter:data2\" content=\"4 minutes\" \/>\n<script type=\"application\/ld+json\" class=\"yoast-schema-graph\">{\"@context\":\"https:\/\/schema.org\",\"@graph\":[{\"@type\":\"Article\",\"@id\":\"https:\/\/universnews224.com\/index.php\/mamaya-2025-moussa-moise-sylla-donne-le-coup-denvoi-au-stade-mballou-mady-diakite-de-kankan\/#article\",\"isPartOf\":{\"@id\":\"https:\/\/universnews224.com\/index.php\/mamaya-2025-moussa-moise-sylla-donne-le-coup-denvoi-au-stade-mballou-mady-diakite-de-kankan\/\"},\"author\":{\"name\":\"La R\u00e9daction\",\"@id\":\"https:\/\/universnews224.com\/#\/schema\/person\/a4b7d4f94a4716df60456a491260485e\"},\"headline\":\"Mamaya 2025 : Moussa Mo\u00efse Sylla donne le coup d\u2019envoi au stade M\u2019ballou Mady Diakit\u00e9 de Kankan\u00a0\",\"datePublished\":\"2025-06-07T21:20:09+00:00\",\"dateModified\":\"2025-06-07T21:20:09+00:00\",\"mainEntityOfPage\":{\"@id\":\"https:\/\/universnews224.com\/index.php\/mamaya-2025-moussa-moise-sylla-donne-le-coup-denvoi-au-stade-mballou-mady-diakite-de-kankan\/\"},\"wordCount\":592,\"publisher\":{\"@id\":\"https:\/\/universnews224.com\/#organization\"},\"keywords\":[\"La une\"],\"articleSection\":[\"ACTU\",\"CULTURE\"],\"inLanguage\":\"fr-FR\"},{\"@type\":\"WebPage\",\"@id\":\"https:\/\/universnews224.com\/index.php\/mamaya-2025-moussa-moise-sylla-donne-le-coup-denvoi-au-stade-mballou-mady-diakite-de-kankan\/\",\"url\":\"https:\/\/universnews224.com\/index.php\/mamaya-2025-moussa-moise-sylla-donne-le-coup-denvoi-au-stade-mballou-mady-diakite-de-kankan\/\",\"name\":\"Mamaya 2025 : Moussa Mo\u00efse Sylla donne le coup d\u2019envoi au stade M\u2019ballou Mady Diakit\u00e9 de Kankan\u00a0 - UNIVERSNEWS224\",\"isPartOf\":{\"@id\":\"https:\/\/universnews224.com\/#website\"},\"datePublished\":\"2025-06-07T21:20:09+00:00\",\"dateModified\":\"2025-06-07T21:20:09+00:00\",\"inLanguage\":\"fr-FR\",\"potentialAction\":[{\"@type\":\"ReadAction\",\"target\":[\"https:\/\/universnews224.com\/index.php\/mamaya-2025-moussa-moise-sylla-donne-le-coup-denvoi-au-stade-mballou-mady-diakite-de-kankan\/\"]}]},{\"@type\":\"WebSite\",\"@id\":\"https:\/\/universnews224.com\/#website\",\"url\":\"https:\/\/universnews224.com\/\",\"name\":\"UNIVERSNEWS224\",\"description\":\"\",\"publisher\":{\"@id\":\"https:\/\/universnews224.com\/#organization\"},\"potentialAction\":[{\"@type\":\"SearchAction\",\"target\":{\"@type\":\"EntryPoint\",\"urlTemplate\":\"https:\/\/universnews224.com\/?s={search_term_string}\"},\"query-input\":\"required name=search_term_string\"}],\"inLanguage\":\"fr-FR\"},{\"@type\":\"Organization\",\"@id\":\"https:\/\/universnews224.com\/#organization\",\"name\":\"UNIVERSNEWS224\",\"url\":\"https:\/\/universnews224.com\/\",\"logo\":{\"@type\":\"ImageObject\",\"inLanguage\":\"fr-FR\",\"@id\":\"https:\/\/universnews224.com\/#\/schema\/logo\/image\/\",\"url\":\"https:\/\/universnews224.com\/wp-content\/uploads\/2022\/08\/cropped-cropped-logoban.jpg\",\"contentUrl\":\"https:\/\/universnews224.com\/wp-content\/uploads\/2022\/08\/cropped-cropped-logoban.jpg\",\"width\":1080,\"height\":138,\"caption\":\"UNIVERSNEWS224\"},\"image\":{\"@id\":\"https:\/\/universnews224.com\/#\/schema\/logo\/image\/\"}},{\"@type\":\"Person\",\"@id\":\"https:\/\/universnews224.com\/#\/schema\/person\/a4b7d4f94a4716df60456a491260485e\",\"name\":\"La R\u00e9daction\",\"image\":{\"@type\":\"ImageObject\",\"inLanguage\":\"fr-FR\",\"@id\":\"https:\/\/universnews224.com\/#\/schema\/person\/image\/\",\"url\":\"https:\/\/secure.gravatar.com\/avatar\/edb90acc7752b23e1b3307ad36c14f0d?s=96&d=mm&r=g\",\"contentUrl\":\"https:\/\/secure.gravatar.com\/avatar\/edb90acc7752b23e1b3307ad36c14f0d?s=96&d=mm&r=g\",\"caption\":\"La R\u00e9daction\"},\"sameAs\":[\"https:\/\/universnews224.com\"],\"url\":\"https:\/\/universnews224.com\/index.php\/author\/m-camara\/\"}]}<\/script>\n<!-- \/ Yoast SEO plugin. -->","yoast_head_json":{"title":"Mamaya 2025 : Moussa Mo\u00efse Sylla donne le coup d\u2019envoi au stade M\u2019ballou Mady Diakit\u00e9 de Kankan\u00a0 - UNIVERSNEWS224","robots":{"index":"index","follow":"follow","max-snippet":"max-snippet:-1","max-image-preview":"max-image-preview:large","max-video-preview":"max-video-preview:-1"},"canonical":"https:\/\/universnews224.com\/index.php\/mamaya-2025-moussa-moise-sylla-donne-le-coup-denvoi-au-stade-mballou-mady-diakite-de-kankan\/","og_locale":"fr_FR","og_type":"article","og_title":"Mamaya 2025 : Moussa Mo\u00efse Sylla donne le coup d\u2019envoi au stade M\u2019ballou Mady Diakit\u00e9 de Kankan\u00a0 - UNIVERSNEWS224","og_description":"Comme \u00e0 l\u2019accoutum\u00e9e, au lendemain de chaque f\u00eate de Tabaski \u00e0 Kankan, se tient un","og_url":"https:\/\/universnews224.com\/index.php\/mamaya-2025-moussa-moise-sylla-donne-le-coup-denvoi-au-stade-mballou-mady-diakite-de-kankan\/","og_site_name":"UNIVERSNEWS224","article_published_time":"2025-06-07T21:20:09+00:00","og_image":[{"width":1008,"height":567,"url":"https:\/\/universnews224.com\/wp-content\/uploads\/2025\/06\/IMG-20250607-WA0011.jpg","type":"image\/jpeg"}],"author":"La R\u00e9daction","twitter_misc":{"\u00c9crit par":"La R\u00e9daction","Dur\u00e9e de lecture estim\u00e9e":"4 minutes"},"schema":{"@context":"https:\/\/schema.org","@graph":[{"@type":"Article","@id":"https:\/\/universnews224.com\/index.php\/mamaya-2025-moussa-moise-sylla-donne-le-coup-denvoi-au-stade-mballou-mady-diakite-de-kankan\/#article","isPartOf":{"@id":"https:\/\/universnews224.com\/index.php\/mamaya-2025-moussa-moise-sylla-donne-le-coup-denvoi-au-stade-mballou-mady-diakite-de-kankan\/"},"author":{"name":"La R\u00e9daction","@id":"https:\/\/universnews224.com\/#\/schema\/person\/a4b7d4f94a4716df60456a491260485e"},"headline":"Mamaya 2025 : Moussa Mo\u00efse Sylla donne le coup d\u2019envoi au stade M\u2019ballou Mady Diakit\u00e9 de Kankan\u00a0","datePublished":"2025-06-07T21:20:09+00:00","dateModified":"2025-06-07T21:20:09+00:00","mainEntityOfPage":{"@id":"https:\/\/universnews224.com\/index.php\/mamaya-2025-moussa-moise-sylla-donne-le-coup-denvoi-au-stade-mballou-mady-diakite-de-kankan\/"},"wordCount":592,"publisher":{"@id":"https:\/\/universnews224.com\/#organization"},"keywords":["La une"],"articleSection":["ACTU","CULTURE"],"inLanguage":"fr-FR"},{"@type":"WebPage","@id":"https:\/\/universnews224.com\/index.php\/mamaya-2025-moussa-moise-sylla-donne-le-coup-denvoi-au-stade-mballou-mady-diakite-de-kankan\/","url":"https:\/\/universnews224.com\/index.php\/mamaya-2025-moussa-moise-sylla-donne-le-coup-denvoi-au-stade-mballou-mady-diakite-de-kankan\/","name":"Mamaya 2025 : Moussa Mo\u00efse Sylla donne le coup d\u2019envoi au stade M\u2019ballou Mady Diakit\u00e9 de Kankan\u00a0 - UNIVERSNEWS224","isPartOf":{"@id":"https:\/\/universnews224.com\/#website"},"datePublished":"2025-06-07T21:20:09+00:00","dateModified":"2025-06-07T21:20:09+00:00","inLanguage":"fr-FR","potentialAction":[{"@type":"ReadAction","target":["https:\/\/universnews224.com\/index.php\/mamaya-2025-moussa-moise-sylla-donne-le-coup-denvoi-au-stade-mballou-mady-diakite-de-kankan\/"]}]},{"@type":"WebSite","@id":"https:\/\/universnews224.com\/#website","url":"https:\/\/universnews224.com\/","name":"UNIVERSNEWS224","description":"","publisher":{"@id":"https:\/\/universnews224.com\/#organization"},"potentialAction":[{"@type":"SearchAction","target":{"@type":"EntryPoint","urlTemplate":"https:\/\/universnews224.com\/?s={search_term_string}"},"query-input":"required name=search_term_string"}],"inLanguage":"fr-FR"},{"@type":"Organization","@id":"https:\/\/universnews224.com\/#organization","name":"UNIVERSNEWS224","url":"https:\/\/universnews224.com\/","logo":{"@type":"ImageObject","inLanguage":"fr-FR","@id":"https:\/\/universnews224.com\/#\/schema\/logo\/image\/","url":"https:\/\/universnews224.com\/wp-content\/uploads\/2022\/08\/cropped-cropped-logoban.jpg","contentUrl":"https:\/\/universnews224.com\/wp-content\/uploads\/2022\/08\/cropped-cropped-logoban.jpg","width":1080,"height":138,"caption":"UNIVERSNEWS224"},"image":{"@id":"https:\/\/universnews224.com\/#\/schema\/logo\/image\/"}},{"@type":"Person","@id":"https:\/\/universnews224.com\/#\/schema\/person\/a4b7d4f94a4716df60456a491260485e","name":"La R\u00e9daction","image":{"@type":"ImageObject","inLanguage":"fr-FR","@id":"https:\/\/universnews224.com\/#\/schema\/person\/image\/","url":"https:\/\/secure.gravatar.com\/avatar\/edb90acc7752b23e1b3307ad36c14f0d?s=96&d=mm&r=g","contentUrl":"https:\/\/secure.gravatar.com\/avatar\/edb90acc7752b23e1b3307ad36c14f0d?s=96&d=mm&r=g","caption":"La R\u00e9daction"},"sameAs":["https:\/\/universnews224.com"],"url":"https:\/\/universnews224.com\/index.php\/author\/m-camara\/"}]}},"_links":{"self":[{"href":"https:\/\/universnews224.com\/index.php\/wp-json\/wp\/v2\/posts\/8373"}],"collection":[{"href":"https:\/\/universnews224.com\/index.php\/wp-json\/wp\/v2\/posts"}],"about":[{"href":"https:\/\/universnews224.com\/index.php\/wp-json\/wp\/v2\/types\/post"}],"author":[{"embeddable":true,"href":"https:\/\/universnews224.com\/index.php\/wp-json\/wp\/v2\/users\/2"}],"replies":[{"embeddable":true,"href":"https:\/\/universnews224.com\/index.php\/wp-json\/wp\/v2\/comments?post=8373"}],"version-history":[{"count":1,"href":"https:\/\/universnews224.com\/index.php\/wp-json\/wp\/v2\/posts\/8373\/revisions"}],"predecessor-version":[{"id":8378,"href":"https:\/\/universnews224.com\/index.php\/wp-json\/wp\/v2\/posts\/8373\/revisions\/8378"}],"wp:featuredmedia":[{"embeddable":true,"href":"https:\/\/universnews224.com\/index.php\/wp-json\/wp\/v2\/media\/8374"}],"wp:attachment":[{"href":"https:\/\/universnews224.com\/index.php\/wp-json\/wp\/v2\/media?parent=8373"}],"wp:term":[{"taxonomy":"category","embeddable":true,"href":"https:\/\/universnews224.com\/index.php\/wp-json\/wp\/v2\/categories?post=8373"},{"taxonomy":"post_tag","embeddable":true,"href":"https:\/\/universnews224.com\/index.php\/wp-json\/wp\/v2\/tags?post=8373"}],"curies":[{"name":"wp","href":"https:\/\/api.w.org\/{rel}","templated":true}]}}