{"id":8380,"date":"2025-06-09T01:25:41","date_gmt":"2025-06-09T00:25:41","guid":{"rendered":"https:\/\/universnews224.com\/?p=8380"},"modified":"2025-06-09T01:25:41","modified_gmt":"2025-06-09T00:25:41","slug":"guinee-mme-nene-assatou-diawara-lance-les-epreuves-du-concours-du-grand-prix-litteraire-du-president","status":"publish","type":"post","link":"https:\/\/universnews224.com\/index.php\/guinee-mme-nene-assatou-diawara-lance-les-epreuves-du-concours-du-grand-prix-litteraire-du-president\/","title":{"rendered":"Guin\u00e9e : Mme N\u00e8n\u00e8 Assatou Diawara lance les \u00e9preuves du concours du Grand Prix litt\u00e9raire du pr\u00e9sident"},"content":{"rendered":"<p dir=\"ltr\" style=\"line-height: 1.38;margin-top: 0.0pt;margin-bottom: 0.0pt\"><span style=\"font-size: 11pt;font-family: Arial, sans-serif;color: #000000;background-color: transparent;vertical-align: baseline\">Ce Dimanche 08 juin 2025, la grande cour de l&rsquo;\u00e9cole Primaire Oumar Drame , situ\u00e9 dans le quartier Banak\u00f6r\u00f6da, dans la commune urbaine de Kankan, a servi de cadre au lancement du grand prix litt\u00e9raire du Pr\u00e9sident de la Transition G\u00e9n\u00e9ral Mamadi Doumbouya.<\/span><\/p>\n<p><a href=\"https:\/\/universnews224.com\/wp-content\/uploads\/2025\/06\/IMG-20250609-WA0001.jpg\"><img loading=\"lazy\" class=\"alignnone size-medium wp-image-8385\" src=\"https:\/\/universnews224.com\/wp-content\/uploads\/2025\/06\/IMG-20250609-WA0001-300x205.jpg\" alt=\"\" width=\"300\" height=\"205\" srcset=\"https:\/\/universnews224.com\/wp-content\/uploads\/2025\/06\/IMG-20250609-WA0001-300x205.jpg 300w, https:\/\/universnews224.com\/wp-content\/uploads\/2025\/06\/IMG-20250609-WA0001-1024x698.jpg 1024w, https:\/\/universnews224.com\/wp-content\/uploads\/2025\/06\/IMG-20250609-WA0001-768x524.jpg 768w, https:\/\/universnews224.com\/wp-content\/uploads\/2025\/06\/IMG-20250609-WA0001.jpg 1280w\" sizes=\"(max-width: 300px) 100vw, 300px\" \/><\/a><span style=\"font-size: 11pt;font-family: Arial, sans-serif;color: #000000;background-color: transparent;vertical-align: baseline\">Ce premier coup d\u2019envoi d\u2019un processus ambitieux initi\u00e9 par le chef de cabinet\u00a0 \u00e0\u00a0 la pr\u00e9sidence M. Djiba Diakit\u00e9 ici \u00e0 Kankan pilot\u00e9 par le S\u00e8d\u00e8 Dandiya N\u00b04 visant \u00e0 mettre en lumi\u00e8re la richesse de la cr\u00e9ation litt\u00e9raire guin\u00e9enne, de d\u00e9couvrir et promouvoir les \u00e9crivains guin\u00e9ens, encourager l\u2019excellence enfin de ce positionner la Guin\u00e9e sur la sc\u00e8ne litt\u00e9raire africaine et internationale.<\/span><\/p>\n<p>&nbsp;<\/p>\n<p dir=\"ltr\" style=\"line-height: 1.38;margin-top: 0.0pt;margin-bottom: 0.0pt\"><span style=\"font-size: 11pt;font-family: Arial, sans-serif;color: #000000;background-color: transparent;vertical-align: baseline\">Dans sa communication, Mme N\u00e8n\u00e8 Assatou Diawara, Conseill\u00e8re charg\u00e9e des questions de culture et de l\u2019artisanat, encourage et f\u00e9licite les initiateurs du concours. <a href=\"https:\/\/universnews224.com\/wp-content\/uploads\/2025\/06\/IMG-20250609-WA0002.jpg\"><img loading=\"lazy\" class=\"alignnone size-medium wp-image-8381\" src=\"https:\/\/universnews224.com\/wp-content\/uploads\/2025\/06\/IMG-20250609-WA0002-300x188.jpg\" alt=\"\" width=\"300\" height=\"188\" srcset=\"https:\/\/universnews224.com\/wp-content\/uploads\/2025\/06\/IMG-20250609-WA0002-300x188.jpg 300w, https:\/\/universnews224.com\/wp-content\/uploads\/2025\/06\/IMG-20250609-WA0002-1024x641.jpg 1024w, https:\/\/universnews224.com\/wp-content\/uploads\/2025\/06\/IMG-20250609-WA0002-768x481.jpg 768w, https:\/\/universnews224.com\/wp-content\/uploads\/2025\/06\/IMG-20250609-WA0002.jpg 1280w\" sizes=\"(max-width: 300px) 100vw, 300px\" \/><\/a><\/span><\/p>\n<p dir=\"ltr\" style=\"line-height: 1.38;margin-top: 0.0pt;margin-bottom: 0.0pt\"><span style=\"font-size: 11pt;font-family: Arial, sans-serif;color: #000000;background-color: transparent;vertical-align: baseline\">\u00ab D\u00e9j\u00e0 c&rsquo;est une fiert\u00e9 d&rsquo;\u00eatre ici, de repr\u00e9senter le ministre de la Culture, du Tourisme et de l&rsquo;Artisanat. Car, je sais combien de fois, il tient au m\u00e9rite. Et ici, nous sommes venus parce qu&rsquo;il y a le prix de l&rsquo;excellence, le prix du pr\u00e9sident, \u00e0 travers les enfants, les meilleurs enfants qui ont \u00e9t\u00e9 choisis dans toutes les \u00e9coles ici, pour qu&rsquo;ils viennent concourir et \u00e0 travers eux, on fait la promotion de l&rsquo;excellence. Nous avons visit\u00e9 toutes les salles. Et j&rsquo;ai remarqu\u00e9 qu&rsquo;il y avait d\u00e9j\u00e0 des filles et des gar\u00e7ons. Donc \u00e7a d\u00e9j\u00e0, c&rsquo;est une fiert\u00e9. Et le concours est tr\u00e8s bien organis\u00e9. Les enfants sont concentr\u00e9s. J&rsquo;ai regard\u00e9 quelques copies. Et on voit que les enfants qui sont l\u00e0, sont vraiment parmi les meilleurs. Parce que leurs copies, ils \u00e9crivent tr\u00e8s bien. Je pense que c&rsquo;est la meilleure activit\u00e9 de la Mamaya \u00bb, a d\u00e9clar\u00e9 Mme la Conseill\u00e8re. <\/span><\/p>\n<p>&nbsp;<\/p>\n<p dir=\"ltr\" style=\"line-height: 1.38;margin-top: 0.0pt;margin-bottom: 0.0pt\"><span style=\"font-size: 11pt;font-family: Arial, sans-serif;color: #000000;background-color: transparent;vertical-align: baseline\">Selon Souleymane Daff\u00e9 DPE de Kankan, cette initiative s\u2019inscrit dans une dynamique de d\u00e9veloppement des comp\u00e9tences intellectuelles des \u00e9l\u00e8ves.<a href=\"https:\/\/universnews224.com\/wp-content\/uploads\/2025\/06\/IMG-20250609-WA0004.jpg\"><img loading=\"lazy\" class=\"alignnone size-medium wp-image-8382\" src=\"https:\/\/universnews224.com\/wp-content\/uploads\/2025\/06\/IMG-20250609-WA0004-300x191.jpg\" alt=\"\" width=\"300\" height=\"191\" srcset=\"https:\/\/universnews224.com\/wp-content\/uploads\/2025\/06\/IMG-20250609-WA0004-300x191.jpg 300w, https:\/\/universnews224.com\/wp-content\/uploads\/2025\/06\/IMG-20250609-WA0004-1024x652.jpg 1024w, https:\/\/universnews224.com\/wp-content\/uploads\/2025\/06\/IMG-20250609-WA0004-768x489.jpg 768w, https:\/\/universnews224.com\/wp-content\/uploads\/2025\/06\/IMG-20250609-WA0004.jpg 1280w\" sizes=\"(max-width: 300px) 100vw, 300px\" \/><\/a><\/span><\/p>\n<p dir=\"ltr\" style=\"line-height: 1.38;margin-top: 0.0pt;margin-bottom: 0.0pt\"><span style=\"font-size: 11pt;font-family: Arial, sans-serif;color: #000000;background-color: transparent;vertical-align: baseline\">\u00abAujourd&rsquo;hui, dans tous les \u00e9tablissements scolaires de Kankan, publics et priv\u00e9s, les premiers de 10e, premiers en terminale sciences exp\u00e9rimentales, les premiers en sciences math\u00e9matiques, les premiers en sciences sociales, ce sont ces premiers qu&rsquo;on a r\u00e9unis ici pour le concours d&rsquo;excellence. la 10e ann\u00e9e, ils sont au nombre de 103 candidats. Et ce qui est important \u00e0 signaler, c&rsquo;est que ce soir, \u00e0 20h, les r\u00e9sultats seront disponibles \u00bb, a-t-il indiqu\u00e9 le DPE.<\/span><\/p>\n<p dir=\"ltr\" style=\"line-height: 1.38;margin-top: 0.0pt;margin-bottom: 0.0pt\"><span style=\"font-size: 11pt;font-family: Arial, sans-serif;color: #000000;background-color: transparent;vertical-align: baseline\">M. Gassim Kaba, vice -pr\u00e9sident du S\u00e8d\u00e8 Dandiya N\u00b04\u00a0 a son tour remerci\u00e9 le pr\u00e9sident Mamadi Doumbouya et le directeur de cabinet Djiba Diakit\u00e9 parrain de cette initiative. <a href=\"https:\/\/universnews224.com\/wp-content\/uploads\/2025\/06\/IMG-20250609-WA0003.jpg\"><img loading=\"lazy\" class=\"alignnone size-medium wp-image-8383\" src=\"https:\/\/universnews224.com\/wp-content\/uploads\/2025\/06\/IMG-20250609-WA0003-300x164.jpg\" alt=\"\" width=\"300\" height=\"164\" srcset=\"https:\/\/universnews224.com\/wp-content\/uploads\/2025\/06\/IMG-20250609-WA0003-300x164.jpg 300w, https:\/\/universnews224.com\/wp-content\/uploads\/2025\/06\/IMG-20250609-WA0003-1024x561.jpg 1024w, https:\/\/universnews224.com\/wp-content\/uploads\/2025\/06\/IMG-20250609-WA0003-768x421.jpg 768w, https:\/\/universnews224.com\/wp-content\/uploads\/2025\/06\/IMG-20250609-WA0003.jpg 1280w\" sizes=\"(max-width: 300px) 100vw, 300px\" \/><\/a><\/span><\/p>\n<p dir=\"ltr\" style=\"line-height: 1.38;margin-top: 0.0pt;margin-bottom: 0.0pt\"><span style=\"font-size: 11pt;font-family: Arial, sans-serif;color: #000000;background-color: transparent;vertical-align: baseline\">\u00ab L&rsquo;activit\u00e9-l\u00e0, c&rsquo;est dans les activit\u00e9s annexes de S\u00e8d\u00e8 Dandiya N\u00b04. On avait dit que chaque ann\u00e9e, pendant les cinq mandatures, nous allons accompagner les meilleurs \u00e9l\u00e8ves \u00e0 Kankan. Et cette ann\u00e9e, le pr\u00e9sident voulait que ce soit les 33 pr\u00e9fectures. Qu&rsquo;on d\u00e9p\u00eache les candidats dans chaque pr\u00e9fecture de venir \u00e0 Kankan et faire vraiment le concours. Mais le temps, peut-\u00eatre l&rsquo;ann\u00e9e prochaine on compte faire, avec les 33 pr\u00e9fectures, pour le prix d&rsquo;excellence \u00bb, dit-il M. Gassim.\u00a0<\/span><\/p>\n<p>&nbsp;<\/p>\n<p dir=\"ltr\" style=\"line-height: 1.38;margin-top: 0.0pt;margin-bottom: 0.0pt\"><span style=\"font-size: 11pt;font-family: Arial, sans-serif;color: #000000;background-color: transparent;vertical-align: baseline\"><span style=\"background-color: transparent;font-size: 11pt\">Sana Sylla.<\/span><\/span><\/p>\n","protected":false},"excerpt":{"rendered":"<p>Ce Dimanche 08 juin 2025, la grande cour de l&rsquo;\u00e9cole Primaire Oumar Drame , situ\u00e9<\/p>\n","protected":false},"author":2,"featured_media":8384,"comment_status":"closed","ping_status":"open","sticky":false,"template":"","format":"standard","meta":[],"categories":[3,5],"tags":[237],"yoast_head":"<!-- This site is optimized with the Yoast SEO plugin v19.13 - https:\/\/yoast.com\/wordpress\/plugins\/seo\/ -->\n<title>Guin\u00e9e : Mme N\u00e8n\u00e8 Assatou Diawara lance les \u00e9preuves du concours du Grand Prix litt\u00e9raire du pr\u00e9sident - UNIVERSNEWS224<\/title>\n<meta name=\"robots\" content=\"index, follow, max-snippet:-1, max-image-preview:large, max-video-preview:-1\" \/>\n<link rel=\"canonical\" href=\"https:\/\/universnews224.com\/index.php\/guinee-mme-nene-assatou-diawara-lance-les-epreuves-du-concours-du-grand-prix-litteraire-du-president\/\" \/>\n<meta property=\"og:locale\" content=\"fr_FR\" \/>\n<meta property=\"og:type\" content=\"article\" \/>\n<meta property=\"og:title\" content=\"Guin\u00e9e : Mme N\u00e8n\u00e8 Assatou Diawara lance les \u00e9preuves du concours du Grand Prix litt\u00e9raire du pr\u00e9sident - UNIVERSNEWS224\" \/>\n<meta property=\"og:description\" content=\"Ce Dimanche 08 juin 2025, la grande cour de l&rsquo;\u00e9cole Primaire Oumar Drame , situ\u00e9\" \/>\n<meta property=\"og:url\" content=\"https:\/\/universnews224.com\/index.php\/guinee-mme-nene-assatou-diawara-lance-les-epreuves-du-concours-du-grand-prix-litteraire-du-president\/\" \/>\n<meta property=\"og:site_name\" content=\"UNIVERSNEWS224\" \/>\n<meta property=\"article:published_time\" content=\"2025-06-09T00:25:41+00:00\" \/>\n<meta property=\"og:image\" content=\"https:\/\/universnews224.com\/wp-content\/uploads\/2025\/06\/IMG-20250609-WA0000.jpg\" \/>\n\t<meta property=\"og:image:width\" content=\"1008\" \/>\n\t<meta property=\"og:image:height\" content=\"465\" \/>\n\t<meta property=\"og:image:type\" content=\"image\/jpeg\" \/>\n<meta name=\"author\" content=\"La R\u00e9daction\" \/>\n<meta name=\"twitter:label1\" content=\"\u00c9crit par\" \/>\n\t<meta name=\"twitter:data1\" content=\"La R\u00e9daction\" \/>\n\t<meta name=\"twitter:label2\" content=\"Dur\u00e9e de lecture estim\u00e9e\" \/>\n\t<meta name=\"twitter:data2\" content=\"4 minutes\" \/>\n<script type=\"application\/ld+json\" class=\"yoast-schema-graph\">{\"@context\":\"https:\/\/schema.org\",\"@graph\":[{\"@type\":\"Article\",\"@id\":\"https:\/\/universnews224.com\/index.php\/guinee-mme-nene-assatou-diawara-lance-les-epreuves-du-concours-du-grand-prix-litteraire-du-president\/#article\",\"isPartOf\":{\"@id\":\"https:\/\/universnews224.com\/index.php\/guinee-mme-nene-assatou-diawara-lance-les-epreuves-du-concours-du-grand-prix-litteraire-du-president\/\"},\"author\":{\"name\":\"La R\u00e9daction\",\"@id\":\"https:\/\/universnews224.com\/#\/schema\/person\/a4b7d4f94a4716df60456a491260485e\"},\"headline\":\"Guin\u00e9e : Mme N\u00e8n\u00e8 Assatou Diawara lance les \u00e9preuves du concours du Grand Prix litt\u00e9raire du pr\u00e9sident\",\"datePublished\":\"2025-06-09T00:25:41+00:00\",\"dateModified\":\"2025-06-09T00:25:41+00:00\",\"mainEntityOfPage\":{\"@id\":\"https:\/\/universnews224.com\/index.php\/guinee-mme-nene-assatou-diawara-lance-les-epreuves-du-concours-du-grand-prix-litteraire-du-president\/\"},\"wordCount\":551,\"publisher\":{\"@id\":\"https:\/\/universnews224.com\/#organization\"},\"keywords\":[\"A la une\"],\"articleSection\":[\"ACTU\",\"SOCI\u00c9T\u00c9\"],\"inLanguage\":\"fr-FR\"},{\"@type\":\"WebPage\",\"@id\":\"https:\/\/universnews224.com\/index.php\/guinee-mme-nene-assatou-diawara-lance-les-epreuves-du-concours-du-grand-prix-litteraire-du-president\/\",\"url\":\"https:\/\/universnews224.com\/index.php\/guinee-mme-nene-assatou-diawara-lance-les-epreuves-du-concours-du-grand-prix-litteraire-du-president\/\",\"name\":\"Guin\u00e9e : Mme N\u00e8n\u00e8 Assatou Diawara lance les \u00e9preuves du concours du Grand Prix litt\u00e9raire du pr\u00e9sident - UNIVERSNEWS224\",\"isPartOf\":{\"@id\":\"https:\/\/universnews224.com\/#website\"},\"datePublished\":\"2025-06-09T00:25:41+00:00\",\"dateModified\":\"2025-06-09T00:25:41+00:00\",\"inLanguage\":\"fr-FR\",\"potentialAction\":[{\"@type\":\"ReadAction\",\"target\":[\"https:\/\/universnews224.com\/index.php\/guinee-mme-nene-assatou-diawara-lance-les-epreuves-du-concours-du-grand-prix-litteraire-du-president\/\"]}]},{\"@type\":\"WebSite\",\"@id\":\"https:\/\/universnews224.com\/#website\",\"url\":\"https:\/\/universnews224.com\/\",\"name\":\"UNIVERSNEWS224\",\"description\":\"\",\"publisher\":{\"@id\":\"https:\/\/universnews224.com\/#organization\"},\"potentialAction\":[{\"@type\":\"SearchAction\",\"target\":{\"@type\":\"EntryPoint\",\"urlTemplate\":\"https:\/\/universnews224.com\/?s={search_term_string}\"},\"query-input\":\"required name=search_term_string\"}],\"inLanguage\":\"fr-FR\"},{\"@type\":\"Organization\",\"@id\":\"https:\/\/universnews224.com\/#organization\",\"name\":\"UNIVERSNEWS224\",\"url\":\"https:\/\/universnews224.com\/\",\"logo\":{\"@type\":\"ImageObject\",\"inLanguage\":\"fr-FR\",\"@id\":\"https:\/\/universnews224.com\/#\/schema\/logo\/image\/\",\"url\":\"https:\/\/universnews224.com\/wp-content\/uploads\/2022\/08\/cropped-cropped-logoban.jpg\",\"contentUrl\":\"https:\/\/universnews224.com\/wp-content\/uploads\/2022\/08\/cropped-cropped-logoban.jpg\",\"width\":1080,\"height\":138,\"caption\":\"UNIVERSNEWS224\"},\"image\":{\"@id\":\"https:\/\/universnews224.com\/#\/schema\/logo\/image\/\"}},{\"@type\":\"Person\",\"@id\":\"https:\/\/universnews224.com\/#\/schema\/person\/a4b7d4f94a4716df60456a491260485e\",\"name\":\"La R\u00e9daction\",\"image\":{\"@type\":\"ImageObject\",\"inLanguage\":\"fr-FR\",\"@id\":\"https:\/\/universnews224.com\/#\/schema\/person\/image\/\",\"url\":\"https:\/\/secure.gravatar.com\/avatar\/edb90acc7752b23e1b3307ad36c14f0d?s=96&d=mm&r=g\",\"contentUrl\":\"https:\/\/secure.gravatar.com\/avatar\/edb90acc7752b23e1b3307ad36c14f0d?s=96&d=mm&r=g\",\"caption\":\"La R\u00e9daction\"},\"sameAs\":[\"https:\/\/universnews224.com\"],\"url\":\"https:\/\/universnews224.com\/index.php\/author\/m-camara\/\"}]}<\/script>\n<!-- \/ Yoast SEO plugin. -->","yoast_head_json":{"title":"Guin\u00e9e : Mme N\u00e8n\u00e8 Assatou Diawara lance les \u00e9preuves du concours du Grand Prix litt\u00e9raire du pr\u00e9sident - UNIVERSNEWS224","robots":{"index":"index","follow":"follow","max-snippet":"max-snippet:-1","max-image-preview":"max-image-preview:large","max-video-preview":"max-video-preview:-1"},"canonical":"https:\/\/universnews224.com\/index.php\/guinee-mme-nene-assatou-diawara-lance-les-epreuves-du-concours-du-grand-prix-litteraire-du-president\/","og_locale":"fr_FR","og_type":"article","og_title":"Guin\u00e9e : Mme N\u00e8n\u00e8 Assatou Diawara lance les \u00e9preuves du concours du Grand Prix litt\u00e9raire du pr\u00e9sident - UNIVERSNEWS224","og_description":"Ce Dimanche 08 juin 2025, la grande cour de l&rsquo;\u00e9cole Primaire Oumar Drame , situ\u00e9","og_url":"https:\/\/universnews224.com\/index.php\/guinee-mme-nene-assatou-diawara-lance-les-epreuves-du-concours-du-grand-prix-litteraire-du-president\/","og_site_name":"UNIVERSNEWS224","article_published_time":"2025-06-09T00:25:41+00:00","og_image":[{"width":1008,"height":465,"url":"https:\/\/universnews224.com\/wp-content\/uploads\/2025\/06\/IMG-20250609-WA0000.jpg","type":"image\/jpeg"}],"author":"La R\u00e9daction","twitter_misc":{"\u00c9crit par":"La R\u00e9daction","Dur\u00e9e de lecture estim\u00e9e":"4 minutes"},"schema":{"@context":"https:\/\/schema.org","@graph":[{"@type":"Article","@id":"https:\/\/universnews224.com\/index.php\/guinee-mme-nene-assatou-diawara-lance-les-epreuves-du-concours-du-grand-prix-litteraire-du-president\/#article","isPartOf":{"@id":"https:\/\/universnews224.com\/index.php\/guinee-mme-nene-assatou-diawara-lance-les-epreuves-du-concours-du-grand-prix-litteraire-du-president\/"},"author":{"name":"La R\u00e9daction","@id":"https:\/\/universnews224.com\/#\/schema\/person\/a4b7d4f94a4716df60456a491260485e"},"headline":"Guin\u00e9e : Mme N\u00e8n\u00e8 Assatou Diawara lance les \u00e9preuves du concours du Grand Prix litt\u00e9raire du pr\u00e9sident","datePublished":"2025-06-09T00:25:41+00:00","dateModified":"2025-06-09T00:25:41+00:00","mainEntityOfPage":{"@id":"https:\/\/universnews224.com\/index.php\/guinee-mme-nene-assatou-diawara-lance-les-epreuves-du-concours-du-grand-prix-litteraire-du-president\/"},"wordCount":551,"publisher":{"@id":"https:\/\/universnews224.com\/#organization"},"keywords":["A la une"],"articleSection":["ACTU","SOCI\u00c9T\u00c9"],"inLanguage":"fr-FR"},{"@type":"WebPage","@id":"https:\/\/universnews224.com\/index.php\/guinee-mme-nene-assatou-diawara-lance-les-epreuves-du-concours-du-grand-prix-litteraire-du-president\/","url":"https:\/\/universnews224.com\/index.php\/guinee-mme-nene-assatou-diawara-lance-les-epreuves-du-concours-du-grand-prix-litteraire-du-president\/","name":"Guin\u00e9e : Mme N\u00e8n\u00e8 Assatou Diawara lance les \u00e9preuves du concours du Grand Prix litt\u00e9raire du pr\u00e9sident - UNIVERSNEWS224","isPartOf":{"@id":"https:\/\/universnews224.com\/#website"},"datePublished":"2025-06-09T00:25:41+00:00","dateModified":"2025-06-09T00:25:41+00:00","inLanguage":"fr-FR","potentialAction":[{"@type":"ReadAction","target":["https:\/\/universnews224.com\/index.php\/guinee-mme-nene-assatou-diawara-lance-les-epreuves-du-concours-du-grand-prix-litteraire-du-president\/"]}]},{"@type":"WebSite","@id":"https:\/\/universnews224.com\/#website","url":"https:\/\/universnews224.com\/","name":"UNIVERSNEWS224","description":"","publisher":{"@id":"https:\/\/universnews224.com\/#organization"},"potentialAction":[{"@type":"SearchAction","target":{"@type":"EntryPoint","urlTemplate":"https:\/\/universnews224.com\/?s={search_term_string}"},"query-input":"required name=search_term_string"}],"inLanguage":"fr-FR"},{"@type":"Organization","@id":"https:\/\/universnews224.com\/#organization","name":"UNIVERSNEWS224","url":"https:\/\/universnews224.com\/","logo":{"@type":"ImageObject","inLanguage":"fr-FR","@id":"https:\/\/universnews224.com\/#\/schema\/logo\/image\/","url":"https:\/\/universnews224.com\/wp-content\/uploads\/2022\/08\/cropped-cropped-logoban.jpg","contentUrl":"https:\/\/universnews224.com\/wp-content\/uploads\/2022\/08\/cropped-cropped-logoban.jpg","width":1080,"height":138,"caption":"UNIVERSNEWS224"},"image":{"@id":"https:\/\/universnews224.com\/#\/schema\/logo\/image\/"}},{"@type":"Person","@id":"https:\/\/universnews224.com\/#\/schema\/person\/a4b7d4f94a4716df60456a491260485e","name":"La R\u00e9daction","image":{"@type":"ImageObject","inLanguage":"fr-FR","@id":"https:\/\/universnews224.com\/#\/schema\/person\/image\/","url":"https:\/\/secure.gravatar.com\/avatar\/edb90acc7752b23e1b3307ad36c14f0d?s=96&d=mm&r=g","contentUrl":"https:\/\/secure.gravatar.com\/avatar\/edb90acc7752b23e1b3307ad36c14f0d?s=96&d=mm&r=g","caption":"La R\u00e9daction"},"sameAs":["https:\/\/universnews224.com"],"url":"https:\/\/universnews224.com\/index.php\/author\/m-camara\/"}]}},"_links":{"self":[{"href":"https:\/\/universnews224.com\/index.php\/wp-json\/wp\/v2\/posts\/8380"}],"collection":[{"href":"https:\/\/universnews224.com\/index.php\/wp-json\/wp\/v2\/posts"}],"about":[{"href":"https:\/\/universnews224.com\/index.php\/wp-json\/wp\/v2\/types\/post"}],"author":[{"embeddable":true,"href":"https:\/\/universnews224.com\/index.php\/wp-json\/wp\/v2\/users\/2"}],"replies":[{"embeddable":true,"href":"https:\/\/universnews224.com\/index.php\/wp-json\/wp\/v2\/comments?post=8380"}],"version-history":[{"count":1,"href":"https:\/\/universnews224.com\/index.php\/wp-json\/wp\/v2\/posts\/8380\/revisions"}],"predecessor-version":[{"id":8386,"href":"https:\/\/universnews224.com\/index.php\/wp-json\/wp\/v2\/posts\/8380\/revisions\/8386"}],"wp:featuredmedia":[{"embeddable":true,"href":"https:\/\/universnews224.com\/index.php\/wp-json\/wp\/v2\/media\/8384"}],"wp:attachment":[{"href":"https:\/\/universnews224.com\/index.php\/wp-json\/wp\/v2\/media?parent=8380"}],"wp:term":[{"taxonomy":"category","embeddable":true,"href":"https:\/\/universnews224.com\/index.php\/wp-json\/wp\/v2\/categories?post=8380"},{"taxonomy":"post_tag","embeddable":true,"href":"https:\/\/universnews224.com\/index.php\/wp-json\/wp\/v2\/tags?post=8380"}],"curies":[{"name":"wp","href":"https:\/\/api.w.org\/{rel}","templated":true}]}}