{"id":8387,"date":"2025-06-09T01:31:17","date_gmt":"2025-06-09T00:31:17","guid":{"rendered":"https:\/\/universnews224.com\/?p=8387"},"modified":"2025-06-09T01:31:17","modified_gmt":"2025-06-09T00:31:17","slug":"mamaya-2025-a-kankan-le-general-mamadi-doumbouya-fait-le-show-avec-sa-population-au-grand-stade-de-mballou-mady-diakite","status":"publish","type":"post","link":"https:\/\/universnews224.com\/index.php\/mamaya-2025-a-kankan-le-general-mamadi-doumbouya-fait-le-show-avec-sa-population-au-grand-stade-de-mballou-mady-diakite\/","title":{"rendered":"Mamaya 2025 \u00e0 Kankan: Le G\u00e9n\u00e9ral Mamadi Doumbouya fait le show avec sa population au grand stade de M\u2019ballou Mady Diakit\u00e9\u00a0"},"content":{"rendered":"<p>Comme chaque ann\u00e9e, la grande Mamaya de Kankan a attir\u00e9 une foule nombreuse, r\u00e9unissant non seulement les natifs de cette r\u00e9gion mais aussi des Guin\u00e9ens venus des quatre coins du pays, sous le th\u00e8me \u201cFemme vecteur du d\u00e9veloppement social\u201d. Ce rassemblement annuel de ce Dimanche 08 juin 2025, organis\u00e9 par l&rsquo;association de S\u00e8d\u00e8 Dandiya N\u00b04 dans sa 3\u00e8me \u00e9dition est devenu un symbole culturel fort.<a href=\"https:\/\/universnews224.com\/wp-content\/uploads\/2025\/06\/IMG-20250609-WA0011.jpg\"><img loading=\"lazy\" class=\"alignnone size-medium wp-image-8388\" src=\"https:\/\/universnews224.com\/wp-content\/uploads\/2025\/06\/IMG-20250609-WA0011-300x257.jpg\" alt=\"\" width=\"300\" height=\"257\" srcset=\"https:\/\/universnews224.com\/wp-content\/uploads\/2025\/06\/IMG-20250609-WA0011-300x257.jpg 300w, https:\/\/universnews224.com\/wp-content\/uploads\/2025\/06\/IMG-20250609-WA0011.jpg 619w\" sizes=\"(max-width: 300px) 100vw, 300px\" \/><\/a><\/p>\n<p>Du jamais vu en Guin\u00e9e, que cette ann\u00e9e par sa grandeur et son importance, avec des milliers de participants voir un pr\u00e9sident de la R\u00e9publique danser avec sa population qui est massivement venus c\u00e9l\u00e9brer l\u2019harmonie et la joie, v\u00eatus des c\u00e9l\u00e8bres tenues de la Basse-C\u00f4te r\u00e9gion invit\u00e9e d\u2019honneur \u00e0 cette deuxi\u00e8me journ\u00e9e des festivit\u00e9s. Le Pr\u00e9sident Mamadi Doumbouya accompagn\u00e9 de son \u00e9pouse, a fait une entr\u00e9e remarquable de danse de la Mamaya de son S\u00e8d\u00e8. <a href=\"https:\/\/universnews224.com\/wp-content\/uploads\/2025\/06\/IMG-20250609-WA0010.jpg\"><img loading=\"lazy\" class=\"alignnone size-medium wp-image-8389\" src=\"https:\/\/universnews224.com\/wp-content\/uploads\/2025\/06\/IMG-20250609-WA0010-300x138.jpg\" alt=\"\" width=\"300\" height=\"138\" srcset=\"https:\/\/universnews224.com\/wp-content\/uploads\/2025\/06\/IMG-20250609-WA0010-300x138.jpg 300w, https:\/\/universnews224.com\/wp-content\/uploads\/2025\/06\/IMG-20250609-WA0010-768x354.jpg 768w, https:\/\/universnews224.com\/wp-content\/uploads\/2025\/06\/IMG-20250609-WA0010.jpg 1008w\" sizes=\"(max-width: 300px) 100vw, 300px\" \/><\/a><\/p>\n<p>Dans sa communication, le pr\u00e9sident de la coordination de la Basse Guin\u00e9e, Elhadj Mamoudou Soumah s&rsquo;est r\u00e9joui de cette grande manifestation culturelle \u00e0 Kankan .<a href=\"https:\/\/universnews224.com\/wp-content\/uploads\/2025\/06\/IMG-20250609-WA0009.jpg\"><img loading=\"lazy\" class=\"alignnone size-medium wp-image-8390\" src=\"https:\/\/universnews224.com\/wp-content\/uploads\/2025\/06\/IMG-20250609-WA0009-300x236.jpg\" alt=\"\" width=\"300\" height=\"236\" srcset=\"https:\/\/universnews224.com\/wp-content\/uploads\/2025\/06\/IMG-20250609-WA0009-300x236.jpg 300w, https:\/\/universnews224.com\/wp-content\/uploads\/2025\/06\/IMG-20250609-WA0009-1024x806.jpg 1024w, https:\/\/universnews224.com\/wp-content\/uploads\/2025\/06\/IMG-20250609-WA0009-768x604.jpg 768w, https:\/\/universnews224.com\/wp-content\/uploads\/2025\/06\/IMG-20250609-WA0009.jpg 1080w\" sizes=\"(max-width: 300px) 100vw, 300px\" \/><\/a>\u00abAu nom des responsables de la Basse Guin\u00e9e, nous somme contents tr\u00e8s fi\u00e8rs de l&rsquo;organisation des S\u00e8d\u00e8 Dandiya, je sait que il sont eux une tr\u00e8s belle id\u00e9e de transformer leur r\u00e9gion \u00e0 un v\u00e9ritable lieu de coh\u00e9sion sociale qui est devenu aujourd&rsquo;hui une organisation d&rsquo;escalier \u00e0 Kankan pour rapprocher les uns et les autres dans le m\u00eame niveau d&rsquo;information. L&rsquo;ann\u00e9e derni\u00e8re Kankan a invit\u00e9 la Guin\u00e9e foresti\u00e8re, apr\u00e8s la Moyenne Guin\u00e9e et aujourd&rsquo;hui c&rsquo;est la Basse Guin\u00e9e qui est \u00e0 l&rsquo;honneur, une mani\u00e8re de montrer que la Guin\u00e9e est une famille. Donc nous sommes avec eux pour cultiver cette paix, l\u2019unit\u00e9 et la coh\u00e9sion sociale dans notre pays. Au nom des responsables de la coordination nous vous confions le pr\u00e9sident on sait bien que c&rsquo;est ici qu&rsquo;il est n\u00e9 mais il vous appartient pas forc\u00e9ment il appartient \u00e0 tout la Guin\u00e9e donc nous vous le confie \u00bb, dit-il le Elhadj Mamoudou.<\/p>\n<p>&nbsp;<\/p>\n<p>Pour le pr\u00e9sident du S\u00e8d\u00e8 Dandiya N\u00b04 Mamadou Diana Kaba tr\u00e8s tr\u00e8s fi\u00e8re de la danse du pr\u00e9sident Mamadi Doumbouya donne sa satisfaction.<\/p>\n<p>&nbsp;<\/p>\n<p>\u00abTr\u00e8s content du pr\u00e9sident car durant les deux pr\u00e9c\u00e9dentes \u00e9ditions, Dieu n&rsquo;a pas voulu qu&rsquo;il danse parce que le dispositif n&rsquo;\u00e9tait pas l\u00e0. Hier, vous avez vu, je vous ai dit qu&rsquo;un nombre de participation, \u00e9tait tr\u00e8s \u00e9lev\u00e9. Mais aujourd&rsquo;hui, il y a eu le record. Sans me tromper, nous \u00e9tions aux alentours de plus de 30 000 personnes Et que le Pr\u00e9sident, vu le risque qui existe, il a d\u00e9cid\u00e9 de venir c\u00e9l\u00e9brer avec nous cette 85e \u00e9dition. C&rsquo;est de jamais vu. il a prouv\u00e9 au monde qu&rsquo;il n&rsquo;est pas d\u00e9racin\u00e9, qu&rsquo;il est un homme qui aime sa culture.<\/p>\n<p>Pour la premi\u00e8re fois qu&rsquo;un chef d&rsquo;Etat danse la Mamaya dans sa splendeur, il a dans\u00e9 sur la pelouse, il est mont\u00e9 sur la tribune l\u00e0 o\u00f9 il est assis, il a dans\u00e9. \u00c7a veut dire qu&rsquo;il est satisfait de l&rsquo;organisation. Et c&rsquo;est ce qui nous galvanise \u00bb, a indiqu\u00e9 le pr\u00e9sident de S\u00e8d\u00e8.<\/p>\n<p>&nbsp;<\/p>\n<p>Sana Sylla.<\/p>\n","protected":false},"excerpt":{"rendered":"<p>Comme chaque ann\u00e9e, la grande Mamaya de Kankan a attir\u00e9 une foule nombreuse, r\u00e9unissant non<\/p>\n","protected":false},"author":2,"featured_media":8388,"comment_status":"closed","ping_status":"open","sticky":false,"template":"","format":"standard","meta":[],"categories":[3,6],"tags":[237],"yoast_head":"<!-- This site is optimized with the Yoast SEO plugin v19.13 - https:\/\/yoast.com\/wordpress\/plugins\/seo\/ -->\n<title>Mamaya 2025 \u00e0 Kankan: Le G\u00e9n\u00e9ral Mamadi Doumbouya fait le show avec sa population au grand stade de M\u2019ballou Mady Diakit\u00e9\u00a0 - UNIVERSNEWS224<\/title>\n<meta name=\"robots\" content=\"index, follow, max-snippet:-1, max-image-preview:large, max-video-preview:-1\" \/>\n<link rel=\"canonical\" href=\"https:\/\/universnews224.com\/index.php\/mamaya-2025-a-kankan-le-general-mamadi-doumbouya-fait-le-show-avec-sa-population-au-grand-stade-de-mballou-mady-diakite\/\" \/>\n<meta property=\"og:locale\" content=\"fr_FR\" \/>\n<meta property=\"og:type\" content=\"article\" \/>\n<meta property=\"og:title\" content=\"Mamaya 2025 \u00e0 Kankan: Le G\u00e9n\u00e9ral Mamadi Doumbouya fait le show avec sa population au grand stade de M\u2019ballou Mady Diakit\u00e9\u00a0 - UNIVERSNEWS224\" \/>\n<meta property=\"og:description\" content=\"Comme chaque ann\u00e9e, la grande Mamaya de Kankan a attir\u00e9 une foule nombreuse, r\u00e9unissant non\" \/>\n<meta property=\"og:url\" content=\"https:\/\/universnews224.com\/index.php\/mamaya-2025-a-kankan-le-general-mamadi-doumbouya-fait-le-show-avec-sa-population-au-grand-stade-de-mballou-mady-diakite\/\" \/>\n<meta property=\"og:site_name\" content=\"UNIVERSNEWS224\" \/>\n<meta property=\"article:published_time\" content=\"2025-06-09T00:31:17+00:00\" \/>\n<meta property=\"og:image\" content=\"https:\/\/universnews224.com\/wp-content\/uploads\/2025\/06\/IMG-20250609-WA0011.jpg\" \/>\n\t<meta property=\"og:image:width\" content=\"619\" \/>\n\t<meta property=\"og:image:height\" content=\"531\" \/>\n\t<meta property=\"og:image:type\" content=\"image\/jpeg\" \/>\n<meta name=\"author\" content=\"La R\u00e9daction\" \/>\n<meta name=\"twitter:label1\" content=\"\u00c9crit par\" \/>\n\t<meta name=\"twitter:data1\" content=\"La R\u00e9daction\" \/>\n\t<meta name=\"twitter:label2\" content=\"Dur\u00e9e de lecture estim\u00e9e\" \/>\n\t<meta name=\"twitter:data2\" content=\"4 minutes\" \/>\n<script type=\"application\/ld+json\" class=\"yoast-schema-graph\">{\"@context\":\"https:\/\/schema.org\",\"@graph\":[{\"@type\":\"Article\",\"@id\":\"https:\/\/universnews224.com\/index.php\/mamaya-2025-a-kankan-le-general-mamadi-doumbouya-fait-le-show-avec-sa-population-au-grand-stade-de-mballou-mady-diakite\/#article\",\"isPartOf\":{\"@id\":\"https:\/\/universnews224.com\/index.php\/mamaya-2025-a-kankan-le-general-mamadi-doumbouya-fait-le-show-avec-sa-population-au-grand-stade-de-mballou-mady-diakite\/\"},\"author\":{\"name\":\"La R\u00e9daction\",\"@id\":\"https:\/\/universnews224.com\/#\/schema\/person\/a4b7d4f94a4716df60456a491260485e\"},\"headline\":\"Mamaya 2025 \u00e0 Kankan: Le G\u00e9n\u00e9ral Mamadi Doumbouya fait le show avec sa population au grand stade de M\u2019ballou Mady Diakit\u00e9\u00a0\",\"datePublished\":\"2025-06-09T00:31:17+00:00\",\"dateModified\":\"2025-06-09T00:31:17+00:00\",\"mainEntityOfPage\":{\"@id\":\"https:\/\/universnews224.com\/index.php\/mamaya-2025-a-kankan-le-general-mamadi-doumbouya-fait-le-show-avec-sa-population-au-grand-stade-de-mballou-mady-diakite\/\"},\"wordCount\":582,\"publisher\":{\"@id\":\"https:\/\/universnews224.com\/#organization\"},\"keywords\":[\"A la une\"],\"articleSection\":[\"ACTU\",\"CULTURE\"],\"inLanguage\":\"fr-FR\"},{\"@type\":\"WebPage\",\"@id\":\"https:\/\/universnews224.com\/index.php\/mamaya-2025-a-kankan-le-general-mamadi-doumbouya-fait-le-show-avec-sa-population-au-grand-stade-de-mballou-mady-diakite\/\",\"url\":\"https:\/\/universnews224.com\/index.php\/mamaya-2025-a-kankan-le-general-mamadi-doumbouya-fait-le-show-avec-sa-population-au-grand-stade-de-mballou-mady-diakite\/\",\"name\":\"Mamaya 2025 \u00e0 Kankan: Le G\u00e9n\u00e9ral Mamadi Doumbouya fait le show avec sa population au grand stade de M\u2019ballou Mady Diakit\u00e9\u00a0 - UNIVERSNEWS224\",\"isPartOf\":{\"@id\":\"https:\/\/universnews224.com\/#website\"},\"datePublished\":\"2025-06-09T00:31:17+00:00\",\"dateModified\":\"2025-06-09T00:31:17+00:00\",\"inLanguage\":\"fr-FR\",\"potentialAction\":[{\"@type\":\"ReadAction\",\"target\":[\"https:\/\/universnews224.com\/index.php\/mamaya-2025-a-kankan-le-general-mamadi-doumbouya-fait-le-show-avec-sa-population-au-grand-stade-de-mballou-mady-diakite\/\"]}]},{\"@type\":\"WebSite\",\"@id\":\"https:\/\/universnews224.com\/#website\",\"url\":\"https:\/\/universnews224.com\/\",\"name\":\"UNIVERSNEWS224\",\"description\":\"\",\"publisher\":{\"@id\":\"https:\/\/universnews224.com\/#organization\"},\"potentialAction\":[{\"@type\":\"SearchAction\",\"target\":{\"@type\":\"EntryPoint\",\"urlTemplate\":\"https:\/\/universnews224.com\/?s={search_term_string}\"},\"query-input\":\"required name=search_term_string\"}],\"inLanguage\":\"fr-FR\"},{\"@type\":\"Organization\",\"@id\":\"https:\/\/universnews224.com\/#organization\",\"name\":\"UNIVERSNEWS224\",\"url\":\"https:\/\/universnews224.com\/\",\"logo\":{\"@type\":\"ImageObject\",\"inLanguage\":\"fr-FR\",\"@id\":\"https:\/\/universnews224.com\/#\/schema\/logo\/image\/\",\"url\":\"https:\/\/universnews224.com\/wp-content\/uploads\/2022\/08\/cropped-cropped-logoban.jpg\",\"contentUrl\":\"https:\/\/universnews224.com\/wp-content\/uploads\/2022\/08\/cropped-cropped-logoban.jpg\",\"width\":1080,\"height\":138,\"caption\":\"UNIVERSNEWS224\"},\"image\":{\"@id\":\"https:\/\/universnews224.com\/#\/schema\/logo\/image\/\"}},{\"@type\":\"Person\",\"@id\":\"https:\/\/universnews224.com\/#\/schema\/person\/a4b7d4f94a4716df60456a491260485e\",\"name\":\"La R\u00e9daction\",\"image\":{\"@type\":\"ImageObject\",\"inLanguage\":\"fr-FR\",\"@id\":\"https:\/\/universnews224.com\/#\/schema\/person\/image\/\",\"url\":\"https:\/\/secure.gravatar.com\/avatar\/edb90acc7752b23e1b3307ad36c14f0d?s=96&d=mm&r=g\",\"contentUrl\":\"https:\/\/secure.gravatar.com\/avatar\/edb90acc7752b23e1b3307ad36c14f0d?s=96&d=mm&r=g\",\"caption\":\"La R\u00e9daction\"},\"sameAs\":[\"https:\/\/universnews224.com\"],\"url\":\"https:\/\/universnews224.com\/index.php\/author\/m-camara\/\"}]}<\/script>\n<!-- \/ Yoast SEO plugin. -->","yoast_head_json":{"title":"Mamaya 2025 \u00e0 Kankan: Le G\u00e9n\u00e9ral Mamadi Doumbouya fait le show avec sa population au grand stade de M\u2019ballou Mady Diakit\u00e9\u00a0 - UNIVERSNEWS224","robots":{"index":"index","follow":"follow","max-snippet":"max-snippet:-1","max-image-preview":"max-image-preview:large","max-video-preview":"max-video-preview:-1"},"canonical":"https:\/\/universnews224.com\/index.php\/mamaya-2025-a-kankan-le-general-mamadi-doumbouya-fait-le-show-avec-sa-population-au-grand-stade-de-mballou-mady-diakite\/","og_locale":"fr_FR","og_type":"article","og_title":"Mamaya 2025 \u00e0 Kankan: Le G\u00e9n\u00e9ral Mamadi Doumbouya fait le show avec sa population au grand stade de M\u2019ballou Mady Diakit\u00e9\u00a0 - UNIVERSNEWS224","og_description":"Comme chaque ann\u00e9e, la grande Mamaya de Kankan a attir\u00e9 une foule nombreuse, r\u00e9unissant non","og_url":"https:\/\/universnews224.com\/index.php\/mamaya-2025-a-kankan-le-general-mamadi-doumbouya-fait-le-show-avec-sa-population-au-grand-stade-de-mballou-mady-diakite\/","og_site_name":"UNIVERSNEWS224","article_published_time":"2025-06-09T00:31:17+00:00","og_image":[{"width":619,"height":531,"url":"https:\/\/universnews224.com\/wp-content\/uploads\/2025\/06\/IMG-20250609-WA0011.jpg","type":"image\/jpeg"}],"author":"La R\u00e9daction","twitter_misc":{"\u00c9crit par":"La R\u00e9daction","Dur\u00e9e de lecture estim\u00e9e":"4 minutes"},"schema":{"@context":"https:\/\/schema.org","@graph":[{"@type":"Article","@id":"https:\/\/universnews224.com\/index.php\/mamaya-2025-a-kankan-le-general-mamadi-doumbouya-fait-le-show-avec-sa-population-au-grand-stade-de-mballou-mady-diakite\/#article","isPartOf":{"@id":"https:\/\/universnews224.com\/index.php\/mamaya-2025-a-kankan-le-general-mamadi-doumbouya-fait-le-show-avec-sa-population-au-grand-stade-de-mballou-mady-diakite\/"},"author":{"name":"La R\u00e9daction","@id":"https:\/\/universnews224.com\/#\/schema\/person\/a4b7d4f94a4716df60456a491260485e"},"headline":"Mamaya 2025 \u00e0 Kankan: Le G\u00e9n\u00e9ral Mamadi Doumbouya fait le show avec sa population au grand stade de M\u2019ballou Mady Diakit\u00e9\u00a0","datePublished":"2025-06-09T00:31:17+00:00","dateModified":"2025-06-09T00:31:17+00:00","mainEntityOfPage":{"@id":"https:\/\/universnews224.com\/index.php\/mamaya-2025-a-kankan-le-general-mamadi-doumbouya-fait-le-show-avec-sa-population-au-grand-stade-de-mballou-mady-diakite\/"},"wordCount":582,"publisher":{"@id":"https:\/\/universnews224.com\/#organization"},"keywords":["A la une"],"articleSection":["ACTU","CULTURE"],"inLanguage":"fr-FR"},{"@type":"WebPage","@id":"https:\/\/universnews224.com\/index.php\/mamaya-2025-a-kankan-le-general-mamadi-doumbouya-fait-le-show-avec-sa-population-au-grand-stade-de-mballou-mady-diakite\/","url":"https:\/\/universnews224.com\/index.php\/mamaya-2025-a-kankan-le-general-mamadi-doumbouya-fait-le-show-avec-sa-population-au-grand-stade-de-mballou-mady-diakite\/","name":"Mamaya 2025 \u00e0 Kankan: Le G\u00e9n\u00e9ral Mamadi Doumbouya fait le show avec sa population au grand stade de M\u2019ballou Mady Diakit\u00e9\u00a0 - UNIVERSNEWS224","isPartOf":{"@id":"https:\/\/universnews224.com\/#website"},"datePublished":"2025-06-09T00:31:17+00:00","dateModified":"2025-06-09T00:31:17+00:00","inLanguage":"fr-FR","potentialAction":[{"@type":"ReadAction","target":["https:\/\/universnews224.com\/index.php\/mamaya-2025-a-kankan-le-general-mamadi-doumbouya-fait-le-show-avec-sa-population-au-grand-stade-de-mballou-mady-diakite\/"]}]},{"@type":"WebSite","@id":"https:\/\/universnews224.com\/#website","url":"https:\/\/universnews224.com\/","name":"UNIVERSNEWS224","description":"","publisher":{"@id":"https:\/\/universnews224.com\/#organization"},"potentialAction":[{"@type":"SearchAction","target":{"@type":"EntryPoint","urlTemplate":"https:\/\/universnews224.com\/?s={search_term_string}"},"query-input":"required name=search_term_string"}],"inLanguage":"fr-FR"},{"@type":"Organization","@id":"https:\/\/universnews224.com\/#organization","name":"UNIVERSNEWS224","url":"https:\/\/universnews224.com\/","logo":{"@type":"ImageObject","inLanguage":"fr-FR","@id":"https:\/\/universnews224.com\/#\/schema\/logo\/image\/","url":"https:\/\/universnews224.com\/wp-content\/uploads\/2022\/08\/cropped-cropped-logoban.jpg","contentUrl":"https:\/\/universnews224.com\/wp-content\/uploads\/2022\/08\/cropped-cropped-logoban.jpg","width":1080,"height":138,"caption":"UNIVERSNEWS224"},"image":{"@id":"https:\/\/universnews224.com\/#\/schema\/logo\/image\/"}},{"@type":"Person","@id":"https:\/\/universnews224.com\/#\/schema\/person\/a4b7d4f94a4716df60456a491260485e","name":"La R\u00e9daction","image":{"@type":"ImageObject","inLanguage":"fr-FR","@id":"https:\/\/universnews224.com\/#\/schema\/person\/image\/","url":"https:\/\/secure.gravatar.com\/avatar\/edb90acc7752b23e1b3307ad36c14f0d?s=96&d=mm&r=g","contentUrl":"https:\/\/secure.gravatar.com\/avatar\/edb90acc7752b23e1b3307ad36c14f0d?s=96&d=mm&r=g","caption":"La R\u00e9daction"},"sameAs":["https:\/\/universnews224.com"],"url":"https:\/\/universnews224.com\/index.php\/author\/m-camara\/"}]}},"_links":{"self":[{"href":"https:\/\/universnews224.com\/index.php\/wp-json\/wp\/v2\/posts\/8387"}],"collection":[{"href":"https:\/\/universnews224.com\/index.php\/wp-json\/wp\/v2\/posts"}],"about":[{"href":"https:\/\/universnews224.com\/index.php\/wp-json\/wp\/v2\/types\/post"}],"author":[{"embeddable":true,"href":"https:\/\/universnews224.com\/index.php\/wp-json\/wp\/v2\/users\/2"}],"replies":[{"embeddable":true,"href":"https:\/\/universnews224.com\/index.php\/wp-json\/wp\/v2\/comments?post=8387"}],"version-history":[{"count":1,"href":"https:\/\/universnews224.com\/index.php\/wp-json\/wp\/v2\/posts\/8387\/revisions"}],"predecessor-version":[{"id":8391,"href":"https:\/\/universnews224.com\/index.php\/wp-json\/wp\/v2\/posts\/8387\/revisions\/8391"}],"wp:featuredmedia":[{"embeddable":true,"href":"https:\/\/universnews224.com\/index.php\/wp-json\/wp\/v2\/media\/8388"}],"wp:attachment":[{"href":"https:\/\/universnews224.com\/index.php\/wp-json\/wp\/v2\/media?parent=8387"}],"wp:term":[{"taxonomy":"category","embeddable":true,"href":"https:\/\/universnews224.com\/index.php\/wp-json\/wp\/v2\/categories?post=8387"},{"taxonomy":"post_tag","embeddable":true,"href":"https:\/\/universnews224.com\/index.php\/wp-json\/wp\/v2\/tags?post=8387"}],"curies":[{"name":"wp","href":"https:\/\/api.w.org\/{rel}","templated":true}]}}