{"id":8392,"date":"2025-06-09T22:03:21","date_gmt":"2025-06-09T21:03:21","guid":{"rendered":"https:\/\/universnews224.com\/?p=8392"},"modified":"2025-06-09T22:03:21","modified_gmt":"2025-06-09T21:03:21","slug":"elie-kamano-demande-la-nationalite-burkinabe","status":"publish","type":"post","link":"https:\/\/universnews224.com\/index.php\/elie-kamano-demande-la-nationalite-burkinabe\/","title":{"rendered":"\u00c9lie Kamano demande la nationalit\u00e9 burkinab\u00e8 !"},"content":{"rendered":"<p>L\u2019artiste et homme politique guin\u00e9en \u00c9lie Kamano poursuit son combat contre ceux qu\u2019il appelle les \u00ab valets locaux \u00bb.<\/p>\n<div dir=\"auto\">\n<div dir=\"auto\">Arriv\u00e9 ce weekend \u00e0 Ouagadougou, le reggaeman, qui a r\u00e9cemment d\u00e9nonc\u00e9 le signalement de son passeport guin\u00e9en \u00e0 Interpol, a d\u00e9clar\u00e9 vouloir remettre en main propre le clip de sa chanson \u00ab Ib Kouma \u00bb (signifiant \u00ab Ib parle \u00bb en mandenkan), r\u00e9alis\u00e9e en hommage au pr\u00e9sident du Faso, Ibrahim Traor\u00e9.<\/div>\n<div dir=\"auto\"><\/div>\n<div dir=\"auto\">\u00ab Je suis au Burkina pour remettre en main propre le clip de la chanson Ib Kouma aux diff\u00e9rentes autorit\u00e9s du pays, et profiter aussi pour demander au pr\u00e9sident du Faso, Son Excellence le capitaine Ibrahim Traor\u00e9, de bien vouloir m\u2019octroyer la nationalit\u00e9 burkinab\u00e8, afin de faciliter ma mobilit\u00e9 dans cette lutte o\u00f9 les valets locaux, inlassablement et quotidiennement, essayent de me confiner \u00bb, a-t-il confi\u00e9 \u00e0 la presse burkinab\u00e8.<\/div>\n<div dir=\"auto\"><\/div>\n<div dir=\"auto\">Artiste engag\u00e9, \u00c9lie Kamano est une figure critique du r\u00e9gime militaire en place \u00e0 Conakry, qu\u2019il accuse r\u00e9guli\u00e8rement de servir les int\u00e9r\u00eats de la France, ancienne puissance coloniale.<\/div>\n<div dir=\"auto\"><\/div>\n<div dir=\"auto\"><\/div>\n<div dir=\"auto\">M\u00e9diaguinee<\/div>\n<\/div>\n","protected":false},"excerpt":{"rendered":"<p>L\u2019artiste et homme politique guin\u00e9en \u00c9lie Kamano poursuit son combat contre ceux qu\u2019il appelle les<\/p>\n","protected":false},"author":2,"featured_media":8393,"comment_status":"closed","ping_status":"open","sticky":false,"template":"","format":"standard","meta":[],"categories":[3,4],"tags":[237],"yoast_head":"<!-- This site is optimized with the Yoast SEO plugin v19.13 - https:\/\/yoast.com\/wordpress\/plugins\/seo\/ -->\n<title>\u00c9lie Kamano demande la nationalit\u00e9 burkinab\u00e8 ! - UNIVERSNEWS224<\/title>\n<meta name=\"robots\" content=\"index, follow, max-snippet:-1, max-image-preview:large, max-video-preview:-1\" \/>\n<link rel=\"canonical\" href=\"https:\/\/universnews224.com\/index.php\/elie-kamano-demande-la-nationalite-burkinabe\/\" \/>\n<meta property=\"og:locale\" content=\"fr_FR\" \/>\n<meta property=\"og:type\" content=\"article\" \/>\n<meta property=\"og:title\" content=\"\u00c9lie Kamano demande la nationalit\u00e9 burkinab\u00e8 ! - UNIVERSNEWS224\" \/>\n<meta property=\"og:description\" content=\"L\u2019artiste et homme politique guin\u00e9en \u00c9lie Kamano poursuit son combat contre ceux qu\u2019il appelle les\" \/>\n<meta property=\"og:url\" content=\"https:\/\/universnews224.com\/index.php\/elie-kamano-demande-la-nationalite-burkinabe\/\" \/>\n<meta property=\"og:site_name\" content=\"UNIVERSNEWS224\" \/>\n<meta property=\"article:published_time\" content=\"2025-06-09T21:03:21+00:00\" \/>\n<meta property=\"og:image\" content=\"https:\/\/universnews224.com\/wp-content\/uploads\/2025\/06\/IMG_6182.jpeg\" \/>\n\t<meta property=\"og:image:width\" content=\"1080\" \/>\n\t<meta property=\"og:image:height\" content=\"928\" \/>\n\t<meta property=\"og:image:type\" content=\"image\/jpeg\" \/>\n<meta name=\"author\" content=\"La R\u00e9daction\" \/>\n<meta name=\"twitter:label1\" content=\"\u00c9crit par\" \/>\n\t<meta name=\"twitter:data1\" content=\"La R\u00e9daction\" \/>\n\t<meta name=\"twitter:label2\" content=\"Dur\u00e9e de lecture estim\u00e9e\" \/>\n\t<meta name=\"twitter:data2\" content=\"1 minute\" \/>\n<script type=\"application\/ld+json\" class=\"yoast-schema-graph\">{\"@context\":\"https:\/\/schema.org\",\"@graph\":[{\"@type\":\"Article\",\"@id\":\"https:\/\/universnews224.com\/index.php\/elie-kamano-demande-la-nationalite-burkinabe\/#article\",\"isPartOf\":{\"@id\":\"https:\/\/universnews224.com\/index.php\/elie-kamano-demande-la-nationalite-burkinabe\/\"},\"author\":{\"name\":\"La R\u00e9daction\",\"@id\":\"https:\/\/universnews224.com\/#\/schema\/person\/a4b7d4f94a4716df60456a491260485e\"},\"headline\":\"\u00c9lie Kamano demande la nationalit\u00e9 burkinab\u00e8 !\",\"datePublished\":\"2025-06-09T21:03:21+00:00\",\"dateModified\":\"2025-06-09T21:03:21+00:00\",\"mainEntityOfPage\":{\"@id\":\"https:\/\/universnews224.com\/index.php\/elie-kamano-demande-la-nationalite-burkinabe\/\"},\"wordCount\":184,\"publisher\":{\"@id\":\"https:\/\/universnews224.com\/#organization\"},\"keywords\":[\"A la une\"],\"articleSection\":[\"ACTU\",\"POLITIQUE\"],\"inLanguage\":\"fr-FR\"},{\"@type\":\"WebPage\",\"@id\":\"https:\/\/universnews224.com\/index.php\/elie-kamano-demande-la-nationalite-burkinabe\/\",\"url\":\"https:\/\/universnews224.com\/index.php\/elie-kamano-demande-la-nationalite-burkinabe\/\",\"name\":\"\u00c9lie Kamano demande la nationalit\u00e9 burkinab\u00e8 ! - UNIVERSNEWS224\",\"isPartOf\":{\"@id\":\"https:\/\/universnews224.com\/#website\"},\"datePublished\":\"2025-06-09T21:03:21+00:00\",\"dateModified\":\"2025-06-09T21:03:21+00:00\",\"inLanguage\":\"fr-FR\",\"potentialAction\":[{\"@type\":\"ReadAction\",\"target\":[\"https:\/\/universnews224.com\/index.php\/elie-kamano-demande-la-nationalite-burkinabe\/\"]}]},{\"@type\":\"WebSite\",\"@id\":\"https:\/\/universnews224.com\/#website\",\"url\":\"https:\/\/universnews224.com\/\",\"name\":\"UNIVERSNEWS224\",\"description\":\"\",\"publisher\":{\"@id\":\"https:\/\/universnews224.com\/#organization\"},\"potentialAction\":[{\"@type\":\"SearchAction\",\"target\":{\"@type\":\"EntryPoint\",\"urlTemplate\":\"https:\/\/universnews224.com\/?s={search_term_string}\"},\"query-input\":\"required name=search_term_string\"}],\"inLanguage\":\"fr-FR\"},{\"@type\":\"Organization\",\"@id\":\"https:\/\/universnews224.com\/#organization\",\"name\":\"UNIVERSNEWS224\",\"url\":\"https:\/\/universnews224.com\/\",\"logo\":{\"@type\":\"ImageObject\",\"inLanguage\":\"fr-FR\",\"@id\":\"https:\/\/universnews224.com\/#\/schema\/logo\/image\/\",\"url\":\"https:\/\/universnews224.com\/wp-content\/uploads\/2022\/08\/cropped-cropped-logoban.jpg\",\"contentUrl\":\"https:\/\/universnews224.com\/wp-content\/uploads\/2022\/08\/cropped-cropped-logoban.jpg\",\"width\":1080,\"height\":138,\"caption\":\"UNIVERSNEWS224\"},\"image\":{\"@id\":\"https:\/\/universnews224.com\/#\/schema\/logo\/image\/\"}},{\"@type\":\"Person\",\"@id\":\"https:\/\/universnews224.com\/#\/schema\/person\/a4b7d4f94a4716df60456a491260485e\",\"name\":\"La R\u00e9daction\",\"image\":{\"@type\":\"ImageObject\",\"inLanguage\":\"fr-FR\",\"@id\":\"https:\/\/universnews224.com\/#\/schema\/person\/image\/\",\"url\":\"https:\/\/secure.gravatar.com\/avatar\/edb90acc7752b23e1b3307ad36c14f0d?s=96&d=mm&r=g\",\"contentUrl\":\"https:\/\/secure.gravatar.com\/avatar\/edb90acc7752b23e1b3307ad36c14f0d?s=96&d=mm&r=g\",\"caption\":\"La R\u00e9daction\"},\"sameAs\":[\"https:\/\/universnews224.com\"],\"url\":\"https:\/\/universnews224.com\/index.php\/author\/m-camara\/\"}]}<\/script>\n<!-- \/ Yoast SEO plugin. -->","yoast_head_json":{"title":"\u00c9lie Kamano demande la nationalit\u00e9 burkinab\u00e8 ! - UNIVERSNEWS224","robots":{"index":"index","follow":"follow","max-snippet":"max-snippet:-1","max-image-preview":"max-image-preview:large","max-video-preview":"max-video-preview:-1"},"canonical":"https:\/\/universnews224.com\/index.php\/elie-kamano-demande-la-nationalite-burkinabe\/","og_locale":"fr_FR","og_type":"article","og_title":"\u00c9lie Kamano demande la nationalit\u00e9 burkinab\u00e8 ! - UNIVERSNEWS224","og_description":"L\u2019artiste et homme politique guin\u00e9en \u00c9lie Kamano poursuit son combat contre ceux qu\u2019il appelle les","og_url":"https:\/\/universnews224.com\/index.php\/elie-kamano-demande-la-nationalite-burkinabe\/","og_site_name":"UNIVERSNEWS224","article_published_time":"2025-06-09T21:03:21+00:00","og_image":[{"width":1080,"height":928,"url":"https:\/\/universnews224.com\/wp-content\/uploads\/2025\/06\/IMG_6182.jpeg","type":"image\/jpeg"}],"author":"La R\u00e9daction","twitter_misc":{"\u00c9crit par":"La R\u00e9daction","Dur\u00e9e de lecture estim\u00e9e":"1 minute"},"schema":{"@context":"https:\/\/schema.org","@graph":[{"@type":"Article","@id":"https:\/\/universnews224.com\/index.php\/elie-kamano-demande-la-nationalite-burkinabe\/#article","isPartOf":{"@id":"https:\/\/universnews224.com\/index.php\/elie-kamano-demande-la-nationalite-burkinabe\/"},"author":{"name":"La R\u00e9daction","@id":"https:\/\/universnews224.com\/#\/schema\/person\/a4b7d4f94a4716df60456a491260485e"},"headline":"\u00c9lie Kamano demande la nationalit\u00e9 burkinab\u00e8 !","datePublished":"2025-06-09T21:03:21+00:00","dateModified":"2025-06-09T21:03:21+00:00","mainEntityOfPage":{"@id":"https:\/\/universnews224.com\/index.php\/elie-kamano-demande-la-nationalite-burkinabe\/"},"wordCount":184,"publisher":{"@id":"https:\/\/universnews224.com\/#organization"},"keywords":["A la une"],"articleSection":["ACTU","POLITIQUE"],"inLanguage":"fr-FR"},{"@type":"WebPage","@id":"https:\/\/universnews224.com\/index.php\/elie-kamano-demande-la-nationalite-burkinabe\/","url":"https:\/\/universnews224.com\/index.php\/elie-kamano-demande-la-nationalite-burkinabe\/","name":"\u00c9lie Kamano demande la nationalit\u00e9 burkinab\u00e8 ! - UNIVERSNEWS224","isPartOf":{"@id":"https:\/\/universnews224.com\/#website"},"datePublished":"2025-06-09T21:03:21+00:00","dateModified":"2025-06-09T21:03:21+00:00","inLanguage":"fr-FR","potentialAction":[{"@type":"ReadAction","target":["https:\/\/universnews224.com\/index.php\/elie-kamano-demande-la-nationalite-burkinabe\/"]}]},{"@type":"WebSite","@id":"https:\/\/universnews224.com\/#website","url":"https:\/\/universnews224.com\/","name":"UNIVERSNEWS224","description":"","publisher":{"@id":"https:\/\/universnews224.com\/#organization"},"potentialAction":[{"@type":"SearchAction","target":{"@type":"EntryPoint","urlTemplate":"https:\/\/universnews224.com\/?s={search_term_string}"},"query-input":"required name=search_term_string"}],"inLanguage":"fr-FR"},{"@type":"Organization","@id":"https:\/\/universnews224.com\/#organization","name":"UNIVERSNEWS224","url":"https:\/\/universnews224.com\/","logo":{"@type":"ImageObject","inLanguage":"fr-FR","@id":"https:\/\/universnews224.com\/#\/schema\/logo\/image\/","url":"https:\/\/universnews224.com\/wp-content\/uploads\/2022\/08\/cropped-cropped-logoban.jpg","contentUrl":"https:\/\/universnews224.com\/wp-content\/uploads\/2022\/08\/cropped-cropped-logoban.jpg","width":1080,"height":138,"caption":"UNIVERSNEWS224"},"image":{"@id":"https:\/\/universnews224.com\/#\/schema\/logo\/image\/"}},{"@type":"Person","@id":"https:\/\/universnews224.com\/#\/schema\/person\/a4b7d4f94a4716df60456a491260485e","name":"La R\u00e9daction","image":{"@type":"ImageObject","inLanguage":"fr-FR","@id":"https:\/\/universnews224.com\/#\/schema\/person\/image\/","url":"https:\/\/secure.gravatar.com\/avatar\/edb90acc7752b23e1b3307ad36c14f0d?s=96&d=mm&r=g","contentUrl":"https:\/\/secure.gravatar.com\/avatar\/edb90acc7752b23e1b3307ad36c14f0d?s=96&d=mm&r=g","caption":"La R\u00e9daction"},"sameAs":["https:\/\/universnews224.com"],"url":"https:\/\/universnews224.com\/index.php\/author\/m-camara\/"}]}},"_links":{"self":[{"href":"https:\/\/universnews224.com\/index.php\/wp-json\/wp\/v2\/posts\/8392"}],"collection":[{"href":"https:\/\/universnews224.com\/index.php\/wp-json\/wp\/v2\/posts"}],"about":[{"href":"https:\/\/universnews224.com\/index.php\/wp-json\/wp\/v2\/types\/post"}],"author":[{"embeddable":true,"href":"https:\/\/universnews224.com\/index.php\/wp-json\/wp\/v2\/users\/2"}],"replies":[{"embeddable":true,"href":"https:\/\/universnews224.com\/index.php\/wp-json\/wp\/v2\/comments?post=8392"}],"version-history":[{"count":1,"href":"https:\/\/universnews224.com\/index.php\/wp-json\/wp\/v2\/posts\/8392\/revisions"}],"predecessor-version":[{"id":8394,"href":"https:\/\/universnews224.com\/index.php\/wp-json\/wp\/v2\/posts\/8392\/revisions\/8394"}],"wp:featuredmedia":[{"embeddable":true,"href":"https:\/\/universnews224.com\/index.php\/wp-json\/wp\/v2\/media\/8393"}],"wp:attachment":[{"href":"https:\/\/universnews224.com\/index.php\/wp-json\/wp\/v2\/media?parent=8392"}],"wp:term":[{"taxonomy":"category","embeddable":true,"href":"https:\/\/universnews224.com\/index.php\/wp-json\/wp\/v2\/categories?post=8392"},{"taxonomy":"post_tag","embeddable":true,"href":"https:\/\/universnews224.com\/index.php\/wp-json\/wp\/v2\/tags?post=8392"}],"curies":[{"name":"wp","href":"https:\/\/api.w.org\/{rel}","templated":true}]}}